{"id":4113,"date":"2025-09-05T12:00:00","date_gmt":"2025-09-05T15:00:00","guid":{"rendered":"https:\/\/1truenote.com\/?p=4113"},"modified":"2025-09-04T17:24:38","modified_gmt":"2025-09-04T20:24:38","slug":"decoracao-de-mesa-de-centro","status":"publish","type":"post","link":"https:\/\/1truenote.com\/en\/decoracao-de-mesa-de-centro\/","title":{"rendered":"Decora\u00e7\u00e3o de mesa de centro: Dicas e inspira\u00e7\u00f5es para transformar seu ambiente"},"content":{"rendered":"<p>A decora\u00e7\u00e3o de mesa de centro \u00e9 um dos m\u00f3veis mais vers\u00e1teis e funcionais da sala de estar. Muito al\u00e9m de servir como apoio para objetos do dia a dia, ela pode se tornar o ponto focal da decora\u00e7\u00e3o, refletindo estilo, personalidade e harmonia no ambiente.<\/p>\n\n\n\n<p>Com alguns toques estrat\u00e9gicos, \u00e9 poss\u00edvel transformar uma mesa simples em um verdadeiro elemento de destaque na decora\u00e7\u00e3o. Bora l\u00e1 decora\u00e7\u00e3o de mesa de centro?<\/p>\n\n\n\n<hr class=\"wp-block-separator has-alpha-channel-opacity\"\/>\n\n\n\n<h2 id='a-import\u00e2ncia-da-decora\u00e7\u00e3o-de-mesa-de-centro'  class=\"wp-block-heading\">A import\u00e2ncia da decora\u00e7\u00e3o de mesa de centro<\/h2>\n\n\n\n<p>A mesa de centro organiza o espa\u00e7o, conecta os m\u00f3veis e ainda oferece praticidade para apoiar objetos, livros e at\u00e9 petiscos. Al\u00e9m disso, \u00e9 um local perfeito para inserir elementos decorativos que tragam charme e aconchego ao ambiente.<\/p>\n\n\n\n<hr class=\"wp-block-separator has-alpha-channel-opacity\"\/>\n\n\n\n<h2 id='elementos-chave-para-decorar-sua-mesa-de-centro'  class=\"wp-block-heading\">Elementos-chave para decorar sua mesa de centro<\/h2>\n\n\n\n<h3 id='1-bandejas-decorativas'  class=\"wp-block-heading\">1. Bandejas decorativas<\/h3>\n\n\n\n<p>As bandejas s\u00e3o grandes aliadas para organizar e destacar itens. Elas criam uma composi\u00e7\u00e3o coesa e elegante, al\u00e9m de facilitar a movimenta\u00e7\u00e3o de objetos quando necess\u00e1rio.<\/p>\n\n\n\n<h3 id='2-livros-de-mesa-coffee-table-books'  class=\"wp-block-heading\">2. Livros de mesa (coffee table books)<\/h3>\n\n\n\n<p>Os famosos <em>coffee table books<\/em> s\u00e3o ideais para compor a decora\u00e7\u00e3o com estilo. Eles podem refletir hobbies, artes, fotografia ou moda, al\u00e9m de servirem como base para outros elementos decorativos.<\/p>\n\n\n\n<h3 id='3-vasos-e-arranjos-de-flores'  class=\"wp-block-heading\">3. Vasos e arranjos de flores<\/h3>\n\n\n\n<p>Flores naturais ou artificiais trazem vida e frescor ao espa\u00e7o. Vasos de vidro, cer\u00e2mica ou cristal podem ser escolhidos de acordo com o estilo da sala, desde os mais modernos at\u00e9 os cl\u00e1ssicos.<\/p>\n\n\n\n<h3 id='4-velas-e-aromatizadores'  class=\"wp-block-heading\">4. Velas e aromatizadores<\/h3>\n\n\n\n<p>Velas arom\u00e1ticas ou decorativas n\u00e3o apenas embelezam a mesa, mas tamb\u00e9m criam uma atmosfera acolhedora. Aromatizadores de ambiente complementam a experi\u00eancia sensorial.<\/p>\n\n\n\n<h3 id='5-objetos-de-design-e-esculturas'  class=\"wp-block-heading\">5. Objetos de design e esculturas<\/h3>\n\n\n\n<p>Pequenos objetos, como esculturas, caixas decorativas ou pe\u00e7as de vidro soprado, trazem sofistica\u00e7\u00e3o e funcionam como pontos de interesse visual.<\/p>\n\n\n\n<hr class=\"wp-block-separator has-alpha-channel-opacity\"\/>\n\n\n\n<h2 id='estilos-de-decora\u00e7\u00e3o-da-mesa-de-centro'  class=\"wp-block-heading\">Estilos de decora\u00e7\u00e3o da mesa de centro<\/h2>\n\n\n\n<h3 id='cl\u00e1ssico-e-sofisticado'  class=\"wp-block-heading\">Cl\u00e1ssico e sofisticado<\/h3>\n\n\n\n<p>Uso de bandejas espelhadas, velas em suportes dourados, livros de capa dura e arranjos florais elegantes.<\/p>\n\n\n\n<h3 id='moderno-e-minimalista'  class=\"wp-block-heading\">Moderno e minimalista<\/h3>\n\n\n\n<p>Poucos elementos, linhas retas e cores neutras. Aqui, menos \u00e9 mais, com destaque para pe\u00e7as de design limpo.<\/p>\n\n\n\n<h3 id='boho-e-criativo'  class=\"wp-block-heading\">Boho e criativo<\/h3>\n\n\n\n<p>Mix de cores, objetos artesanais, velas coloridas e livros com capas chamativas criam uma atmosfera descontra\u00edda.<\/p>\n\n\n\n<h3 id='natural-e-org\u00e2nico'  class=\"wp-block-heading\">Natural e org\u00e2nico<\/h3>\n\n\n\n<p>Flores secas, vasos de barro, pe\u00e7as em madeira e pedras decorativas trazem aconchego e leveza ao ambiente.<\/p>\n\n\n\n<hr class=\"wp-block-separator has-alpha-channel-opacity\"\/>\n\n\n\n<figure class=\"wp-block-image aligncenter size-medium\"><a href=\"https:\/\/chat.whatsapp.com\/KJBkp5LFJVRIvmt5X3hSEh\" target=\"_blank\" rel=\"noopener\"><img fetchpriority=\"high\" decoding=\"async\" width=\"1024\" height=\"1536\" src=\"https:\/\/i0.wp.com\/1truenote.com\/wp-content\/uploads\/2025\/06\/ChatGPT-Image-3-de-jun.-de-2025-19_04_53.png?fit=200%2C300&amp;ssl=1\" alt=\"chamada banner advetorial whats\" class=\"wp-image-2683\" srcset=\"https:\/\/i0.wp.com\/1truenote.com\/wp-content\/uploads\/2025\/06\/ChatGPT-Image-3-de-jun.-de-2025-19_04_53.png?w=1024&amp;ssl=1 1024w, https:\/\/i0.wp.com\/1truenote.com\/wp-content\/uploads\/2025\/06\/ChatGPT-Image-3-de-jun.-de-2025-19_04_53.png?resize=200%2C300&amp;ssl=1 200w, https:\/\/i0.wp.com\/1truenote.com\/wp-content\/uploads\/2025\/06\/ChatGPT-Image-3-de-jun.-de-2025-19_04_53.png?resize=683%2C1024&amp;ssl=1 683w, https:\/\/i0.wp.com\/1truenote.com\/wp-content\/uploads\/2025\/06\/ChatGPT-Image-3-de-jun.-de-2025-19_04_53.png?resize=768%2C1152&amp;ssl=1 768w, https:\/\/i0.wp.com\/1truenote.com\/wp-content\/uploads\/2025\/06\/ChatGPT-Image-3-de-jun.-de-2025-19_04_53.png?resize=150%2C225&amp;ssl=1 150w\" sizes=\"(max-width: 1024px) 100vw, 1024px\" \/><\/a><\/figure>\n\n\n\n<hr class=\"wp-block-separator has-alpha-channel-opacity\"\/>\n\n\n\n<h2 id='dicas-pr\u00e1ticas-para-acertar-na-composi\u00e7\u00e3o'  class=\"wp-block-heading\">Dicas pr\u00e1ticas para acertar na composi\u00e7\u00e3o<\/h2>\n\n\n\n<ul class=\"wp-block-list\">\n<li><strong>Equil\u00edbrio visual:<\/strong> misture elementos de diferentes alturas e tamanhos.<\/li>\n\n\n\n<li><strong>Regra do \u00edmpar:<\/strong> agrupar objetos em n\u00fameros \u00edmpares tende a gerar mais harmonia.<\/li>\n\n\n\n<li><strong>Paleta de cores:<\/strong> escolha itens que conversem com o restante da decora\u00e7\u00e3o da sala.<\/li>\n\n\n\n<li><strong>Funcionalidade:<\/strong> evite excessos; a mesa precisa continuar pr\u00e1tica no dia a dia.<\/li>\n<\/ul>\n\n\n\n<hr class=\"wp-block-separator has-alpha-channel-opacity\"\/>\n\n\n\n<h2 id='tabela-de-inspira\u00e7\u00f5es'  class=\"wp-block-heading\">Tabela de inspira\u00e7\u00f5es<\/h2>\n\n\n\n<figure class=\"wp-block-table\"><table class=\"has-fixed-layout\"><thead><tr><th>Estilo<\/th><th>Elementos Principais<\/th><th>Indica\u00e7\u00e3o de Uso<\/th><\/tr><\/thead><tbody><tr><td>Cl\u00e1ssico<\/td><td>Bandejas espelhadas, velas, livros de capa dura<\/td><td>Salas formais e elegantes<\/td><\/tr><tr><td>Moderno<\/td><td>Objetos de design, velas minimalistas, tons neutros<\/td><td>Ambientes clean<\/td><\/tr><tr><td>Boho<\/td><td>Pe\u00e7as artesanais, mix de cores, flores secas<\/td><td>Espa\u00e7os criativos<\/td><\/tr><tr><td>Natural<\/td><td>Vasos de barro, arranjos verdes, madeira<\/td><td>Salas aconchegantes<\/td><\/tr><\/tbody><\/table><\/figure>\n\n\n\n<hr class=\"wp-block-separator has-alpha-channel-opacity\"\/>\n\n\n\n<a href=\"https:\/\/1truenote.com\/en\/decoracao-escandinava-minimalismo-conforto\/\" style=\"text-decoration: none;\">\n  <div style=\"display: flex; justify-content: space-between; align-items: center; background: #d44a00; padding: 12px 20px; color: white; font-family: Arial, sans-serif;\">\n    <strong style=\"color: black;\">READ ALSO:<\/strong>\n    <span style=\"margin-left: 8px; flex: 1;\">Decora\u00e7\u00e3o escandinava<\/span>\n    <div style=\"background: #f2802f; padding: 8px 12px; border-radius: 2px; margin-left: 10px;\">\n      <span style=\"color: white; font-weight: bold;\">\u27a4<\/span>\n    <\/div>\n  <\/div>\n<\/a>\n\n\n\n<hr class=\"wp-block-separator has-alpha-channel-opacity\"\/>\n\n\n\n<h2 id='decora\u00e7\u00e3o-de-mesa-de-centro'  class=\"wp-block-heading\">Decora\u00e7\u00e3o de mesa de centro<\/h2>\n\n\n\n<p>A decora\u00e7\u00e3o de mesa de centro vai muito al\u00e9m da est\u00e9tica: ela traduz o estilo e a ess\u00eancia dos moradores. Seja cl\u00e1ssica, moderna, boho ou natural, a composi\u00e7\u00e3o deve unir beleza e funcionalidade, criando um ambiente convidativo e cheio de personalidade.<\/p>\n\n\n\n<p>Com pequenos ajustes, como a troca de um vaso, a inser\u00e7\u00e3o de novos livros ou at\u00e9 uma vela perfumada, voc\u00ea pode renovar totalmente o espa\u00e7o, trazendo frescor e eleg\u00e2ncia ao seu lar. Aposte na criatividade e transforme sua mesa de centro em um verdadeiro reflexo do seu estilo de vida. Gostou de decora\u00e7\u00e3o de mesa de centro?<\/p>\n\n\n\n<hr class=\"wp-block-separator has-alpha-channel-opacity\"\/>\n\n\n\n<a href=\"https:\/\/1truenote.com\/en\/decoracao-escandinava-minimalismo-conforto\/\" style=\"text-decoration: none;\">\n  <div style=\"display: flex; justify-content: space-between; align-items: center; background: #d44a00; padding: 12px 20px; color: white; font-family: Arial, sans-serif;\">\n    <strong style=\"color: black;\">READ ALSO:<\/strong>\n    <span style=\"margin-left: 8px; flex: 1;\">Decora\u00e7\u00e3o escandinava<\/span>\n    <div style=\"background: #f2802f; padding: 8px 12px; border-radius: 2px; margin-left: 10px;\">\n      <span style=\"color: white; font-weight: bold;\">\u27a4<\/span>\n    <\/div>\n  <\/div>\n<\/a>\n\n\n\n\n<hr class=\"wp-block-separator has-alpha-channel-opacity\"\/>\n\n\n\n<h2 id='faq-decora\u00e7\u00e3o-de-mesa-de-centro'  class=\"wp-block-heading\">FAQ \u2013 Decora\u00e7\u00e3o de mesa de centro<\/h2>\n\n\n<div id=\"rank-math-faq\" class=\"rank-math-block\">\n<div class=\"rank-math-list\">\n<div id=\"faq-question-1757016287549\" class=\"rank-math-list-item\">\n<h3 id='posso-decorar-uma-mesa-pequena-sem-deix\u00e1-la-polu\u00edda'  class=\"rank-math-question\">Posso decorar uma mesa pequena sem deix\u00e1-la polu\u00edda?<\/h3>\n<div class=\"rank-math-answer\">\n\n<p>Sim! Aposte em poucos elementos estrat\u00e9gicos, como um livro, uma vela e um pequeno vaso.<\/p>\n\n<\/div>\n<\/div>\n<div id=\"faq-question-1757016288465\" class=\"rank-math-list-item\">\n<h3 id='flores-artificiais-ficam-elegantes-na-mesa-de-centro'  class=\"rank-math-question\">Flores artificiais ficam elegantes na mesa de centro?<\/h3>\n<div class=\"rank-math-answer\">\n\n<p>Com certeza! Basta escolher vers\u00f5es realistas de boa qualidade.<\/p>\n\n<\/div>\n<\/div>\n<div id=\"faq-question-1757016289174\" class=\"rank-math-list-item\">\n<h3 id='preciso-sempre-usar-uma-bandeja'  class=\"rank-math-question\">Preciso sempre usar uma bandeja?<\/h3>\n<div class=\"rank-math-answer\">\n\n<p>N\u00e3o \u00e9 obrigat\u00f3rio, mas ela ajuda na organiza\u00e7\u00e3o e d\u00e1 um toque sofisticado.<\/p>\n\n<\/div>\n<\/div>\n<div id=\"faq-question-1757016290255\" class=\"rank-math-list-item\">\n<h3 id='como-escolher-a-paleta-de-cores-para-a-mesa'  class=\"rank-math-question\">Como escolher a paleta de cores para a mesa?<\/h3>\n<div class=\"rank-math-answer\">\n\n<p>Use cores que harmonizem com a decora\u00e7\u00e3o da sala, criando uma composi\u00e7\u00e3o coesa.<\/p>\n\n<\/div>\n<\/div>\n<div id=\"faq-question-1757016334657\" class=\"rank-math-list-item\">\n<h3 id='\u00e9-poss\u00edvel-trocar-os-itens-da-mesa-de-acordo-com-as-esta\u00e7\u00f5es-do-ano'  class=\"rank-math-question\">\u00c9 poss\u00edvel trocar os itens da mesa de acordo com as esta\u00e7\u00f5es do ano?<\/h3>\n<div class=\"rank-math-answer\">\n\n<p>Sim! Essa \u00e9 uma \u00f3tima maneira de renovar o ambiente com pouco investimento.<\/p>\n\n<\/div>\n<\/div>\n<\/div>\n<\/div>\n\n\n<figure class=\"wp-block-image aligncenter size-large\"><img data-recalc-dims=\"1\" decoding=\"async\" width=\"1024\" height=\"559\" src=\"https:\/\/i0.wp.com\/1truenote.com\/wp-content\/uploads\/2025\/09\/Gemini_Generated_Image_ljoe6aljoe6aljoe.png?resize=1024%2C559&#038;ssl=1\" alt=\"Decora\u00e7\u00e3o de Mesa de Centro\" class=\"wp-image-4114\" srcset=\"https:\/\/i0.wp.com\/1truenote.com\/wp-content\/uploads\/2025\/09\/Gemini_Generated_Image_ljoe6aljoe6aljoe-scaled.png?resize=1024%2C559&amp;ssl=1 1024w, https:\/\/i0.wp.com\/1truenote.com\/wp-content\/uploads\/2025\/09\/Gemini_Generated_Image_ljoe6aljoe6aljoe-scaled.png?resize=300%2C164&amp;ssl=1 300w, https:\/\/i0.wp.com\/1truenote.com\/wp-content\/uploads\/2025\/09\/Gemini_Generated_Image_ljoe6aljoe6aljoe-scaled.png?resize=768%2C419&amp;ssl=1 768w, https:\/\/i0.wp.com\/1truenote.com\/wp-content\/uploads\/2025\/09\/Gemini_Generated_Image_ljoe6aljoe6aljoe-scaled.png?resize=1536%2C838&amp;ssl=1 1536w, https:\/\/i0.wp.com\/1truenote.com\/wp-content\/uploads\/2025\/09\/Gemini_Generated_Image_ljoe6aljoe6aljoe-scaled.png?resize=2048%2C1117&amp;ssl=1 2048w, https:\/\/i0.wp.com\/1truenote.com\/wp-content\/uploads\/2025\/09\/Gemini_Generated_Image_ljoe6aljoe6aljoe-scaled.png?resize=18%2C10&amp;ssl=1 18w, https:\/\/i0.wp.com\/1truenote.com\/wp-content\/uploads\/2025\/09\/Gemini_Generated_Image_ljoe6aljoe6aljoe-scaled.png?resize=150%2C82&amp;ssl=1 150w\" sizes=\"(max-width: 1024px) 100vw, 1024px\" \/><\/figure>","protected":false},"excerpt":{"rendered":"<p>A decora\u00e7\u00e3o de mesa de centro \u00e9 um dos m\u00f3veis mais vers\u00e1teis e funcionais da sala de estar. Muito al\u00e9m&#8230;<\/p>","protected":false},"author":1,"featured_media":4114,"comment_status":"open","ping_status":"open","sticky":false,"template":"","format":"standard","meta":{"_kad_post_transparent":"","_kad_post_title":"","_kad_post_layout":"","_kad_post_sidebar_id":"","_kad_post_content_style":"","_kad_post_vertical_padding":"","_kad_post_feature":"","_kad_post_feature_position":"","_kad_post_header":false,"_kad_post_footer":false,"_kad_post_classname":"","footnotes":"","jetpack_publicize_message":"","jetpack_publicize_feature_enabled":false,"jetpack_social_post_already_shared":true,"jetpack_social_options":{"image_generator_settings":{"template":"highway","default_image_id":0,"font":"","enabled":false},"version":2}},"categories":[16,1],"tags":[15,13,14,12],"class_list":["post-4113","post","type-post","status-publish","format-standard","has-post-thumbnail","hentry","category-casa-e-jardim","category-novidades","tag-conservacao-e-manutencao","tag-minimalista","tag-interiores-inovadores","tag-projetos-inovadores"],"jetpack_publicize_connections":[],"jetpack_featured_media_url":"https:\/\/i0.wp.com\/1truenote.com\/wp-content\/uploads\/2025\/09\/Gemini_Generated_Image_ljoe6aljoe6aljoe-scaled.png?fit=2560%2C1396&ssl=1","jetpack_sharing_enabled":true,"_links":{"self":[{"href":"https:\/\/1truenote.com\/en\/wp-json\/wp\/v2\/posts\/4113","targetHints":{"allow":["GET"]}}],"collection":[{"href":"https:\/\/1truenote.com\/en\/wp-json\/wp\/v2\/posts"}],"about":[{"href":"https:\/\/1truenote.com\/en\/wp-json\/wp\/v2\/types\/post"}],"author":[{"embeddable":true,"href":"https:\/\/1truenote.com\/en\/wp-json\/wp\/v2\/users\/1"}],"replies":[{"embeddable":true,"href":"https:\/\/1truenote.com\/en\/wp-json\/wp\/v2\/comments?post=4113"}],"version-history":[{"count":1,"href":"https:\/\/1truenote.com\/en\/wp-json\/wp\/v2\/posts\/4113\/revisions"}],"predecessor-version":[{"id":4115,"href":"https:\/\/1truenote.com\/en\/wp-json\/wp\/v2\/posts\/4113\/revisions\/4115"}],"wp:featuredmedia":[{"embeddable":true,"href":"https:\/\/1truenote.com\/en\/wp-json\/wp\/v2\/media\/4114"}],"wp:attachment":[{"href":"https:\/\/1truenote.com\/en\/wp-json\/wp\/v2\/media?parent=4113"}],"wp:term":[{"taxonomy":"category","embeddable":true,"href":"https:\/\/1truenote.com\/en\/wp-json\/wp\/v2\/categories?post=4113"},{"taxonomy":"post_tag","embeddable":true,"href":"https:\/\/1truenote.com\/en\/wp-json\/wp\/v2\/tags?post=4113"}],"curies":[{"name":"wp","href":"https:\/\/api.w.org\/{rel}","templated":true}]}}