{"id":4110,"date":"2025-09-04T18:00:00","date_gmt":"2025-09-04T21:00:00","guid":{"rendered":"https:\/\/1truenote.com\/?p=4110"},"modified":"2025-09-04T16:51:06","modified_gmt":"2025-09-04T19:51:06","slug":"jardim-de-inverno-com-vidro-e-iluminacao","status":"publish","type":"post","link":"https:\/\/1truenote.com\/en\/jardim-de-inverno-com-vidro-e-iluminacao\/","title":{"rendered":"Jardim de inverno com vidro e ilumina\u00e7\u00e3o: Eleg\u00e2ncia, conforto e contato com a natureza"},"content":{"rendered":"<h2 id='o-que-\u00e9-um-jardim-de-inverno'  class=\"wp-block-heading\">O que \u00e9 um jardim de inverno?<\/h2>\n\n\n\n<p>O jardim de inverno com vidro \u00e9 um espa\u00e7o criado dentro ou junto \u00e0 casa para trazer a natureza para o interior do lar. Diferente de jardins externos, ele geralmente \u00e9 protegido por vidro, o que permite o contato visual e a entrada de luz natural sem abrir m\u00e3o do conforto. Al\u00e9m de deixar os ambientes mais aconchegantes, o jardim de inverno valoriza o im\u00f3vel e proporciona bem-estar.<\/p>\n\n\n\n<hr class=\"wp-block-separator has-alpha-channel-opacity\"\/>\n\n\n\n<h2 id='vantagens-de-ter-um-jardim-de-inverno-com-vidro'  class=\"wp-block-heading\">Vantagens de ter um jardim de inverno com vidro<\/h2>\n\n\n\n<p>O uso de vidro no jardim de inverno n\u00e3o \u00e9 apenas est\u00e9tico, mas tamb\u00e9m funcional. Confira os principais benef\u00edcios:<\/p>\n\n\n\n<ul class=\"wp-block-list\">\n<li><strong>Integra\u00e7\u00e3o visual<\/strong>: conecta \u00e1reas internas e externas sem barreiras.<\/li>\n\n\n\n<li><strong>Maior luminosidade<\/strong>: aproveita ao m\u00e1ximo a luz natural.<\/li>\n\n\n\n<li><strong>Prote\u00e7\u00e3o clim\u00e1tica<\/strong>: protege as plantas de chuva e ventos fortes.<\/li>\n\n\n\n<li><strong>Sensa\u00e7\u00e3o de amplitude<\/strong>: d\u00e1 a impress\u00e3o de espa\u00e7os maiores.<\/li>\n\n\n\n<li><strong>Estilo moderno<\/strong>: vidro traz sofistica\u00e7\u00e3o e leveza ao ambiente.<\/li>\n<\/ul>\n\n\n\n<hr class=\"wp-block-separator has-alpha-channel-opacity\"\/>\n\n\n\n<h2 id='a-import\u00e2ncia-da-ilumina\u00e7\u00e3o-no-jardim-de-inverno'  class=\"wp-block-heading\">A import\u00e2ncia da ilumina\u00e7\u00e3o no jardim de inverno<\/h2>\n\n\n\n<p>A ilumina\u00e7\u00e3o \u00e9 fundamental para valorizar o jardim de inverno \u00e0 noite e criar diferentes atmosferas. Ela pode ser funcional, decorativa ou at\u00e9 mesmo c\u00eanica.<\/p>\n\n\n\n<ul class=\"wp-block-list\">\n<li><strong>Spots de embutir<\/strong>: ideais para destacar paredes ou texturas.<\/li>\n\n\n\n<li><strong>Ilumina\u00e7\u00e3o de solo<\/strong>: perfeita para real\u00e7ar vasos e plantas altas.<\/li>\n\n\n\n<li><strong>Luzes indiretas<\/strong>: criam aconchego e suavidade.<\/li>\n\n\n\n<li><strong>Fitas de LED<\/strong>: modernas, econ\u00f4micas e vers\u00e1teis.<\/li>\n<\/ul>\n\n\n\n<hr class=\"wp-block-separator has-alpha-channel-opacity\"\/>\n\n\n\n<h2 id='plantas-ideais-para-jardins-de-inverno'  class=\"wp-block-heading\">Plantas ideais para jardins de inverno<\/h2>\n\n\n\n<p>A escolha das plantas deve considerar a luminosidade dispon\u00edvel e a manuten\u00e7\u00e3o. Algumas op\u00e7\u00f5es que se adaptam bem:<\/p>\n\n\n\n<ul class=\"wp-block-list\">\n<li>Espada-de-S\u00e3o-Jorge<\/li>\n\n\n\n<li>L\u00edrio da Paz<\/li>\n\n\n\n<li>Samambaias<\/li>\n\n\n\n<li>Orqu\u00eddeas<\/li>\n\n\n\n<li>Brom\u00e9lias<\/li>\n\n\n\n<li>Dracenas<\/li>\n\n\n\n<li>Mini palmeiras<\/li>\n<\/ul>\n\n\n\n<hr class=\"wp-block-separator has-alpha-channel-opacity\"\/>\n\n\n\n<h2 id='tabela-comparativa-plantas-e-exig\u00eancias-de-luz'  class=\"wp-block-heading\">Tabela comparativa: Plantas e exig\u00eancias de luz<\/h2>\n\n\n\n<figure class=\"wp-block-table\"><table class=\"has-fixed-layout\"><thead><tr><th>Planta<\/th><th>Luz Ideal<\/th><th>Manuten\u00e7\u00e3o<\/th><th>Estilo Transmitido<\/th><\/tr><\/thead><tbody><tr><td>Espada-de-S\u00e3o-Jorge<\/td><td>Indireta ou meia-sombra<\/td><td>Baixa<\/td><td>Minimalista e moderno<\/td><\/tr><tr><td>L\u00edrio da Paz<\/td><td>Indireta<\/td><td>M\u00e9dia<\/td><td>Eleg\u00e2ncia e sofistica\u00e7\u00e3o<\/td><\/tr><tr><td>Samambaia<\/td><td>Luz difusa<\/td><td>Alta<\/td><td>Tropical e aconchegante<\/td><\/tr><tr><td>Orqu\u00eddea<\/td><td>Luz filtrada<\/td><td>M\u00e9dia<\/td><td>Delicadeza e requinte<\/td><\/tr><tr><td>Dracena<\/td><td>Meia-sombra<\/td><td>M\u00e9dia<\/td><td>Contempor\u00e2neo e clean<\/td><\/tr><\/tbody><\/table><\/figure>\n\n\n\n<hr class=\"wp-block-separator has-alpha-channel-opacity\"\/>\n\n\n\n<figure class=\"wp-block-image aligncenter size-medium\"><a href=\"https:\/\/chat.whatsapp.com\/KJBkp5LFJVRIvmt5X3hSEh\" target=\"_blank\" rel=\"noopener\"><img fetchpriority=\"high\" decoding=\"async\" width=\"1024\" height=\"1536\" src=\"https:\/\/i0.wp.com\/1truenote.com\/wp-content\/uploads\/2025\/06\/ChatGPT-Image-3-de-jun.-de-2025-19_04_53.png?fit=200%2C300&amp;ssl=1\" alt=\"chamada banner advetorial whats\" class=\"wp-image-2683\" srcset=\"https:\/\/i0.wp.com\/1truenote.com\/wp-content\/uploads\/2025\/06\/ChatGPT-Image-3-de-jun.-de-2025-19_04_53.png?w=1024&amp;ssl=1 1024w, https:\/\/i0.wp.com\/1truenote.com\/wp-content\/uploads\/2025\/06\/ChatGPT-Image-3-de-jun.-de-2025-19_04_53.png?resize=200%2C300&amp;ssl=1 200w, https:\/\/i0.wp.com\/1truenote.com\/wp-content\/uploads\/2025\/06\/ChatGPT-Image-3-de-jun.-de-2025-19_04_53.png?resize=683%2C1024&amp;ssl=1 683w, https:\/\/i0.wp.com\/1truenote.com\/wp-content\/uploads\/2025\/06\/ChatGPT-Image-3-de-jun.-de-2025-19_04_53.png?resize=768%2C1152&amp;ssl=1 768w, https:\/\/i0.wp.com\/1truenote.com\/wp-content\/uploads\/2025\/06\/ChatGPT-Image-3-de-jun.-de-2025-19_04_53.png?resize=150%2C225&amp;ssl=1 150w\" sizes=\"(max-width: 1024px) 100vw, 1024px\" \/><\/a><\/figure>\n\n\n\n<hr class=\"wp-block-separator has-alpha-channel-opacity\"\/>\n\n\n\n<h2 id='dicas-para-decorar-o-jardim-de-inverno-com-vidro'  class=\"wp-block-heading\">Dicas para decorar o jardim de inverno com vidro<\/h2>\n\n\n\n<ul class=\"wp-block-list\">\n<li>Use <strong>revestimentos de parede<\/strong> como pedras, tijolinhos ou pain\u00e9is 3D.<\/li>\n\n\n\n<li>Invista em <strong>vasos de diferentes tamanhos<\/strong> para dar profundidade.<\/li>\n\n\n\n<li>Aposte em <strong>m\u00f3veis de madeira<\/strong> ou fibras naturais para complementar.<\/li>\n\n\n\n<li>Combine o jardim com uma <strong>rede ou poltronas<\/strong> para criar um espa\u00e7o de descanso.<\/li>\n\n\n\n<li>Use <strong>espelhos<\/strong> para ampliar ainda mais a sensa\u00e7\u00e3o de espa\u00e7o.<\/li>\n<\/ul>\n\n\n\n<hr class=\"wp-block-separator has-alpha-channel-opacity\"\/>\n\n\n\n<h2 id='inspira\u00e7\u00f5es-de-estilos-de-jardim-de-inverno'  class=\"wp-block-heading\">Inspira\u00e7\u00f5es de estilos de jardim de inverno<\/h2>\n\n\n\n<ul class=\"wp-block-list\">\n<li><strong>Minimalista<\/strong>: poucas plantas, linhas retas e muito vidro.<\/li>\n\n\n\n<li><strong>R\u00fastico<\/strong>: uso de madeira, pedras e ilumina\u00e7\u00e3o quente.<\/li>\n\n\n\n<li><strong>Contempor\u00e2neo<\/strong>: vasos modernos, ilumina\u00e7\u00e3o de LED e revestimentos sofisticados.<\/li>\n\n\n\n<li><strong>Aconchegante<\/strong>: redes, poltronas e plantas pendentes.<\/li>\n<\/ul>\n\n\n\n<hr class=\"wp-block-separator has-alpha-channel-opacity\"\/>\n\n\n\n<a href=\"https:\/\/1truenote.com\/en\/mesa-posta-sofisticada\/\" style=\"text-decoration: none;\">\n  <div style=\"display: flex; justify-content: space-between; align-items: center; background: #d44a00; padding: 12px 20px; color: white; font-family: Arial, sans-serif;\">\n    <strong style=\"color: black;\">READ ALSO:<\/strong>\n    <span style=\"margin-left: 8px; flex: 1;\">Mesa posta sofisticada<\/span>\n    <div style=\"background: #f2802f; padding: 8px 12px; border-radius: 2px; margin-left: 10px;\">\n      <span style=\"color: white; font-weight: bold;\">\u27a4<\/span>\n    <\/div>\n  <\/div>\n<\/a>\n\n\n\n<hr class=\"wp-block-separator has-alpha-channel-opacity\"\/>\n\n\n\n<h2 id='jardim-de-inverno-com-vidro'  class=\"wp-block-heading\">Jardim de inverno com vidro<\/h2>\n\n\n\n<p>O jardim de inverno com vidro e ilumina\u00e7\u00e3o \u00e9 mais do que um espa\u00e7o decorativo: ele se transforma em um verdadeiro ref\u00fagio dentro de casa. Ao integrar a natureza com o design moderno, ele promove bem-estar, sofistica\u00e7\u00e3o e conforto visual.<\/p>\n\n\n\n<p>Seja em casas compactas ou amplas, investir nesse tipo de projeto traz in\u00fameros benef\u00edcios, desde a valoriza\u00e7\u00e3o est\u00e9tica at\u00e9 a cria\u00e7\u00e3o de um ambiente acolhedor para relaxar. A escolha correta de plantas, ilumina\u00e7\u00e3o estrat\u00e9gica e uso inteligente do vidro garante um resultado funcional e elegante.<\/p>\n\n\n\n<p>Se voc\u00ea deseja transformar sua casa em um espa\u00e7o mais conectado \u00e0 natureza e, ao mesmo tempo, sofisticado, o jardim de inverno com vidro \u00e9 a aposta perfeita. \ud83c\udf3f\u2728<\/p>\n\n\n\n<hr class=\"wp-block-separator has-alpha-channel-opacity\"\/>\n\n\n\n<a href=\"https:\/\/1truenote.com\/en\/mesa-posta-sofisticada\/\" style=\"text-decoration: none;\">\n  <div style=\"display: flex; justify-content: space-between; align-items: center; background: #d44a00; padding: 12px 20px; color: white; font-family: Arial, sans-serif;\">\n    <strong style=\"color: black;\">READ ALSO:<\/strong>\n    <span style=\"margin-left: 8px; flex: 1;\">Mesa posta sofisticada<\/span>\n    <div style=\"background: #f2802f; padding: 8px 12px; border-radius: 2px; margin-left: 10px;\">\n      <span style=\"color: white; font-weight: bold;\">\u27a4<\/span>\n    <\/div>\n  <\/div>\n<\/a>\n\n\n\n\n<hr class=\"wp-block-separator has-alpha-channel-opacity\"\/>\n\n\n\n<h2 id='faq-perguntas-frequentes-sobre-jardim-de-inverno-com-vidro'  class=\"wp-block-heading\">FAQ \u2013 Perguntas frequentes sobre jardim de inverno com vidro<\/h2>\n\n\n<div id=\"rank-math-faq\" class=\"rank-math-block\">\n<div class=\"rank-math-list\">\n<div id=\"faq-question-1757013876729\" class=\"rank-math-list-item\">\n<h3 id='preciso-de-muito-espa\u00e7o-para-ter-um-jardim-de-inverno'  class=\"rank-math-question\">Preciso de muito espa\u00e7o para ter um jardim de inverno?<\/h3>\n<div class=\"rank-math-answer\">\n\n<p>N\u00e3o! \u00c9 poss\u00edvel criar um jardim de inverno at\u00e9 em pequenos recuos ou cantos, aproveitando bem o vidro e a ilumina\u00e7\u00e3o.<\/p>\n\n<\/div>\n<\/div>\n<div id=\"faq-question-1757013877768\" class=\"rank-math-list-item\">\n<h3 id='posso-usar-qualquer-tipo-de-planta'  class=\"rank-math-question\">Posso usar qualquer tipo de planta?<\/h3>\n<div class=\"rank-math-answer\">\n\n<p>O ideal \u00e9 escolher esp\u00e9cies que se adaptem ao n\u00edvel de luz do espa\u00e7o. Algumas plantas tropicais ou de meia-sombra s\u00e3o as mais recomendadas.<\/p>\n\n<\/div>\n<\/div>\n<div id=\"faq-question-1757013878704\" class=\"rank-math-list-item\">\n<h3 id='o-jardim-de-inverno-aumenta-o-valor-do-im\u00f3vel'  class=\"rank-math-question\">O jardim de inverno aumenta o valor do im\u00f3vel?<\/h3>\n<div class=\"rank-math-answer\">\n\n<p>Sim, pois agrega sofistica\u00e7\u00e3o, bem-estar e diferencial est\u00e9tico ao projeto.<\/p>\n\n<\/div>\n<\/div>\n<div id=\"faq-question-1757013879472\" class=\"rank-math-list-item\">\n<h3 id='preciso-contratar-um-arquiteto-para-fazer-um-jardim-de-inverno'  class=\"rank-math-question\">Preciso contratar um arquiteto para fazer um jardim de inverno?<\/h3>\n<div class=\"rank-math-answer\">\n\n<p>N\u00e3o \u00e9 obrigat\u00f3rio, mas contar com um profissional ajuda a otimizar o espa\u00e7o, a ilumina\u00e7\u00e3o e a escolha dos materiais.<\/p>\n\n<\/div>\n<\/div>\n<div id=\"faq-question-1757013934112\" class=\"rank-math-list-item\">\n<h3 id='posso-usar-ilumina\u00e7\u00e3o-solar'  class=\"rank-math-question\">Posso usar ilumina\u00e7\u00e3o solar?<\/h3>\n<div class=\"rank-math-answer\">\n\n<p>Sim! Existem lumin\u00e1rias solares modernas, sustent\u00e1veis e econ\u00f4micas para jardins internos e externos.<\/p>\n\n<\/div>\n<\/div>\n<\/div>\n<\/div>\n\n\n<figure class=\"wp-block-image aligncenter size-large\"><img data-recalc-dims=\"1\" decoding=\"async\" width=\"1024\" height=\"683\" src=\"https:\/\/i0.wp.com\/1truenote.com\/wp-content\/uploads\/2025\/09\/20250904_1646_Sala-com-Tapete-e-Jardim_remix_01k4b44drsed7v2581acs42dk8.png?resize=1024%2C683&#038;ssl=1\" alt=\"jardim de inverno com vidro\" class=\"wp-image-4111\" srcset=\"https:\/\/i0.wp.com\/1truenote.com\/wp-content\/uploads\/2025\/09\/20250904_1646_Sala-com-Tapete-e-Jardim_remix_01k4b44drsed7v2581acs42dk8.png?resize=1024%2C683&amp;ssl=1 1024w, https:\/\/i0.wp.com\/1truenote.com\/wp-content\/uploads\/2025\/09\/20250904_1646_Sala-com-Tapete-e-Jardim_remix_01k4b44drsed7v2581acs42dk8.png?resize=300%2C200&amp;ssl=1 300w, https:\/\/i0.wp.com\/1truenote.com\/wp-content\/uploads\/2025\/09\/20250904_1646_Sala-com-Tapete-e-Jardim_remix_01k4b44drsed7v2581acs42dk8.png?resize=768%2C512&amp;ssl=1 768w, https:\/\/i0.wp.com\/1truenote.com\/wp-content\/uploads\/2025\/09\/20250904_1646_Sala-com-Tapete-e-Jardim_remix_01k4b44drsed7v2581acs42dk8.png?resize=18%2C12&amp;ssl=1 18w, https:\/\/i0.wp.com\/1truenote.com\/wp-content\/uploads\/2025\/09\/20250904_1646_Sala-com-Tapete-e-Jardim_remix_01k4b44drsed7v2581acs42dk8.png?resize=150%2C100&amp;ssl=1 150w, https:\/\/i0.wp.com\/1truenote.com\/wp-content\/uploads\/2025\/09\/20250904_1646_Sala-com-Tapete-e-Jardim_remix_01k4b44drsed7v2581acs42dk8.png?w=1536&amp;ssl=1 1536w\" sizes=\"(max-width: 1024px) 100vw, 1024px\" \/><\/figure>","protected":false},"excerpt":{"rendered":"<p>O que \u00e9 um jardim de inverno? O jardim de inverno com vidro \u00e9 um espa\u00e7o criado dentro ou junto&#8230;<\/p>","protected":false},"author":1,"featured_media":4111,"comment_status":"open","ping_status":"open","sticky":false,"template":"","format":"standard","meta":{"_kad_post_transparent":"","_kad_post_title":"","_kad_post_layout":"","_kad_post_sidebar_id":"","_kad_post_content_style":"","_kad_post_vertical_padding":"","_kad_post_feature":"","_kad_post_feature_position":"","_kad_post_header":false,"_kad_post_footer":false,"_kad_post_classname":"","footnotes":"","jetpack_publicize_message":"","jetpack_publicize_feature_enabled":false,"jetpack_social_post_already_shared":true,"jetpack_social_options":{"image_generator_settings":{"template":"highway","default_image_id":0,"enabled":false},"version":2}},"categories":[16,1],"tags":[13,14,12],"class_list":["post-4110","post","type-post","status-publish","format-standard","has-post-thumbnail","hentry","category-casa-e-jardim","category-novidades","tag-minimalista","tag-interiores-inovadores","tag-projetos-inovadores"],"jetpack_publicize_connections":[],"jetpack_featured_media_url":"https:\/\/i0.wp.com\/1truenote.com\/wp-content\/uploads\/2025\/09\/20250904_1646_Sala-com-Tapete-e-Jardim_remix_01k4b44drsed7v2581acs42dk8.png?fit=1536%2C1024&ssl=1","jetpack_sharing_enabled":true,"_links":{"self":[{"href":"https:\/\/1truenote.com\/en\/wp-json\/wp\/v2\/posts\/4110","targetHints":{"allow":["GET"]}}],"collection":[{"href":"https:\/\/1truenote.com\/en\/wp-json\/wp\/v2\/posts"}],"about":[{"href":"https:\/\/1truenote.com\/en\/wp-json\/wp\/v2\/types\/post"}],"author":[{"embeddable":true,"href":"https:\/\/1truenote.com\/en\/wp-json\/wp\/v2\/users\/1"}],"replies":[{"embeddable":true,"href":"https:\/\/1truenote.com\/en\/wp-json\/wp\/v2\/comments?post=4110"}],"version-history":[{"count":1,"href":"https:\/\/1truenote.com\/en\/wp-json\/wp\/v2\/posts\/4110\/revisions"}],"predecessor-version":[{"id":4112,"href":"https:\/\/1truenote.com\/en\/wp-json\/wp\/v2\/posts\/4110\/revisions\/4112"}],"wp:featuredmedia":[{"embeddable":true,"href":"https:\/\/1truenote.com\/en\/wp-json\/wp\/v2\/media\/4111"}],"wp:attachment":[{"href":"https:\/\/1truenote.com\/en\/wp-json\/wp\/v2\/media?parent=4110"}],"wp:term":[{"taxonomy":"category","embeddable":true,"href":"https:\/\/1truenote.com\/en\/wp-json\/wp\/v2\/categories?post=4110"},{"taxonomy":"post_tag","embeddable":true,"href":"https:\/\/1truenote.com\/en\/wp-json\/wp\/v2\/tags?post=4110"}],"curies":[{"name":"wp","href":"https:\/\/api.w.org\/{rel}","templated":true}]}}