{"id":4107,"date":"2025-09-04T14:00:00","date_gmt":"2025-09-04T17:00:00","guid":{"rendered":"https:\/\/1truenote.com\/?p=4107"},"modified":"2025-09-04T11:56:18","modified_gmt":"2025-09-04T14:56:18","slug":"decoracao-escandinava-minimalismo-conforto","status":"publish","type":"post","link":"https:\/\/1truenote.com\/en\/decoracao-escandinava-minimalismo-conforto\/","title":{"rendered":"Decora\u00e7\u00e3o escandinava: Minimalismo, conforto e eleg\u00e2ncia atemporal"},"content":{"rendered":"<p>A decora\u00e7\u00e3o escandinava conquistou o mundo por sua simplicidade elegante e sua capacidade de criar ambientes acolhedores, funcionais e visualmente leves. Originada nos pa\u00edses n\u00f3rdicos (Su\u00e9cia, Noruega, Dinamarca e Finl\u00e2ndia), ela combina linhas minimalistas, paleta neutra, luz natural e o famoso conceito <strong>hygge<\/strong>, que valoriza o bem-estar no lar.<\/p>\n\n\n\n<p>Se voc\u00ea busca transformar sua casa em um espa\u00e7o sereno, moderno e aconchegante, a decora\u00e7\u00e3o escandinava \u00e9 a escolha perfeita.<\/p>\n\n\n\n<hr class=\"wp-block-separator has-alpha-channel-opacity\"\/>\n\n\n\n<h2 id='caracter\u00edsticas-principais-da-decora\u00e7\u00e3o-escandinava'  class=\"wp-block-heading\">Caracter\u00edsticas principais da decora\u00e7\u00e3o escandinava<\/h2>\n\n\n\n<ol class=\"wp-block-list\">\n<li><strong>Paleta de cores neutras:<\/strong> Branco, bege, cinza e toques sutis de preto.<\/li>\n\n\n\n<li><strong>Uso de madeira clara:<\/strong> Piso, m\u00f3veis e detalhes que remetem \u00e0 natureza.<\/li>\n\n\n\n<li><strong>Luz natural:<\/strong> Janelas amplas sem cortinas pesadas.<\/li>\n\n\n\n<li><strong>Funcionalidade:<\/strong> M\u00f3veis pr\u00e1ticos, sem excesso de ornamentos.<\/li>\n\n\n\n<li><strong>Texturas aconchegantes:<\/strong> Mantas de tric\u00f4, tapetes felpudos e tecidos naturais.<\/li>\n\n\n\n<li><strong>Minimalismo equilibrado:<\/strong> Ambientes organizados, sem perder a sensa\u00e7\u00e3o de acolhimento.<\/li>\n<\/ol>\n\n\n\n<hr class=\"wp-block-separator has-alpha-channel-opacity\"\/>\n\n\n\n<h2 id='m\u00f3veis-e-materiais-mais-utilizados'  class=\"wp-block-heading\">M\u00f3veis e materiais mais utilizados<\/h2>\n\n\n\n<p>O estilo escandinavo valoriza <strong>materiais naturais<\/strong> e pe\u00e7as dur\u00e1veis.<\/p>\n\n\n\n<figure class=\"wp-block-table\"><table class=\"has-fixed-layout\"><thead><tr><th>Elemento<\/th><th>Materiais mais usados<\/th><th>Observa\u00e7\u00f5es<\/th><\/tr><\/thead><tbody><tr><td>Pisos<\/td><td>Madeira clara, laminado ou porcelanato amadeirado<\/td><td>Prefer\u00eancia por tons naturais e leves<\/td><\/tr><tr><td>M\u00f3veis<\/td><td>Madeira, MDF em tons neutros<\/td><td>Design funcional e linhas retas<\/td><\/tr><tr><td>T\u00eaxteis<\/td><td>Algod\u00e3o, linho, l\u00e3 e tric\u00f4<\/td><td>Texturas para trazer aconchego<\/td><\/tr><tr><td>Decora\u00e7\u00e3o<\/td><td>Cer\u00e2mica, fibras naturais e vidro<\/td><td>Menos \u00e9 mais: poucos itens, mas bem escolhidos<\/td><\/tr><\/tbody><\/table><\/figure>\n\n\n\n<hr class=\"wp-block-separator has-alpha-channel-opacity\"\/>\n\n\n\n<h2 id='ilumina\u00e7\u00e3o-na-decora\u00e7\u00e3o-escandinava'  class=\"wp-block-heading\">Ilumina\u00e7\u00e3o na decora\u00e7\u00e3o escandinava<\/h2>\n\n\n\n<p>A ilumina\u00e7\u00e3o \u00e9 um ponto central do estilo. Nos pa\u00edses n\u00f3rdicos, onde os invernos s\u00e3o longos e escuros, a luz artificial tem papel fundamental.<\/p>\n\n\n\n<ul class=\"wp-block-list\">\n<li><strong>Lumin\u00e1rias pendentes minimalistas<\/strong> sobre mesas e bancadas.<\/li>\n\n\n\n<li><strong>Abajures de design clean<\/strong> para compor cantinhos aconchegantes.<\/li>\n\n\n\n<li><strong>Velas decorativas<\/strong>, que refor\u00e7am o clima hygge.<\/li>\n\n\n\n<li><strong>Cores claras nas paredes<\/strong>, que refletem a luz natural.<\/li>\n<\/ul>\n\n\n\n<hr class=\"wp-block-separator has-alpha-channel-opacity\"\/>\n\n\n\n<h2 id='como-aplicar-a-decora\u00e7\u00e3o-escandinava-no-quarto'  class=\"wp-block-heading\">Como aplicar a decora\u00e7\u00e3o escandinava no quarto<\/h2>\n\n\n\n<p>O quarto \u00e9 um dos ambientes mais beneficiados pelo estilo n\u00f3rdico.<\/p>\n\n\n\n<ul class=\"wp-block-list\">\n<li>Aposte em <strong>roupas de cama brancas ou em tons past\u00e9is<\/strong>.<\/li>\n\n\n\n<li>Use <strong>quadros minimalistas<\/strong> acima da cabeceira.<\/li>\n\n\n\n<li>Combine m\u00f3veis de madeira clara com lumin\u00e1rias pretas ou douradas.<\/li>\n\n\n\n<li>Acrescente mantas e almofadas com textura para aquecer o ambiente.<\/li>\n<\/ul>\n\n\n\n<hr class=\"wp-block-separator has-alpha-channel-opacity\"\/>\n\n\n\n<figure class=\"wp-block-image aligncenter size-medium\"><a href=\"https:\/\/chat.whatsapp.com\/KJBkp5LFJVRIvmt5X3hSEh\" target=\"_blank\" rel=\"noopener\"><img fetchpriority=\"high\" decoding=\"async\" width=\"1024\" height=\"1536\" src=\"https:\/\/i0.wp.com\/1truenote.com\/wp-content\/uploads\/2025\/06\/ChatGPT-Image-3-de-jun.-de-2025-19_04_53.png?fit=200%2C300&amp;ssl=1\" alt=\"chamada banner advetorial whats\" class=\"wp-image-2683\" srcset=\"https:\/\/i0.wp.com\/1truenote.com\/wp-content\/uploads\/2025\/06\/ChatGPT-Image-3-de-jun.-de-2025-19_04_53.png?w=1024&amp;ssl=1 1024w, https:\/\/i0.wp.com\/1truenote.com\/wp-content\/uploads\/2025\/06\/ChatGPT-Image-3-de-jun.-de-2025-19_04_53.png?resize=200%2C300&amp;ssl=1 200w, https:\/\/i0.wp.com\/1truenote.com\/wp-content\/uploads\/2025\/06\/ChatGPT-Image-3-de-jun.-de-2025-19_04_53.png?resize=683%2C1024&amp;ssl=1 683w, https:\/\/i0.wp.com\/1truenote.com\/wp-content\/uploads\/2025\/06\/ChatGPT-Image-3-de-jun.-de-2025-19_04_53.png?resize=768%2C1152&amp;ssl=1 768w, https:\/\/i0.wp.com\/1truenote.com\/wp-content\/uploads\/2025\/06\/ChatGPT-Image-3-de-jun.-de-2025-19_04_53.png?resize=150%2C225&amp;ssl=1 150w\" sizes=\"(max-width: 1024px) 100vw, 1024px\" \/><\/a><\/figure>\n\n\n\n<hr class=\"wp-block-separator has-alpha-channel-opacity\"\/>\n\n\n\n<h2 id='decora\u00e7\u00e3o-escandinava-na-sala-de-estar'  class=\"wp-block-heading\">Decora\u00e7\u00e3o escandinava na sala de estar<\/h2>\n\n\n\n<p>A sala \u00e9 o cart\u00e3o de visitas da casa.<\/p>\n\n\n\n<ul class=\"wp-block-list\">\n<li><strong>Sof\u00e1s neutros<\/strong> com almofadas geom\u00e9tricas.<\/li>\n\n\n\n<li><strong>Mesas de centro baixas<\/strong> e de linhas simples.<\/li>\n\n\n\n<li><strong>Plantas naturais<\/strong> para trazer frescor e quebrar a rigidez do branco.<\/li>\n\n\n\n<li><strong>Tapetes felpudos ou de fibras naturais<\/strong>, que tornam o espa\u00e7o aconchegante.<\/li>\n<\/ul>\n\n\n\n<hr class=\"wp-block-separator has-alpha-channel-opacity\"\/>\n\n\n\n<h2 id='dicas-pr\u00e1ticas-para-adotar-o-estilo'  class=\"wp-block-heading\">Dicas pr\u00e1ticas para adotar o estilo<\/h2>\n\n\n\n<ol class=\"wp-block-list\">\n<li><strong>Menos \u00e9 mais:<\/strong> evite exageros decorativos.<\/li>\n\n\n\n<li><strong>Invista em plantas:<\/strong> samambaias, costela-de-ad\u00e3o e ficus s\u00e3o \u00f3timas op\u00e7\u00f5es.<\/li>\n\n\n\n<li><strong>Prefira tons claros nos m\u00f3veis grandes:<\/strong> e deixe as cores para os detalhes.<\/li>\n\n\n\n<li><strong>Use contrastes sutis:<\/strong> almofadas pretas ou cinzas em sof\u00e1s brancos, por exemplo.<\/li>\n\n\n\n<li><strong>Organiza\u00e7\u00e3o \u00e9 fundamental:<\/strong> tudo deve ter um lugar definido.<\/li>\n<\/ol>\n\n\n\n<hr class=\"wp-block-separator has-alpha-channel-opacity\"\/>\n\n\n\n<a href=\"https:\/\/1truenote.com\/en\/mesa-posta-sofisticada\/\" style=\"text-decoration: none;\">\n  <div style=\"display: flex; justify-content: space-between; align-items: center; background: #d44a00; padding: 12px 20px; color: white; font-family: Arial, sans-serif;\">\n    <strong style=\"color: black;\">READ ALSO:<\/strong>\n    <span style=\"margin-left: 8px; flex: 1;\">Mesa posta sofisticada<\/span>\n    <div style=\"background: #f2802f; padding: 8px 12px; border-radius: 2px; margin-left: 10px;\">\n      <span style=\"color: white; font-weight: bold;\">\u27a4<\/span>\n    <\/div>\n  <\/div>\n<\/a>\n\n\n\n<hr class=\"wp-block-separator has-alpha-channel-opacity\"\/>\n\n\n\n<h2 id='decora\u00e7\u00e3o-escandinava'  class=\"wp-block-heading\">Decora\u00e7\u00e3o escandinava<\/h2>\n\n\n\n<p>A decora\u00e7\u00e3o escandinava \u00e9 mais do que uma tend\u00eancia est\u00e9tica: ela representa um estilo de vida que prioriza <strong>simplicidade, aconchego e funcionalidade<\/strong>.<\/p>\n\n\n\n<p>Ao adotar esse estilo, voc\u00ea cria ambientes que transmitem calma, valorizam a luz natural e trazem a sensa\u00e7\u00e3o de equil\u00edbrio. Seja no quarto, na sala ou at\u00e9 no escrit\u00f3rio, o escandinavo \u00e9 vers\u00e1til e se adapta a diferentes realidades, sempre com a proposta de unir <strong>beleza e bem-estar<\/strong>.<\/p>\n\n\n\n<p>Se voc\u00ea busca um lar elegante, moderno e ao mesmo tempo acolhedor, a decora\u00e7\u00e3o escandinava \u00e9 a escolha ideal.<\/p>\n\n\n\n<hr class=\"wp-block-separator has-alpha-channel-opacity\"\/>\n\n\n\n<a href=\"https:\/\/1truenote.com\/en\/mesa-posta-sofisticada\/\" style=\"text-decoration: none;\">\n  <div style=\"display: flex; justify-content: space-between; align-items: center; background: #d44a00; padding: 12px 20px; color: white; font-family: Arial, sans-serif;\">\n    <strong style=\"color: black;\">READ ALSO:<\/strong>\n    <span style=\"margin-left: 8px; flex: 1;\">Mesa posta sofisticada<\/span>\n    <div style=\"background: #f2802f; padding: 8px 12px; border-radius: 2px; margin-left: 10px;\">\n      <span style=\"color: white; font-weight: bold;\">\u27a4<\/span>\n    <\/div>\n  <\/div>\n<\/a>\n\n\n\n\n<hr class=\"wp-block-separator has-alpha-channel-opacity\"\/>\n\n\n\n<h2 id='faq-decora\u00e7\u00e3o-escandinava'  class=\"wp-block-heading\">FAQ \u2013 Decora\u00e7\u00e3o escandinava<\/h2>\n\n\n<div id=\"rank-math-faq\" class=\"rank-math-block\">\n<div class=\"rank-math-list\">\n<div id=\"faq-question-1756997392865\" class=\"rank-math-list-item\">\n<h3 id='o-estilo-escandinavo-\u00e9-o-mesmo-que-minimalista'  class=\"rank-math-question\">O estilo escandinavo \u00e9 o mesmo que minimalista?<\/h3>\n<div class=\"rank-math-answer\">\n\n<p>N\u00e3o. Embora compartilhem a simplicidade, o escandinavo \u00e9 mais acolhedor, com uso de texturas, madeira e ilumina\u00e7\u00e3o aconchegante.<\/p>\n\n<\/div>\n<\/div>\n<div id=\"faq-question-1756997394108\" class=\"rank-math-list-item\">\n<h3 id='posso-usar-cores-fortes-na-decora\u00e7\u00e3o-escandinava'  class=\"rank-math-question\">Posso usar cores fortes na decora\u00e7\u00e3o escandinava?<\/h3>\n<div class=\"rank-math-answer\">\n\n<p>Sim, mas apenas em detalhes (almofadas, quadros ou vasos). O foco \u00e9 manter a neutralidade.<\/p>\n\n<\/div>\n<\/div>\n<div id=\"faq-question-1756997394939\" class=\"rank-math-list-item\">\n<h3 id='funciona-em-apartamentos-pequenos'  class=\"rank-math-question\">Funciona em apartamentos pequenos?<\/h3>\n<div class=\"rank-math-answer\">\n\n<p>Perfeitamente! O estilo escandinavo \u00e9 excelente para ampliar visualmente os espa\u00e7os compactos.<\/p>\n\n<\/div>\n<\/div>\n<div id=\"faq-question-1756997395570\" class=\"rank-math-list-item\">\n<h3 id='preciso-trocar-todos-os-m\u00f3veis-para-ter-esse-estilo'  class=\"rank-math-question\">Preciso trocar todos os m\u00f3veis para ter esse estilo?<\/h3>\n<div class=\"rank-math-answer\">\n\n<p>N\u00e3o. Comece ajustando a paleta de cores e adicionando texturas naturais, j\u00e1 far\u00e1 diferen\u00e7a.<\/p>\n\n<\/div>\n<\/div>\n<\/div>\n<\/div>\n\n\n<figure class=\"wp-block-image aligncenter size-large\"><img data-recalc-dims=\"1\" decoding=\"async\" width=\"1024\" height=\"683\" src=\"https:\/\/i0.wp.com\/1truenote.com\/wp-content\/uploads\/2025\/09\/20250904_1144_Quarto-Minimalista-e-Aconchegante_simple_compose_01k4ajwycqe53r19ehgc10kn3m.png?resize=1024%2C683&#038;ssl=1\" alt=\"decora\u00e7\u00e3o escandinava\" class=\"wp-image-4108\" srcset=\"https:\/\/i0.wp.com\/1truenote.com\/wp-content\/uploads\/2025\/09\/20250904_1144_Quarto-Minimalista-e-Aconchegante_simple_compose_01k4ajwycqe53r19ehgc10kn3m.png?resize=1024%2C683&amp;ssl=1 1024w, https:\/\/i0.wp.com\/1truenote.com\/wp-content\/uploads\/2025\/09\/20250904_1144_Quarto-Minimalista-e-Aconchegante_simple_compose_01k4ajwycqe53r19ehgc10kn3m.png?resize=300%2C200&amp;ssl=1 300w, https:\/\/i0.wp.com\/1truenote.com\/wp-content\/uploads\/2025\/09\/20250904_1144_Quarto-Minimalista-e-Aconchegante_simple_compose_01k4ajwycqe53r19ehgc10kn3m.png?resize=768%2C512&amp;ssl=1 768w, https:\/\/i0.wp.com\/1truenote.com\/wp-content\/uploads\/2025\/09\/20250904_1144_Quarto-Minimalista-e-Aconchegante_simple_compose_01k4ajwycqe53r19ehgc10kn3m.png?resize=18%2C12&amp;ssl=1 18w, https:\/\/i0.wp.com\/1truenote.com\/wp-content\/uploads\/2025\/09\/20250904_1144_Quarto-Minimalista-e-Aconchegante_simple_compose_01k4ajwycqe53r19ehgc10kn3m.png?resize=150%2C100&amp;ssl=1 150w, https:\/\/i0.wp.com\/1truenote.com\/wp-content\/uploads\/2025\/09\/20250904_1144_Quarto-Minimalista-e-Aconchegante_simple_compose_01k4ajwycqe53r19ehgc10kn3m.png?w=1536&amp;ssl=1 1536w\" sizes=\"(max-width: 1024px) 100vw, 1024px\" \/><\/figure>","protected":false},"excerpt":{"rendered":"<p>A decora\u00e7\u00e3o escandinava conquistou o mundo por sua simplicidade elegante e sua capacidade de criar ambientes acolhedores, funcionais e visualmente&#8230;<\/p>","protected":false},"author":1,"featured_media":4108,"comment_status":"open","ping_status":"open","sticky":false,"template":"","format":"standard","meta":{"_kad_post_transparent":"","_kad_post_title":"","_kad_post_layout":"","_kad_post_sidebar_id":"","_kad_post_content_style":"","_kad_post_vertical_padding":"","_kad_post_feature":"","_kad_post_feature_position":"","_kad_post_header":false,"_kad_post_footer":false,"_kad_post_classname":"","footnotes":"","jetpack_publicize_message":"","jetpack_publicize_feature_enabled":false,"jetpack_social_post_already_shared":true,"jetpack_social_options":{"image_generator_settings":{"template":"highway","default_image_id":0,"enabled":false},"version":2}},"categories":[16,1],"tags":[13,14,12],"class_list":["post-4107","post","type-post","status-publish","format-standard","has-post-thumbnail","hentry","category-casa-e-jardim","category-novidades","tag-minimalista","tag-interiores-inovadores","tag-projetos-inovadores"],"jetpack_publicize_connections":[],"jetpack_featured_media_url":"https:\/\/i0.wp.com\/1truenote.com\/wp-content\/uploads\/2025\/09\/20250904_1144_Quarto-Minimalista-e-Aconchegante_simple_compose_01k4ajwycqe53r19ehgc10kn3m.png?fit=1536%2C1024&ssl=1","jetpack_sharing_enabled":true,"_links":{"self":[{"href":"https:\/\/1truenote.com\/en\/wp-json\/wp\/v2\/posts\/4107","targetHints":{"allow":["GET"]}}],"collection":[{"href":"https:\/\/1truenote.com\/en\/wp-json\/wp\/v2\/posts"}],"about":[{"href":"https:\/\/1truenote.com\/en\/wp-json\/wp\/v2\/types\/post"}],"author":[{"embeddable":true,"href":"https:\/\/1truenote.com\/en\/wp-json\/wp\/v2\/users\/1"}],"replies":[{"embeddable":true,"href":"https:\/\/1truenote.com\/en\/wp-json\/wp\/v2\/comments?post=4107"}],"version-history":[{"count":1,"href":"https:\/\/1truenote.com\/en\/wp-json\/wp\/v2\/posts\/4107\/revisions"}],"predecessor-version":[{"id":4109,"href":"https:\/\/1truenote.com\/en\/wp-json\/wp\/v2\/posts\/4107\/revisions\/4109"}],"wp:featuredmedia":[{"embeddable":true,"href":"https:\/\/1truenote.com\/en\/wp-json\/wp\/v2\/media\/4108"}],"wp:attachment":[{"href":"https:\/\/1truenote.com\/en\/wp-json\/wp\/v2\/media?parent=4107"}],"wp:term":[{"taxonomy":"category","embeddable":true,"href":"https:\/\/1truenote.com\/en\/wp-json\/wp\/v2\/categories?post=4107"},{"taxonomy":"post_tag","embeddable":true,"href":"https:\/\/1truenote.com\/en\/wp-json\/wp\/v2\/tags?post=4107"}],"curies":[{"name":"wp","href":"https:\/\/api.w.org\/{rel}","templated":true}]}}