{"id":4093,"date":"2025-09-03T14:00:00","date_gmt":"2025-09-03T17:00:00","guid":{"rendered":"https:\/\/1truenote.com\/?p=4093"},"modified":"2025-09-03T11:36:13","modified_gmt":"2025-09-03T14:36:13","slug":"decoracao-pe-direito-alto","status":"publish","type":"post","link":"https:\/\/1truenote.com\/en\/decoracao-pe-direito-alto\/","title":{"rendered":"Decora\u00e7\u00e3o para ambientes com p\u00e9-direito alto: Guia completo"},"content":{"rendered":"<h2 id='o-que-\u00e9-p\u00e9-direito-alto'  class=\"wp-block-heading\">O que \u00e9 p\u00e9-direito alto?<\/h2>\n\n\n\n<p>O termo \u201cp\u00e9-direito\u201d se refere \u00e0 altura entre o piso e o teto de um ambiente. Quando essa medida ultrapassa os tradicionais 2,60m a 2,80m e chega a 4m, 5m ou at\u00e9 mais, chamamos de <strong>p\u00e9-direito alto<\/strong>. Essa caracter\u00edstica arquitet\u00f4nica confere impon\u00eancia, amplitude e luminosidade aos espa\u00e7os, sendo muito valorizada em projetos residenciais e comerciais.<\/p>\n\n\n\n<hr class=\"wp-block-separator has-alpha-channel-opacity\"\/>\n\n\n\n<h2 id='vantagens-do-p\u00e9-direito'  class=\"wp-block-heading\">Vantagens do p\u00e9-direito<\/h2>\n\n\n\n<ul class=\"wp-block-list\">\n<li><strong>Sensa\u00e7\u00e3o de amplitude<\/strong>: o ambiente parece maior e mais arejado.<\/li>\n\n\n\n<li><strong>Valoriza\u00e7\u00e3o da ilumina\u00e7\u00e3o natural<\/strong>: janelas altas permitem mais entrada de luz.<\/li>\n\n\n\n<li><strong>Est\u00e9tica sofisticada<\/strong>: transmite eleg\u00e2ncia e grandiosidade.<\/li>\n\n\n\n<li><strong>Versatilidade<\/strong>: possibilita o uso de pendentes marcantes, jardins verticais e obras de arte grandes.<\/li>\n<\/ul>\n\n\n\n<hr class=\"wp-block-separator has-alpha-channel-opacity\"\/>\n\n\n\n<h2 id='desafios-na-decora\u00e7\u00e3o'  class=\"wp-block-heading\">Desafios na decora\u00e7\u00e3o<\/h2>\n\n\n\n<p>Apesar de bel\u00edssimo, o p\u00e9-direito alto exige aten\u00e7\u00e3o em alguns pontos:<\/p>\n\n\n\n<ul class=\"wp-block-list\">\n<li><strong>Propor\u00e7\u00e3o<\/strong>: m\u00f3veis muito baixos podem parecer \u201cperdidos\u201d no ambiente.<\/li>\n\n\n\n<li><strong>Ac\u00fastica<\/strong>: eco pode ser um problema em espa\u00e7os muito amplos.<\/li>\n\n\n\n<li><strong>Climatiza\u00e7\u00e3o<\/strong>: maior volume de ar pode exigir ajustes no ar-condicionado.<\/li>\n<\/ul>\n\n\n\n<hr class=\"wp-block-separator has-alpha-channel-opacity\"\/>\n\n\n\n<h2 id='como-decorar-ambientes-com-p\u00e9-direito-alto'  class=\"wp-block-heading\">Como decorar ambientes com p\u00e9-direito alto<\/h2>\n\n\n\n<h3 id='1-invista-em-lumin\u00e1rias-pendentes'  class=\"wp-block-heading\">1. Invista em lumin\u00e1rias pendentes<\/h3>\n\n\n\n<p>P\u00e9-direito alto pede ilumina\u00e7\u00e3o que valorize a verticalidade. Lustres grandes, pendentes esculturais ou lumin\u00e1rias modernas ajudam a preencher o espa\u00e7o e criar impacto visual.<\/p>\n\n\n\n<h3 id='2-aposte-em-pain\u00e9is-de-madeira-ou-revestimentos'  class=\"wp-block-heading\">2. Aposte em pain\u00e9is de madeira ou revestimentos<\/h3>\n\n\n\n<p>Revestir uma parede com <strong>painel de madeira<\/strong> ou pedra ajuda a equilibrar a altura e traz acolhimento ao ambiente. \u00c9 uma \u00f3tima estrat\u00e9gia para \u00e1reas sociais.<\/p>\n\n\n\n<h3 id='3-utilize-cortinas-longas'  class=\"wp-block-heading\">3. Utilize cortinas longas<\/h3>\n\n\n\n<p>Cortinas do teto ao ch\u00e3o, preferencialmente de tecidos leves, refor\u00e7am a eleg\u00e2ncia do p\u00e9-direito alto e contribuem para a sensa\u00e7\u00e3o de aconchego.<\/p>\n\n\n\n<h3 id='4-aposte-em-obras-de-arte-de-grande-porte'  class=\"wp-block-heading\">4. Aposte em obras de arte de grande porte<\/h3>\n\n\n\n<p>Quadros, esculturas e pe\u00e7as verticais ficam incr\u00edveis em espa\u00e7os altos, preenchendo \u00e1reas que ficariam vazias e trazendo sofistica\u00e7\u00e3o.<\/p>\n\n\n\n<h3 id='5-explore-plantas-e-\u00e1rvores-de-interior'  class=\"wp-block-heading\">5. Explore plantas e \u00e1rvores de interior<\/h3>\n\n\n\n<p>Espa\u00e7os amplos permitem incluir <strong>plantas grandes<\/strong> como palmeiras, ficus e costelas-de-ad\u00e3o, que se destacam e trazem frescor natural.<\/p>\n\n\n\n<h3 id='6-m\u00f3veis-proporcionais'  class=\"wp-block-heading\">6. M\u00f3veis proporcionais<\/h3>\n\n\n\n<p>Sof\u00e1s robustos, mesas amplas e poltronas de design marcante equilibram o p\u00e9-direito, evitando a sensa\u00e7\u00e3o de vazio.<\/p>\n\n\n\n<hr class=\"wp-block-separator has-alpha-channel-opacity\"\/>\n\n\n\n<figure class=\"wp-block-image aligncenter size-medium\"><a href=\"https:\/\/chat.whatsapp.com\/KJBkp5LFJVRIvmt5X3hSEh\" target=\"_blank\" rel=\"noopener\"><img fetchpriority=\"high\" decoding=\"async\" width=\"1024\" height=\"1536\" src=\"https:\/\/i0.wp.com\/1truenote.com\/wp-content\/uploads\/2025\/06\/ChatGPT-Image-3-de-jun.-de-2025-19_04_53.png?fit=200%2C300&amp;ssl=1\" alt=\"chamada banner advetorial whats\" class=\"wp-image-2683\" srcset=\"https:\/\/i0.wp.com\/1truenote.com\/wp-content\/uploads\/2025\/06\/ChatGPT-Image-3-de-jun.-de-2025-19_04_53.png?w=1024&amp;ssl=1 1024w, https:\/\/i0.wp.com\/1truenote.com\/wp-content\/uploads\/2025\/06\/ChatGPT-Image-3-de-jun.-de-2025-19_04_53.png?resize=200%2C300&amp;ssl=1 200w, https:\/\/i0.wp.com\/1truenote.com\/wp-content\/uploads\/2025\/06\/ChatGPT-Image-3-de-jun.-de-2025-19_04_53.png?resize=683%2C1024&amp;ssl=1 683w, https:\/\/i0.wp.com\/1truenote.com\/wp-content\/uploads\/2025\/06\/ChatGPT-Image-3-de-jun.-de-2025-19_04_53.png?resize=768%2C1152&amp;ssl=1 768w, https:\/\/i0.wp.com\/1truenote.com\/wp-content\/uploads\/2025\/06\/ChatGPT-Image-3-de-jun.-de-2025-19_04_53.png?resize=150%2C225&amp;ssl=1 150w\" sizes=\"(max-width: 1024px) 100vw, 1024px\" \/><\/a><\/figure>\n\n\n\n<hr class=\"wp-block-separator has-alpha-channel-opacity\"\/>\n\n\n\n<h2 id='dicas-pr\u00e1ticas-de-decora\u00e7\u00e3o'  class=\"wp-block-heading\">Dicas pr\u00e1ticas de decora\u00e7\u00e3o<\/h2>\n\n\n\n<figure class=\"wp-block-table\"><table class=\"has-fixed-layout\"><thead><tr><th>Elemento<\/th><th>Sugest\u00e3o ideal para p\u00e9-direito alto<\/th><\/tr><\/thead><tbody><tr><td>Lighting<\/td><td>Lustres, pendentes longos, trilhos<\/td><\/tr><tr><td>Revestimento<\/td><td>Pain\u00e9is de madeira, pedra, cimento<\/td><\/tr><tr><td>Plantas<\/td><td>Palmeiras, ficus, \u00e1rvores de interior<\/td><\/tr><tr><td>Obras de arte<\/td><td>Grandes quadros ou esculturas<\/td><\/tr><tr><td>M\u00f3veis<\/td><td>Sof\u00e1s amplos, mesas robustas<\/td><\/tr><\/tbody><\/table><\/figure>\n\n\n\n<hr class=\"wp-block-separator has-alpha-channel-opacity\"\/>\n\n\n<div class=\"hostinger-affiliate-block-wrap\">\n            <div class=\"hostinger-affiliate-block-list-simple\">\n            <div class=\"hostinger-affiliate-block-list-simple__image\">\n                                        <a href=\"https:\/\/www.amazon.com.br\/dp\/B0C3HPH2Z9?tag=joaopedro047-20\" target=\"_blank\" rel=\"nofollow noopener noreferrer\">\n                            <img decoding=\"async\" src=\"https:\/\/m.media-amazon.com\/images\/I\/411x3uQDSYL.jpg\" alt=\"Cortina Solaris Blackout Corta Luz de Tecido 5,40m Larg. x 5,00m ...\">\n                        <\/a>\n                                <\/div>\n            <div class=\"hostinger-affiliate-block-list-simple__product-data\">\n                <div class=\"hostinger-affiliate-block-list-simple__product-info\">\n                                            <div class=\"hostinger-affiliate-block-list-simple__bestseller-label\">\n                                                        Bestseller #1                        <\/div>\n                                            <div class=\"hostinger-affiliate-block-list-simple__product-title\">\n                        <a href=\"https:\/\/www.amazon.com.br\/dp\/B0C3HPH2Z9?tag=joaopedro047-20\" target=\"_blank\" rel=\"nofollow noopener noreferrer\">\n                            <h3 id='cortina-solaris-blackout-corta-luz-de-tecido-5-40m-larg-x-5-00m'>\n                                Cortina Solaris Blackout Corta Luz de Tecido 5,40m Larg. x 5,00m &#8230;                            <\/h3>\n                        <\/a>\n                    <\/div>\n                    <div class=\"hostinger-affiliate-block-list-simple__product-pricing\">\n                                                    <div class=\"hostinger-affiliate-block-list-simple__product-price\">\n                                R$479,90                            <\/div>\n                                                <\/div>\n                <\/div>\n                <div class=\"hostinger-affiliate-block-list-simple__product-actions\">\n                    <div>\n                        <a href=\"https:\/\/www.amazon.com.br\/dp\/B0C3HPH2Z9?tag=joaopedro047-20\" class=\"hostinger-affiliate-block-list-simple__product-amazon-button\" target=\"_blank\" rel=\"nofollow noopener noreferrer\">\n    Buy on Amazon<\/a>\n                    <\/div>\n                <\/div>\n            <\/div>\n        <\/div>\n                <div class=\"hostinger-affiliate-block-list-simple\">\n            <div class=\"hostinger-affiliate-block-list-simple__image\">\n                                        <a href=\"https:\/\/www.amazon.com.br\/dp\/B0FFDKZTWL?tag=joaopedro047-20\" target=\"_blank\" rel=\"nofollow noopener noreferrer\">\n                            <img decoding=\"async\" src=\"https:\/\/m.media-amazon.com\/images\/I\/51a8ud00VrL.jpg\" alt=\"Cortina Premium Blakout 5,40 x 5,00 P\u00e9 Direito Alto (Gelo)\">\n                        <\/a>\n                                <\/div>\n            <div class=\"hostinger-affiliate-block-list-simple__product-data\">\n                <div class=\"hostinger-affiliate-block-list-simple__product-info\">\n                                            <div class=\"hostinger-affiliate-block-list-simple__bestseller-label\">\n                                                        Bestseller #2                        <\/div>\n                                            <div class=\"hostinger-affiliate-block-list-simple__product-title\">\n                        <a href=\"https:\/\/www.amazon.com.br\/dp\/B0FFDKZTWL?tag=joaopedro047-20\" target=\"_blank\" rel=\"nofollow noopener noreferrer\">\n                            <h3 id='cortina-premium-blakout-5-40-x-5-00-p\u00e9-direito-alto-gelo'>\n                                Cortina Premium Blakout 5,40 x 5,00 P\u00e9 Direito Alto (Gelo)                            <\/h3>\n                        <\/a>\n                    <\/div>\n                    <div class=\"hostinger-affiliate-block-list-simple__product-pricing\">\n                                                    <div class=\"hostinger-affiliate-block-list-simple__product-price\">\n                                R$369,90                            <\/div>\n                                                <\/div>\n                <\/div>\n                <div class=\"hostinger-affiliate-block-list-simple__product-actions\">\n                    <div>\n                        <a href=\"https:\/\/www.amazon.com.br\/dp\/B0FFDKZTWL?tag=joaopedro047-20\" class=\"hostinger-affiliate-block-list-simple__product-amazon-button\" target=\"_blank\" rel=\"nofollow noopener noreferrer\">\n    Buy on Amazon<\/a>\n                    <\/div>\n                <\/div>\n            <\/div>\n        <\/div>\n                <div class=\"hostinger-affiliate-block-list-simple\">\n            <div class=\"hostinger-affiliate-block-list-simple__image\">\n                                        <a href=\"https:\/\/www.amazon.com.br\/dp\/B0FBXB17RX?tag=joaopedro047-20\" target=\"_blank\" rel=\"nofollow noopener noreferrer\">\n                            <img decoding=\"async\" src=\"https:\/\/m.media-amazon.com\/images\/I\/31B5lR+N9JL.jpg\" alt=\"Lumin\u00e1ria Pendente LED 68W Lustre de Teto Dourado Curvo Bivolt 30...\">\n                        <\/a>\n                                <\/div>\n            <div class=\"hostinger-affiliate-block-list-simple__product-data\">\n                <div class=\"hostinger-affiliate-block-list-simple__product-info\">\n                                            <div class=\"hostinger-affiliate-block-list-simple__bestseller-label\">\n                                                        Bestseller #3                        <\/div>\n                                            <div class=\"hostinger-affiliate-block-list-simple__product-title\">\n                        <a href=\"https:\/\/www.amazon.com.br\/dp\/B0FBXB17RX?tag=joaopedro047-20\" target=\"_blank\" rel=\"nofollow noopener noreferrer\">\n                            <h3 id='lumin\u00e1ria-pendente-led-68w-lustre-de-teto-dourado-curvo-bivolt-30'>\n                                Lumin\u00e1ria Pendente LED 68W Lustre de Teto Dourado Curvo Bivolt 30&#8230;                            <\/h3>\n                        <\/a>\n                    <\/div>\n                    <div class=\"hostinger-affiliate-block-list-simple__product-pricing\">\n                                                    <div class=\"hostinger-affiliate-block-list-simple__product-price\">\n                                R$849,00                            <\/div>\n                                                <\/div>\n                <\/div>\n                <div class=\"hostinger-affiliate-block-list-simple__product-actions\">\n                    <div>\n                        <a href=\"https:\/\/www.amazon.com.br\/dp\/B0FBXB17RX?tag=joaopedro047-20\" class=\"hostinger-affiliate-block-list-simple__product-amazon-button\" target=\"_blank\" rel=\"nofollow noopener noreferrer\">\n    Buy on Amazon<\/a>\n                    <\/div>\n                <\/div>\n            <\/div>\n        <\/div>\n                <div class=\"hostinger-affiliate-block-list-simple\">\n            <div class=\"hostinger-affiliate-block-list-simple__image\">\n                                        <a href=\"https:\/\/www.amazon.com.br\/dp\/B0FLZP7MKR?tag=joaopedro047-20\" target=\"_blank\" rel=\"nofollow noopener noreferrer\">\n                            <img decoding=\"async\" src=\"https:\/\/m.media-amazon.com\/images\/I\/41J-z-w+tEL.jpg\" alt=\"Lustre Pendente Cristal K9 Dourado 5 An\u00e9is \u2013 LED Integrado 308W c...\">\n                        <\/a>\n                                <\/div>\n            <div class=\"hostinger-affiliate-block-list-simple__product-data\">\n                <div class=\"hostinger-affiliate-block-list-simple__product-info\">\n                                            <div class=\"hostinger-affiliate-block-list-simple__bestseller-label\">\n                                                        Bestseller #4                        <\/div>\n                                            <div class=\"hostinger-affiliate-block-list-simple__product-title\">\n                        <a href=\"https:\/\/www.amazon.com.br\/dp\/B0FLZP7MKR?tag=joaopedro047-20\" target=\"_blank\" rel=\"nofollow noopener noreferrer\">\n                            <h3 id='lustre-pendente-cristal-k9-dourado-5-an\u00e9is-led-integrado-308w-c'>\n                                Lustre Pendente Cristal K9 Dourado 5 An\u00e9is \u2013 LED Integrado 308W c&#8230;                            <\/h3>\n                        <\/a>\n                    <\/div>\n                    <div class=\"hostinger-affiliate-block-list-simple__product-pricing\">\n                                                    <div class=\"hostinger-affiliate-block-list-simple__product-price\">\n                                R$3.700,00                            <\/div>\n                                                <\/div>\n                <\/div>\n                <div class=\"hostinger-affiliate-block-list-simple__product-actions\">\n                    <div>\n                        <a href=\"https:\/\/www.amazon.com.br\/dp\/B0FLZP7MKR?tag=joaopedro047-20\" class=\"hostinger-affiliate-block-list-simple__product-amazon-button\" target=\"_blank\" rel=\"nofollow noopener noreferrer\">\n    Buy on Amazon<\/a>\n                    <\/div>\n                <\/div>\n            <\/div>\n        <\/div>\n                <div class=\"hostinger-affiliate-block-list-simple\">\n            <div class=\"hostinger-affiliate-block-list-simple__image\">\n                                        <a href=\"https:\/\/www.amazon.com.br\/dp\/B00P8NXKZG?tag=joaopedro047-20\" target=\"_blank\" rel=\"nofollow noopener noreferrer\">\n                            <img decoding=\"async\" src=\"https:\/\/m.media-amazon.com\/images\/I\/51SAXaNOmfL.jpg\" alt=\"Lustre Pendente 21 Globos de Vidro 20cm P\u00e9 Direito Duplo Alto e E...\">\n                        <\/a>\n                                <\/div>\n            <div class=\"hostinger-affiliate-block-list-simple__product-data\">\n                <div class=\"hostinger-affiliate-block-list-simple__product-info\">\n                                            <div class=\"hostinger-affiliate-block-list-simple__bestseller-label\">\n                                                        Bestseller #5                        <\/div>\n                                            <div class=\"hostinger-affiliate-block-list-simple__product-title\">\n                        <a href=\"https:\/\/www.amazon.com.br\/dp\/B00P8NXKZG?tag=joaopedro047-20\" target=\"_blank\" rel=\"nofollow noopener noreferrer\">\n                            <h3 id='lustre-pendente-21-globos-de-vidro-20cm-p\u00e9-direito-duplo-alto-e-e'>\n                                Lustre Pendente 21 Globos de Vidro 20cm P\u00e9 Direito Duplo Alto e E&#8230;                            <\/h3>\n                        <\/a>\n                    <\/div>\n                    <div class=\"hostinger-affiliate-block-list-simple__product-pricing\">\n                                                    <div class=\"hostinger-affiliate-block-list-simple__product-price\">\n                                R$4.590,00                            <\/div>\n                                                <\/div>\n                <\/div>\n                <div class=\"hostinger-affiliate-block-list-simple__product-actions\">\n                    <div>\n                        <a href=\"https:\/\/www.amazon.com.br\/dp\/B00P8NXKZG?tag=joaopedro047-20\" class=\"hostinger-affiliate-block-list-simple__product-amazon-button\" target=\"_blank\" rel=\"nofollow noopener noreferrer\">\n    Buy on Amazon<\/a>\n                    <\/div>\n                <\/div>\n            <\/div>\n        <\/div>\n        <\/div>\n\n\n\n<hr class=\"wp-block-separator has-alpha-channel-opacity\"\/>\n\n\n\n<figure class=\"wp-block-image aligncenter size-large\"><img data-recalc-dims=\"1\" decoding=\"async\" width=\"1024\" height=\"683\" src=\"https:\/\/i0.wp.com\/1truenote.com\/wp-content\/uploads\/2025\/09\/artigo-3.png?resize=1024%2C683&#038;ssl=1\" alt=\"p\u00e9-direito alto\" class=\"wp-image-4094\" srcset=\"https:\/\/i0.wp.com\/1truenote.com\/wp-content\/uploads\/2025\/09\/artigo-3.png?resize=1024%2C683&amp;ssl=1 1024w, https:\/\/i0.wp.com\/1truenote.com\/wp-content\/uploads\/2025\/09\/artigo-3.png?resize=300%2C200&amp;ssl=1 300w, https:\/\/i0.wp.com\/1truenote.com\/wp-content\/uploads\/2025\/09\/artigo-3.png?resize=768%2C512&amp;ssl=1 768w, https:\/\/i0.wp.com\/1truenote.com\/wp-content\/uploads\/2025\/09\/artigo-3.png?resize=18%2C12&amp;ssl=1 18w, https:\/\/i0.wp.com\/1truenote.com\/wp-content\/uploads\/2025\/09\/artigo-3.png?resize=150%2C100&amp;ssl=1 150w, https:\/\/i0.wp.com\/1truenote.com\/wp-content\/uploads\/2025\/09\/artigo-3.png?w=1536&amp;ssl=1 1536w\" sizes=\"(max-width: 1024px) 100vw, 1024px\" \/><\/figure>\n\n\n\n<hr class=\"wp-block-separator has-alpha-channel-opacity\"\/>\n\n\n\n<h2 id='estilos-de-decora\u00e7\u00e3o-que-valorizam-o-p\u00e9-direito-alto'  class=\"wp-block-heading\">Estilos de decora\u00e7\u00e3o que valorizam o p\u00e9-direito alto<\/h2>\n\n\n\n<p>O p\u00e9-direito alto combina bem com diferentes estilos decorativos. No <strong>estilo moderno<\/strong>, linhas retas e ilumina\u00e7\u00e3o estrat\u00e9gica criam ambientes sofisticados. J\u00e1 no <strong>cl\u00e1ssico<\/strong>, lustres imponentes e molduras destacam a grandiosidade.<\/p>\n\n\n\n<p>Para quem prefere o <strong>industrial<\/strong>, o espa\u00e7o \u00e9 ideal para tubula\u00e7\u00f5es aparentes e janelas amplas. No <strong>minimalismo<\/strong>, o foco recai sobre a amplitude, onde menos m\u00f3veis e mais espa\u00e7o resultam em um ambiente clean e impactante.<\/p>\n\n\n\n<hr class=\"wp-block-separator has-alpha-channel-opacity\"\/>\n\n\n\n<a href=\"https:\/\/1truenote.com\/en\/sala-de-jantar-azul-petroleo-e-dourado\/\" style=\"text-decoration: none;\">\n  <div style=\"display: flex; justify-content: space-between; align-items: center; background: #d44a00; padding: 12px 20px; color: white; font-family: Arial, sans-serif;\">\n    <strong style=\"color: black;\">READ ALSO:<\/strong>\n    <span style=\"margin-left: 8px; flex: 1;\">Azul-petr\u00f3leo e dourado<\/span>\n    <div style=\"background: #f2802f; padding: 8px 12px; border-radius: 2px; margin-left: 10px;\">\n      <span style=\"color: white; font-weight: bold;\">\u27a4<\/span>\n    <\/div>\n  <\/div>\n<\/a>\n\n\n\n<hr class=\"wp-block-separator has-alpha-channel-opacity\"\/>\n\n\n\n<h2 id='p\u00e9-direito-alto'  class=\"wp-block-heading\">P\u00e9-direito alto<\/h2>\n\n\n\n<p>O <strong>p\u00e9-direito alto<\/strong> \u00e9 um recurso arquitet\u00f4nico que transforma qualquer espa\u00e7o em um ambiente sofisticado, elegante e cheio de personalidade. Ao mesmo tempo em que amplia a sensa\u00e7\u00e3o de liberdade e luminosidade, exige escolhas decorativas inteligentes para equilibrar propor\u00e7\u00f5es e criar conforto.<\/p>\n\n\n\n<p>Com o uso estrat\u00e9gico de lumin\u00e1rias, pain\u00e9is, obras de arte e elementos naturais, \u00e9 poss\u00edvel transformar esses ambientes em verdadeiros cen\u00e1rios de impacto, sem perder a sensa\u00e7\u00e3o de acolhimento. Se voc\u00ea deseja unir impon\u00eancia e sofistica\u00e7\u00e3o na decora\u00e7\u00e3o, o p\u00e9-direito alto \u00e9 a aposta certa.<\/p>\n\n\n\n<hr class=\"wp-block-separator has-alpha-channel-opacity\"\/>\n\n\n\n<a href=\"https:\/\/1truenote.com\/en\/sala-de-jantar-azul-petroleo-e-dourado\/\" style=\"text-decoration: none;\">\n  <div style=\"display: flex; justify-content: space-between; align-items: center; background: #d44a00; padding: 12px 20px; color: white; font-family: Arial, sans-serif;\">\n    <strong style=\"color: black;\">READ ALSO:<\/strong>\n    <span style=\"margin-left: 8px; flex: 1;\">Azul-petr\u00f3leo e dourado<\/span>\n    <div style=\"background: #f2802f; padding: 8px 12px; border-radius: 2px; margin-left: 10px;\">\n      <span style=\"color: white; font-weight: bold;\">\u27a4<\/span>\n    <\/div>\n  <\/div>\n<\/a>\n\n\n\n\n<hr class=\"wp-block-separator has-alpha-channel-opacity\"\/>\n\n\n\n<h2 id='faq-perguntas-frequentes-sobre-p\u00e9-direito-alto'  class=\"wp-block-heading\">(FAQ) Perguntas frequentes sobre p\u00e9-direito alto<\/h2>\n\n\n<div id=\"rank-math-faq\" class=\"rank-math-block\">\n<div class=\"rank-math-list\">\n<div id=\"faq-question-1756909045417\" class=\"rank-math-list-item\">\n<h3 id='p\u00e9-direito-alto-deixa-o-ambiente-frio'  class=\"rank-math-question\">P\u00e9-direito alto deixa o ambiente frio?<\/h3>\n<div class=\"rank-math-answer\">\n\n<p>Pode deixar, sim, pela grande circula\u00e7\u00e3o de ar. O uso de tapetes, cortinas e madeira ajuda a aquecer visualmente.<\/p>\n\n<\/div>\n<\/div>\n<div id=\"faq-question-1756909049605\" class=\"rank-math-list-item\">\n<h3 id='\u00e9-poss\u00edvel-ter-p\u00e9-direito-alto-em-apartamentos-pequenos'  class=\"rank-math-question\">\u00c9 poss\u00edvel ter p\u00e9-direito alto em apartamentos pequenos?<\/h3>\n<div class=\"rank-math-answer\">\n\n<p>Sim! Alguns lofts e coberturas oferecem essa op\u00e7\u00e3o, ampliando a sensa\u00e7\u00e3o de espa\u00e7o.<\/p>\n\n<\/div>\n<\/div>\n<div id=\"faq-question-1756909051725\" class=\"rank-math-list-item\">\n<h3 id='qual-a-ilumina\u00e7\u00e3o-ideal'  class=\"rank-math-question\">Qual a ilumina\u00e7\u00e3o ideal?<\/h3>\n<div class=\"rank-math-answer\">\n\n<p>Lustres marcantes e lumin\u00e1rias pendentes s\u00e3o perfeitas para valorizar a altura.<\/p>\n\n<\/div>\n<\/div>\n<div id=\"faq-question-1756909053117\" class=\"rank-math-list-item\">\n<h3 id='como-evitar-eco-em-ambientes-altos'  class=\"rank-math-question\">Como evitar eco em ambientes altos?<\/h3>\n<div class=\"rank-math-answer\">\n\n<p>Tapetes, cortinas e m\u00f3veis estofados ajudam a melhorar a ac\u00fastica.<\/p>\n\n<\/div>\n<\/div>\n<\/div>\n<\/div>\n\n\n<figure class=\"wp-block-image aligncenter size-large\"><img data-recalc-dims=\"1\" decoding=\"async\" width=\"1024\" height=\"683\" src=\"https:\/\/i0.wp.com\/1truenote.com\/wp-content\/uploads\/2025\/09\/artigo-3.png?resize=1024%2C683&#038;ssl=1\" alt=\"p\u00e9-direito alto\" class=\"wp-image-4094\" srcset=\"https:\/\/i0.wp.com\/1truenote.com\/wp-content\/uploads\/2025\/09\/artigo-3.png?resize=1024%2C683&amp;ssl=1 1024w, https:\/\/i0.wp.com\/1truenote.com\/wp-content\/uploads\/2025\/09\/artigo-3.png?resize=300%2C200&amp;ssl=1 300w, https:\/\/i0.wp.com\/1truenote.com\/wp-content\/uploads\/2025\/09\/artigo-3.png?resize=768%2C512&amp;ssl=1 768w, https:\/\/i0.wp.com\/1truenote.com\/wp-content\/uploads\/2025\/09\/artigo-3.png?resize=18%2C12&amp;ssl=1 18w, https:\/\/i0.wp.com\/1truenote.com\/wp-content\/uploads\/2025\/09\/artigo-3.png?resize=150%2C100&amp;ssl=1 150w, https:\/\/i0.wp.com\/1truenote.com\/wp-content\/uploads\/2025\/09\/artigo-3.png?w=1536&amp;ssl=1 1536w\" sizes=\"(max-width: 1024px) 100vw, 1024px\" \/><\/figure>","protected":false},"excerpt":{"rendered":"<p>O que \u00e9 p\u00e9-direito alto? O termo \u201cp\u00e9-direito\u201d se refere \u00e0 altura entre o piso e o teto de um&#8230;<\/p>","protected":false},"author":1,"featured_media":4094,"comment_status":"open","ping_status":"open","sticky":false,"template":"","format":"standard","meta":{"_kad_post_transparent":"","_kad_post_title":"","_kad_post_layout":"","_kad_post_sidebar_id":"","_kad_post_content_style":"","_kad_post_vertical_padding":"","_kad_post_feature":"","_kad_post_feature_position":"","_kad_post_header":false,"_kad_post_footer":false,"_kad_post_classname":"","footnotes":"","jetpack_publicize_message":"","jetpack_publicize_feature_enabled":false,"jetpack_social_post_already_shared":true,"jetpack_social_options":{"image_generator_settings":{"template":"highway","default_image_id":0,"enabled":false},"version":2}},"categories":[16,1],"tags":[13,14],"class_list":["post-4093","post","type-post","status-publish","format-standard","has-post-thumbnail","hentry","category-casa-e-jardim","category-novidades","tag-minimalista","tag-interiores-inovadores"],"jetpack_publicize_connections":[],"jetpack_featured_media_url":"https:\/\/i0.wp.com\/1truenote.com\/wp-content\/uploads\/2025\/09\/artigo-3.png?fit=1536%2C1024&ssl=1","jetpack_sharing_enabled":true,"_links":{"self":[{"href":"https:\/\/1truenote.com\/en\/wp-json\/wp\/v2\/posts\/4093","targetHints":{"allow":["GET"]}}],"collection":[{"href":"https:\/\/1truenote.com\/en\/wp-json\/wp\/v2\/posts"}],"about":[{"href":"https:\/\/1truenote.com\/en\/wp-json\/wp\/v2\/types\/post"}],"author":[{"embeddable":true,"href":"https:\/\/1truenote.com\/en\/wp-json\/wp\/v2\/users\/1"}],"replies":[{"embeddable":true,"href":"https:\/\/1truenote.com\/en\/wp-json\/wp\/v2\/comments?post=4093"}],"version-history":[{"count":1,"href":"https:\/\/1truenote.com\/en\/wp-json\/wp\/v2\/posts\/4093\/revisions"}],"predecessor-version":[{"id":4095,"href":"https:\/\/1truenote.com\/en\/wp-json\/wp\/v2\/posts\/4093\/revisions\/4095"}],"wp:featuredmedia":[{"embeddable":true,"href":"https:\/\/1truenote.com\/en\/wp-json\/wp\/v2\/media\/4094"}],"wp:attachment":[{"href":"https:\/\/1truenote.com\/en\/wp-json\/wp\/v2\/media?parent=4093"}],"wp:term":[{"taxonomy":"category","embeddable":true,"href":"https:\/\/1truenote.com\/en\/wp-json\/wp\/v2\/categories?post=4093"},{"taxonomy":"post_tag","embeddable":true,"href":"https:\/\/1truenote.com\/en\/wp-json\/wp\/v2\/tags?post=4093"}],"curies":[{"name":"wp","href":"https:\/\/api.w.org\/{rel}","templated":true}]}}