{"id":4090,"date":"2025-09-03T12:00:00","date_gmt":"2025-09-03T15:00:00","guid":{"rendered":"https:\/\/1truenote.com\/?p=4090"},"modified":"2025-09-02T18:43:14","modified_gmt":"2025-09-02T21:43:14","slug":"prateleiras-suspensas-na-cozinha","status":"publish","type":"post","link":"https:\/\/1truenote.com\/en\/prateleiras-suspensas-na-cozinha\/","title":{"rendered":"Prateleiras suspensas na cozinha: Funcionalidade e estilo para ambientes modernos"},"content":{"rendered":"<p>Prateleiras suspensas na cozinha. A cozinha deixou de ser apenas o espa\u00e7o de preparo de refei\u00e7\u00f5es e passou a ser o cora\u00e7\u00e3o da casa. Com o crescimento dos projetos integrados e modernos, surgem solu\u00e7\u00f5es inteligentes que unem funcionalidade e est\u00e9tica. Entre elas, as <strong>prateleiras suspensas<\/strong> ganharam destaque, trazendo um visual contempor\u00e2neo e pr\u00e1tico, al\u00e9m de se tornarem pe\u00e7as-chave na decora\u00e7\u00e3o.<\/p>\n\n\n\n<p>Seja em apartamentos compactos ou em cozinhas amplas, as prateleiras suspensas s\u00e3o capazes de otimizar o espa\u00e7o, criar pontos de destaque e at\u00e9 mesmo dar um toque sofisticado ao ambiente.<\/p>\n\n\n\n<hr class=\"wp-block-separator has-alpha-channel-opacity\"\/>\n\n\n\n<h2 id='o-que-s\u00e3o-prateleiras-suspensas-na-cozinha'  class=\"wp-block-heading\">O que s\u00e3o prateleiras suspensas na cozinha?<\/h2>\n\n\n\n<p>As prateleiras suspensas s\u00e3o estruturas fixadas geralmente ao teto ou sustentadas por cabos, hastes ou estruturas met\u00e1licas. Diferente das prateleiras tradicionais, que ficam apoiadas diretamente na parede, as suspensas \u201cflutuam\u201d no espa\u00e7o, criando um efeito moderno e elegante.<\/p>\n\n\n\n<p>Al\u00e9m do apelo est\u00e9tico, elas tamb\u00e9m oferecem praticidade, permitindo organizar utens\u00edlios, expor plantas, temperos, livros de receitas e objetos decorativos.<\/p>\n\n\n\n<hr class=\"wp-block-separator has-alpha-channel-opacity\"\/>\n\n\n\n<h2 id='vantagens-das-prateleiras-suspensas-na-cozinha'  class=\"wp-block-heading\">Vantagens das prateleiras suspensas na cozinha<\/h2>\n\n\n\n<h3 id='1-otimiza\u00e7\u00e3o-de-espa\u00e7o'  class=\"wp-block-heading\">1. Otimiza\u00e7\u00e3o de espa\u00e7o<\/h3>\n\n\n\n<p>Em cozinhas pequenas, cada cent\u00edmetro conta. As prateleiras suspensas aproveitam o espa\u00e7o a\u00e9reo, liberando \u00e1reas de bancada e tornando a circula\u00e7\u00e3o mais fluida.<\/p>\n\n\n\n<h3 id='2-modernidade-e-estilo'  class=\"wp-block-heading\">2. Modernidade e estilo<\/h3>\n\n\n\n<p>As linhas leves e o design arrojado das prateleiras suspensas criam um visual sofisticado e diferenciado, ideal para projetos de estilo industrial, minimalista e contempor\u00e2neo.<\/p>\n\n\n\n<h3 id='3-versatilidade-de-uso'  class=\"wp-block-heading\">3. Versatilidade de uso<\/h3>\n\n\n\n<p>Elas podem ser instaladas sobre a ilha da cozinha, pr\u00f3ximas \u00e0 pia ou at\u00e9 mesmo no centro do ambiente. Servem tanto para armazenamento quanto para decora\u00e7\u00e3o.<\/p>\n\n\n\n<h3 id='4-integra\u00e7\u00e3o-com-ilumina\u00e7\u00e3o'  class=\"wp-block-heading\">4. Integra\u00e7\u00e3o com ilumina\u00e7\u00e3o<\/h3>\n\n\n\n<p>Muitos projetos utilizam ilumina\u00e7\u00e3o embutida nas prateleiras suspensas, criando um efeito c\u00eanico que valoriza ainda mais o ambiente.<\/p>\n\n\n\n<hr class=\"wp-block-separator has-alpha-channel-opacity\"\/>\n\n\n<div class=\"hostinger-affiliate-block-wrap\">\n            <div class=\"hostinger-affiliate-block-list-simple\">\n            <div class=\"hostinger-affiliate-block-list-simple__image\">\n                                        <a href=\"https:\/\/www.amazon.com.br\/dp\/B0CW3MQJWD?tag=joaopedro047-20\" target=\"_blank\" rel=\"nofollow noopener noreferrer\">\n                            <img decoding=\"async\" src=\"https:\/\/m.media-amazon.com\/images\/I\/41Vwr6CSyAL.jpg\" alt=\"Gen\u00e9rico - Prateleira Industrial Flutuante Suspensa Kit Completo ...\">\n                        <\/a>\n                                <\/div>\n            <div class=\"hostinger-affiliate-block-list-simple__product-data\">\n                <div class=\"hostinger-affiliate-block-list-simple__product-info\">\n                                            <div class=\"hostinger-affiliate-block-list-simple__bestseller-label\">\n                                                        Bestseller #1                        <\/div>\n                                            <div class=\"hostinger-affiliate-block-list-simple__product-title\">\n                        <a href=\"https:\/\/www.amazon.com.br\/dp\/B0CW3MQJWD?tag=joaopedro047-20\" target=\"_blank\" rel=\"nofollow noopener noreferrer\">\n                            <h3 id='gen\u00e9rico-prateleira-industrial-flutuante-suspensa-kit-completo'>\n                                Gen\u00e9rico &#8211; Prateleira Industrial Flutuante Suspensa Kit Completo &#8230;                            <\/h3>\n                        <\/a>\n                    <\/div>\n                    <div class=\"hostinger-affiliate-block-list-simple__product-pricing\">\n                                                    <div class=\"hostinger-affiliate-block-list-simple__product-price\">\n                                R$129,90                            <\/div>\n                                                <\/div>\n                <\/div>\n                <div class=\"hostinger-affiliate-block-list-simple__product-actions\">\n                    <div>\n                        <a href=\"https:\/\/www.amazon.com.br\/dp\/B0CW3MQJWD?tag=joaopedro047-20\" class=\"hostinger-affiliate-block-list-simple__product-amazon-button\" target=\"_blank\" rel=\"nofollow noopener noreferrer\">\n    Buy on Amazon<\/a>\n                    <\/div>\n                <\/div>\n            <\/div>\n        <\/div>\n                <div class=\"hostinger-affiliate-block-list-simple\">\n            <div class=\"hostinger-affiliate-block-list-simple__image\">\n                                        <a href=\"https:\/\/www.amazon.com.br\/dp\/B09NL5GD38?tag=joaopedro047-20\" target=\"_blank\" rel=\"nofollow noopener noreferrer\">\n                            <img decoding=\"async\" src=\"https:\/\/m.media-amazon.com\/images\/I\/51NFbM9Kj6L.jpg\" alt=\"Prateleira Estilo Industrial Suspensa Teto Cozinha 60cm p.m\">\n                        <\/a>\n                                <\/div>\n            <div class=\"hostinger-affiliate-block-list-simple__product-data\">\n                <div class=\"hostinger-affiliate-block-list-simple__product-info\">\n                                            <div class=\"hostinger-affiliate-block-list-simple__bestseller-label\">\n                                                        Bestseller #2                        <\/div>\n                                            <div class=\"hostinger-affiliate-block-list-simple__product-title\">\n                        <a href=\"https:\/\/www.amazon.com.br\/dp\/B09NL5GD38?tag=joaopedro047-20\" target=\"_blank\" rel=\"nofollow noopener noreferrer\">\n                            <h3 id='prateleira-estilo-industrial-suspensa-teto-cozinha-60cm-p-m'>\n                                Prateleira Estilo Industrial Suspensa Teto Cozinha 60cm p.m                            <\/h3>\n                        <\/a>\n                    <\/div>\n                    <div class=\"hostinger-affiliate-block-list-simple__product-pricing\">\n                                            <\/div>\n                <\/div>\n                <div class=\"hostinger-affiliate-block-list-simple__product-actions\">\n                    <div>\n                        <a href=\"https:\/\/www.amazon.com.br\/dp\/B09NL5GD38?tag=joaopedro047-20\" class=\"hostinger-affiliate-block-list-simple__product-amazon-button\" target=\"_blank\" rel=\"nofollow noopener noreferrer\">\n    Buy on Amazon<\/a>\n                    <\/div>\n                <\/div>\n            <\/div>\n        <\/div>\n                <div class=\"hostinger-affiliate-block-list-simple\">\n            <div class=\"hostinger-affiliate-block-list-simple__image\">\n                                        <a href=\"https:\/\/www.amazon.com.br\/dp\/B0DGWR3RXL?tag=joaopedro047-20\" target=\"_blank\" rel=\"nofollow noopener noreferrer\">\n                            <img decoding=\"async\" src=\"https:\/\/m.media-amazon.com\/images\/I\/51IF-nJm-HL.jpg\" alt=\"Prateleira Flutuante Estilo Industrial 20x60cm Kit Completo (PRET...\">\n                        <\/a>\n                                <\/div>\n            <div class=\"hostinger-affiliate-block-list-simple__product-data\">\n                <div class=\"hostinger-affiliate-block-list-simple__product-info\">\n                                            <div class=\"hostinger-affiliate-block-list-simple__bestseller-label\">\n                                                        Bestseller #3                        <\/div>\n                                            <div class=\"hostinger-affiliate-block-list-simple__product-title\">\n                        <a href=\"https:\/\/www.amazon.com.br\/dp\/B0DGWR3RXL?tag=joaopedro047-20\" target=\"_blank\" rel=\"nofollow noopener noreferrer\">\n                            <h3 id='prateleira-flutuante-estilo-industrial-20x60cm-kit-completo-pret'>\n                                Prateleira Flutuante Estilo Industrial 20x60cm Kit Completo (PRET&#8230;                            <\/h3>\n                        <\/a>\n                    <\/div>\n                    <div class=\"hostinger-affiliate-block-list-simple__product-pricing\">\n                                                    <div class=\"hostinger-affiliate-block-list-simple__product-price\">\n                                R$78,90                            <\/div>\n                                                <\/div>\n                <\/div>\n                <div class=\"hostinger-affiliate-block-list-simple__product-actions\">\n                    <div>\n                        <a href=\"https:\/\/www.amazon.com.br\/dp\/B0DGWR3RXL?tag=joaopedro047-20\" class=\"hostinger-affiliate-block-list-simple__product-amazon-button\" target=\"_blank\" rel=\"nofollow noopener noreferrer\">\n    Buy on Amazon<\/a>\n                    <\/div>\n                <\/div>\n            <\/div>\n        <\/div>\n                <div class=\"hostinger-affiliate-block-list-simple\">\n            <div class=\"hostinger-affiliate-block-list-simple__image\">\n                                        <a href=\"https:\/\/www.amazon.com.br\/dp\/B0DHHG2ZK8?tag=joaopedro047-20\" target=\"_blank\" rel=\"nofollow noopener noreferrer\">\n                            <img decoding=\"async\" src=\"https:\/\/m.media-amazon.com\/images\/I\/31lh4JyMaXL.jpg\" alt=\"Decorlidi - Prateleira Industrial Suspensa Parede Retr\u00f4 Estante M...\">\n                        <\/a>\n                                <\/div>\n            <div class=\"hostinger-affiliate-block-list-simple__product-data\">\n                <div class=\"hostinger-affiliate-block-list-simple__product-info\">\n                                            <div class=\"hostinger-affiliate-block-list-simple__bestseller-label\">\n                                                        Bestseller #4                        <\/div>\n                                            <div class=\"hostinger-affiliate-block-list-simple__product-title\">\n                        <a href=\"https:\/\/www.amazon.com.br\/dp\/B0DHHG2ZK8?tag=joaopedro047-20\" target=\"_blank\" rel=\"nofollow noopener noreferrer\">\n                            <h3 id='decorlidi-prateleira-industrial-suspensa-parede-retr\u00f4-estante-m'>\n                                Decorlidi &#8211; Prateleira Industrial Suspensa Parede Retr\u00f4 Estante M&#8230;                            <\/h3>\n                        <\/a>\n                    <\/div>\n                    <div class=\"hostinger-affiliate-block-list-simple__product-pricing\">\n                                                    <div class=\"hostinger-affiliate-block-list-simple__product-price\">\n                                R$184,90                            <\/div>\n                                                <\/div>\n                <\/div>\n                <div class=\"hostinger-affiliate-block-list-simple__product-actions\">\n                    <div>\n                        <a href=\"https:\/\/www.amazon.com.br\/dp\/B0DHHG2ZK8?tag=joaopedro047-20\" class=\"hostinger-affiliate-block-list-simple__product-amazon-button\" target=\"_blank\" rel=\"nofollow noopener noreferrer\">\n    Buy on Amazon<\/a>\n                    <\/div>\n                <\/div>\n            <\/div>\n        <\/div>\n                <div class=\"hostinger-affiliate-block-list-simple\">\n            <div class=\"hostinger-affiliate-block-list-simple__image\">\n                                        <a href=\"https:\/\/www.amazon.com.br\/dp\/B0FM6M4YRD?tag=joaopedro047-20\" target=\"_blank\" rel=\"nofollow noopener noreferrer\">\n                            <img decoding=\"async\" src=\"https:\/\/m.media-amazon.com\/images\/I\/51303kGNKrL.jpg\" alt=\"Prateleira industrial suspensa para cozinha sala banheiro (Freijo...\">\n                        <\/a>\n                                <\/div>\n            <div class=\"hostinger-affiliate-block-list-simple__product-data\">\n                <div class=\"hostinger-affiliate-block-list-simple__product-info\">\n                                            <div class=\"hostinger-affiliate-block-list-simple__bestseller-label\">\n                                                        Bestseller #5                        <\/div>\n                                            <div class=\"hostinger-affiliate-block-list-simple__product-title\">\n                        <a href=\"https:\/\/www.amazon.com.br\/dp\/B0FM6M4YRD?tag=joaopedro047-20\" target=\"_blank\" rel=\"nofollow noopener noreferrer\">\n                            <h3 id='prateleira-industrial-suspensa-para-cozinha-sala-banheiro-freijo'>\n                                Prateleira industrial suspensa para cozinha sala banheiro (Freijo&#8230;                            <\/h3>\n                        <\/a>\n                    <\/div>\n                    <div class=\"hostinger-affiliate-block-list-simple__product-pricing\">\n                                                    <div class=\"hostinger-affiliate-block-list-simple__product-price\">\n                                R$219,00                            <\/div>\n                                                <\/div>\n                <\/div>\n                <div class=\"hostinger-affiliate-block-list-simple__product-actions\">\n                    <div>\n                        <a href=\"https:\/\/www.amazon.com.br\/dp\/B0FM6M4YRD?tag=joaopedro047-20\" class=\"hostinger-affiliate-block-list-simple__product-amazon-button\" target=\"_blank\" rel=\"nofollow noopener noreferrer\">\n    Buy on Amazon<\/a>\n                    <\/div>\n                <\/div>\n            <\/div>\n        <\/div>\n        <\/div>\n\n\n\n<hr class=\"wp-block-separator has-alpha-channel-opacity\"\/>\n\n\n\n<h2 id='estilos-de-prateleiras-suspensas'  class=\"wp-block-heading\">Estilos de prateleiras suspensas<\/h2>\n\n\n\n<h3 id='estilo-industrial'  class=\"wp-block-heading\">Estilo industrial<\/h3>\n\n\n\n<p>Muito usadas em cozinhas urbanas, as prateleiras com estrutura met\u00e1lica preta e madeira bruta remetem a lofts de Nova York.<\/p>\n\n\n\n<h3 id='estilo-minimalista'  class=\"wp-block-heading\">Estilo minimalista<\/h3>\n\n\n\n<p>Linhas retas, materiais lisos e cores neutras criam um visual clean, perfeito para quem busca sofistica\u00e7\u00e3o discreta.<\/p>\n\n\n\n<h3 id='estilo-natural'  class=\"wp-block-heading\">Estilo natural<\/h3>\n\n\n\n<p>Combina\u00e7\u00e3o de madeira clara com plantas pendentes d\u00e1 vida e frescor ao ambiente, aproximando a cozinha da natureza.<\/p>\n\n\n\n<hr class=\"wp-block-separator has-alpha-channel-opacity\"\/>\n\n\n\n<figure class=\"wp-block-image aligncenter size-medium\"><a href=\"https:\/\/chat.whatsapp.com\/KJBkp5LFJVRIvmt5X3hSEh\" target=\"_blank\" rel=\"noopener\"><img fetchpriority=\"high\" decoding=\"async\" width=\"1024\" height=\"1536\" src=\"https:\/\/i0.wp.com\/1truenote.com\/wp-content\/uploads\/2025\/06\/ChatGPT-Image-3-de-jun.-de-2025-19_04_53.png?fit=200%2C300&amp;ssl=1\" alt=\"chamada banner advetorial whats\" class=\"wp-image-2683\" srcset=\"https:\/\/i0.wp.com\/1truenote.com\/wp-content\/uploads\/2025\/06\/ChatGPT-Image-3-de-jun.-de-2025-19_04_53.png?w=1024&amp;ssl=1 1024w, https:\/\/i0.wp.com\/1truenote.com\/wp-content\/uploads\/2025\/06\/ChatGPT-Image-3-de-jun.-de-2025-19_04_53.png?resize=200%2C300&amp;ssl=1 200w, https:\/\/i0.wp.com\/1truenote.com\/wp-content\/uploads\/2025\/06\/ChatGPT-Image-3-de-jun.-de-2025-19_04_53.png?resize=683%2C1024&amp;ssl=1 683w, https:\/\/i0.wp.com\/1truenote.com\/wp-content\/uploads\/2025\/06\/ChatGPT-Image-3-de-jun.-de-2025-19_04_53.png?resize=768%2C1152&amp;ssl=1 768w, https:\/\/i0.wp.com\/1truenote.com\/wp-content\/uploads\/2025\/06\/ChatGPT-Image-3-de-jun.-de-2025-19_04_53.png?resize=150%2C225&amp;ssl=1 150w\" sizes=\"(max-width: 1024px) 100vw, 1024px\" \/><\/a><\/figure>\n\n\n\n<hr class=\"wp-block-separator has-alpha-channel-opacity\"\/>\n\n\n\n<h2 id='materiais-mais-usados-nas-prateleiras-suspensas'  class=\"wp-block-heading\">Materiais mais usados nas prateleiras suspensas<\/h2>\n\n\n\n<figure class=\"wp-block-table\"><table class=\"has-fixed-layout\"><thead><tr><th><strong>Material<\/strong><\/th><th><strong>Vantagens<\/strong><\/th><th><strong>Durabilidade<\/strong><\/th><th><strong>Estilo Ideal<\/strong><\/th><\/tr><\/thead><tbody><tr><td>Madeira<\/td><td>Aconchegante, vers\u00e1til<\/td><td>Alta (com manuten\u00e7\u00e3o)<\/td><td>Natural, r\u00fastico, escandinavo<\/td><\/tr><tr><td>A\u00e7o\/Metal<\/td><td>Resistente, moderno<\/td><td>Muito alta<\/td><td>Industrial, minimalista<\/td><\/tr><tr><td>Vidro temperado<\/td><td>Visual leve, sofisticado<\/td><td>M\u00e9dia<\/td><td>Contempor\u00e2neo, elegante<\/td><\/tr><tr><td>MDF\/MDP<\/td><td>Econ\u00f4mico, customiz\u00e1vel<\/td><td>M\u00e9dia<\/td><td>Vers\u00e1til, diversos estilos<\/td><\/tr><\/tbody><\/table><\/figure>\n\n\n\n<hr class=\"wp-block-separator has-alpha-channel-opacity\"\/>\n\n\n\n<h2 id='como-decorar-prateleiras-suspensas-na-cozinha'  class=\"wp-block-heading\">Como decorar prateleiras suspensas na cozinha<\/h2>\n\n\n\n<ul class=\"wp-block-list\">\n<li><strong>Utens\u00edlios do dia a dia<\/strong>: potes de vidro, canecas, pratos e panelas organizadas.<\/li>\n\n\n\n<li><strong>Plantas<\/strong>: esp\u00e9cies como jiboia, samambaia e peper\u00f4mia caem muito bem suspensas.<\/li>\n\n\n\n<li><strong>Objetos decorativos<\/strong>: vasos, esculturas e cer\u00e2micas d\u00e3o um toque personalizado.<\/li>\n\n\n\n<li><strong>Livros de receita<\/strong>: al\u00e9m de funcionais, criam charme e acolhimento.<\/li>\n<\/ul>\n\n\n\n<hr class=\"wp-block-separator has-alpha-channel-opacity\"\/>\n\n\n\n<h2 id='ilumina\u00e7\u00e3o-e-prateleiras-suspensas'  class=\"wp-block-heading\">Ilumina\u00e7\u00e3o e prateleiras suspensas<\/h2>\n\n\n\n<p>A ilumina\u00e7\u00e3o pode transformar totalmente o impacto das prateleiras. Spots embutidos, fitas de LED e pendentes instalados junto \u00e0s estruturas suspensas criam um <strong>efeito c\u00eanico sofisticado<\/strong>, real\u00e7ando objetos decorativos e trazendo aconchego ao ambiente.<\/p>\n\n\n\n<p>Dica extra: combine a ilumina\u00e7\u00e3o quente (2700K a 3000K) com materiais naturais, como madeira, para um visual acolhedor. J\u00e1 em cozinhas modernas e minimalistas, o LED branco neutro (4000K) cria uma atmosfera mais clean e funcional.<\/p>\n\n\n\n<hr class=\"wp-block-separator has-alpha-channel-opacity\"\/>\n\n\n\n<a href=\"https:\/\/1truenote.com\/en\/iluminacao-para-cozinhas-modernas\/s\/\" style=\"text-decoration: none;\">\n  <div style=\"display: flex; justify-content: space-between; align-items: center; background: #d44a00; padding: 12px 20px; color: white; font-family: Arial, sans-serif;\">\n    <strong style=\"color: black;\">READ ALSO:<\/strong>\n    <span style=\"margin-left: 8px; flex: 1;\">Ilumina\u00e7\u00e3o para cozinhas modernas<\/span>\n    <div style=\"background: #f2802f; padding: 8px 12px; border-radius: 2px; margin-left: 10px;\">\n      <span style=\"color: white; font-weight: bold;\">\u27a4<\/span>\n    <\/div>\n  <\/div>\n<\/a>\n\n\n\n<hr class=\"wp-block-separator has-alpha-channel-opacity\"\/>\n\n\n\n<h2 id='dicas-pr\u00e1ticas-para-adotar-prateleiras-suspensas'  class=\"wp-block-heading\">Dicas pr\u00e1ticas para adotar prateleiras suspensas<\/h2>\n\n\n\n<ol class=\"wp-block-list\">\n<li><strong>Defina a altura ideal<\/strong>: n\u00e3o atrapalhe a vis\u00e3o nem a circula\u00e7\u00e3o. O ideal \u00e9 instalar a partir de 50 cm acima da bancada ou ilha.<\/li>\n\n\n\n<li><strong>Cuidado com o peso<\/strong>: verifique a resist\u00eancia do material antes de apoiar objetos pesados.<\/li>\n\n\n\n<li><strong>Integre ao estilo da cozinha<\/strong>: escolha materiais e cores que conversem com os arm\u00e1rios e bancadas.<\/li>\n\n\n\n<li><strong>Misture funcionalidade e est\u00e9tica<\/strong>: use parte da prateleira para objetos do dia a dia e outra parte para decora\u00e7\u00e3o.<\/li>\n\n\n\n<li><strong>Pense na manuten\u00e7\u00e3o<\/strong>: evite excesso de itens para facilitar a limpeza.<\/li>\n<\/ol>\n\n\n\n<hr class=\"wp-block-separator has-alpha-channel-opacity\"\/>\n\n\n\n<figure class=\"wp-block-image aligncenter size-large\"><img data-recalc-dims=\"1\" decoding=\"async\" width=\"1024\" height=\"683\" src=\"https:\/\/i0.wp.com\/1truenote.com\/wp-content\/uploads\/2025\/09\/20250902_1333_Cozinha-Moderna-com-Banquetas_remix_01k45m8cgkf0wav58re10jfqtf.png?resize=1024%2C683&#038;ssl=1\" alt=\"prateleiras suspensas na cozinha\" class=\"wp-image-4091\" srcset=\"https:\/\/i0.wp.com\/1truenote.com\/wp-content\/uploads\/2025\/09\/20250902_1333_Cozinha-Moderna-com-Banquetas_remix_01k45m8cgkf0wav58re10jfqtf.png?resize=1024%2C683&amp;ssl=1 1024w, https:\/\/i0.wp.com\/1truenote.com\/wp-content\/uploads\/2025\/09\/20250902_1333_Cozinha-Moderna-com-Banquetas_remix_01k45m8cgkf0wav58re10jfqtf.png?resize=300%2C200&amp;ssl=1 300w, https:\/\/i0.wp.com\/1truenote.com\/wp-content\/uploads\/2025\/09\/20250902_1333_Cozinha-Moderna-com-Banquetas_remix_01k45m8cgkf0wav58re10jfqtf.png?resize=768%2C512&amp;ssl=1 768w, https:\/\/i0.wp.com\/1truenote.com\/wp-content\/uploads\/2025\/09\/20250902_1333_Cozinha-Moderna-com-Banquetas_remix_01k45m8cgkf0wav58re10jfqtf.png?resize=18%2C12&amp;ssl=1 18w, https:\/\/i0.wp.com\/1truenote.com\/wp-content\/uploads\/2025\/09\/20250902_1333_Cozinha-Moderna-com-Banquetas_remix_01k45m8cgkf0wav58re10jfqtf.png?resize=150%2C100&amp;ssl=1 150w, https:\/\/i0.wp.com\/1truenote.com\/wp-content\/uploads\/2025\/09\/20250902_1333_Cozinha-Moderna-com-Banquetas_remix_01k45m8cgkf0wav58re10jfqtf.png?w=1536&amp;ssl=1 1536w\" sizes=\"(max-width: 1024px) 100vw, 1024px\" \/><\/figure>\n\n\n\n<hr class=\"wp-block-separator has-alpha-channel-opacity\"\/>\n\n\n\n<h2 id='prateleiras-suspensas-na-cozinha'  class=\"wp-block-heading\">Prateleiras suspensas na cozinha<\/h2>\n\n\n\n<p>As <strong>prateleiras suspensas na cozinha<\/strong> s\u00e3o muito mais do que uma tend\u00eancia: elas representam uma solu\u00e7\u00e3o inteligente e estilosa para quem deseja unir praticidade, organiza\u00e7\u00e3o e design. Ao aproveitar o espa\u00e7o a\u00e9reo, elas permitem criar ambientes modernos, leves e din\u00e2micos, al\u00e9m de servirem como elemento de destaque na decora\u00e7\u00e3o.<\/p>\n\n\n\n<p>Combinadas a uma boa ilumina\u00e7\u00e3o, materiais de qualidade e uma decora\u00e7\u00e3o equilibrada, as prateleiras suspensas se transformam no ponto focal da cozinha, elevando o espa\u00e7o a um novo patamar de sofistica\u00e7\u00e3o.<\/p>\n\n\n\n<p>Seja em um projeto minimalista, industrial ou natural, essa solu\u00e7\u00e3o \u00e9 perfeita para quem busca <strong>modernidade sem abrir m\u00e3o da funcionalidade<\/strong>. Gostou de <strong>prateleiras suspensas na cozinha<\/strong>? Curta e compartilhe!<\/p>\n\n\n\n<hr class=\"wp-block-separator has-alpha-channel-opacity\"\/>\n\n\n\n<a href=\"https:\/\/1truenote.com\/en\/iluminacao-para-cozinhas-modernas\/s\/\" style=\"text-decoration: none;\">\n  <div style=\"display: flex; justify-content: space-between; align-items: center; background: #d44a00; padding: 12px 20px; color: white; font-family: Arial, sans-serif;\">\n    <strong style=\"color: black;\">READ ALSO:<\/strong>\n    <span style=\"margin-left: 8px; flex: 1;\">Ilumina\u00e7\u00e3o para cozinhas modernas<\/span>\n    <div style=\"background: #f2802f; padding: 8px 12px; border-radius: 2px; margin-left: 10px;\">\n      <span style=\"color: white; font-weight: bold;\">\u27a4<\/span>\n    <\/div>\n  <\/div>\n<\/a>\n\n\n\n\n<hr class=\"wp-block-separator has-alpha-channel-opacity\"\/>\n\n\n\n<h2 id='faq-perguntas-frequentes-sobre-prateleiras-suspensas-na-cozinha'  class=\"wp-block-heading\">FAQ \u2013 Perguntas frequentes sobre prateleiras suspensas na cozinha<\/h2>\n\n\n<div id=\"rank-math-faq\" class=\"rank-math-block\">\n<div class=\"rank-math-list\">\n<div id=\"faq-question-1756848919315\" class=\"rank-math-list-item\">\n<h3 id='prateleiras-suspensas-substituem-arm\u00e1rios-fechados'  class=\"rank-math-question\">Prateleiras suspensas substituem arm\u00e1rios fechados?<\/h3>\n<div class=\"rank-math-answer\">\n\n<p>N\u00e3o totalmente. Elas funcionam melhor como complemento, oferecendo praticidade e estilo, mas sem substituir o armazenamento fechado para itens que precisam de prote\u00e7\u00e3o contra poeira.<\/p>\n\n<\/div>\n<\/div>\n<div id=\"faq-question-1756848920674\" class=\"rank-math-list-item\">\n<h3 id='posso-instalar-prateleiras-suspensas-em-cozinhas-pequenas'  class=\"rank-math-question\">Posso instalar prateleiras suspensas em cozinhas pequenas?<\/h3>\n<div class=\"rank-math-answer\">\n\n<p>Sim! Elas s\u00e3o excelentes para otimizar espa\u00e7o, desde que n\u00e3o prejudiquem a circula\u00e7\u00e3o.<\/p>\n\n<\/div>\n<\/div>\n<div id=\"faq-question-1756848921506\" class=\"rank-math-list-item\">\n<h3 id='qual-o-melhor-material-para-prateleiras-suspensas-na-cozinha'  class=\"rank-math-question\">Qual o melhor material para prateleiras suspensas na cozinha?<\/h3>\n<div class=\"rank-math-answer\">\n\n<p>Depende do estilo e da necessidade. Madeira e a\u00e7o s\u00e3o os mais dur\u00e1veis; vidro \u00e9 mais est\u00e9tico.<\/p>\n\n<\/div>\n<\/div>\n<div id=\"faq-question-1756848921985\" class=\"rank-math-list-item\">\n<h3 id='\u00e9-poss\u00edvel-colocar-ilumina\u00e7\u00e3o-nelas'  class=\"rank-math-question\">\u00c9 poss\u00edvel colocar ilumina\u00e7\u00e3o nelas?<\/h3>\n<div class=\"rank-math-answer\">\n\n<p>Sim, fitas de LED ou spots embutidos podem ser integrados facilmente ao projeto.<\/p>\n\n<\/div>\n<\/div>\n<\/div>\n<\/div>\n\n\n<figure class=\"wp-block-image aligncenter size-large\"><img data-recalc-dims=\"1\" decoding=\"async\" width=\"1024\" height=\"683\" src=\"https:\/\/i0.wp.com\/1truenote.com\/wp-content\/uploads\/2025\/09\/20250902_1333_Cozinha-Moderna-com-Banquetas_remix_01k45m8cgkf0wav58re10jfqtf.png?resize=1024%2C683&#038;ssl=1\" alt=\"prateleiras suspensas na cozinha\" class=\"wp-image-4091\" srcset=\"https:\/\/i0.wp.com\/1truenote.com\/wp-content\/uploads\/2025\/09\/20250902_1333_Cozinha-Moderna-com-Banquetas_remix_01k45m8cgkf0wav58re10jfqtf.png?resize=1024%2C683&amp;ssl=1 1024w, https:\/\/i0.wp.com\/1truenote.com\/wp-content\/uploads\/2025\/09\/20250902_1333_Cozinha-Moderna-com-Banquetas_remix_01k45m8cgkf0wav58re10jfqtf.png?resize=300%2C200&amp;ssl=1 300w, https:\/\/i0.wp.com\/1truenote.com\/wp-content\/uploads\/2025\/09\/20250902_1333_Cozinha-Moderna-com-Banquetas_remix_01k45m8cgkf0wav58re10jfqtf.png?resize=768%2C512&amp;ssl=1 768w, https:\/\/i0.wp.com\/1truenote.com\/wp-content\/uploads\/2025\/09\/20250902_1333_Cozinha-Moderna-com-Banquetas_remix_01k45m8cgkf0wav58re10jfqtf.png?resize=18%2C12&amp;ssl=1 18w, https:\/\/i0.wp.com\/1truenote.com\/wp-content\/uploads\/2025\/09\/20250902_1333_Cozinha-Moderna-com-Banquetas_remix_01k45m8cgkf0wav58re10jfqtf.png?resize=150%2C100&amp;ssl=1 150w, https:\/\/i0.wp.com\/1truenote.com\/wp-content\/uploads\/2025\/09\/20250902_1333_Cozinha-Moderna-com-Banquetas_remix_01k45m8cgkf0wav58re10jfqtf.png?w=1536&amp;ssl=1 1536w\" sizes=\"(max-width: 1024px) 100vw, 1024px\" \/><\/figure>","protected":false},"excerpt":{"rendered":"<p>Prateleiras suspensas na cozinha. A cozinha deixou de ser apenas o espa\u00e7o de preparo de refei\u00e7\u00f5es e passou a ser&#8230;<\/p>","protected":false},"author":1,"featured_media":4091,"comment_status":"open","ping_status":"open","sticky":false,"template":"","format":"standard","meta":{"_kad_post_transparent":"","_kad_post_title":"","_kad_post_layout":"","_kad_post_sidebar_id":"","_kad_post_content_style":"","_kad_post_vertical_padding":"","_kad_post_feature":"","_kad_post_feature_position":"","_kad_post_header":false,"_kad_post_footer":false,"_kad_post_classname":"","footnotes":"","jetpack_publicize_message":"","jetpack_publicize_feature_enabled":false,"jetpack_social_post_already_shared":true,"jetpack_social_options":{"image_generator_settings":{"template":"highway","default_image_id":0,"enabled":false},"version":2}},"categories":[16,1],"tags":[15,13,14,23,12],"class_list":["post-4090","post","type-post","status-publish","format-standard","has-post-thumbnail","hentry","category-casa-e-jardim","category-novidades","tag-conservacao-e-manutencao","tag-minimalista","tag-interiores-inovadores","tag-produtos","tag-projetos-inovadores"],"jetpack_publicize_connections":[],"jetpack_featured_media_url":"https:\/\/i0.wp.com\/1truenote.com\/wp-content\/uploads\/2025\/09\/20250902_1333_Cozinha-Moderna-com-Banquetas_remix_01k45m8cgkf0wav58re10jfqtf.png?fit=1536%2C1024&ssl=1","jetpack_sharing_enabled":true,"_links":{"self":[{"href":"https:\/\/1truenote.com\/en\/wp-json\/wp\/v2\/posts\/4090","targetHints":{"allow":["GET"]}}],"collection":[{"href":"https:\/\/1truenote.com\/en\/wp-json\/wp\/v2\/posts"}],"about":[{"href":"https:\/\/1truenote.com\/en\/wp-json\/wp\/v2\/types\/post"}],"author":[{"embeddable":true,"href":"https:\/\/1truenote.com\/en\/wp-json\/wp\/v2\/users\/1"}],"replies":[{"embeddable":true,"href":"https:\/\/1truenote.com\/en\/wp-json\/wp\/v2\/comments?post=4090"}],"version-history":[{"count":1,"href":"https:\/\/1truenote.com\/en\/wp-json\/wp\/v2\/posts\/4090\/revisions"}],"predecessor-version":[{"id":4092,"href":"https:\/\/1truenote.com\/en\/wp-json\/wp\/v2\/posts\/4090\/revisions\/4092"}],"wp:featuredmedia":[{"embeddable":true,"href":"https:\/\/1truenote.com\/en\/wp-json\/wp\/v2\/media\/4091"}],"wp:attachment":[{"href":"https:\/\/1truenote.com\/en\/wp-json\/wp\/v2\/media?parent=4090"}],"wp:term":[{"taxonomy":"category","embeddable":true,"href":"https:\/\/1truenote.com\/en\/wp-json\/wp\/v2\/categories?post=4090"},{"taxonomy":"post_tag","embeddable":true,"href":"https:\/\/1truenote.com\/en\/wp-json\/wp\/v2\/tags?post=4090"}],"curies":[{"name":"wp","href":"https:\/\/api.w.org\/{rel}","templated":true}]}}