{"id":4086,"date":"2025-09-03T10:00:00","date_gmt":"2025-09-03T13:00:00","guid":{"rendered":"https:\/\/1truenote.com\/?p=4086"},"modified":"2025-09-02T18:22:42","modified_gmt":"2025-09-02T21:22:42","slug":"sala-de-jantar-azul-petroleo-e-dourado","status":"publish","type":"post","link":"https:\/\/1truenote.com\/en\/sala-de-jantar-azul-petroleo-e-dourado\/","title":{"rendered":"Azul-petr\u00f3leo e dourado para um sala de jantar luxuosa"},"content":{"rendered":"<p><strong>Azul-petr\u00f3leo e dourado<\/strong>. A sala de jantar \u00e9 um dos espa\u00e7os mais importantes da casa: \u00e9 nela que recebemos convidados, partilhamos refei\u00e7\u00f5es e criamos mem\u00f3rias especiais. Para quem deseja transformar esse ambiente em um verdadeiro cen\u00e1rio de sofistica\u00e7\u00e3o, a combina\u00e7\u00e3o <strong>azul-petr\u00f3leo com detalhes dourados<\/strong> surge como uma das tend\u00eancias mais marcantes no design de interiores.<\/p>\n\n\n\n<p>Essa paleta traz <strong>modernidade, eleg\u00e2ncia e aconchego<\/strong>, equilibrando a intensidade do azul com o brilho sofisticado do dourado.<\/p>\n\n\n\n<hr class=\"wp-block-separator has-alpha-channel-opacity\"\/>\n\n\n\n<h2 id='por-que-o-azul-petr\u00f3leo-e-dourado-\u00e9-tend\u00eancia-em-interiores'  class=\"wp-block-heading\">Por que o azul-petr\u00f3leo e dourado \u00e9 tend\u00eancia em interiores?<\/h2>\n\n\n\n<p>O azul-petr\u00f3leo, um tom profundo que transita entre o azul e o verde, \u00e9 uma cor vers\u00e1til que transmite tranquilidade e sofistica\u00e7\u00e3o.<\/p>\n\n\n\n<ul class=\"wp-block-list\">\n<li><strong>Sensa\u00e7\u00e3o de acolhimento<\/strong> \u2013 perfeito para ambientes de conv\u00edvio.<\/li>\n\n\n\n<li><strong>Neutralidade elegante<\/strong> \u2013 combina tanto com tons neutros (cinza, bege, branco) quanto com cores mais marcantes (mostarda, vinho).<\/li>\n\n\n\n<li><strong>Destaque em m\u00f3veis e paredes<\/strong> \u2013 valoriza tanto estofados quanto pain\u00e9is ou pinturas.<\/li>\n<\/ul>\n\n\n\n<p>\ud83d\udc49 Em salas de jantar, ele \u00e9 muito usado em <strong>cadeiras estofadas, paredes de destaque e detalhes decorativos<\/strong>.<\/p>\n\n\n\n<hr class=\"wp-block-separator has-alpha-channel-opacity\"\/>\n\n\n\n<h2 id='como-o-dourado-transforma-a-ilumina\u00e7\u00e3o'  class=\"wp-block-heading\">Como o dourado transforma a ilumina\u00e7\u00e3o<\/h2>\n\n\n\n<p>O dourado vai al\u00e9m da decora\u00e7\u00e3o: ele <strong>traz luz e sofistica\u00e7\u00e3o<\/strong>.<\/p>\n\n\n\n<ul class=\"wp-block-list\">\n<li><strong>Lumin\u00e1rias pendentes douradas<\/strong> sobre a mesa criam um ponto focal impactante.<\/li>\n\n\n\n<li><strong>Detalhes em talheres, molduras ou puxadores<\/strong> refor\u00e7am a unidade do projeto.<\/li>\n\n\n\n<li><strong>Reflexo de luz<\/strong>: o dourado ajuda a refletir a ilumina\u00e7\u00e3o, deixando o ambiente mais aconchegante e requintado.<\/li>\n<\/ul>\n\n\n\n<hr class=\"wp-block-separator has-alpha-channel-opacity\"\/>\n\n\n\n<figure class=\"wp-block-image aligncenter size-medium\"><a href=\"https:\/\/chat.whatsapp.com\/KJBkp5LFJVRIvmt5X3hSEh\" target=\"_blank\" rel=\"noopener\"><img fetchpriority=\"high\" decoding=\"async\" width=\"1024\" height=\"1536\" src=\"https:\/\/i0.wp.com\/1truenote.com\/wp-content\/uploads\/2025\/06\/ChatGPT-Image-3-de-jun.-de-2025-19_04_53.png?fit=200%2C300&amp;ssl=1\" alt=\"chamada banner advetorial whats\" class=\"wp-image-2683\" srcset=\"https:\/\/i0.wp.com\/1truenote.com\/wp-content\/uploads\/2025\/06\/ChatGPT-Image-3-de-jun.-de-2025-19_04_53.png?w=1024&amp;ssl=1 1024w, https:\/\/i0.wp.com\/1truenote.com\/wp-content\/uploads\/2025\/06\/ChatGPT-Image-3-de-jun.-de-2025-19_04_53.png?resize=200%2C300&amp;ssl=1 200w, https:\/\/i0.wp.com\/1truenote.com\/wp-content\/uploads\/2025\/06\/ChatGPT-Image-3-de-jun.-de-2025-19_04_53.png?resize=683%2C1024&amp;ssl=1 683w, https:\/\/i0.wp.com\/1truenote.com\/wp-content\/uploads\/2025\/06\/ChatGPT-Image-3-de-jun.-de-2025-19_04_53.png?resize=768%2C1152&amp;ssl=1 768w, https:\/\/i0.wp.com\/1truenote.com\/wp-content\/uploads\/2025\/06\/ChatGPT-Image-3-de-jun.-de-2025-19_04_53.png?resize=150%2C225&amp;ssl=1 150w\" sizes=\"(max-width: 1024px) 100vw, 1024px\" \/><\/a><\/figure>\n\n\n\n<hr class=\"wp-block-separator has-alpha-channel-opacity\"\/>\n\n\n\n<h2 id='combina\u00e7\u00f5es-que-elevam-a-sala-de-jantar'  class=\"wp-block-heading\">Combina\u00e7\u00f5es que elevam a sala de jantar<\/h2>\n\n\n\n<p>Veja algumas combina\u00e7\u00f5es de sucesso com azul-petr\u00f3leo e dourado:<\/p>\n\n\n\n<figure class=\"wp-block-table\"><table class=\"has-fixed-layout\"><thead><tr><th>Elemento<\/th><th>Azul-Petr\u00f3leo<\/th><th>Dourado<\/th><th>Complementos Indicados<\/th><\/tr><\/thead><tbody><tr><td><strong>Parede<\/strong><\/td><td>Painel ou pintura em azul-petr\u00f3leo<\/td><td>Moldura dourada discreta<\/td><td>Obras de arte, papel de parede texturizado<\/td><\/tr><tr><td><strong>M\u00f3veis<\/strong><\/td><td>Cadeiras estofadas<\/td><td>P\u00e9s ou detalhes met\u00e1licos<\/td><td>Mesa redonda em madeira escura<\/td><\/tr><tr><td><strong>Lighting<\/strong><\/td><td>Abajur com c\u00fapula azul<\/td><td>Lustre pendente dourado<\/td><td>L\u00e2mpadas quentes para aconchego<\/td><\/tr><tr><td><strong>Acess\u00f3rios<\/strong><\/td><td>Tapete azul-petr\u00f3leo<\/td><td>Porta-velas e vasos dourados<\/td><td>Lou\u00e7as brancas, vidros transparentes<\/td><\/tr><\/tbody><\/table><\/figure>\n\n\n\n<hr class=\"wp-block-separator has-alpha-channel-opacity\"\/>\n\n\n\n<h2 id='papel-de-parede-e-arte-na-composi\u00e7\u00e3o-da-sala-de-jantar'  class=\"wp-block-heading\">Papel de parede e arte na composi\u00e7\u00e3o da sala de jantar<\/h2>\n\n\n\n<p>Al\u00e9m dos m\u00f3veis e da ilumina\u00e7\u00e3o, o <strong>papel de parede<\/strong> e as <strong>obras de arte<\/strong> desempenham um papel fundamental na harmoniza\u00e7\u00e3o do azul-petr\u00f3leo com o dourado.<\/p>\n\n\n\n<p>Um painel com estampas bot\u00e2nicas ou geom\u00e9tricas, por exemplo, adiciona profundidade e movimento ao espa\u00e7o, enquanto molduras douradas trazem sofistica\u00e7\u00e3o. Obras de arte em tons neutros ou com toques met\u00e1licos ajudam a criar um ponto focal e refor\u00e7am a sensa\u00e7\u00e3o de ambiente planejado e requintado.<\/p>\n\n\n\n<hr class=\"wp-block-separator has-alpha-channel-opacity\"\/>\n\n\n\n<h2 id='dicas-pr\u00e1ticas-para-compor-o-ambiente'  class=\"wp-block-heading\">Dicas pr\u00e1ticas para compor o ambiente<\/h2>\n\n\n\n<ol class=\"wp-block-list\">\n<li><strong>Invista em uma mesa central imponente<\/strong> \u2013 modelos redondos ou ovais em madeira escura funcionam muito bem.<\/li>\n\n\n\n<li><strong>Aposte em cadeiras confort\u00e1veis<\/strong> \u2013 estofadas em azul-petr\u00f3leo para maior destaque.<\/li>\n\n\n\n<li><strong>Use lumin\u00e1rias pendentes douradas<\/strong> \u2013 de prefer\u00eancia em dupla, criando simetria.<\/li>\n\n\n\n<li><strong>Combine com tapetes neutros<\/strong> \u2013 bege ou cinza claro, para equilibrar a intensidade das cores.<\/li>\n\n\n\n<li><strong>Finalize com acess\u00f3rios elegantes<\/strong> \u2013 ta\u00e7as de cristal, arranjos verdes e quadros com moldura dourada.<\/li>\n<\/ol>\n\n\n\n<hr class=\"wp-block-separator has-alpha-channel-opacity\"\/>\n\n\n\n<a href=\"https:\/\/1truenote.com\/en\/iluminacao-para-cozinhas-modernas\/\" style=\"text-decoration: none;\">\n  <div style=\"display: flex; justify-content: space-between; align-items: center; background: #d44a00; padding: 12px 20px; color: white; font-family: Arial, sans-serif;\">\n    <strong style=\"color: black;\">READ ALSO:<\/strong>\n    <span style=\"margin-left: 8px; flex: 1;\">Ilumina\u00e7\u00e3o para cozinhas modernas<\/span>\n    <div style=\"background: #f2802f; padding: 8px 12px; border-radius: 2px; margin-left: 10px;\">\n      <span style=\"color: white; font-weight: bold;\">\u27a4<\/span>\n    <\/div>\n  <\/div>\n<\/a>\n\n\n\n<hr class=\"wp-block-separator has-alpha-channel-opacity\"\/>\n\n\n\n<h2 id='azul-petr\u00f3leo-e-dourado'  class=\"wp-block-heading\">Azul-petr\u00f3leo e dourado<\/h2>\n\n\n\n<p>A combina\u00e7\u00e3o <strong>azul-petr\u00f3leo e dourado<\/strong> \u00e9 a escolha ideal para quem busca uma sala de jantar elegante, moderna e inesquec\u00edvel.<\/p>\n\n\n\n<p>Enquanto o azul-petr\u00f3leo transmite profundidade e aconchego, o dourado adiciona o toque final de <strong>luxo e sofistica\u00e7\u00e3o<\/strong>. Essa dupla transforma o espa\u00e7o em um ambiente de conviv\u00eancia refinado, onde cada refei\u00e7\u00e3o se torna uma experi\u00eancia especial.<\/p>\n\n\n\n<p>Mais do que seguir uma tend\u00eancia, investir nessa paleta \u00e9 criar um <strong>ambiente atemporal, acolhedor e cheio de personalidade<\/strong>. Se a sua ideia \u00e9 impressionar convidados e, ao mesmo tempo, desfrutar de uma atmosfera agrad\u00e1vel no dia a dia, essa \u00e9 a aposta perfeita. Gostou de azul-petr\u00f3leo e dourado?<\/p>\n\n\n\n<hr class=\"wp-block-separator has-alpha-channel-opacity\"\/>\n\n\n\n<a href=\"https:\/\/1truenote.com\/en\/iluminacao-para-cozinhas-modernas\/\" style=\"text-decoration: none;\">\n  <div style=\"display: flex; justify-content: space-between; align-items: center; background: #d44a00; padding: 12px 20px; color: white; font-family: Arial, sans-serif;\">\n    <strong style=\"color: black;\">READ ALSO:<\/strong>\n    <span style=\"margin-left: 8px; flex: 1;\">Ilumina\u00e7\u00e3o para cozinhas modernas<\/span>\n    <div style=\"background: #f2802f; padding: 8px 12px; border-radius: 2px; margin-left: 10px;\">\n      <span style=\"color: white; font-weight: bold;\">\u27a4<\/span>\n    <\/div>\n  <\/div>\n<\/a>\n\n\n\n<hr class=\"wp-block-separator has-alpha-channel-opacity\"\/>\n\n\n\n<h2 id='perguntas-frequentes-sobre-azul-petr\u00f3leo-e-dourado-faq'  class=\"wp-block-heading\">Perguntas frequentes sobre azul-petr\u00f3leo e dourado (FAQ)<\/h2>\n\n\n<div id=\"rank-math-faq\" class=\"rank-math-block\">\n<div class=\"rank-math-list\">\n<div id=\"faq-question-1756847413877\" class=\"rank-math-list-item\">\n<h3 id='o-azul-petr\u00f3leo-combina-com-quais-outras-cores-al\u00e9m-do-dourado'  class=\"rank-math-question\">O azul-petr\u00f3leo combina com quais outras cores al\u00e9m do dourado?<\/h3>\n<div class=\"rank-math-answer\">\n\n<p>Sim! Combina com cinza, bege, branco, rosa queimado e at\u00e9 madeira clara.<\/p>\n\n<\/div>\n<\/div>\n<div id=\"faq-question-1756847414586\" class=\"rank-math-list-item\">\n<h3 id='\u00e9-poss\u00edvel-usar-azul-petr\u00f3leo-em-ambientes-pequenos'  class=\"rank-math-question\">\u00c9 poss\u00edvel usar azul-petr\u00f3leo em ambientes pequenos?<\/h3>\n<div class=\"rank-math-answer\">\n\n<p>Sim, desde que combinado com boa ilumina\u00e7\u00e3o natural e tons claros para equilibrar.<\/p>\n\n<\/div>\n<\/div>\n<div id=\"faq-question-1756847415282\" class=\"rank-math-list-item\">\n<h3 id='o-dourado-pode-ser-substitu\u00eddo-por-outro-metal'  class=\"rank-math-question\">O dourado pode ser substitu\u00eddo por outro metal?<\/h3>\n<div class=\"rank-math-answer\">\n\n<p>Pode sim! O cobre ou o ros\u00e9 gold tamb\u00e9m criam sofistica\u00e7\u00e3o, mas o dourado \u00e9 atemporal.<\/p>\n\n<\/div>\n<\/div>\n<div id=\"faq-question-1756847415746\" class=\"rank-math-list-item\">\n<h3 id='como-manter-o-equil\u00edbrio-entre-as-cores-fortes'  class=\"rank-math-question\">Como manter o equil\u00edbrio entre as cores fortes?<\/h3>\n<div class=\"rank-math-answer\">\n\n<p>Aposte em acess\u00f3rios neutros (tapetes claros, lou\u00e7as brancas) para suavizar o contraste.<\/p>\n\n<\/div>\n<\/div>\n<div id=\"faq-question-1756847416514\" class=\"rank-math-list-item\">\n<h3 id='\u00e9-legal'  class=\"rank-math-question\">\u00c9 legal?<\/h3>\n<div class=\"rank-math-answer\">\n\n<p>Sim! \u00c9 super legal fazer essa decora\u00e7\u00e3o!!<\/p>\n\n<\/div>\n<\/div>\n<\/div>\n<\/div>\n\n\n<figure class=\"wp-block-image aligncenter size-large\"><img data-recalc-dims=\"1\" decoding=\"async\" width=\"1024\" height=\"683\" src=\"https:\/\/i0.wp.com\/1truenote.com\/wp-content\/uploads\/2025\/09\/Artigo-1.png?resize=1024%2C683&#038;ssl=1\" alt=\"Azul-petr\u00f3leo e dourado\" class=\"wp-image-4087\" srcset=\"https:\/\/i0.wp.com\/1truenote.com\/wp-content\/uploads\/2025\/09\/Artigo-1.png?resize=1024%2C683&amp;ssl=1 1024w, https:\/\/i0.wp.com\/1truenote.com\/wp-content\/uploads\/2025\/09\/Artigo-1.png?resize=300%2C200&amp;ssl=1 300w, https:\/\/i0.wp.com\/1truenote.com\/wp-content\/uploads\/2025\/09\/Artigo-1.png?resize=768%2C512&amp;ssl=1 768w, https:\/\/i0.wp.com\/1truenote.com\/wp-content\/uploads\/2025\/09\/Artigo-1.png?resize=18%2C12&amp;ssl=1 18w, https:\/\/i0.wp.com\/1truenote.com\/wp-content\/uploads\/2025\/09\/Artigo-1.png?resize=150%2C100&amp;ssl=1 150w, https:\/\/i0.wp.com\/1truenote.com\/wp-content\/uploads\/2025\/09\/Artigo-1.png?w=1536&amp;ssl=1 1536w\" sizes=\"(max-width: 1024px) 100vw, 1024px\" \/><\/figure>","protected":false},"excerpt":{"rendered":"<p>Azul-petr\u00f3leo e dourado. A sala de jantar \u00e9 um dos espa\u00e7os mais importantes da casa: \u00e9 nela que recebemos convidados,&#8230;<\/p>","protected":false},"author":1,"featured_media":4087,"comment_status":"open","ping_status":"open","sticky":false,"template":"","format":"standard","meta":{"_kad_post_transparent":"","_kad_post_title":"","_kad_post_layout":"","_kad_post_sidebar_id":"","_kad_post_content_style":"","_kad_post_vertical_padding":"","_kad_post_feature":"","_kad_post_feature_position":"","_kad_post_header":false,"_kad_post_footer":false,"_kad_post_classname":"","footnotes":"","jetpack_publicize_message":"","jetpack_publicize_feature_enabled":false,"jetpack_social_post_already_shared":true,"jetpack_social_options":{"image_generator_settings":{"template":"highway","default_image_id":0,"enabled":false},"version":2}},"categories":[16,1],"tags":[13,14,23,12],"class_list":["post-4086","post","type-post","status-publish","format-standard","has-post-thumbnail","hentry","category-casa-e-jardim","category-novidades","tag-minimalista","tag-interiores-inovadores","tag-produtos","tag-projetos-inovadores"],"jetpack_publicize_connections":[],"jetpack_featured_media_url":"https:\/\/i0.wp.com\/1truenote.com\/wp-content\/uploads\/2025\/09\/Artigo-1.png?fit=1536%2C1024&ssl=1","jetpack_sharing_enabled":true,"_links":{"self":[{"href":"https:\/\/1truenote.com\/en\/wp-json\/wp\/v2\/posts\/4086","targetHints":{"allow":["GET"]}}],"collection":[{"href":"https:\/\/1truenote.com\/en\/wp-json\/wp\/v2\/posts"}],"about":[{"href":"https:\/\/1truenote.com\/en\/wp-json\/wp\/v2\/types\/post"}],"author":[{"embeddable":true,"href":"https:\/\/1truenote.com\/en\/wp-json\/wp\/v2\/users\/1"}],"replies":[{"embeddable":true,"href":"https:\/\/1truenote.com\/en\/wp-json\/wp\/v2\/comments?post=4086"}],"version-history":[{"count":2,"href":"https:\/\/1truenote.com\/en\/wp-json\/wp\/v2\/posts\/4086\/revisions"}],"predecessor-version":[{"id":4089,"href":"https:\/\/1truenote.com\/en\/wp-json\/wp\/v2\/posts\/4086\/revisions\/4089"}],"wp:featuredmedia":[{"embeddable":true,"href":"https:\/\/1truenote.com\/en\/wp-json\/wp\/v2\/media\/4087"}],"wp:attachment":[{"href":"https:\/\/1truenote.com\/en\/wp-json\/wp\/v2\/media?parent=4086"}],"wp:term":[{"taxonomy":"category","embeddable":true,"href":"https:\/\/1truenote.com\/en\/wp-json\/wp\/v2\/categories?post=4086"},{"taxonomy":"post_tag","embeddable":true,"href":"https:\/\/1truenote.com\/en\/wp-json\/wp\/v2\/tags?post=4086"}],"curies":[{"name":"wp","href":"https:\/\/api.w.org\/{rel}","templated":true}]}}