{"id":4075,"date":"2025-09-01T12:00:00","date_gmt":"2025-09-01T15:00:00","guid":{"rendered":"https:\/\/1truenote.com\/?p=4075"},"modified":"2025-09-26T12:50:18","modified_gmt":"2025-09-26T15:50:18","slug":"cozinha-preta-decoracao-ideias","status":"publish","type":"post","link":"https:\/\/1truenote.com\/en\/cozinha-preta-decoracao-ideias\/","title":{"rendered":"Cozinha preta: Inspira\u00e7\u00f5es, dicas e tend\u00eancias para um ambiente sofisticado"},"content":{"rendered":"<p>Cozinha preta. <em>All black<\/em>. As cozinhas pretas v\u00eam conquistando cada vez mais espa\u00e7o no design de interiores. Modernas, elegantes e vers\u00e1teis, elas podem transformar completamente o ambiente, seja em apartamentos pequenos ou em casas amplas.<\/p>\n\n\n\n<p>Venha ler esse <strong>guia completo<\/strong>, voc\u00ea vai descobrir <strong>inspira\u00e7\u00f5es incr\u00edveis, dicas pr\u00e1ticas, vantagens, combina\u00e7\u00f5es de cores e materiais, al\u00e9m de um FAQ para tirar todas as d\u00favidas<\/strong> sobre o tema.<\/p>\n\n\n\n<hr class=\"wp-block-separator has-alpha-channel-opacity\"\/>\n\n\n\n<h2 id='vantagens-de-apostar-em-uma-cozinha-preta'  class=\"wp-block-heading\">Vantagens de apostar em uma cozinha preta<\/h2>\n\n\n\n<figure class=\"wp-block-table\"><table class=\"has-fixed-layout\"><thead><tr><th><strong>Vantagem<\/strong><\/th><th><strong>Descri\u00e7\u00e3o<\/strong><\/th><\/tr><\/thead><tbody><tr><td>Estilo Sofisticado<\/td><td>Traz modernidade e eleg\u00e2ncia imediata ao ambiente.<\/td><\/tr><tr><td>Versatilidade<\/td><td>Combina com diferentes estilos: industrial, minimalista, cl\u00e1ssico.<\/td><\/tr><tr><td>Durabilidade Visual<\/td><td>\u00c9 atemporal e nunca sai de moda.<\/td><\/tr><tr><td>Combina\u00e7\u00f5es Variadas<\/td><td>Funciona bem com madeira, m\u00e1rmore, inox, dourado e at\u00e9 cores vibrantes.<\/td><\/tr><tr><td>Personalidade<\/td><td>A cor preta torna a cozinha \u00fanica e marcante.<\/td><\/tr><\/tbody><\/table><\/figure>\n\n\n\n<hr class=\"wp-block-separator has-alpha-channel-opacity\"\/>\n\n\n\n<h2 id='inspira\u00e7\u00f5es-de-cozinhas-pretas'  class=\"wp-block-heading\">Inspira\u00e7\u00f5es de cozinhas pretas<\/h2>\n\n\n\n<h3 id='1-cozinha-preta-com-detalhes-dourados'  class=\"wp-block-heading\">1. Cozinha preta com detalhes dourados<\/h3>\n\n\n\n<p>Um estilo luxuoso e sofisticado. Os metais dourados, como torneiras e lumin\u00e1rias, criam contraste com o preto, dando um ar elegante.<\/p>\n\n\n\n<h3 id='2-cozinha-preta-com-madeira'  class=\"wp-block-heading\">2. Cozinha preta com madeira<\/h3>\n\n\n\n<p>A mistura de preto e madeira traz aconchego. Ideal para quem busca um espa\u00e7o moderno, mas acolhedor.<\/p>\n\n\n\n<h3 id='3-cozinha-preta-pequena'  class=\"wp-block-heading\">3. Cozinha preta pequena<\/h3>\n\n\n\n<p>Sim, cozinhas compactas podem apostar no preto! A dica \u00e9 equilibrar com paredes claras, espelhos ou ilumina\u00e7\u00e3o intensa para n\u00e3o \u201cfechar\u201d o ambiente.<\/p>\n\n\n\n<h3 id='4-cozinha-preta-industrial'  class=\"wp-block-heading\">4. Cozinha preta industrial<\/h3>\n\n\n\n<p>Com tijolinhos, cimento queimado e lumin\u00e1rias pendentes, o preto \u00e9 perfeito para o estilo industrial urbano.<\/p>\n\n\n\n<hr class=\"wp-block-separator has-alpha-channel-opacity\"\/>\n\n\n\n<h2 id='melhores-materiais-para-cozinha-preta'  class=\"wp-block-heading\">Melhores materiais para cozinha preta<\/h2>\n\n\n\n<figure class=\"wp-block-table\"><table class=\"has-fixed-layout\"><thead><tr><th><strong>Material<\/strong><\/th><th><strong>Vantagem<\/strong><\/th><th><strong>Indica\u00e7\u00e3o de Uso<\/strong><\/th><\/tr><\/thead><tbody><tr><td>M\u00e1rmore\/Granito Preto<\/td><td>Sofistica\u00e7\u00e3o e resist\u00eancia<\/td><td>Bancadas e ilhas<\/td><\/tr><tr><td>MDF Preto Fosco<\/td><td>Modernidade e custo-benef\u00edcio<\/td><td>Arm\u00e1rios<\/td><\/tr><tr><td>Vidro Preto<\/td><td>Facilidade de limpeza<\/td><td>Detalhes em portas de arm\u00e1rio<\/td><\/tr><tr><td>A\u00e7o Inox Preto<\/td><td>Durabilidade e modernidade<\/td><td>Eletrodom\u00e9sticos<\/td><\/tr><tr><td>Pastilhas Pretas<\/td><td>Estilo marcante<\/td><td>Revestimento de paredes<\/td><\/tr><\/tbody><\/table><\/figure>\n\n\n\n<hr class=\"wp-block-separator has-alpha-channel-opacity\"\/>\n\n\n\n<figure class=\"wp-block-image aligncenter size-medium\"><a href=\"https:\/\/chat.whatsapp.com\/KJBkp5LFJVRIvmt5X3hSEh\" target=\"_blank\" rel=\"noopener\"><img fetchpriority=\"high\" decoding=\"async\" width=\"1024\" height=\"1536\" src=\"https:\/\/i0.wp.com\/1truenote.com\/wp-content\/uploads\/2025\/06\/ChatGPT-Image-3-de-jun.-de-2025-19_04_53.png?fit=200%2C300&amp;ssl=1\" alt=\"chamada banner advetorial whats\" class=\"wp-image-2683\" srcset=\"https:\/\/i0.wp.com\/1truenote.com\/wp-content\/uploads\/2025\/06\/ChatGPT-Image-3-de-jun.-de-2025-19_04_53.png?w=1024&amp;ssl=1 1024w, https:\/\/i0.wp.com\/1truenote.com\/wp-content\/uploads\/2025\/06\/ChatGPT-Image-3-de-jun.-de-2025-19_04_53.png?resize=200%2C300&amp;ssl=1 200w, https:\/\/i0.wp.com\/1truenote.com\/wp-content\/uploads\/2025\/06\/ChatGPT-Image-3-de-jun.-de-2025-19_04_53.png?resize=683%2C1024&amp;ssl=1 683w, https:\/\/i0.wp.com\/1truenote.com\/wp-content\/uploads\/2025\/06\/ChatGPT-Image-3-de-jun.-de-2025-19_04_53.png?resize=768%2C1152&amp;ssl=1 768w, https:\/\/i0.wp.com\/1truenote.com\/wp-content\/uploads\/2025\/06\/ChatGPT-Image-3-de-jun.-de-2025-19_04_53.png?resize=150%2C225&amp;ssl=1 150w\" sizes=\"(max-width: 1024px) 100vw, 1024px\" \/><\/a><\/figure>\n\n\n\n<hr class=\"wp-block-separator has-alpha-channel-opacity\"\/>\n\n\n\n<h2 id='dicas-de-decora\u00e7\u00e3o-para-cozinha'  class=\"wp-block-heading\">Dicas de decora\u00e7\u00e3o para cozinha<\/h2>\n\n\n\n<ul class=\"wp-block-list\">\n<li>Aposte em <strong>ilumina\u00e7\u00e3o direcionada<\/strong> com trilhos ou pendentes.<\/li>\n\n\n\n<li>Combine com <strong>cores claras<\/strong> (branco, bege ou cinza) para ampliar o espa\u00e7o.<\/li>\n\n\n\n<li>Use <strong>plantas<\/strong> para quebrar a sobriedade.<\/li>\n\n\n\n<li>Abuse de <strong>texturas diferentes<\/strong>: madeira, pedra e vidro trazem contraste.<\/li>\n\n\n\n<li>Se o espa\u00e7o for pequeno, prefira <strong>acabamento fosco<\/strong> para n\u00e3o marcar tanto.<\/li>\n<\/ul>\n\n\n\n<hr class=\"wp-block-separator has-alpha-channel-opacity\"\/>\n\n\n\n<h2 id='combina\u00e7\u00f5es-de-cores-para-cozinha-preta'  class=\"wp-block-heading\">Combina\u00e7\u00f5es de cores para cozinha preta<\/h2>\n\n\n\n<figure class=\"wp-block-table\"><table class=\"has-fixed-layout\"><thead><tr><th><strong>Cor Combinada<\/strong><\/th><th><strong>Efeito Visual<\/strong><\/th><\/tr><\/thead><tbody><tr><td>Preto + Branco<\/td><td>Contraste cl\u00e1ssico, atemporal.<\/td><\/tr><tr><td>Preto + Madeira<\/td><td>Aconchego moderno.<\/td><\/tr><tr><td>Preto + Cinza<\/td><td>Minimalismo sofisticado.<\/td><\/tr><tr><td>Preto + Dourado<\/td><td>Luxo e sofistica\u00e7\u00e3o.<\/td><\/tr><tr><td>Preto + Cores Vibrantes (amarelo, vermelho, verde)<\/td><td>Destaque moderno e ousado.<\/td><\/tr><\/tbody><\/table><\/figure>\n\n\n\n<hr class=\"wp-block-separator has-alpha-channel-opacity\"\/>\n\n\n\n<a href=\"https:\/\/1truenote.com\/en\/decoracao-varanda-gourmet-ideias\/\" style=\"text-decoration: none;\">\n  <div style=\"display: flex; justify-content: space-between; align-items: center; background: #d44a00; padding: 12px 20px; color: white; font-family: Arial, sans-serif;\">\n    <strong style=\"color: black;\">READ ALSO:<\/strong>\n    <span style=\"margin-left: 8px; flex: 1;\">Guia completo de decora\u00e7\u00e3o para varanda gourmet<\/span>\n    <div style=\"background: #f2802f; padding: 8px 12px; border-radius: 2px; margin-left: 10px;\">\n      <span style=\"color: white; font-weight: bold;\">\u27a4<\/span>\n    <\/div>\n  <\/div>\n<\/a>\n\n\n\n<hr class=\"wp-block-separator has-alpha-channel-opacity\"\/>\n\n\n\n<h2 id='cozinha-preta'  class=\"wp-block-heading\">Cozinha preta<\/h2>\n\n\n\n<p><em>All Black<\/em>. A cozinha preta \u00e9 uma escolha ousada, mas extremamente recompensadora. Seja em apartamentos compactos ou casas amplas, ela imprime <strong>personalidade, sofistica\u00e7\u00e3o e modernidade<\/strong> ao espa\u00e7o, transformando o ambiente em muito mais do que apenas um local de preparo de refei\u00e7\u00f5es.<\/p>\n\n\n\n<p>Com a combina\u00e7\u00e3o certa de <strong>materiais nobres<\/strong>, como m\u00e1rmore, granito ou inox, somados a um bom <strong>projeto de ilumina\u00e7\u00e3o estrat\u00e9gica<\/strong>, a cozinha preta ganha vida, amplitude e profundidade. O jogo de contrastes, seja com tons claros, madeira natural ou detalhes met\u00e1licos, garante equil\u00edbrio visual e cria uma atmosfera que transita entre o aconchego e o requinte.<\/p>\n\n\n\n<p>Mais do que tend\u00eancia, a cozinha preta representa <strong>um estilo de vida<\/strong>. Ela \u00e9 a escolha de quem valoriza design arrojado, exclusividade e n\u00e3o tem medo de inovar. Al\u00e9m disso, adapta-se facilmente a diferentes estilos decorativos \u2014 do minimalismo escandinavo ao industrial urbano, passando pelo cl\u00e1ssico contempor\u00e2neo.<\/p>\n\n\n\n<p>Outro ponto positivo \u00e9 a <strong>versatilidade no dia a dia<\/strong>: ao contr\u00e1rio do que muitos pensam, acabamentos foscos disfar\u00e7am marcas de uso, e os materiais modernos s\u00e3o resistentes e pr\u00e1ticos na manuten\u00e7\u00e3o. Isso torna a cozinha preta n\u00e3o apenas bonita, mas tamb\u00e9m funcional e dur\u00e1vel.<\/p>\n\n\n\n<p>Portanto, se voc\u00ea busca <strong>inova\u00e7\u00e3o, impacto visual e um ambiente que se torna o cora\u00e7\u00e3o da casa<\/strong>, a cozinha preta \u00e9 a aposta perfeita. Mais do que uma tend\u00eancia passageira, ela veio para ficar como s\u00edmbolo de <strong>sofistica\u00e7\u00e3o atemporal e autenticidade<\/strong> no design de interiores.<\/p>\n\n\n\n<hr class=\"wp-block-separator has-alpha-channel-opacity\"\/>\n\n\n\n<a href=\"https:\/\/1truenote.com\/en\/decoracao-varanda-gourmet-ideias\/\" style=\"text-decoration: none;\">\n  <div style=\"display: flex; justify-content: space-between; align-items: center; background: #d44a00; padding: 12px 20px; color: white; font-family: Arial, sans-serif;\">\n    <strong style=\"color: black;\">READ ALSO:<\/strong>\n    <span style=\"margin-left: 8px; flex: 1;\">Guia completo de decora\u00e7\u00e3o para varanda gourmet<\/span>\n    <div style=\"background: #f2802f; padding: 8px 12px; border-radius: 2px; margin-left: 10px;\">\n      <span style=\"color: white; font-weight: bold;\">\u27a4<\/span>\n    <\/div>\n  <\/div>\n<\/a>\n\n\n\n\n<hr class=\"wp-block-separator has-alpha-channel-opacity\"\/>\n\n\n\n<h2 id='faq-perguntas-frequentes-sobre-cozinha-preta'  class=\"wp-block-heading\">FAQ \u2013 Perguntas frequentes sobre cozinha preta<\/h2>\n\n\n<div id=\"rank-math-faq\" class=\"rank-math-block\">\n<div class=\"rank-math-list\">\n<div id=\"faq-question-1756736083685\" class=\"rank-math-list-item\">\n<h3 id='cozinha-preta-\u00e9-dif\u00edcil-de-limpar'  class=\"rank-math-question\">Cozinha preta \u00e9 dif\u00edcil de limpar?<\/h3>\n<div class=\"rank-math-answer\">\n\n<p>N\u00e3o necessariamente. O acabamento fosco disfar\u00e7a marcas de dedos e respingos, enquanto o brilho pode exigir mais manuten\u00e7\u00e3o.<\/p>\n\n<\/div>\n<\/div>\n<div id=\"faq-question-1756736084470\" class=\"rank-math-list-item\">\n<h3 id='funciona-em-cozinhas-pequenas'  class=\"rank-math-question\">Funciona em cozinhas pequenas?<\/h3>\n<div class=\"rank-math-answer\">\n\n<p>Sim! O segredo \u00e9 usar ilumina\u00e7\u00e3o abundante e equilibrar com cores claras e superf\u00edcies espelhadas.<\/p>\n\n<\/div>\n<\/div>\n<div id=\"faq-question-1756736085276\" class=\"rank-math-list-item\">\n<h3 id='o-preto-deixa-o-ambiente-pesado'  class=\"rank-math-question\">O preto deixa o ambiente \u201cpesado\u201d?<\/h3>\n<div class=\"rank-math-answer\">\n\n<p>N\u00e3o, se bem combinado. Ilumina\u00e7\u00e3o, materiais naturais e detalhes coloridos equilibram a paleta.<\/p>\n\n<\/div>\n<\/div>\n<div id=\"faq-question-1756736085757\" class=\"rank-math-list-item\">\n<h3 id='quais-eletrodom\u00e9sticos-combinam-mais'  class=\"rank-math-question\">Quais eletrodom\u00e9sticos combinam mais?<\/h3>\n<div class=\"rank-math-answer\">\n\n<p>Inox preto, inox tradicional ou at\u00e9 brancos em cozinhas mais modernas.<\/p>\n\n<\/div>\n<\/div>\n<div id=\"faq-question-1756736125469\" class=\"rank-math-list-item\">\n<h3 id='quais-estilos-de-decora\u00e7\u00e3o-combinam-melhor-com-cozinha-preta'  class=\"rank-math-question\">Quais estilos de decora\u00e7\u00e3o combinam melhor com cozinha preta?<\/h3>\n<div class=\"rank-math-answer\">\n\n<p>Industrial, moderno, minimalista e at\u00e9 cl\u00e1ssico sofisticado.<\/p>\n\n<\/div>\n<\/div>\n<\/div>\n<\/div>\n\n\n<figure class=\"wp-block-image aligncenter size-full\"><img data-recalc-dims=\"1\" decoding=\"async\" width=\"1024\" height=\"1024\" src=\"https:\/\/i0.wp.com\/1truenote.com\/wp-content\/uploads\/2025\/09\/Gemini_Generated_Image_f540cff540cff540.png?resize=1024%2C1024&#038;ssl=1\" alt=\"cozinha preta\" class=\"wp-image-4076\" srcset=\"https:\/\/i0.wp.com\/1truenote.com\/wp-content\/uploads\/2025\/09\/Gemini_Generated_Image_f540cff540cff540.png?w=1024&amp;ssl=1 1024w, https:\/\/i0.wp.com\/1truenote.com\/wp-content\/uploads\/2025\/09\/Gemini_Generated_Image_f540cff540cff540.png?resize=300%2C300&amp;ssl=1 300w, https:\/\/i0.wp.com\/1truenote.com\/wp-content\/uploads\/2025\/09\/Gemini_Generated_Image_f540cff540cff540.png?resize=150%2C150&amp;ssl=1 150w, https:\/\/i0.wp.com\/1truenote.com\/wp-content\/uploads\/2025\/09\/Gemini_Generated_Image_f540cff540cff540.png?resize=768%2C768&amp;ssl=1 768w, https:\/\/i0.wp.com\/1truenote.com\/wp-content\/uploads\/2025\/09\/Gemini_Generated_Image_f540cff540cff540.png?resize=12%2C12&amp;ssl=1 12w, https:\/\/i0.wp.com\/1truenote.com\/wp-content\/uploads\/2025\/09\/Gemini_Generated_Image_f540cff540cff540.png?resize=96%2C96&amp;ssl=1 96w\" sizes=\"(max-width: 1024px) 100vw, 1024px\" \/><\/figure>","protected":false},"excerpt":{"rendered":"<p>Cozinha preta. All black. As cozinhas pretas v\u00eam conquistando cada vez mais espa\u00e7o no design de interiores. Modernas, elegantes e&#8230;<\/p>","protected":false},"author":1,"featured_media":4076,"comment_status":"open","ping_status":"open","sticky":false,"template":"","format":"standard","meta":{"_kad_post_transparent":"","_kad_post_title":"","_kad_post_layout":"","_kad_post_sidebar_id":"","_kad_post_content_style":"","_kad_post_vertical_padding":"","_kad_post_feature":"","_kad_post_feature_position":"","_kad_post_header":false,"_kad_post_footer":false,"_kad_post_classname":"","footnotes":"","jetpack_publicize_message":"Cozinha preta. All black. As cozinhas pretas v\u00eam conquistando cada vez mais espa\u00e7o no design de interiores. Modernas, elegantes e vers\u00e1teis, elas podem transformar completamente o ambiente, seja em apartamentos pequenos ou em casas amplas.\n\n#carvalhoconsultoriabrasil #truenote #decor #decoracao #cozinha #allblack #cozinhapreta","jetpack_publicize_feature_enabled":true,"jetpack_social_post_already_shared":true,"jetpack_social_options":{"image_generator_settings":{"template":"highway","default_image_id":0,"enabled":false},"version":2}},"categories":[16,1],"tags":[13,14],"class_list":["post-4075","post","type-post","status-publish","format-standard","has-post-thumbnail","hentry","category-casa-e-jardim","category-novidades","tag-minimalista","tag-interiores-inovadores"],"jetpack_publicize_connections":[],"jetpack_featured_media_url":"https:\/\/i0.wp.com\/1truenote.com\/wp-content\/uploads\/2025\/09\/Gemini_Generated_Image_f540cff540cff540.png?fit=1024%2C1024&ssl=1","jetpack_sharing_enabled":true,"_links":{"self":[{"href":"https:\/\/1truenote.com\/en\/wp-json\/wp\/v2\/posts\/4075","targetHints":{"allow":["GET"]}}],"collection":[{"href":"https:\/\/1truenote.com\/en\/wp-json\/wp\/v2\/posts"}],"about":[{"href":"https:\/\/1truenote.com\/en\/wp-json\/wp\/v2\/types\/post"}],"author":[{"embeddable":true,"href":"https:\/\/1truenote.com\/en\/wp-json\/wp\/v2\/users\/1"}],"replies":[{"embeddable":true,"href":"https:\/\/1truenote.com\/en\/wp-json\/wp\/v2\/comments?post=4075"}],"version-history":[{"count":1,"href":"https:\/\/1truenote.com\/en\/wp-json\/wp\/v2\/posts\/4075\/revisions"}],"predecessor-version":[{"id":4077,"href":"https:\/\/1truenote.com\/en\/wp-json\/wp\/v2\/posts\/4075\/revisions\/4077"}],"wp:featuredmedia":[{"embeddable":true,"href":"https:\/\/1truenote.com\/en\/wp-json\/wp\/v2\/media\/4076"}],"wp:attachment":[{"href":"https:\/\/1truenote.com\/en\/wp-json\/wp\/v2\/media?parent=4075"}],"wp:term":[{"taxonomy":"category","embeddable":true,"href":"https:\/\/1truenote.com\/en\/wp-json\/wp\/v2\/categories?post=4075"},{"taxonomy":"post_tag","embeddable":true,"href":"https:\/\/1truenote.com\/en\/wp-json\/wp\/v2\/tags?post=4075"}],"curies":[{"name":"wp","href":"https:\/\/api.w.org\/{rel}","templated":true}]}}