{"id":4069,"date":"2025-08-29T16:00:00","date_gmt":"2025-08-29T19:00:00","guid":{"rendered":"https:\/\/1truenote.com\/?p=4069"},"modified":"2025-08-29T15:57:44","modified_gmt":"2025-08-29T18:57:44","slug":"decoracao-varanda-gourmet-ideias","status":"publish","type":"post","link":"https:\/\/1truenote.com\/en\/decoracao-varanda-gourmet-ideias\/","title":{"rendered":"Guia completo de decora\u00e7\u00e3o para varanda gourmet"},"content":{"rendered":"<p>A <strong>varanda gourmet<\/strong> se tornou um dos espa\u00e7os mais desejados nos lares modernos. Al\u00e9m de agregar valor ao im\u00f3vel, esse ambiente \u00e9 perfeito para receber amigos, compartilhar refei\u00e7\u00f5es e relaxar em um espa\u00e7o aconchegante e estiloso.<\/p>\n\n\n\n<p>Seja em apartamentos compactos ou em coberturas amplas, h\u00e1 sempre solu\u00e7\u00f5es criativas para transformar a varanda em um ref\u00fagio charmoso.<\/p>\n\n\n\n<h2 id='o-que-\u00e9-uma-varanda-gourmet'  class=\"wp-block-heading\">O que \u00e9 uma varanda gourmet?<\/h2>\n\n\n\n<p>\u00c9 um espa\u00e7o que une lazer e funcionalidade, normalmente integrado \u00e0 sala ou cozinha, pensado para receber convidados. Pode incluir churrasqueira, bancada, pia, frigobar, adega, mesas ou at\u00e9 mesmo um pequeno jardim vertical. O grande diferencial est\u00e1 no conforto aliado \u00e0 praticidade.<\/p>\n\n\n\n<hr class=\"wp-block-separator has-alpha-channel-opacity\"\/>\n\n\n\n<h2 id='\ud83e\ude91-canto-alem\u00e3o-em-varanda-gourmet'  class=\"wp-block-heading\">\ud83e\ude91 Canto alem\u00e3o em varanda gourmet<\/h2>\n\n\n\n<p>O <strong>canto alem\u00e3o<\/strong> \u00e9 uma das solu\u00e7\u00f5es mais inteligentes para aproveitar bem o espa\u00e7o da varanda gourmet. Ele consiste em um banco fixo encostado na parede, geralmente em formato de &#8220;L&#8221; ou &#8220;U&#8221;, acompanhado de uma mesa central e cadeiras adicionais.<\/p>\n\n\n\n<p>Al\u00e9m de otimizar o espa\u00e7o, esse recurso cria um ambiente <strong>aconchegante e funcional<\/strong>, perfeito para reunir amigos e familiares em torno da mesa.<\/p>\n\n\n\n<h3 id='vantagens-do-canto-alem\u00e3o'  class=\"wp-block-heading\">Vantagens do Canto Alem\u00e3o:<\/h3>\n\n\n\n<ul class=\"wp-block-list\">\n<li><strong>Aproveitamento de espa\u00e7o<\/strong>: Ideal para varandas menores, j\u00e1 que substitui v\u00e1rias cadeiras.<\/li>\n\n\n\n<li><strong>Mais lugares<\/strong>: Comporta mais pessoas sentadas de forma confort\u00e1vel.<\/li>\n\n\n\n<li><strong>Aconchego<\/strong>: O banco pode ser complementado com almofadas e estofados, criando um clima acolhedor.<\/li>\n\n\n\n<li><strong>Estilo personalizado<\/strong>: Pode ser feito em madeira r\u00fastica, acabamento moderno ou at\u00e9 com ba\u00fa embutido para armazenar objetos.<\/li>\n<\/ul>\n\n\n\n<p>\ud83d\udc49 O canto alem\u00e3o \u00e9 uma tend\u00eancia em varandas gourmet porque alia <strong>funcionalidade, est\u00e9tica e conforto<\/strong>, transformando o espa\u00e7o em um verdadeiro ponto de encontro para refei\u00e7\u00f5es e bons momentos.<\/p>\n\n\n\n<hr class=\"wp-block-separator has-alpha-channel-opacity\"\/>\n\n\n\n<h2 id='\ud83c\udf1f-estilos-de-decora\u00e7\u00e3o-para-varanda-gourmet'  class=\"wp-block-heading\">\ud83c\udf1f Estilos de decora\u00e7\u00e3o para varanda gourmet<\/h2>\n\n\n\n<h3 id='1-varanda-gourmet-moderna'  class=\"wp-block-heading\">1. <strong>Varanda Gourmet Moderna<\/strong><\/h3>\n\n\n\n<ul class=\"wp-block-list\">\n<li>Linhas retas, cores neutras e ilumina\u00e7\u00e3o embutida.<\/li>\n\n\n\n<li>M\u00f3veis planejados para otimizar cada cent\u00edmetro.<\/li>\n\n\n\n<li>Uso de pedra, vidro e inox para um ar sofisticado.<\/li>\n<\/ul>\n\n\n\n<hr class=\"wp-block-separator has-alpha-channel-opacity\"\/>\n\n\n\n<h3 id='2-varanda-gourmet-r\u00fastica'  class=\"wp-block-heading\">2. <strong>Varanda Gourmet R\u00fastica<\/strong><\/h3>\n\n\n\n<ul class=\"wp-block-list\">\n<li>Madeira aparente, tijolinhos \u00e0 vista e plantas naturais.<\/li>\n\n\n\n<li>M\u00f3veis de demoli\u00e7\u00e3o ou com aspecto artesanal.<\/li>\n\n\n\n<li>Toque acolhedor, perfeito para quem gosta de rusticidade charmosa.<\/li>\n<\/ul>\n\n\n\n<hr class=\"wp-block-separator has-alpha-channel-opacity\"\/>\n\n\n\n<h3 id='3-varanda-gourmet-minimalista'  class=\"wp-block-heading\">3. <strong>Varanda Gourmet Minimalista<\/strong><\/h3>\n\n\n\n<ul class=\"wp-block-list\">\n<li>Paleta clean: branco, preto e cinza.<\/li>\n\n\n\n<li>Poucos elementos decorativos, focando em funcionalidade.<\/li>\n\n\n\n<li>Ideal para apartamentos pequenos que pedem leveza visual.<\/li>\n<\/ul>\n\n\n\n<hr class=\"wp-block-separator has-alpha-channel-opacity\"\/>\n\n\n\n<h3 id='4-varanda-gourmet-boho'  class=\"wp-block-heading\">4. <strong>Varanda Gourmet Boho<\/strong><\/h3>\n\n\n\n<ul class=\"wp-block-list\">\n<li>Cores vibrantes, mix de estampas e fibras naturais.<\/li>\n\n\n\n<li>Tapetes, almofadas e plantas em destaque.<\/li>\n\n\n\n<li>Perfeita para quem busca um ambiente despojado e acolhedor.<\/li>\n<\/ul>\n\n\n\n<hr class=\"wp-block-separator has-alpha-channel-opacity\"\/>\n\n\n\n<h3 id='5-varanda-gourmet-industrial'  class=\"wp-block-heading\">5. <strong>Varanda Gourmet Industrial<\/strong><\/h3>\n\n\n\n<ul class=\"wp-block-list\">\n<li>Estruturas met\u00e1licas, cimento queimado e ilumina\u00e7\u00e3o pendente.<\/li>\n\n\n\n<li>Bancadas em granito escuro ou concreto.<\/li>\n\n\n\n<li>Toque urbano moderno, inspirado em lofts.<\/li>\n<\/ul>\n\n\n\n<hr class=\"wp-block-separator has-alpha-channel-opacity\"\/>\n\n\n\n<h2 id='\ud83c\udf74-elementos-essenciais-para-a-varanda-gourmet'  class=\"wp-block-heading\">\ud83c\udf74 Elementos essenciais para a varanda gourmet<\/h2>\n\n\n\n<ul class=\"wp-block-list\">\n<li><strong>Churrasqueira ou cooktop<\/strong>: Ponto central do ambiente.<\/li>\n\n\n\n<li><strong>Bancada funcional<\/strong>: Para apoio no preparo dos alimentos.<\/li>\n\n\n\n<li><strong>Mesa ou balc\u00e3o<\/strong>: Garante espa\u00e7o para refei\u00e7\u00f5es.<\/li>\n\n\n\n<li><strong>M\u00f3veis confort\u00e1veis<\/strong>: Cadeiras, bancos ou sof\u00e1s que unem estilo e conforto.<\/li>\n\n\n\n<li><strong>Plantas e verde<\/strong>: Humanizam o ambiente e trazem frescor.<\/li>\n\n\n\n<li><strong>Lighting<\/strong>: Pendentes, arandelas ou fitas de LED criam o clima perfeito.<\/li>\n<\/ul>\n\n\n\n<hr class=\"wp-block-separator has-alpha-channel-opacity\"\/>\n\n\n\n<a href=\"https:\/\/1truenote.com\/en\/decoracao-para-kitnet-ideias\/\" style=\"text-decoration: none;\">\n  <div style=\"display: flex; justify-content: space-between; align-items: center; background: #d44a00; padding: 12px 20px; color: white; font-family: Arial, sans-serif;\">\n    <strong style=\"color: black;\">READ ALSO:<\/strong>\n    <span style=\"margin-left: 8px; flex: 1;\">Decora\u00e7\u00e3o para kitnet<\/span>\n    <div style=\"background: #f2802f; padding: 8px 12px; border-radius: 2px; margin-left: 10px;\">\n      <span style=\"color: white; font-weight: bold;\">\u27a4<\/span>\n    <\/div>\n  <\/div>\n<\/a>\n\n\n\n<hr class=\"wp-block-separator has-alpha-channel-opacity\"\/>\n\n\n\n<h2 id='\ud83c\udf3f-dicas-de-decora\u00e7\u00e3o'  class=\"wp-block-heading\">\ud83c\udf3f Dicas de decora\u00e7\u00e3o<\/h2>\n\n\n\n<ol class=\"wp-block-list\">\n<li>Aposte em <strong>quadros, espelhos e prateleiras<\/strong> para personalizar o espa\u00e7o.<\/li>\n\n\n\n<li>Invista em <strong>ilumina\u00e7\u00e3o quente<\/strong> para trazer aconchego.<\/li>\n\n\n\n<li>Use <strong>revestimentos diferenciados<\/strong> (pastilhas, porcelanato amadeirado ou pedras).<\/li>\n\n\n\n<li>Inclua <strong>almofadas e mantas<\/strong> para deixar os assentos mais acolhedores.<\/li>\n\n\n\n<li>Se a varanda for pequena, prefira m\u00f3veis <strong>dobr\u00e1veis ou planejados<\/strong>.<\/li>\n<\/ol>\n\n\n\n<hr class=\"wp-block-separator has-alpha-channel-opacity\"\/>\n\n\n\n<figure class=\"wp-block-image aligncenter size-medium is-resized\"><a href=\"https:\/\/chat.whatsapp.com\/KJBkp5LFJVRIvmt5X3hSEh\" target=\"_blank\" rel=\"noopener\"><img fetchpriority=\"high\" decoding=\"async\" width=\"1024\" height=\"1536\" src=\"https:\/\/i0.wp.com\/1truenote.com\/wp-content\/uploads\/2025\/06\/ChatGPT-Image-3-de-jun.-de-2025-19_04_53.png?fit=200%2C300&amp;ssl=1\" alt=\"chamada banner advetorial whats\" class=\"wp-image-2683\" style=\"width:200px;height:auto\" srcset=\"https:\/\/i0.wp.com\/1truenote.com\/wp-content\/uploads\/2025\/06\/ChatGPT-Image-3-de-jun.-de-2025-19_04_53.png?w=1024&amp;ssl=1 1024w, https:\/\/i0.wp.com\/1truenote.com\/wp-content\/uploads\/2025\/06\/ChatGPT-Image-3-de-jun.-de-2025-19_04_53.png?resize=200%2C300&amp;ssl=1 200w, https:\/\/i0.wp.com\/1truenote.com\/wp-content\/uploads\/2025\/06\/ChatGPT-Image-3-de-jun.-de-2025-19_04_53.png?resize=683%2C1024&amp;ssl=1 683w, https:\/\/i0.wp.com\/1truenote.com\/wp-content\/uploads\/2025\/06\/ChatGPT-Image-3-de-jun.-de-2025-19_04_53.png?resize=768%2C1152&amp;ssl=1 768w, https:\/\/i0.wp.com\/1truenote.com\/wp-content\/uploads\/2025\/06\/ChatGPT-Image-3-de-jun.-de-2025-19_04_53.png?resize=150%2C225&amp;ssl=1 150w\" sizes=\"(max-width: 1024px) 100vw, 1024px\" \/><\/a><\/figure>\n\n\n\n<hr class=\"wp-block-separator has-alpha-channel-opacity\"\/>\n\n\n\n<h2 id='\ud83d\udcca-tabela-comparativa-de-estilos'  class=\"wp-block-heading\">\ud83d\udcca Tabela comparativa de estilos<\/h2>\n\n\n\n<figure class=\"wp-block-table\"><table class=\"has-fixed-layout\"><thead><tr><th>Estilo<\/th><th>Cores Principais<\/th><th>Materiais<\/th><th>Destaques<\/th><\/tr><\/thead><tbody><tr><td>Moderna<\/td><td>Neutras, preto<\/td><td>Vidro, inox<\/td><td>Sofistica\u00e7\u00e3o e tecnologia<\/td><\/tr><tr><td>R\u00fastica<\/td><td>Terra, marrom<\/td><td>Madeira, tijolo<\/td><td>Aconchego natural<\/td><\/tr><tr><td>Minimalista<\/td><td>Branco, cinza<\/td><td>MDF, laca<\/td><td>Funcionalidade e leveza<\/td><\/tr><tr><td>Boho<\/td><td>Coloridas<\/td><td>Fibras, tecidos<\/td><td>Estampas e aconchego<\/td><\/tr><tr><td>Industrial<\/td><td>Cinza, preto<\/td><td>Ferro, concreto<\/td><td>Estilo urbano e moderno<\/td><\/tr><\/tbody><\/table><\/figure>\n\n\n\n<hr class=\"wp-block-separator has-alpha-channel-opacity\"\/>\n\n\n\n<h2 id='\ud83c\udfaf-varanda-gourmet'  class=\"wp-block-heading\">\ud83c\udfaf Varanda gourmet<\/h2>\n\n\n\n<p>A varanda gourmet \u00e9 o ambiente perfeito para unir funcionalidade e momentos especiais. N\u00e3o importa o tamanho, o importante \u00e9 personalizar com o seu estilo e pensar em solu\u00e7\u00f5es pr\u00e1ticas.<\/p>\n\n\n\n<p>Seja com uma decora\u00e7\u00e3o moderna, r\u00fastica ou boho, a varanda pode se tornar o cora\u00e7\u00e3o da casa, onde a comida, a conversa e o conforto se encontram.<\/p>\n\n\n\n<hr class=\"wp-block-separator has-alpha-channel-opacity\"\/>\n\n\n\n<a href=\"https:\/\/1truenote.com\/en\/decoracao-para-kitnet-ideias\/\" style=\"text-decoration: none;\">\n  <div style=\"display: flex; justify-content: space-between; align-items: center; background: #d44a00; padding: 12px 20px; color: white; font-family: Arial, sans-serif;\">\n    <strong style=\"color: black;\">READ ALSO:<\/strong>\n    <span style=\"margin-left: 8px; flex: 1;\">Decora\u00e7\u00e3o para kitnet<\/span>\n    <div style=\"background: #f2802f; padding: 8px 12px; border-radius: 2px; margin-left: 10px;\">\n      <span style=\"color: white; font-weight: bold;\">\u27a4<\/span>\n    <\/div>\n  <\/div>\n<\/a>\n\n\n\n<hr class=\"wp-block-separator has-alpha-channel-opacity\"\/>\n\n\n\n<h2 id='\u2753-faq-perguntas-frequentes-sobre-varanda-gourmet'  class=\"wp-block-heading\">\u2753 FAQ \u2013 Perguntas Frequentes sobre varanda gourmet<\/h2>\n\n\n<div id=\"rank-math-faq\" class=\"rank-math-block\">\n<div class=\"rank-math-list\">\n<div id=\"faq-question-1756489814920\" class=\"rank-math-list-item\">\n<h3 id='preciso-de-muito-espa\u00e7o-para-ter-uma-varanda-gourmet'  class=\"rank-math-question\">Preciso de muito espa\u00e7o para ter uma varanda gourmet?<\/h3>\n<div class=\"rank-math-answer\">\n\n<p>N\u00e3o! Com m\u00f3veis planejados e boas escolhas, at\u00e9 varandas pequenas podem se tornar funcionais.<\/p>\n\n<\/div>\n<\/div>\n<div id=\"faq-question-1756489816402\" class=\"rank-math-list-item\">\n<h3 id='qual-\u00e9-o-melhor-tipo-de-churrasqueira-para-apartamento'  class=\"rank-math-question\">Qual \u00e9 o melhor tipo de churrasqueira para apartamento?<\/h3>\n<div class=\"rank-math-answer\">\n\n<p>A churrasqueira el\u00e9trica ou a g\u00e1s \u00e9 a mais indicada por seguran\u00e7a e praticidade.<\/p>\n\n<\/div>\n<\/div>\n<div id=\"faq-question-1756489816845\" class=\"rank-math-list-item\">\n<h3 id='como-deixar-a-varanda-gourmet-aconchegante'  class=\"rank-math-question\">Como deixar a varanda gourmet aconchegante?<\/h3>\n<div class=\"rank-math-answer\">\n\n<p>Use ilumina\u00e7\u00e3o quente, almofadas, tapetes e plantas.<\/p>\n\n<\/div>\n<\/div>\n<div id=\"faq-question-1756489817409\" class=\"rank-math-list-item\">\n<h3 id='posso-integrar-a-varanda-gourmet-\u00e0-sala'  class=\"rank-math-question\">Posso integrar a varanda gourmet \u00e0 sala?<\/h3>\n<div class=\"rank-math-answer\">\n\n<p>Sim, essa \u00e9 uma das tend\u00eancias mais fortes. Al\u00e9m de ampliar o ambiente, cria uma sensa\u00e7\u00e3o de fluidez.<\/p>\n\n<\/div>\n<\/div>\n<div id=\"faq-question-1756489970193\" class=\"rank-math-list-item\">\n<h3 id='qual-o-revestimento-mais-dur\u00e1vel-para-varandas-gourmet'  class=\"rank-math-question\">Qual o revestimento mais dur\u00e1vel para varandas gourmet?<\/h3>\n<div class=\"rank-math-answer\">\n\n<p>Porcelanato e pedras naturais, pois s\u00e3o resistentes e f\u00e1ceis de limpar.<\/p>\n\n<\/div>\n<\/div>\n<\/div>\n<\/div>\n\n\n<figure class=\"wp-block-image aligncenter size-large\"><img data-recalc-dims=\"1\" decoding=\"async\" width=\"1024\" height=\"683\" src=\"https:\/\/i0.wp.com\/1truenote.com\/wp-content\/uploads\/2025\/08\/20250829_1546_Cozinha-Modernizada-e-Colorida_remix_01k3vj9z33f67vxfk0ba7zf8n0-1.png?resize=1024%2C683&#038;ssl=1\" alt=\"varanda gourmet com canto alem\u00e3o\" class=\"wp-image-4070\" srcset=\"https:\/\/i0.wp.com\/1truenote.com\/wp-content\/uploads\/2025\/08\/20250829_1546_Cozinha-Modernizada-e-Colorida_remix_01k3vj9z33f67vxfk0ba7zf8n0-1.png?resize=1024%2C683&amp;ssl=1 1024w, https:\/\/i0.wp.com\/1truenote.com\/wp-content\/uploads\/2025\/08\/20250829_1546_Cozinha-Modernizada-e-Colorida_remix_01k3vj9z33f67vxfk0ba7zf8n0-1.png?resize=300%2C200&amp;ssl=1 300w, https:\/\/i0.wp.com\/1truenote.com\/wp-content\/uploads\/2025\/08\/20250829_1546_Cozinha-Modernizada-e-Colorida_remix_01k3vj9z33f67vxfk0ba7zf8n0-1.png?resize=768%2C512&amp;ssl=1 768w, https:\/\/i0.wp.com\/1truenote.com\/wp-content\/uploads\/2025\/08\/20250829_1546_Cozinha-Modernizada-e-Colorida_remix_01k3vj9z33f67vxfk0ba7zf8n0-1.png?resize=18%2C12&amp;ssl=1 18w, https:\/\/i0.wp.com\/1truenote.com\/wp-content\/uploads\/2025\/08\/20250829_1546_Cozinha-Modernizada-e-Colorida_remix_01k3vj9z33f67vxfk0ba7zf8n0-1.png?resize=150%2C100&amp;ssl=1 150w, https:\/\/i0.wp.com\/1truenote.com\/wp-content\/uploads\/2025\/08\/20250829_1546_Cozinha-Modernizada-e-Colorida_remix_01k3vj9z33f67vxfk0ba7zf8n0-1.png?w=1536&amp;ssl=1 1536w\" sizes=\"(max-width: 1024px) 100vw, 1024px\" \/><\/figure>\n\n\n\n<hr class=\"wp-block-separator has-alpha-channel-opacity\"\/>\n\n\n\n<figure class=\"wp-block-image aligncenter size-large\"><img data-recalc-dims=\"1\" decoding=\"async\" width=\"1024\" height=\"683\" src=\"https:\/\/i0.wp.com\/1truenote.com\/wp-content\/uploads\/2025\/08\/Gemini_Generated_Image_lc74j6lc74j6lc74.png?resize=1024%2C683&#038;ssl=1\" alt=\"varanda gourmet com canto alem\u00e3o 2\" class=\"wp-image-4072\" srcset=\"https:\/\/i0.wp.com\/1truenote.com\/wp-content\/uploads\/2025\/08\/Gemini_Generated_Image_lc74j6lc74j6lc74.png?resize=1024%2C683&amp;ssl=1 1024w, https:\/\/i0.wp.com\/1truenote.com\/wp-content\/uploads\/2025\/08\/Gemini_Generated_Image_lc74j6lc74j6lc74.png?resize=300%2C200&amp;ssl=1 300w, https:\/\/i0.wp.com\/1truenote.com\/wp-content\/uploads\/2025\/08\/Gemini_Generated_Image_lc74j6lc74j6lc74.png?resize=768%2C512&amp;ssl=1 768w, https:\/\/i0.wp.com\/1truenote.com\/wp-content\/uploads\/2025\/08\/Gemini_Generated_Image_lc74j6lc74j6lc74.png?resize=18%2C12&amp;ssl=1 18w, https:\/\/i0.wp.com\/1truenote.com\/wp-content\/uploads\/2025\/08\/Gemini_Generated_Image_lc74j6lc74j6lc74.png?resize=150%2C100&amp;ssl=1 150w, https:\/\/i0.wp.com\/1truenote.com\/wp-content\/uploads\/2025\/08\/Gemini_Generated_Image_lc74j6lc74j6lc74.png?w=1248&amp;ssl=1 1248w\" sizes=\"(max-width: 1024px) 100vw, 1024px\" \/><\/figure>","protected":false},"excerpt":{"rendered":"<p>A varanda gourmet se tornou um dos espa\u00e7os mais desejados nos lares modernos. Al\u00e9m de agregar valor ao im\u00f3vel, esse&#8230;<\/p>","protected":false},"author":1,"featured_media":4072,"comment_status":"open","ping_status":"open","sticky":false,"template":"","format":"standard","meta":{"_kad_post_transparent":"","_kad_post_title":"","_kad_post_layout":"","_kad_post_sidebar_id":"","_kad_post_content_style":"","_kad_post_vertical_padding":"","_kad_post_feature":"","_kad_post_feature_position":"","_kad_post_header":false,"_kad_post_footer":false,"_kad_post_classname":"","footnotes":"","jetpack_publicize_message":"A varanda gourmet se tornou um dos espa\u00e7os mais desejados nos lares modernos. Al\u00e9m de agregar valor ao im\u00f3vel, esse ambiente \u00e9 perfeito para receber amigos, compartilhar refei\u00e7\u00f5es e relaxar em um espa\u00e7o aconchegante e estiloso.\n\n#carvalhoconsultoriabrasil #truenote #decor #decoracao #varanda #sacada #sacadagourmet #varandagourmet #varandacantoalemao #cantoalemao","jetpack_publicize_feature_enabled":true,"jetpack_social_post_already_shared":true,"jetpack_social_options":{"image_generator_settings":{"template":"highway","default_image_id":0,"enabled":false},"version":2}},"categories":[16,1],"tags":[13,14],"class_list":["post-4069","post","type-post","status-publish","format-standard","has-post-thumbnail","hentry","category-casa-e-jardim","category-novidades","tag-minimalista","tag-interiores-inovadores"],"jetpack_publicize_connections":[],"jetpack_featured_media_url":"https:\/\/i0.wp.com\/1truenote.com\/wp-content\/uploads\/2025\/08\/Gemini_Generated_Image_lc74j6lc74j6lc74.png?fit=1248%2C832&ssl=1","jetpack_sharing_enabled":true,"_links":{"self":[{"href":"https:\/\/1truenote.com\/en\/wp-json\/wp\/v2\/posts\/4069","targetHints":{"allow":["GET"]}}],"collection":[{"href":"https:\/\/1truenote.com\/en\/wp-json\/wp\/v2\/posts"}],"about":[{"href":"https:\/\/1truenote.com\/en\/wp-json\/wp\/v2\/types\/post"}],"author":[{"embeddable":true,"href":"https:\/\/1truenote.com\/en\/wp-json\/wp\/v2\/users\/1"}],"replies":[{"embeddable":true,"href":"https:\/\/1truenote.com\/en\/wp-json\/wp\/v2\/comments?post=4069"}],"version-history":[{"count":2,"href":"https:\/\/1truenote.com\/en\/wp-json\/wp\/v2\/posts\/4069\/revisions"}],"predecessor-version":[{"id":4074,"href":"https:\/\/1truenote.com\/en\/wp-json\/wp\/v2\/posts\/4069\/revisions\/4074"}],"wp:featuredmedia":[{"embeddable":true,"href":"https:\/\/1truenote.com\/en\/wp-json\/wp\/v2\/media\/4072"}],"wp:attachment":[{"href":"https:\/\/1truenote.com\/en\/wp-json\/wp\/v2\/media?parent=4069"}],"wp:term":[{"taxonomy":"category","embeddable":true,"href":"https:\/\/1truenote.com\/en\/wp-json\/wp\/v2\/categories?post=4069"},{"taxonomy":"post_tag","embeddable":true,"href":"https:\/\/1truenote.com\/en\/wp-json\/wp\/v2\/tags?post=4069"}],"curies":[{"name":"wp","href":"https:\/\/api.w.org\/{rel}","templated":true}]}}