{"id":4062,"date":"2025-08-28T16:00:00","date_gmt":"2025-08-28T19:00:00","guid":{"rendered":"https:\/\/1truenote.com\/?p=4062"},"modified":"2025-08-28T14:18:27","modified_gmt":"2025-08-28T17:18:27","slug":"cozinha-retro-decoracao-vintage","status":"publish","type":"post","link":"https:\/\/1truenote.com\/en\/cozinha-retro-decoracao-vintage\/","title":{"rendered":"Cozinha retr\u00f4: Como decorar com estilo e criatividade"},"content":{"rendered":"<p>A cozinha retr\u00f4 \u00e9 uma tend\u00eancia que nunca sai de moda. Com cores vibrantes, m\u00f3veis de design cl\u00e1ssico e eletrodom\u00e9sticos inspirados nos anos 50, 60 e 70, esse estilo traz charme, personalidade e um toque nost\u00e1lgico para dentro de casa.<\/p>\n\n\n\n<p>Al\u00e9m de ser aconchegante, \u00e9 um ambiente perfeito para quem busca unir praticidade com identidade visual marcante.<\/p>\n\n\n\n<hr class=\"wp-block-separator has-alpha-channel-opacity\"\/>\n\n\n\n<h3 id='1-eletrodom\u00e9sticos-retr\u00f4-o-grande-destaque'  class=\"wp-block-heading\"><strong>1. Eletrodom\u00e9sticos Retr\u00f4: O grande destaque<\/strong><\/h3>\n\n\n\n<p>Geladeiras coloridas, fog\u00f5es com detalhes cromados e at\u00e9 batedeiras e torradeiras vintage fazem toda a diferen\u00e7a na cozinha retr\u00f4.<\/p>\n\n\n\n<ul class=\"wp-block-list\">\n<li><strong>Geladeira vermelha ou azul turquesa<\/strong>: Se torna a pe\u00e7a principal do espa\u00e7o.<\/li>\n\n\n\n<li><strong>Fog\u00f5es com bot\u00f5es arredondados e estilo retr\u00f4<\/strong>: Agregam charme e funcionalidade.<\/li>\n\n\n\n<li><strong>Pequenos eletros vintage<\/strong>: Cafeteiras e liquidificadores d\u00e3o o acabamento perfeito.<\/li>\n<\/ul>\n\n\n\n<hr class=\"wp-block-separator has-alpha-channel-opacity\"\/>\n\n\n\n<h3 id='2-azulejos-retr\u00f4-e-revestimentos-criativos'  class=\"wp-block-heading\"><strong>2. Azulejos retr\u00f4 e revestimentos criativos<\/strong><\/h3>\n\n\n\n<p>O revestimento \u00e9 essencial para refor\u00e7ar a atmosfera retr\u00f4.<\/p>\n\n\n\n<ul class=\"wp-block-list\">\n<li><strong>Pastilhas coloridas ou brilhantes<\/strong>: \u00d3timas para backsplash.<\/li>\n\n\n\n<li><strong>Azulejos geom\u00e9tricos ou estampados<\/strong>: Lembram cozinhas antigas e trazem movimento.<\/li>\n\n\n\n<li><strong>Pisos em preto e branco xadrez<\/strong>: Cl\u00e1ssico absoluto das cozinhas dos anos 50.<\/li>\n<\/ul>\n\n\n\n<hr class=\"wp-block-separator has-alpha-channel-opacity\"\/>\n\n\n\n<h3 id='3-paleta-de-cores-o-retr\u00f4-em-detalhes'  class=\"wp-block-heading\"><strong>3. Paleta de Cores: O retr\u00f4 em detalhes<\/strong><\/h3>\n\n\n\n<p>As cores s\u00e3o protagonistas nesse estilo:<\/p>\n\n\n\n<ul class=\"wp-block-list\">\n<li><strong>Vermelho vibrante, amarelo mostarda, azul turquesa e verde menta<\/strong>: Transmitem alegria e autenticidade.<\/li>\n\n\n\n<li><strong>Preto e branco<\/strong>: Aparecem nos detalhes para equilibrar a decora\u00e7\u00e3o.<\/li>\n\n\n\n<li><strong>Madeira r\u00fastica<\/strong>: Adiciona aconchego e calor ao ambiente.<\/li>\n<\/ul>\n\n\n\n<hr class=\"wp-block-separator has-alpha-channel-opacity\"\/>\n\n\n\n<h3 id='4-m\u00f3veis-e-acess\u00f3rios-vintage'  class=\"wp-block-heading\"><strong>4. M\u00f3veis e acess\u00f3rios vintage<\/strong><\/h3>\n\n\n\n<ul class=\"wp-block-list\">\n<li><strong>Arm\u00e1rios com puxadores cromados<\/strong>: Resgatam o design cl\u00e1ssico.<\/li>\n\n\n\n<li><strong>Prateleiras abertas com potes de vidro e lou\u00e7as esmaltadas<\/strong>: Decorativas e funcionais.<\/li>\n\n\n\n<li><strong>Tapetes estampados e cortinas coloridas<\/strong>: Completam a identidade retr\u00f4.<\/li>\n<\/ul>\n\n\n\n<hr class=\"wp-block-separator has-alpha-channel-opacity\"\/>\n\n\n\n<figure class=\"wp-block-image aligncenter size-medium\"><a href=\"https:\/\/chat.whatsapp.com\/KJBkp5LFJVRIvmt5X3hSEh\" target=\"_blank\" rel=\"noopener\"><img fetchpriority=\"high\" decoding=\"async\" width=\"1024\" height=\"1536\" src=\"https:\/\/i0.wp.com\/1truenote.com\/wp-content\/uploads\/2025\/06\/ChatGPT-Image-3-de-jun.-de-2025-19_04_53.png?fit=200%2C300&amp;ssl=1\" alt=\"chamada banner advetorial whats\" class=\"wp-image-2683\" srcset=\"https:\/\/i0.wp.com\/1truenote.com\/wp-content\/uploads\/2025\/06\/ChatGPT-Image-3-de-jun.-de-2025-19_04_53.png?w=1024&amp;ssl=1 1024w, https:\/\/i0.wp.com\/1truenote.com\/wp-content\/uploads\/2025\/06\/ChatGPT-Image-3-de-jun.-de-2025-19_04_53.png?resize=200%2C300&amp;ssl=1 200w, https:\/\/i0.wp.com\/1truenote.com\/wp-content\/uploads\/2025\/06\/ChatGPT-Image-3-de-jun.-de-2025-19_04_53.png?resize=683%2C1024&amp;ssl=1 683w, https:\/\/i0.wp.com\/1truenote.com\/wp-content\/uploads\/2025\/06\/ChatGPT-Image-3-de-jun.-de-2025-19_04_53.png?resize=768%2C1152&amp;ssl=1 768w, https:\/\/i0.wp.com\/1truenote.com\/wp-content\/uploads\/2025\/06\/ChatGPT-Image-3-de-jun.-de-2025-19_04_53.png?resize=150%2C225&amp;ssl=1 150w\" sizes=\"(max-width: 1024px) 100vw, 1024px\" \/><\/a><\/figure>\n\n\n\n<hr class=\"wp-block-separator has-alpha-channel-opacity\"\/>\n\n\n\n<h3 id='5-ilumina\u00e7\u00e3o-retr\u00f4'  class=\"wp-block-heading\"><strong>5. Ilumina\u00e7\u00e3o retr\u00f4<\/strong><\/h3>\n\n\n\n<p>A ilumina\u00e7\u00e3o \u00e9 parte fundamental da decora\u00e7\u00e3o.<\/p>\n\n\n\n<ul class=\"wp-block-list\">\n<li><strong>Lumin\u00e1rias pendentes met\u00e1licas<\/strong>: Lembram cozinhas industriais antigas.<\/li>\n\n\n\n<li><strong>Luzes amareladas<\/strong>: Criam um clima acolhedor.<\/li>\n\n\n\n<li><strong>Detalhes de neon<\/strong>: Para uma pegada mais ousada e moderna dentro do retr\u00f4.<\/li>\n<\/ul>\n\n\n\n<hr class=\"wp-block-separator has-alpha-channel-opacity\"\/>\n\n\n\n<hr class=\"wp-block-separator has-alpha-channel-opacity\"\/>\n\n\n\n<figure class=\"wp-block-image aligncenter size-large\"><img data-recalc-dims=\"1\" decoding=\"async\" width=\"1024\" height=\"683\" src=\"https:\/\/i0.wp.com\/1truenote.com\/wp-content\/uploads\/2025\/08\/20250828_1337_Cores-de-Armarios-Harmonizadas_remix_01k3rrfkppfx298qgg0hsg3nhf.png?resize=1024%2C683&#038;ssl=1\" alt=\"\" class=\"wp-image-4064\" srcset=\"https:\/\/i0.wp.com\/1truenote.com\/wp-content\/uploads\/2025\/08\/20250828_1337_Cores-de-Armarios-Harmonizadas_remix_01k3rrfkppfx298qgg0hsg3nhf.png?resize=1024%2C683&amp;ssl=1 1024w, https:\/\/i0.wp.com\/1truenote.com\/wp-content\/uploads\/2025\/08\/20250828_1337_Cores-de-Armarios-Harmonizadas_remix_01k3rrfkppfx298qgg0hsg3nhf.png?resize=300%2C200&amp;ssl=1 300w, https:\/\/i0.wp.com\/1truenote.com\/wp-content\/uploads\/2025\/08\/20250828_1337_Cores-de-Armarios-Harmonizadas_remix_01k3rrfkppfx298qgg0hsg3nhf.png?resize=768%2C512&amp;ssl=1 768w, https:\/\/i0.wp.com\/1truenote.com\/wp-content\/uploads\/2025\/08\/20250828_1337_Cores-de-Armarios-Harmonizadas_remix_01k3rrfkppfx298qgg0hsg3nhf.png?resize=18%2C12&amp;ssl=1 18w, https:\/\/i0.wp.com\/1truenote.com\/wp-content\/uploads\/2025\/08\/20250828_1337_Cores-de-Armarios-Harmonizadas_remix_01k3rrfkppfx298qgg0hsg3nhf.png?resize=150%2C100&amp;ssl=1 150w, https:\/\/i0.wp.com\/1truenote.com\/wp-content\/uploads\/2025\/08\/20250828_1337_Cores-de-Armarios-Harmonizadas_remix_01k3rrfkppfx298qgg0hsg3nhf.png?w=1536&amp;ssl=1 1536w\" sizes=\"(max-width: 1024px) 100vw, 1024px\" \/><\/figure>\n\n\n\n<hr class=\"wp-block-separator has-alpha-channel-opacity\"\/>\n\n\n\n<h2 id='tabela-resumida-de-inspira\u00e7\u00e3o-para-cozinha-retr\u00f4'  class=\"wp-block-heading\"><strong>Tabela resumida de inspira\u00e7\u00e3o para cozinha retr\u00f4<\/strong><\/h2>\n\n\n\n<figure class=\"wp-block-table\"><table class=\"has-fixed-layout\"><thead><tr><th>Elemento<\/th><th>Sugest\u00f5es Retr\u00f4<\/th><\/tr><\/thead><tbody><tr><td>Geladeira<\/td><td>Colorida (vermelha, turquesa, amarela)<\/td><\/tr><tr><td>Revestimentos<\/td><td>Azulejos geom\u00e9tricos e pastilhas<\/td><\/tr><tr><td>Piso<\/td><td>Xadrez preto e branco<\/td><\/tr><tr><td>M\u00f3veis<\/td><td>Arm\u00e1rios com puxadores cromados<\/td><\/tr><tr><td>Acess\u00f3rios<\/td><td>Potes de vidro, panelas esmaltadas<\/td><\/tr><tr><td>Lighting<\/td><td>Lumin\u00e1rias met\u00e1licas, neon divertido<\/td><\/tr><\/tbody><\/table><\/figure>\n\n\n\n<hr class=\"wp-block-separator has-alpha-channel-opacity\"\/>\n\n\n\n<a href=\"https:\/\/1truenote.com\/en\/sala-de-cinema-em-casa-ideias\/\" style=\"text-decoration: none;\">\n  <div style=\"display: flex; justify-content: space-between; align-items: center; background: #d44a00; padding: 12px 20px; color: white; font-family: Arial, sans-serif;\">\n    <strong style=\"color: black;\">READ ALSO:<\/strong>\n    <span style=\"margin-left: 8px; flex: 1;\">Decora\u00e7\u00e3o de sala de cinema em casa<\/span>\n    <div style=\"background: #f2802f; padding: 8px 12px; border-radius: 2px; margin-left: 10px;\">\n      <span style=\"color: white; font-weight: bold;\">\u27a4<\/span>\n    <\/div>\n  <\/div>\n<\/a>\n\n\n\n<hr class=\"wp-block-separator has-alpha-channel-opacity\"\/>\n\n\n\n<h2 id='o-charme-atemporal-da-cozinha-retr\u00f4'  class=\"wp-block-heading\"><strong>O charme atemporal da cozinha retr\u00f4<\/strong><\/h2>\n\n\n\n<p>A cozinha retr\u00f4 \u00e9 muito mais do que uma tend\u00eancia de decora\u00e7\u00e3o \u2014 \u00e9 uma forma de trazer para dentro de casa mem\u00f3rias afetivas, personalidade e um estilo cheio de cores e detalhes que transformam o ambiente em um lugar acolhedor.<\/p>\n\n\n\n<p>Ao apostar em eletrodom\u00e9sticos coloridos, azulejos estampados, pisos xadrez e m\u00f3veis com design vintage, voc\u00ea cria uma atmosfera \u00fanica, que mistura nostalgia com modernidade. O mais interessante \u00e9 que o retr\u00f4 n\u00e3o precisa ser aplicado de forma literal: ele pode ser adaptado ao seu gosto pessoal, seja em uma cozinha totalmente vintage, seja em toques pontuais que convivem em harmonia com elementos contempor\u00e2neos.<\/p>\n\n\n\n<p>Al\u00e9m disso, a cozinha retr\u00f4 tem o poder de contar hist\u00f3rias. Cada item \u2014 uma geladeira vermelha, uma lumin\u00e1ria pendente ou um arm\u00e1rio de madeira com puxadores cromados \u2014 ajuda a compor um espa\u00e7o com identidade e alma, longe da frieza das decora\u00e7\u00f5es padronizadas.<\/p>\n\n\n\n<p>Seja em apartamentos pequenos ou em casas espa\u00e7osas, esse estilo \u00e9 democr\u00e1tico e vers\u00e1til, cabendo em diferentes contextos. Basta escolher a paleta de cores, os acess\u00f3rios certos e a ilumina\u00e7\u00e3o adequada para transformar sua cozinha em um verdadeiro ref\u00fagio de aconchego e autenticidade.<\/p>\n\n\n\n<p>No fim, a cozinha retr\u00f4 n\u00e3o \u00e9 apenas sobre est\u00e9tica \u2014 \u00e9 sobre criar um ambiente onde cozinhar, reunir amigos e compartilhar momentos se torna ainda mais prazeroso. Afinal, nada melhor do que unir funcionalidade e beleza em um espa\u00e7o t\u00e3o especial da casa.<\/p>\n\n\n\n<p>\u2728 <strong>Se inspire, ouse nas cores e detalhes, e permita que sua cozinha conte a sua hist\u00f3ria com um charme retr\u00f4 que nunca sai de moda!<\/strong><\/p>\n\n\n\n<hr class=\"wp-block-separator has-alpha-channel-opacity\"\/>\n\n\n\n<a href=\"https:\/\/1truenote.com\/en\/sala-de-cinema-em-casa-ideias\/\" style=\"text-decoration: none;\">\n  <div style=\"display: flex; justify-content: space-between; align-items: center; background: #d44a00; padding: 12px 20px; color: white; font-family: Arial, sans-serif;\">\n    <strong style=\"color: black;\">READ ALSO:<\/strong>\n    <span style=\"margin-left: 8px; flex: 1;\">Decora\u00e7\u00e3o de sala de cinema em casa<\/span>\n    <div style=\"background: #f2802f; padding: 8px 12px; border-radius: 2px; margin-left: 10px;\">\n      <span style=\"color: white; font-weight: bold;\">\u27a4<\/span>\n    <\/div>\n  <\/div>\n<\/a>\n\n\n\n\n<hr class=\"wp-block-separator has-alpha-channel-opacity\"\/>\n\n\n\n<h2 id='faq-sobre-cozinha-retr\u00f4'  class=\"wp-block-heading\">FAQ sobre cozinha retr\u00f4<\/h2>\n\n\n<div id=\"rank-math-faq\" class=\"rank-math-block\">\n<div class=\"rank-math-list\">\n<div id=\"faq-question-1756400654200\" class=\"rank-math-list-item\">\n<h3 id='cozinha-retr\u00f4-combina-com-ambientes-modernos'  class=\"rank-math-question\">Cozinha retr\u00f4 combina com ambientes modernos?<\/h3>\n<div class=\"rank-math-answer\">\n\n<p>Sim! O estilo retr\u00f4 pode ser misturado com elementos modernos, criando um visual vintage contempor\u00e2neo.<\/p>\n\n<\/div>\n<\/div>\n<div id=\"faq-question-1756400655573\" class=\"rank-math-list-item\">\n<h3 id='\u00e9-caro-montar-uma-cozinha-retr\u00f4'  class=\"rank-math-question\">\u00c9 caro montar uma cozinha retr\u00f4?<\/h3>\n<div class=\"rank-math-answer\">\n\n<p>N\u00e3o necessariamente. Pequenos detalhes, como uma geladeira colorida, azulejos estampados e acess\u00f3rios vintage j\u00e1 transformam o ambiente.<\/p>\n\n<\/div>\n<\/div>\n<div id=\"faq-question-1756400656155\" class=\"rank-math-list-item\">\n<h3 id='quais-cores-s\u00e3o-mais-usadas-em-cozinhas-retr\u00f4'  class=\"rank-math-question\">Quais cores s\u00e3o mais usadas em cozinhas retr\u00f4?<\/h3>\n<div class=\"rank-math-answer\">\n\n<p>As mais populares s\u00e3o vermelho, azul turquesa, amarelo mostarda, verde menta e o cl\u00e1ssico preto e branco.<\/p>\n\n<\/div>\n<\/div>\n<div id=\"faq-question-1756400657211\" class=\"rank-math-list-item\">\n<h3 id='posso-usar-ilumina\u00e7\u00e3o-de-led-em-cozinha-retr\u00f4'  class=\"rank-math-question\">Posso usar ilumina\u00e7\u00e3o de LED em cozinha retr\u00f4?<\/h3>\n<div class=\"rank-math-answer\">\n\n<p>Sim, desde que em tons quentes ou acompanhados de lumin\u00e1rias no estilo vintage.<\/p>\n\n<\/div>\n<\/div>\n<\/div>\n<\/div>\n\n\n<figure class=\"wp-block-image aligncenter size-large\"><img data-recalc-dims=\"1\" decoding=\"async\" width=\"1024\" height=\"683\" src=\"https:\/\/i0.wp.com\/1truenote.com\/wp-content\/uploads\/2025\/08\/ChatGPT-Image-28-de-ago.-de-2025-14_06_32.png?resize=1024%2C683&#038;ssl=1\" alt=\"cozinha retr\u00f4\" class=\"wp-image-4063\" srcset=\"https:\/\/i0.wp.com\/1truenote.com\/wp-content\/uploads\/2025\/08\/ChatGPT-Image-28-de-ago.-de-2025-14_06_32.png?resize=1024%2C683&amp;ssl=1 1024w, https:\/\/i0.wp.com\/1truenote.com\/wp-content\/uploads\/2025\/08\/ChatGPT-Image-28-de-ago.-de-2025-14_06_32.png?resize=300%2C200&amp;ssl=1 300w, https:\/\/i0.wp.com\/1truenote.com\/wp-content\/uploads\/2025\/08\/ChatGPT-Image-28-de-ago.-de-2025-14_06_32.png?resize=768%2C512&amp;ssl=1 768w, https:\/\/i0.wp.com\/1truenote.com\/wp-content\/uploads\/2025\/08\/ChatGPT-Image-28-de-ago.-de-2025-14_06_32.png?resize=18%2C12&amp;ssl=1 18w, https:\/\/i0.wp.com\/1truenote.com\/wp-content\/uploads\/2025\/08\/ChatGPT-Image-28-de-ago.-de-2025-14_06_32.png?resize=150%2C100&amp;ssl=1 150w, https:\/\/i0.wp.com\/1truenote.com\/wp-content\/uploads\/2025\/08\/ChatGPT-Image-28-de-ago.-de-2025-14_06_32.png?w=1536&amp;ssl=1 1536w\" sizes=\"(max-width: 1024px) 100vw, 1024px\" \/><\/figure>","protected":false},"excerpt":{"rendered":"<p>A cozinha retr\u00f4 \u00e9 uma tend\u00eancia que nunca sai de moda. Com cores vibrantes, m\u00f3veis de design cl\u00e1ssico e eletrodom\u00e9sticos&#8230;<\/p>","protected":false},"author":1,"featured_media":4063,"comment_status":"open","ping_status":"open","sticky":false,"template":"","format":"standard","meta":{"_kad_post_transparent":"","_kad_post_title":"","_kad_post_layout":"","_kad_post_sidebar_id":"","_kad_post_content_style":"","_kad_post_vertical_padding":"","_kad_post_feature":"","_kad_post_feature_position":"","_kad_post_header":false,"_kad_post_footer":false,"_kad_post_classname":"","footnotes":"","jetpack_publicize_message":"Equipamentos retr\u00f4. \nTemos a cozinha retr\u00f4 que \u00e9 uma tend\u00eancia que nunca sai de moda. Com cores vibrantes, m\u00f3veis de design cl\u00e1ssico e eletrodom\u00e9sticos inspirados nos anos 50, 60 e 70, esse estilo traz charme, personalidade e um toque nost\u00e1lgico para dentro de casa.\n\n#carvalhoconsultoriabrasil #truenote #decor #decoracao #cozinha #retro #cozinharetro","jetpack_publicize_feature_enabled":true,"jetpack_social_post_already_shared":true,"jetpack_social_options":{"image_generator_settings":{"template":"highway","default_image_id":0,"enabled":false},"version":2}},"categories":[16,1],"tags":[13,14,12],"class_list":["post-4062","post","type-post","status-publish","format-standard","has-post-thumbnail","hentry","category-casa-e-jardim","category-novidades","tag-minimalista","tag-interiores-inovadores","tag-projetos-inovadores"],"jetpack_publicize_connections":[],"jetpack_featured_media_url":"https:\/\/i0.wp.com\/1truenote.com\/wp-content\/uploads\/2025\/08\/ChatGPT-Image-28-de-ago.-de-2025-14_06_32.png?fit=1536%2C1024&ssl=1","jetpack_sharing_enabled":true,"_links":{"self":[{"href":"https:\/\/1truenote.com\/en\/wp-json\/wp\/v2\/posts\/4062","targetHints":{"allow":["GET"]}}],"collection":[{"href":"https:\/\/1truenote.com\/en\/wp-json\/wp\/v2\/posts"}],"about":[{"href":"https:\/\/1truenote.com\/en\/wp-json\/wp\/v2\/types\/post"}],"author":[{"embeddable":true,"href":"https:\/\/1truenote.com\/en\/wp-json\/wp\/v2\/users\/1"}],"replies":[{"embeddable":true,"href":"https:\/\/1truenote.com\/en\/wp-json\/wp\/v2\/comments?post=4062"}],"version-history":[{"count":1,"href":"https:\/\/1truenote.com\/en\/wp-json\/wp\/v2\/posts\/4062\/revisions"}],"predecessor-version":[{"id":4065,"href":"https:\/\/1truenote.com\/en\/wp-json\/wp\/v2\/posts\/4062\/revisions\/4065"}],"wp:featuredmedia":[{"embeddable":true,"href":"https:\/\/1truenote.com\/en\/wp-json\/wp\/v2\/media\/4063"}],"wp:attachment":[{"href":"https:\/\/1truenote.com\/en\/wp-json\/wp\/v2\/media?parent=4062"}],"wp:term":[{"taxonomy":"category","embeddable":true,"href":"https:\/\/1truenote.com\/en\/wp-json\/wp\/v2\/categories?post=4062"},{"taxonomy":"post_tag","embeddable":true,"href":"https:\/\/1truenote.com\/en\/wp-json\/wp\/v2\/tags?post=4062"}],"curies":[{"name":"wp","href":"https:\/\/api.w.org\/{rel}","templated":true}]}}