{"id":4048,"date":"2025-08-26T16:00:00","date_gmt":"2025-08-26T19:00:00","guid":{"rendered":"https:\/\/1truenote.com\/?p=4048"},"modified":"2025-08-26T14:38:14","modified_gmt":"2025-08-26T17:38:14","slug":"decoracao-musical-guitarras-vinis-instrumentos","status":"publish","type":"post","link":"https:\/\/1truenote.com\/en\/decoracao-musical-guitarras-vinis-instrumentos\/","title":{"rendered":"Decora\u00e7\u00e3o musical: Como transformar a paix\u00e3o pela m\u00fasica em estilo para sua casa"},"content":{"rendered":"<p>A m\u00fasica faz parte da vida de milh\u00f5es de pessoas \u2014 e para os apaixonados, ela vai al\u00e9m de simples notas ou acordes, tornando-se parte da identidade. \u00c9 justamente por isso que a <strong>decora\u00e7\u00e3o musical<\/strong> vem ganhando cada vez mais espa\u00e7o: Ela permite que instrumentos, discos e refer\u00eancias musicais fa\u00e7am parte do lar, criando ambientes cheios de personalidade.<\/p>\n\n\n\n<p>Seja atrav\u00e9s de guitarras na parede, cole\u00e7\u00f5es de vinil expostas como obras de arte ou at\u00e9 m\u00f3veis inspirados em notas e ritmos, a m\u00fasica pode estar presente em cada detalhe da sua casa. Neste artigo, vamos explorar <strong>ideias criativas, funcionais e sofisticadas<\/strong> para levar a paix\u00e3o pela m\u00fasica para a decora\u00e7\u00e3o.<\/p>\n\n\n\n<hr class=\"wp-block-separator has-alpha-channel-opacity\"\/>\n\n\n\n<h2 id='\ud83c\udfb8-guitarras-viol\u00f5es-e-outros-instrumentos-como-protagonistas'  class=\"wp-block-heading\">\ud83c\udfb8 Guitarras, viol\u00f5es e outros instrumentos como protagonistas<\/h2>\n\n\n\n<p>Os instrumentos musicais deixam de ser apenas objetos de uso e passam a ocupar lugar de destaque na decora\u00e7\u00e3o.<\/p>\n\n\n\n<h3 id='como-usar-guitarras-e-viol\u00f5es-na-decora\u00e7\u00e3o'  class=\"wp-block-heading\">Como usar guitarras e viol\u00f5es na decora\u00e7\u00e3o:<\/h3>\n\n\n\n<ul class=\"wp-block-list\">\n<li><strong>Suportes de parede<\/strong>: Pr\u00e1ticos e seguros, permitem pendurar os instrumentos como quadros art\u00edsticos.<\/li>\n\n\n\n<li><strong>Estantes verticais<\/strong>: Para quem tem mais de uma guitarra ou viol\u00e3o, um suporte de ch\u00e3o cria impacto visual.<\/li>\n\n\n\n<li><strong>Paredes tem\u00e1ticas<\/strong>: Combine instrumentos com p\u00f4steres de shows ou capas de \u00e1lbuns.<\/li>\n<\/ul>\n\n\n\n<h3 id='outros-instrumentos-que-funcionam-bem-na-decora\u00e7\u00e3o'  class=\"wp-block-heading\">Outros instrumentos que funcionam bem na decora\u00e7\u00e3o:<\/h3>\n\n\n\n<ul class=\"wp-block-list\">\n<li><strong>Baterias<\/strong>: Podem ser usadas em est\u00fadios e at\u00e9 adaptadas como mesas de centro.<\/li>\n\n\n\n<li><strong>Pianos<\/strong>: Cl\u00e1ssicos, d\u00e3o sofistica\u00e7\u00e3o e podem ser ponto focal de salas ou halls de entrada.<\/li>\n\n\n\n<li><strong>Instrumentos de sopro<\/strong>: Saxofones e trompetes ficam lindos emoldurados ou em suportes individuais.<\/li>\n<\/ul>\n\n\n\n<p>\ud83d\udca1 Dica: Escolha um canto da casa para ser o \u201cespa\u00e7o da m\u00fasica\u201d, em vez de espalhar instrumentos aleatoriamente. Isso traz <strong>coer\u00eancia visual<\/strong>.<\/p>\n\n\n\n<hr class=\"wp-block-separator has-alpha-channel-opacity\"\/>\n\n\n\n<h2 id='\ud83d\udcbf-vinis-cds-e-capas-de-discos-como-arte-na-parede'  class=\"wp-block-heading\">\ud83d\udcbf Vinis, CDs e capas de discos como arte na parede<\/h2>\n\n\n\n<p>Poucos elementos t\u00eam tanto valor est\u00e9tico quanto os vinis. Suas capas ic\u00f4nicas s\u00e3o perfeitas para a decora\u00e7\u00e3o.<\/p>\n\n\n\n<h3 id='ideias-para-usar-vinis-na-decora\u00e7\u00e3o'  class=\"wp-block-heading\">Ideias para usar vinis na decora\u00e7\u00e3o:<\/h3>\n\n\n\n<ul class=\"wp-block-list\">\n<li><strong>Galeria de capas<\/strong>: Emoldure suas favoritas e monte uma parede tem\u00e1tica.<\/li>\n\n\n\n<li><strong>Discos soltos<\/strong>: Prenda os vinis diretamente na parede para um visual mais despojado.<\/li>\n\n\n\n<li><strong>Estantes e racks<\/strong>: M\u00f3veis espec\u00edficos para vinis organizam e decoram ao mesmo tempo.<\/li>\n\n\n\n<li><strong>Mix com tecnologia<\/strong>: Combine um toca-discos moderno com caixas de som retr\u00f4.<\/li>\n<\/ul>\n\n\n\n<p>\ud83d\udccc Estilo ideal: Combina perfeitamente com <strong>decora\u00e7\u00e3o retr\u00f4, vintage e industrial<\/strong>.<\/p>\n\n\n\n<hr class=\"wp-block-separator has-alpha-channel-opacity\"\/>\n\n\n\n<h2 id='\ud83c\udfa4-quadros-p\u00f4steres-e-partituras'  class=\"wp-block-heading\">\ud83c\udfa4 Quadros, p\u00f4steres e partituras<\/h2>\n\n\n\n<p>Se voc\u00ea n\u00e3o tem instrumentos ou vinis, ainda \u00e9 poss\u00edvel criar uma decora\u00e7\u00e3o musical aut\u00eantica.<\/p>\n\n\n\n<ul class=\"wp-block-list\">\n<li><strong>Quadros de partituras<\/strong>: Elegantes e vers\u00e1teis, se encaixam em decora\u00e7\u00f5es modernas e minimalistas.<\/li>\n\n\n\n<li><strong>P\u00f4steres de bandas<\/strong>: Perfeitos para quartos jovens e est\u00fadios criativos.<\/li>\n\n\n\n<li><strong>Arte contempor\u00e2nea<\/strong>: Estampas abstratas inspiradas em ondas sonoras ou notas musicais trazem um ar sofisticado.<\/li>\n<\/ul>\n\n\n\n<p>\ud83d\udca1 Misture elementos: Uma guitarra real na parede pode ser complementada por quadros musicais em volta.<\/p>\n\n\n\n<hr class=\"wp-block-separator has-alpha-channel-opacity\"\/>\n\n\n\n<h2 id='\ud83c\udfb6-m\u00f3veis-e-objetos-inspirados-na-m\u00fasica'  class=\"wp-block-heading\">\ud83c\udfb6 M\u00f3veis e objetos inspirados na m\u00fasica<\/h2>\n\n\n\n<p>Al\u00e9m de instrumentos e quadros, \u00e9 poss\u00edvel levar a m\u00fasica para a decora\u00e7\u00e3o de forma <strong>sutil e criativa<\/strong> atrav\u00e9s dos m\u00f3veis.<\/p>\n\n\n\n<ul class=\"wp-block-list\">\n<li><strong>Mesas e lumin\u00e1rias feitas com instrumentos reaproveitados<\/strong>.<\/li>\n\n\n\n<li><strong>Prateleiras em formato de notas musicais<\/strong>.<\/li>\n\n\n\n<li><strong>Poltronas e sof\u00e1s em couro<\/strong>, remetendo a est\u00fadios cl\u00e1ssicos e salas de grava\u00e7\u00e3o.<\/li>\n\n\n\n<li><strong>Caixas de som retr\u00f4<\/strong> usadas como decora\u00e7\u00e3o permanente.<\/li>\n<\/ul>\n\n\n\n<p>Esses elementos funcionam bem tanto em ambientes modernos quanto em propostas mais aconchegantes.<\/p>\n\n\n\n<hr class=\"wp-block-separator has-alpha-channel-opacity\"\/>\n\n\n\n<h2 id='\ud83d\udca1-ilumina\u00e7\u00e3o-para-valorizar-a-decora\u00e7\u00e3o-musical'  class=\"wp-block-heading\">\ud83d\udca1 Ilumina\u00e7\u00e3o para valorizar a decora\u00e7\u00e3o musical<\/h2>\n\n\n\n<p>A luz \u00e9 respons\u00e1vel por destacar os detalhes da decora\u00e7\u00e3o \u2014 e quando falamos de m\u00fasica, ela pode criar verdadeiros palcos dentro de casa.<\/p>\n\n\n\n<ul class=\"wp-block-list\">\n<li><strong>Spots direcionados<\/strong>: perfeitos para real\u00e7ar guitarras ou quadros musicais.<\/li>\n\n\n\n<li><strong>Fitas de LED<\/strong>: criam atmosferas vibrantes e modernas, \u00f3timas para jovens e ambientes descontra\u00eddos.<\/li>\n\n\n\n<li><strong>Lumin\u00e1rias de design<\/strong>: modelos em cobre ou preto trazem um ar industrial que combina com a est\u00e9tica rock\u2019n\u2019roll.<\/li>\n<\/ul>\n\n\n\n<hr class=\"wp-block-separator has-alpha-channel-opacity\"\/>\n\n\n\n<h2 id='\ud83c\udfe0-onde-usar-a-decora\u00e7\u00e3o-musical'  class=\"wp-block-heading\">\ud83c\udfe0 Onde usar a decora\u00e7\u00e3o musical?<\/h2>\n\n\n\n<p>A m\u00fasica pode estar presente em praticamente qualquer ambiente:<\/p>\n\n\n\n<ul class=\"wp-block-list\">\n<li><strong>Sala de estar<\/strong>: Perfeita para guitarras na parede e vinis em racks.<\/li>\n\n\n\n<li><strong>Quarto<\/strong>: P\u00f4steres, fones de ouvido grandes como pe\u00e7a decorativa e ilumina\u00e7\u00e3o intimista.<\/li>\n\n\n\n<li><strong>Escrit\u00f3rio\/home office<\/strong>: Quadros de partituras e instrumentos menores, como ukulel\u00eas.<\/li>\n\n\n\n<li><strong>Est\u00fadios pessoais<\/strong>: Integra\u00e7\u00e3o completa de som, ac\u00fastica e decora\u00e7\u00e3o tem\u00e1tica.<\/li>\n<\/ul>\n\n\n\n<hr class=\"wp-block-separator has-alpha-channel-opacity\"\/>\n\n\n\n<figure class=\"wp-block-image aligncenter size-medium\"><a href=\"https:\/\/chat.whatsapp.com\/KJBkp5LFJVRIvmt5X3hSEh\" target=\"_blank\" rel=\"noopener\"><img fetchpriority=\"high\" decoding=\"async\" width=\"1024\" height=\"1536\" src=\"https:\/\/i0.wp.com\/1truenote.com\/wp-content\/uploads\/2025\/06\/ChatGPT-Image-3-de-jun.-de-2025-19_04_53.png?fit=200%2C300&amp;ssl=1\" alt=\"chamada banner advetorial whats\" class=\"wp-image-2683\" srcset=\"https:\/\/i0.wp.com\/1truenote.com\/wp-content\/uploads\/2025\/06\/ChatGPT-Image-3-de-jun.-de-2025-19_04_53.png?w=1024&amp;ssl=1 1024w, https:\/\/i0.wp.com\/1truenote.com\/wp-content\/uploads\/2025\/06\/ChatGPT-Image-3-de-jun.-de-2025-19_04_53.png?resize=200%2C300&amp;ssl=1 200w, https:\/\/i0.wp.com\/1truenote.com\/wp-content\/uploads\/2025\/06\/ChatGPT-Image-3-de-jun.-de-2025-19_04_53.png?resize=683%2C1024&amp;ssl=1 683w, https:\/\/i0.wp.com\/1truenote.com\/wp-content\/uploads\/2025\/06\/ChatGPT-Image-3-de-jun.-de-2025-19_04_53.png?resize=768%2C1152&amp;ssl=1 768w, https:\/\/i0.wp.com\/1truenote.com\/wp-content\/uploads\/2025\/06\/ChatGPT-Image-3-de-jun.-de-2025-19_04_53.png?resize=150%2C225&amp;ssl=1 150w\" sizes=\"(max-width: 1024px) 100vw, 1024px\" \/><\/a><\/figure>\n\n\n\n<hr class=\"wp-block-separator has-alpha-channel-opacity\"\/>\n\n\n\n<h2 id='\ud83c\udf1f-estilos-de-decora\u00e7\u00e3o-musical'  class=\"wp-block-heading\">\ud83c\udf1f Estilos de decora\u00e7\u00e3o musical<\/h2>\n\n\n\n<p>A decora\u00e7\u00e3o musical pode assumir diferentes estilos, dependendo da sua proposta:<\/p>\n\n\n\n<figure class=\"wp-block-table\"><table class=\"has-fixed-layout\"><thead><tr><th>Estilo<\/th><th>Caracter\u00edsticas Musicais na Decora\u00e7\u00e3o<\/th><\/tr><\/thead><tbody><tr><td><strong>Retr\u00f4\/Vintage<\/strong><\/td><td>Vinis, toca-discos, capas de \u00e1lbuns cl\u00e1ssicos<\/td><\/tr><tr><td><strong>Industrial<\/strong><\/td><td>Tijolos aparentes, instrumentos em metal, ilumina\u00e7\u00e3o com fios expostos<\/td><\/tr><tr><td><strong>Minimalista<\/strong><\/td><td>Quadros de partituras, guitarras em suportes discretos<\/td><\/tr><tr><td><strong>Moderno<\/strong><\/td><td>LED, m\u00f3veis funcionais, integra\u00e7\u00e3o com tecnologia<\/td><\/tr><tr><td><strong>Aconchegante<\/strong><\/td><td>Madeiras claras, instrumentos ac\u00fasticos, detalhes artesanais<\/td><\/tr><\/tbody><\/table><\/figure>\n\n\n\n<hr class=\"wp-block-separator has-alpha-channel-opacity\"\/>\n\n\n\n<a href=\"https:\/\/1truenote.com\/en\/decoracao-escritorio-no-armario\/\" style=\"text-decoration: none;\">\n  <div style=\"display: flex; justify-content: space-between; align-items: center; background: #d44a00; padding: 12px 20px; color: white; font-family: Arial, sans-serif;\">\n    <strong style=\"color: black;\">READ ALSO:<\/strong>\n    <span style=\"margin-left: 8px; flex: 1;\">Escrit\u00f3rio no arm\u00e1rio<\/span>\n    <div style=\"background: #f2802f; padding: 8px 12px; border-radius: 2px; margin-left: 10px;\">\n      <span style=\"color: white; font-weight: bold;\">\u27a4<\/span>\n    <\/div>\n  <\/div>\n<\/a>\n\n\n\n<hr class=\"wp-block-separator has-alpha-channel-opacity\"\/>\n\n\n\n<h2 id='decora\u00e7\u00e3o-musical'  class=\"wp-block-heading\">Decora\u00e7\u00e3o musical<\/h2>\n\n\n\n<p>A <strong>decora\u00e7\u00e3o musical<\/strong> \u00e9 mais do que est\u00e9tica: \u00c9 uma forma de trazer sua paix\u00e3o para dentro de casa. Guitarras, vinis, p\u00f4steres e m\u00f3veis inspirados em notas musicais transformam ambientes comuns em espa\u00e7os cheios de personalidade, conforto e estilo.<\/p>\n\n\n\n<p>Seja voc\u00ea um m\u00fasico profissional ou apenas um amante da boa m\u00fasica, existem infinitas possibilidades para integrar esse universo \u00e0 sua casa.<\/p>\n\n\n\n<hr class=\"wp-block-separator has-alpha-channel-opacity\"\/>\n\n\n\n<a href=\"https:\/\/1truenote.com\/en\/decoracao-escritorio-no-armario\/\" style=\"text-decoration: none;\">\n  <div style=\"display: flex; justify-content: space-between; align-items: center; background: #d44a00; padding: 12px 20px; color: white; font-family: Arial, sans-serif;\">\n    <strong style=\"color: black;\">READ ALSO:<\/strong>\n    <span style=\"margin-left: 8px; flex: 1;\">Escrit\u00f3rio no arm\u00e1rio<\/span>\n    <div style=\"background: #f2802f; padding: 8px 12px; border-radius: 2px; margin-left: 10px;\">\n      <span style=\"color: white; font-weight: bold;\">\u27a4<\/span>\n    <\/div>\n  <\/div>\n<\/a>\n\n\n\n\n<hr class=\"wp-block-separator has-alpha-channel-opacity\"\/>\n\n\n\n<h2 id='faq-tudo-sobre-a-decora\u00e7\u00e3o-musical'  class=\"wp-block-heading\">FAQ \u2013 Tudo sobre a decora\u00e7\u00e3o musical<\/h2>\n\n\n<div id=\"rank-math-faq\" class=\"rank-math-block\">\n<div class=\"rank-math-list\">\n<div id=\"faq-question-1756227851179\" class=\"rank-math-list-item\">\n<h3 id='como-proteger-guitarras-e-instrumentos-usados-na-decora\u00e7\u00e3o'  class=\"rank-math-question\">Como proteger guitarras e instrumentos usados na decora\u00e7\u00e3o?<\/h3>\n<div class=\"rank-math-answer\">\n\n<p>Use suportes pr\u00f3prios e mantenha-os longe de umidade e sol direto.<\/p>\n\n<\/div>\n<\/div>\n<div id=\"faq-question-1756227852665\" class=\"rank-math-list-item\">\n<h3 id='posso-usar-discos-de-vinil-originais-na-parede-sem-danific\u00e1-los'  class=\"rank-math-question\">Posso usar discos de vinil originais na parede sem danific\u00e1-los?<\/h3>\n<div class=\"rank-math-answer\">\n\n<p>O ideal \u00e9 usar c\u00f3pias ou capas antigas. Para discos de cole\u00e7\u00e3o, prefira molduras com prote\u00e7\u00e3o.<\/p>\n\n<\/div>\n<\/div>\n<div id=\"faq-question-1756227853891\" class=\"rank-math-list-item\">\n<h3 id='quais-instrumentos-funcionam-melhor-como-decora\u00e7\u00e3o'  class=\"rank-math-question\">Quais instrumentos funcionam melhor como decora\u00e7\u00e3o?<\/h3>\n<div class=\"rank-math-answer\">\n\n<p>Viol\u00f5es, guitarras, teclados vintage, saxofones e at\u00e9 baterias compactas.<\/p>\n\n<\/div>\n<\/div>\n<div id=\"faq-question-1756227854522\" class=\"rank-math-list-item\">\n<h3 id='a-decora\u00e7\u00e3o-musical-combina-s\u00f3-com-estilos-retr\u00f4'  class=\"rank-math-question\">A decora\u00e7\u00e3o musical combina s\u00f3 com estilos retr\u00f4?<\/h3>\n<div class=\"rank-math-answer\">\n\n<p>N\u00e3o! Ela pode ser adaptada ao moderno, industrial, minimalista ou at\u00e9 cl\u00e1ssico.<\/p>\n\n<\/div>\n<\/div>\n<div id=\"faq-question-1756227927437\" class=\"rank-math-list-item\">\n<h3 id='\u00e9-poss\u00edvel-criar-uma-decora\u00e7\u00e3o-musical-sem-ter-instrumentos'  class=\"rank-math-question\">\u00c9 poss\u00edvel criar uma decora\u00e7\u00e3o musical sem ter instrumentos?<\/h3>\n<div class=\"rank-math-answer\">\n\n<p>Sim! Use quadros, p\u00f4steres, vinis decorativos e m\u00f3veis inspirados em m\u00fasica.<\/p>\n\n<\/div>\n<\/div>\n<\/div>\n<\/div>\n\n\n<figure class=\"wp-block-image aligncenter size-large\"><img data-recalc-dims=\"1\" decoding=\"async\" width=\"1024\" height=\"683\" src=\"https:\/\/i0.wp.com\/1truenote.com\/wp-content\/uploads\/2025\/08\/20250826_1411_Modern-Guitar-Decor_remix_01k3knnnt5fpptezfhd1kay50x.png?resize=1024%2C683&#038;ssl=1\" alt=\"decora\u00e7\u00e3o musical\" class=\"wp-image-4049\" srcset=\"https:\/\/i0.wp.com\/1truenote.com\/wp-content\/uploads\/2025\/08\/20250826_1411_Modern-Guitar-Decor_remix_01k3knnnt5fpptezfhd1kay50x.png?resize=1024%2C683&amp;ssl=1 1024w, https:\/\/i0.wp.com\/1truenote.com\/wp-content\/uploads\/2025\/08\/20250826_1411_Modern-Guitar-Decor_remix_01k3knnnt5fpptezfhd1kay50x.png?resize=300%2C200&amp;ssl=1 300w, https:\/\/i0.wp.com\/1truenote.com\/wp-content\/uploads\/2025\/08\/20250826_1411_Modern-Guitar-Decor_remix_01k3knnnt5fpptezfhd1kay50x.png?resize=768%2C512&amp;ssl=1 768w, https:\/\/i0.wp.com\/1truenote.com\/wp-content\/uploads\/2025\/08\/20250826_1411_Modern-Guitar-Decor_remix_01k3knnnt5fpptezfhd1kay50x.png?resize=18%2C12&amp;ssl=1 18w, https:\/\/i0.wp.com\/1truenote.com\/wp-content\/uploads\/2025\/08\/20250826_1411_Modern-Guitar-Decor_remix_01k3knnnt5fpptezfhd1kay50x.png?resize=150%2C100&amp;ssl=1 150w, https:\/\/i0.wp.com\/1truenote.com\/wp-content\/uploads\/2025\/08\/20250826_1411_Modern-Guitar-Decor_remix_01k3knnnt5fpptezfhd1kay50x.png?w=1536&amp;ssl=1 1536w\" sizes=\"(max-width: 1024px) 100vw, 1024px\" \/><\/figure>","protected":false},"excerpt":{"rendered":"<p>A m\u00fasica faz parte da vida de milh\u00f5es de pessoas \u2014 e para os apaixonados, ela vai al\u00e9m de simples&#8230;<\/p>","protected":false},"author":1,"featured_media":4049,"comment_status":"open","ping_status":"open","sticky":false,"template":"","format":"standard","meta":{"_kad_post_transparent":"","_kad_post_title":"","_kad_post_layout":"","_kad_post_sidebar_id":"","_kad_post_content_style":"","_kad_post_vertical_padding":"","_kad_post_feature":"","_kad_post_feature_position":"","_kad_post_header":false,"_kad_post_footer":false,"_kad_post_classname":"","footnotes":"","jetpack_publicize_message":"A m\u00fasica faz parte da vida de milh\u00f5es de pessoas \u2014 e para os apaixonados, ela vai al\u00e9m de simples notas ou acordes, tornando-se parte da identidade. \u00c9 justamente por isso que a decora\u00e7\u00e3o musical vem ganhando cada vez mais espa\u00e7o.\n\n#carvalhoconsultoriabrasil #truenote #decor #decoracao #musica #musical #cantodamusica #cantinhodamusica #cantinhomusical","jetpack_publicize_feature_enabled":true,"jetpack_social_post_already_shared":true,"jetpack_social_options":{"image_generator_settings":{"template":"highway","default_image_id":0,"enabled":false},"version":2}},"categories":[16,9],"tags":[13,14],"class_list":["post-4048","post","type-post","status-publish","format-standard","has-post-thumbnail","hentry","category-casa-e-jardim","category-lazer","tag-minimalista","tag-interiores-inovadores"],"jetpack_publicize_connections":[],"jetpack_featured_media_url":"https:\/\/i0.wp.com\/1truenote.com\/wp-content\/uploads\/2025\/08\/20250826_1411_Modern-Guitar-Decor_remix_01k3knnnt5fpptezfhd1kay50x.png?fit=1536%2C1024&ssl=1","jetpack_sharing_enabled":true,"_links":{"self":[{"href":"https:\/\/1truenote.com\/en\/wp-json\/wp\/v2\/posts\/4048","targetHints":{"allow":["GET"]}}],"collection":[{"href":"https:\/\/1truenote.com\/en\/wp-json\/wp\/v2\/posts"}],"about":[{"href":"https:\/\/1truenote.com\/en\/wp-json\/wp\/v2\/types\/post"}],"author":[{"embeddable":true,"href":"https:\/\/1truenote.com\/en\/wp-json\/wp\/v2\/users\/1"}],"replies":[{"embeddable":true,"href":"https:\/\/1truenote.com\/en\/wp-json\/wp\/v2\/comments?post=4048"}],"version-history":[{"count":1,"href":"https:\/\/1truenote.com\/en\/wp-json\/wp\/v2\/posts\/4048\/revisions"}],"predecessor-version":[{"id":4050,"href":"https:\/\/1truenote.com\/en\/wp-json\/wp\/v2\/posts\/4048\/revisions\/4050"}],"wp:featuredmedia":[{"embeddable":true,"href":"https:\/\/1truenote.com\/en\/wp-json\/wp\/v2\/media\/4049"}],"wp:attachment":[{"href":"https:\/\/1truenote.com\/en\/wp-json\/wp\/v2\/media?parent=4048"}],"wp:term":[{"taxonomy":"category","embeddable":true,"href":"https:\/\/1truenote.com\/en\/wp-json\/wp\/v2\/categories?post=4048"},{"taxonomy":"post_tag","embeddable":true,"href":"https:\/\/1truenote.com\/en\/wp-json\/wp\/v2\/tags?post=4048"}],"curies":[{"name":"wp","href":"https:\/\/api.w.org\/{rel}","templated":true}]}}