{"id":4035,"date":"2025-08-21T14:00:00","date_gmt":"2025-08-21T17:00:00","guid":{"rendered":"https:\/\/1truenote.com\/?p=4035"},"modified":"2025-08-21T11:41:21","modified_gmt":"2025-08-21T14:41:21","slug":"decoracao-para-escadas","status":"publish","type":"post","link":"https:\/\/1truenote.com\/en\/decoracao-para-escadas\/","title":{"rendered":"Decora\u00e7\u00e3o para escadas: Ideias criativas para transformar seu lar"},"content":{"rendered":"<h2 id='introdu\u00e7\u00e3o-sobre-decora\u00e7\u00e3o-para-escadas'  class=\"wp-block-heading\">Introdu\u00e7\u00e3o sobre decora\u00e7\u00e3o para escadas<\/h2>\n\n\n\n<p><strong>Decora\u00e7\u00e3o para escadas<\/strong>. A escada \u00e9 um elemento arquitet\u00f4nico que muitas vezes passa despercebido na decora\u00e7\u00e3o da casa. No entanto, ela pode ser transformada em um ponto de destaque, trazendo estilo, personalidade e at\u00e9 funcionalidade para o ambiente. Seja em casas grandes ou sobrados compactos, investir em <strong>decora\u00e7\u00e3o para escadas<\/strong> \u00e9 uma forma inteligente de valorizar o espa\u00e7o e torn\u00e1-lo mais acolhedor.<\/p>\n\n\n\n<p>Aqui voc\u00ea vai descobrir ideias pr\u00e1ticas e inspiradoras para decorar sua escada, desde a aplica\u00e7\u00e3o de quadros na parede at\u00e9 o aproveitamento do espa\u00e7o embaixo dos degraus.<\/p>\n\n\n\n<hr class=\"wp-block-separator has-alpha-channel-opacity\"\/>\n\n\n\n<h2 id='1-galeria-de-quadros-na-parede-da-escada'  class=\"wp-block-heading\">1. Galeria de quadros na parede da escada<\/h2>\n\n\n\n<p>Uma das formas mais cl\u00e1ssicas e charmosas de decorar \u00e9 transformar a parede da escada em uma <strong>galeria de arte<\/strong>.<\/p>\n\n\n\n<ul class=\"wp-block-list\">\n<li><strong>Quadros em diferentes tamanhos<\/strong> criam movimento e modernidade.<\/li>\n\n\n\n<li><strong>Fotografias em preto e branco<\/strong> deixam o espa\u00e7o sofisticado.<\/li>\n\n\n\n<li><strong>Mistura de molduras<\/strong> traz personalidade e estilo descontra\u00eddo.<\/li>\n<\/ul>\n\n\n\n<p>Essa ideia funciona tanto em escadas com paredes largas quanto em corredores estreitos, criando impacto visual sem ocupar espa\u00e7o f\u00edsico.<\/p>\n\n\n\n<hr class=\"wp-block-separator has-alpha-channel-opacity\"\/>\n\n\n\n<h2 id='2-papel-de-parede-ou-pintura-criativa'  class=\"wp-block-heading\">2. Papel de parede ou pintura criativa<\/h2>\n\n\n\n<p>Se voc\u00ea deseja dar destaque \u00e0 escada sem usar muitos elementos decorativos, apostar em <strong>papel de parede<\/strong> ou <strong>pintura personalizada<\/strong> \u00e9 uma \u00f3tima solu\u00e7\u00e3o.<\/p>\n\n\n\n<ul class=\"wp-block-list\">\n<li><strong>Geom\u00e9tricos modernos<\/strong> para um visual arrojado.<\/li>\n\n\n\n<li><strong>Listras verticais<\/strong> que alongam e d\u00e3o sensa\u00e7\u00e3o de amplitude.<\/li>\n\n\n\n<li><strong>Tons neutros<\/strong> para quem busca eleg\u00e2ncia discreta.<\/li>\n<\/ul>\n\n\n\n<p>Uma tend\u00eancia atual \u00e9 usar <strong>cores diferentes no corrim\u00e3o e nos degraus<\/strong>, criando contraste sofisticado.<\/p>\n\n\n\n<hr class=\"wp-block-separator has-alpha-channel-opacity\"\/>\n\n\n\n<h2 id='3-ilumina\u00e7\u00e3o-para-escadas'  class=\"wp-block-heading\">3. Ilumina\u00e7\u00e3o para escadas<\/h2>\n\n\n\n<p>A ilumina\u00e7\u00e3o \u00e9 um recurso essencial n\u00e3o apenas para seguran\u00e7a, mas tamb\u00e9m para valorizar a decora\u00e7\u00e3o.<\/p>\n\n\n\n<ul class=\"wp-block-list\">\n<li><strong>Lumin\u00e1rias pendentes<\/strong> criam impacto visual em escadas amplas.<\/li>\n\n\n\n<li><strong>Arandelas<\/strong> distribu\u00eddas ao longo da parede d\u00e3o aconchego.<\/li>\n\n\n\n<li><strong>Fitas de LED nos degraus<\/strong> deixam o ambiente moderno e funcional.<\/li>\n<\/ul>\n\n\n\n<p>Al\u00e9m disso, um <strong>lustre imponente<\/strong> no v\u00e3o da escada pode se tornar o grande protagonista da decora\u00e7\u00e3o.<\/p>\n\n\n\n<hr class=\"wp-block-separator has-alpha-channel-opacity\"\/>\n\n\n\n<h2 id='4-aproveitamento-do-espa\u00e7o-embaixo-da-escada'  class=\"wp-block-heading\">4. Aproveitamento do espa\u00e7o embaixo da escada<\/h2>\n\n\n\n<p>O espa\u00e7o embaixo da escada pode ser muito mais do que uma \u00e1rea esquecida. Veja algumas ideias:<\/p>\n\n\n\n<ul class=\"wp-block-list\">\n<li><strong>Home office compacto<\/strong> com mesa embutida.<\/li>\n\n\n\n<li><strong>Adega ou barzinho<\/strong> para receber amigos.<\/li>\n\n\n\n<li><strong>Estante de livros ou nichos decorativos<\/strong>.<\/li>\n\n\n\n<li><strong>Arm\u00e1rio fechado<\/strong> para ganhar espa\u00e7o de armazenamento.<\/li>\n<\/ul>\n\n\n\n<p>Essa solu\u00e7\u00e3o \u00e9 perfeita para quem mora em casas menores e precisa aliar <strong>funcionalidade \u00e0 est\u00e9tica<\/strong>.<\/p>\n\n\n\n<hr class=\"wp-block-separator has-alpha-channel-opacity\"\/>\n\n\n\n<figure class=\"wp-block-image aligncenter size-medium\"><a href=\"https:\/\/chat.whatsapp.com\/KJBkp5LFJVRIvmt5X3hSEh\" target=\"_blank\" rel=\"noopener\"><img data-recalc-dims=\"1\" fetchpriority=\"high\" decoding=\"async\" width=\"200\" height=\"300\" src=\"https:\/\/i0.wp.com\/1truenote.com\/wp-content\/uploads\/2025\/06\/ChatGPT-Image-3-de-jun.-de-2025-19_04_53.png?resize=200%2C300&#038;ssl=1\" alt=\"chamada banner advetorial whats\" class=\"wp-image-2683\" srcset=\"https:\/\/i0.wp.com\/1truenote.com\/wp-content\/uploads\/2025\/06\/ChatGPT-Image-3-de-jun.-de-2025-19_04_53.png?resize=200%2C300&amp;ssl=1 200w, https:\/\/i0.wp.com\/1truenote.com\/wp-content\/uploads\/2025\/06\/ChatGPT-Image-3-de-jun.-de-2025-19_04_53.png?resize=683%2C1024&amp;ssl=1 683w, https:\/\/i0.wp.com\/1truenote.com\/wp-content\/uploads\/2025\/06\/ChatGPT-Image-3-de-jun.-de-2025-19_04_53.png?resize=768%2C1152&amp;ssl=1 768w, https:\/\/i0.wp.com\/1truenote.com\/wp-content\/uploads\/2025\/06\/ChatGPT-Image-3-de-jun.-de-2025-19_04_53.png?resize=150%2C225&amp;ssl=1 150w, https:\/\/i0.wp.com\/1truenote.com\/wp-content\/uploads\/2025\/06\/ChatGPT-Image-3-de-jun.-de-2025-19_04_53.png?w=1024&amp;ssl=1 1024w\" sizes=\"(max-width: 200px) 100vw, 200px\" \/><\/a><\/figure>\n\n\n\n<hr class=\"wp-block-separator has-alpha-channel-opacity\"\/>\n\n\n\n<h2 id='5-escada-como-ponto-de-destaque-arquitet\u00f4nico'  class=\"wp-block-heading\">5. Escada como ponto de destaque arquitet\u00f4nico<\/h2>\n\n\n\n<p>Al\u00e9m da decora\u00e7\u00e3o, a pr\u00f3pria escada pode ser pensada como <strong>elemento decorativo<\/strong>:<\/p>\n\n\n\n<ul class=\"wp-block-list\">\n<li><strong>Degraus com revestimento diferente<\/strong> (madeira + cimento queimado, por exemplo).<\/li>\n\n\n\n<li><strong>Corrim\u00e3o de ferro trabalhado ou vidro<\/strong> para estilos variados.<\/li>\n\n\n\n<li><strong>Escadas flutuantes<\/strong> para ambientes modernos e clean.<\/li>\n<\/ul>\n\n\n\n<hr class=\"wp-block-separator has-alpha-channel-opacity\"\/>\n\n\n\n<a href=\"https:\/\/1truenote.com\/en\/cozinha-e-sala-integrados-ideias\/\" style=\"text-decoration: none;\">\n  <div style=\"display: flex; justify-content: space-between; align-items: center; background: #d44a00; padding: 12px 20px; color: white; font-family: Arial, sans-serif;\">\n    <strong style=\"color: black;\">READ ALSO:<\/strong>\n    <span style=\"margin-left: 8px; flex: 1;\">Cozinha e sala integrados<\/span>\n    <div style=\"background: #f2802f; padding: 8px 12px; border-radius: 2px; margin-left: 10px;\">\n      <span style=\"color: white; font-weight: bold;\">\u27a4<\/span>\n    <\/div>\n  <\/div>\n<\/a>\n\n\n\n<hr class=\"wp-block-separator has-alpha-channel-opacity\"\/>\n\n\n\n<h2 id='tabela-de-ideias-r\u00e1pidas-para-decora\u00e7\u00e3o-de-escadas'  class=\"wp-block-heading\">Tabela de ideias r\u00e1pidas para decora\u00e7\u00e3o de escadas<\/h2>\n\n\n\n<figure class=\"wp-block-table\"><table class=\"has-fixed-layout\"><thead><tr><th>Ideia<\/th><th>Estilo Indicado<\/th><th>Vantagem<\/th><\/tr><\/thead><tbody><tr><td>Galeria de quadros<\/td><td>Cl\u00e1ssico e contempor\u00e2neo<\/td><td>Personaliza\u00e7\u00e3o com mem\u00f3rias<\/td><\/tr><tr><td>Papel de parede<\/td><td>Moderno e criativo<\/td><td>Destaque visual imediato<\/td><\/tr><tr><td>Ilumina\u00e7\u00e3o em LED<\/td><td>Minimalista e tecnol\u00f3gico<\/td><td>Funcionalidade + estilo<\/td><\/tr><tr><td>Aproveitamento do espa\u00e7o<\/td><td>Compacto e funcional<\/td><td>Mais organiza\u00e7\u00e3o no lar<\/td><\/tr><tr><td>Corrim\u00e3o diferenciado<\/td><td>Elegante e moderno<\/td><td>Valoriza\u00e7\u00e3o arquitet\u00f4nica<\/td><\/tr><\/tbody><\/table><\/figure>\n\n\n\n<hr class=\"wp-block-separator has-alpha-channel-opacity\"\/>\n\n\n\n<h2 id='decora\u00e7\u00e3o-para-escadas'  class=\"wp-block-heading\">Decora\u00e7\u00e3o para escadas<\/h2>\n\n\n\n<p>A escada pode ir muito al\u00e9m da sua fun\u00e7\u00e3o pr\u00e1tica e se transformar em um <strong>cart\u00e3o de visitas da sua casa<\/strong>. Com pequenas mudan\u00e7as, como adicionar quadros, investir em ilumina\u00e7\u00e3o ou aproveitar o espa\u00e7o embaixo dos degraus, voc\u00ea consegue trazer mais charme e funcionalidade para esse cantinho muitas vezes esquecido.<\/p>\n\n\n\n<p>Seja com um estilo cl\u00e1ssico, moderno ou criativo, a <strong>decora\u00e7\u00e3o para escadas<\/strong> \u00e9 uma oportunidade incr\u00edvel de valorizar seu lar e expressar sua personalidade.<\/p>\n\n\n\n<hr class=\"wp-block-separator has-alpha-channel-opacity\"\/>\n\n\n\n<a href=\"https:\/\/1truenote.com\/en\/cozinha-e-sala-integrados-ideias\/\" style=\"text-decoration: none;\">\n  <div style=\"display: flex; justify-content: space-between; align-items: center; background: #d44a00; padding: 12px 20px; color: white; font-family: Arial, sans-serif;\">\n    <strong style=\"color: black;\">READ ALSO:<\/strong>\n    <span style=\"margin-left: 8px; flex: 1;\">Cozinha e sala integrados<\/span>\n    <div style=\"background: #f2802f; padding: 8px 12px; border-radius: 2px; margin-left: 10px;\">\n      <span style=\"color: white; font-weight: bold;\">\u27a4<\/span>\n    <\/div>\n  <\/div>\n<\/a>\n\n\n\n<hr class=\"wp-block-separator has-alpha-channel-opacity\"\/>\n\n\n\n<h2 id='faq-perguntas-frequentes-sobre-decora\u00e7\u00e3o-para-escadas'  class=\"wp-block-heading\">(FAQ) &#8211; Perguntas frequentes sobre decora\u00e7\u00e3o para escadas<\/h2>\n\n\n<div id=\"rank-math-faq\" class=\"rank-math-block\">\n<div class=\"rank-math-list\">\n<div id=\"faq-question-1755784167266\" class=\"rank-math-list-item\">\n<h3 id='qual-\u00e9-a-melhor-forma-de-decorar-a-parede-da-escada'  class=\"rank-math-question\">Qual \u00e9 a melhor forma de decorar a parede da escada?<\/h3>\n<div class=\"rank-math-answer\">\n\n<p>Depende do estilo da sua casa. Quadros s\u00e3o vers\u00e1teis e funcionam em quase todos os ambientes, mas papel de parede tamb\u00e9m pode ser uma boa op\u00e7\u00e3o para um visual mais impactante.<\/p>\n\n<\/div>\n<\/div>\n<div id=\"faq-question-1755784168488\" class=\"rank-math-list-item\">\n<h3 id='como-aproveitar-o-espa\u00e7o-embaixo-da-escada'  class=\"rank-math-question\">Como aproveitar o espa\u00e7o embaixo da escada?<\/h3>\n<div class=\"rank-math-answer\">\n\n<p>Voc\u00ea pode transform\u00e1-lo em arm\u00e1rio, barzinho, home office ou at\u00e9 em um cantinho de leitura, dependendo do tamanho e do estilo do ambiente.<\/p>\n\n<\/div>\n<\/div>\n<div id=\"faq-question-1755784169093\" class=\"rank-math-list-item\">\n<h3 id='escadas-pequenas-tamb\u00e9m-podem-ser-decoradas'  class=\"rank-math-question\">Escadas pequenas tamb\u00e9m podem ser decoradas?<\/h3>\n<div class=\"rank-math-answer\">\n\n<p>Sim! Escadas menores podem receber ilumina\u00e7\u00e3o criativa, espelhos ou uma pintura diferenciada para se destacar sem pesar no ambiente.<\/p>\n\n<\/div>\n<\/div>\n<div id=\"faq-question-1755784169757\" class=\"rank-math-list-item\">\n<h3 id='\u00e9-caro-investir-em-decora\u00e7\u00e3o-para-escadas'  class=\"rank-math-question\">\u00c9 caro investir em decora\u00e7\u00e3o para escadas?<\/h3>\n<div class=\"rank-math-answer\">\n\n<p>N\u00e3o necessariamente. Algumas ideias, como quadros, plantas e pintura, s\u00e3o acess\u00edveis e j\u00e1 transformam completamente o espa\u00e7o.<\/p>\n\n<\/div>\n<\/div>\n<\/div>\n<\/div>\n\n\n<figure class=\"wp-block-image aligncenter size-large\"><img data-recalc-dims=\"1\" decoding=\"async\" width=\"1024\" height=\"683\" src=\"https:\/\/i0.wp.com\/1truenote.com\/wp-content\/uploads\/2025\/08\/ChatGPT-Image-21-de-ago.-de-2025-11_39_08.png?resize=1024%2C683&#038;ssl=1\" alt=\"decora\u00e7\u00e3o para escadas\" class=\"wp-image-4039\" srcset=\"https:\/\/i0.wp.com\/1truenote.com\/wp-content\/uploads\/2025\/08\/ChatGPT-Image-21-de-ago.-de-2025-11_39_08.png?resize=1024%2C683&amp;ssl=1 1024w, https:\/\/i0.wp.com\/1truenote.com\/wp-content\/uploads\/2025\/08\/ChatGPT-Image-21-de-ago.-de-2025-11_39_08.png?resize=300%2C200&amp;ssl=1 300w, https:\/\/i0.wp.com\/1truenote.com\/wp-content\/uploads\/2025\/08\/ChatGPT-Image-21-de-ago.-de-2025-11_39_08.png?resize=768%2C512&amp;ssl=1 768w, https:\/\/i0.wp.com\/1truenote.com\/wp-content\/uploads\/2025\/08\/ChatGPT-Image-21-de-ago.-de-2025-11_39_08.png?resize=18%2C12&amp;ssl=1 18w, https:\/\/i0.wp.com\/1truenote.com\/wp-content\/uploads\/2025\/08\/ChatGPT-Image-21-de-ago.-de-2025-11_39_08.png?resize=150%2C100&amp;ssl=1 150w, https:\/\/i0.wp.com\/1truenote.com\/wp-content\/uploads\/2025\/08\/ChatGPT-Image-21-de-ago.-de-2025-11_39_08.png?w=1536&amp;ssl=1 1536w\" sizes=\"(max-width: 1024px) 100vw, 1024px\" \/><\/figure>","protected":false},"excerpt":{"rendered":"<p>Introdu\u00e7\u00e3o sobre decora\u00e7\u00e3o para escadas Decora\u00e7\u00e3o para escadas. A escada \u00e9 um elemento arquitet\u00f4nico que muitas vezes passa despercebido na&#8230;<\/p>","protected":false},"author":1,"featured_media":4039,"comment_status":"open","ping_status":"open","sticky":false,"template":"","format":"standard","meta":{"_kad_post_transparent":"","_kad_post_title":"","_kad_post_layout":"","_kad_post_sidebar_id":"","_kad_post_content_style":"","_kad_post_vertical_padding":"","_kad_post_feature":"","_kad_post_feature_position":"","_kad_post_header":false,"_kad_post_footer":false,"_kad_post_classname":"","footnotes":"","jetpack_publicize_message":"Decora\u00e7\u00e3o para escadas. A escada \u00e9 um elemento arquitet\u00f4nico que muitas vezes passa despercebido na decora\u00e7\u00e3o da casa. No entanto, ela pode ser transformada em um ponto de destaque, trazendo estilo, personalidade e at\u00e9 funcionalidade para o ambiente.\n\n#carvalhoconsultoriabrasil #truenote #decor #decoracao #escada #decoracaoescada #escadas","jetpack_publicize_feature_enabled":true,"jetpack_social_post_already_shared":true,"jetpack_social_options":{"image_generator_settings":{"template":"highway","default_image_id":0,"enabled":false},"version":2}},"categories":[16,1],"tags":[15,13,14,12],"class_list":["post-4035","post","type-post","status-publish","format-standard","has-post-thumbnail","hentry","category-casa-e-jardim","category-novidades","tag-conservacao-e-manutencao","tag-minimalista","tag-interiores-inovadores","tag-projetos-inovadores"],"jetpack_publicize_connections":[],"jetpack_featured_media_url":"https:\/\/i0.wp.com\/1truenote.com\/wp-content\/uploads\/2025\/08\/ChatGPT-Image-21-de-ago.-de-2025-11_39_08.png?fit=1536%2C1024&ssl=1","jetpack_sharing_enabled":true,"_links":{"self":[{"href":"https:\/\/1truenote.com\/en\/wp-json\/wp\/v2\/posts\/4035","targetHints":{"allow":["GET"]}}],"collection":[{"href":"https:\/\/1truenote.com\/en\/wp-json\/wp\/v2\/posts"}],"about":[{"href":"https:\/\/1truenote.com\/en\/wp-json\/wp\/v2\/types\/post"}],"author":[{"embeddable":true,"href":"https:\/\/1truenote.com\/en\/wp-json\/wp\/v2\/users\/1"}],"replies":[{"embeddable":true,"href":"https:\/\/1truenote.com\/en\/wp-json\/wp\/v2\/comments?post=4035"}],"version-history":[{"count":1,"href":"https:\/\/1truenote.com\/en\/wp-json\/wp\/v2\/posts\/4035\/revisions"}],"predecessor-version":[{"id":4040,"href":"https:\/\/1truenote.com\/en\/wp-json\/wp\/v2\/posts\/4035\/revisions\/4040"}],"wp:featuredmedia":[{"embeddable":true,"href":"https:\/\/1truenote.com\/en\/wp-json\/wp\/v2\/media\/4039"}],"wp:attachment":[{"href":"https:\/\/1truenote.com\/en\/wp-json\/wp\/v2\/media?parent=4035"}],"wp:term":[{"taxonomy":"category","embeddable":true,"href":"https:\/\/1truenote.com\/en\/wp-json\/wp\/v2\/categories?post=4035"},{"taxonomy":"post_tag","embeddable":true,"href":"https:\/\/1truenote.com\/en\/wp-json\/wp\/v2\/tags?post=4035"}],"curies":[{"name":"wp","href":"https:\/\/api.w.org\/{rel}","templated":true}]}}