{"id":4034,"date":"2025-08-21T12:00:00","date_gmt":"2025-08-21T15:00:00","guid":{"rendered":"https:\/\/1truenote.com\/?p=4034"},"modified":"2025-08-21T10:58:23","modified_gmt":"2025-08-21T13:58:23","slug":"porta-de-correr-com-vidro","status":"publish","type":"post","link":"https:\/\/1truenote.com\/en\/porta-de-correr-com-vidro\/","title":{"rendered":"Porta de correr com vidro: Eleg\u00e2ncia, funcionalidade e integra\u00e7\u00e3o de ambientes"},"content":{"rendered":"<p>As portas de correr com vidro se tornaram uma das maiores tend\u00eancias em decora\u00e7\u00e3o e arquitetura de interiores.<\/p>\n\n\n\n<p>Al\u00e9m de otimizarem o espa\u00e7o, trazem leveza, permitem maior passagem de luz e adicionam um toque de eleg\u00e2ncia ao ambiente. Seja em projetos residenciais ou comerciais, elas s\u00e3o uma solu\u00e7\u00e3o pr\u00e1tica e vers\u00e1til, que une funcionalidade e est\u00e9tica.<\/p>\n\n\n\n<hr class=\"wp-block-separator has-alpha-channel-opacity\"\/>\n\n\n\n<h2 id='por-que-escolher-uma-porta-de-correr-com-vidro'  class=\"wp-block-heading\">Por que escolher uma porta de correr com vidro?<\/h2>\n\n\n\n<p>Diferente das portas tradicionais, o sistema de correr dispensa a abertura por giro, economizando espa\u00e7o e tornando o ambiente mais fluido. O vidro, por sua vez, garante luminosidade e uma sensa\u00e7\u00e3o de amplitude, transformando at\u00e9 os menores c\u00f4modos em espa\u00e7os mais arejados.<\/p>\n\n\n\n<p>Outro ponto positivo \u00e9 a variedade de estilos dispon\u00edveis. As portas podem ser feitas em vidro transparente, fosco, jateado, com moldura de madeira ou metal, atendendo desde propostas modernas at\u00e9 r\u00fasticas e cl\u00e1ssicas.<\/p>\n\n\n\n<hr class=\"wp-block-separator has-alpha-channel-opacity\"\/>\n\n\n\n<h2 id='porta-de-correr-com-vidro-para-dividir-ambientes'  class=\"wp-block-heading\">Porta de correr com vidro para dividir ambientes<\/h2>\n\n\n\n<p>Um dos usos mais inteligentes desse modelo \u00e9 a divis\u00e3o de ambientes sem perder a integra\u00e7\u00e3o visual. Por exemplo:<\/p>\n\n\n\n<ul class=\"wp-block-list\">\n<li><strong>Sala e cozinha<\/strong>: mant\u00e9m a sensa\u00e7\u00e3o de conceito aberto, mas ajuda a conter ru\u00eddos e odores.<\/li>\n\n\n\n<li><strong>Quarto e closet<\/strong>: cria um ar sofisticado, com transpar\u00eancia parcial ou vidro fosco para mais privacidade.<\/li>\n\n\n\n<li><strong>Home office<\/strong>: isola o espa\u00e7o de trabalho sem bloquear a luz natural.<\/li>\n<\/ul>\n\n\n\n<p>Essa versatilidade faz com que as portas de vidro sejam ideais tanto para apartamentos compactos quanto para casas amplas.<\/p>\n\n\n\n<hr class=\"wp-block-separator has-alpha-channel-opacity\"\/>\n\n\n\n<h2 id='estilos-de-portas-de-correr-com-vidro'  class=\"wp-block-heading\">Estilos de portas de correr com vidro<\/h2>\n\n\n\n<ul class=\"wp-block-list\">\n<li><strong>Industrial<\/strong>: moldura em ferro preto, remetendo ao estilo loft nova-iorquino.<\/li>\n\n\n\n<li><strong>R\u00fastico chic<\/strong>: madeira natural com vidro, como vemos em modelos de barn doors.<\/li>\n\n\n\n<li><strong>Cl\u00e1ssico elegante<\/strong>: portas brancas com detalhes em vidro lapidado.<\/li>\n\n\n\n<li><strong>Minimalista<\/strong>: estrutura clean, quase invis\u00edvel, deixando o vidro como protagonista.<\/li>\n<\/ul>\n\n\n\n<p>Cada estilo pode transformar completamente a atmosfera do espa\u00e7o.<\/p>\n\n\n\n<figure class=\"wp-block-image aligncenter size-medium\"><a href=\"https:\/\/chat.whatsapp.com\/KJBkp5LFJVRIvmt5X3hSEh\" target=\"_blank\" rel=\"noopener\"><img fetchpriority=\"high\" decoding=\"async\" width=\"1024\" height=\"1536\" src=\"https:\/\/i0.wp.com\/1truenote.com\/wp-content\/uploads\/2025\/06\/ChatGPT-Image-3-de-jun.-de-2025-19_04_53.png?fit=200%2C300&amp;ssl=1\" alt=\"chamada banner advetorial whats\" class=\"wp-image-2683\" srcset=\"https:\/\/i0.wp.com\/1truenote.com\/wp-content\/uploads\/2025\/06\/ChatGPT-Image-3-de-jun.-de-2025-19_04_53.png?w=1024&amp;ssl=1 1024w, https:\/\/i0.wp.com\/1truenote.com\/wp-content\/uploads\/2025\/06\/ChatGPT-Image-3-de-jun.-de-2025-19_04_53.png?resize=200%2C300&amp;ssl=1 200w, https:\/\/i0.wp.com\/1truenote.com\/wp-content\/uploads\/2025\/06\/ChatGPT-Image-3-de-jun.-de-2025-19_04_53.png?resize=683%2C1024&amp;ssl=1 683w, https:\/\/i0.wp.com\/1truenote.com\/wp-content\/uploads\/2025\/06\/ChatGPT-Image-3-de-jun.-de-2025-19_04_53.png?resize=768%2C1152&amp;ssl=1 768w, https:\/\/i0.wp.com\/1truenote.com\/wp-content\/uploads\/2025\/06\/ChatGPT-Image-3-de-jun.-de-2025-19_04_53.png?resize=150%2C225&amp;ssl=1 150w\" sizes=\"(max-width: 1024px) 100vw, 1024px\" \/><\/a><\/figure>\n\n\n\n<h2 id='vantagens-pr\u00e1ticas'  class=\"wp-block-heading\">Vantagens pr\u00e1ticas<\/h2>\n\n\n\n<p>Al\u00e9m do design, as portas de correr com vidro oferecem benef\u00edcios pr\u00e1ticos:<\/p>\n\n\n\n<ul class=\"wp-block-list\">\n<li><strong>Economia de espa\u00e7o<\/strong>: perfeitas para ambientes pequenos.<\/li>\n\n\n\n<li><strong>Mais luz natural<\/strong>: deixam os ambientes mais claros e acolhedores.<\/li>\n\n\n\n<li><strong>F\u00e1cil manuten\u00e7\u00e3o<\/strong>: o vidro pode ser limpo rapidamente com produtos simples.<\/li>\n\n\n\n<li><strong>Durabilidade<\/strong>: quando bem instaladas, s\u00e3o resistentes e de longa vida \u00fatil.<\/li>\n<\/ul>\n\n\n\n<hr class=\"wp-block-separator has-alpha-channel-opacity\"\/>\n\n\n\n<a href=\"https:\/\/1truenote.com\/en\/cozinha-e-sala-integrados-ideias\/\" style=\"text-decoration: none;\">\n  <div style=\"display: flex; justify-content: space-between; align-items: center; background: #d44a00; padding: 12px 20px; color: white; font-family: Arial, sans-serif;\">\n    <strong style=\"color: black;\">READ ALSO:<\/strong>\n    <span style=\"margin-left: 8px; flex: 1;\">Cozinha e sala integrados<\/span>\n    <div style=\"background: #f2802f; padding: 8px 12px; border-radius: 2px; margin-left: 10px;\">\n      <span style=\"color: white; font-weight: bold;\">\u27a4<\/span>\n    <\/div>\n  <\/div>\n<\/a>\n\n\n\n<hr class=\"wp-block-separator has-alpha-channel-opacity\"\/>\n\n\n\n<h2 id='dicas-para-acertar-na-escolha'  class=\"wp-block-heading\">Dicas para acertar na escolha<\/h2>\n\n\n\n<ol class=\"wp-block-list\">\n<li>Defina o objetivo: privacidade, ilumina\u00e7\u00e3o ou divis\u00e3o de ambientes.<\/li>\n\n\n\n<li>Escolha o tipo de vidro: transparente, jateado, canelado ou at\u00e9 colorido.<\/li>\n\n\n\n<li>Combine com o estilo do ambiente: madeira para aconchego, metal para modernidade.<\/li>\n\n\n\n<li>Invista em ferragens de qualidade: trilhos resistentes garantem suavidade no uso.<\/li>\n<\/ol>\n\n\n\n<h2 id='inspira\u00e7\u00f5es-de-uso'  class=\"wp-block-heading\">Inspira\u00e7\u00f5es de uso<\/h2>\n\n\n\n<ul class=\"wp-block-list\">\n<li>Porta de correr com vidro jateado em banheiros modernos.<\/li>\n\n\n\n<li>Modelos com vidro e madeira para cozinhas integradas.<\/li>\n\n\n\n<li>Estruturas pretas em salas de estar contempor\u00e2neas.<\/li>\n\n\n\n<li>Portas totalmente de vidro em varandas fechadas.<\/li>\n<\/ul>\n\n\n\n<hr class=\"wp-block-separator has-alpha-channel-opacity\"\/>\n\n\n\n<h2 id='tabela-comparativa-de-modelos-de-porta-de-correr-com-vidro'  class=\"wp-block-heading\">Tabela Comparativa de Modelos de Porta de Correr com Vidro<\/h2>\n\n\n\n<figure class=\"wp-block-table\"><table class=\"has-fixed-layout\"><thead><tr><th><strong>Modelo<\/strong><\/th><th><strong>Estilo<\/strong><\/th><th><strong>Indica\u00e7\u00e3o de uso<\/strong><\/th><th><strong>Vantagem principal<\/strong><\/th><th><strong>N\u00edvel de privacidade<\/strong><\/th><\/tr><\/thead><tbody><tr><td>Vidro transparente<\/td><td>Minimalista<\/td><td>Salas integradas, varandas, escrit\u00f3rios<\/td><td>Amplia a ilumina\u00e7\u00e3o natural<\/td><td>Baixo<\/td><\/tr><tr><td>Vidro jateado\/fosco<\/td><td>Moderno elegante<\/td><td>Banheiros, su\u00edtes, closets<\/td><td>Privacidade com passagem de luz<\/td><td>M\u00e9dio<\/td><\/tr><tr><td>Vidro canelado\/texturizado<\/td><td>Retr\u00f4 contempor\u00e2neo<\/td><td>Salas, cozinhas, ambientes criativos<\/td><td>Design marcante e decorativo<\/td><td>M\u00e9dio\/Alto<\/td><\/tr><tr><td>Vidro com moldura de madeira<\/td><td>R\u00fastico\/Chic<\/td><td>Quartos, cozinhas r\u00fasticas, \u00e1reas sociais<\/td><td>Aconchego e sofistica\u00e7\u00e3o<\/td><td>M\u00e9dio<\/td><\/tr><tr><td>Vidro com moldura met\u00e1lica preta<\/td><td>Industrial<\/td><td>Loft, home office, salas modernas<\/td><td>Toque urbano e moderno<\/td><td>Baixo\/M\u00e9dio<\/td><\/tr><tr><td>Vidro lapidado ou desenhado<\/td><td>Cl\u00e1ssico elegante<\/td><td>Salas de estar, halls, ambientes sofisticados<\/td><td>Est\u00e9tica refinada e atemporal<\/td><td>M\u00e9dio<\/td><\/tr><\/tbody><\/table><\/figure>\n\n\n\n<hr class=\"wp-block-separator has-alpha-channel-opacity\"\/>\n\n\n\n<a href=\"https:\/\/1truenote.com\/en\/cozinha-e-sala-integrados-ideias\/\" style=\"text-decoration: none;\">\n  <div style=\"display: flex; justify-content: space-between; align-items: center; background: #d44a00; padding: 12px 20px; color: white; font-family: Arial, sans-serif;\">\n    <strong style=\"color: black;\">READ ALSO:<\/strong>\n    <span style=\"margin-left: 8px; flex: 1;\">Cozinha e sala integrados<\/span>\n    <div style=\"background: #f2802f; padding: 8px 12px; border-radius: 2px; margin-left: 10px;\">\n      <span style=\"color: white; font-weight: bold;\">\u27a4<\/span>\n    <\/div>\n  <\/div>\n<\/a>\n\n\n\n\n<hr class=\"wp-block-separator has-alpha-channel-opacity\"\/>\n\n\n\n<h2 id='faq-perguntas-frequentes-sobre-porta-de-correr-com-vidro'  class=\"wp-block-heading\">FAQ \u2013 Perguntas frequentes sobre porta de correr com vidro<\/h2>\n\n\n<div id=\"rank-math-faq\" class=\"rank-math-block\">\n<div class=\"rank-math-list\">\n<div id=\"faq-question-1755782584363\" class=\"rank-math-list-item\">\n<h3 id='a-porta-de-correr-com-vidro-\u00e9-segura'  class=\"rank-math-question\">A porta de correr com vidro \u00e9 segura?<\/h3>\n<div class=\"rank-math-answer\">\n\n<p>Sim. Os vidros usados geralmente s\u00e3o temperados ou laminados, oferecendo alta resist\u00eancia a impactos e maior seguran\u00e7a em caso de quebra.<\/p>\n\n<\/div>\n<\/div>\n<div id=\"faq-question-1755782585287\" class=\"rank-math-list-item\">\n<h3 id='esse-tipo-de-porta-\u00e9-indicado-para-ambientes-pequenos'  class=\"rank-math-question\">Esse tipo de porta \u00e9 indicado para ambientes pequenos?<\/h3>\n<div class=\"rank-math-answer\">\n\n<p>Sim! Como n\u00e3o precisa de espa\u00e7o para abrir, ela \u00e9 perfeita para apartamentos e casas compactas. Al\u00e9m disso, o vidro cria a sensa\u00e7\u00e3o de amplitude.<\/p>\n\n<\/div>\n<\/div>\n<div id=\"faq-question-1755782586244\" class=\"rank-math-list-item\">\n<h3 id='como-manter-a-porta-de-correr-com-vidro-sempre-bonita'  class=\"rank-math-question\">Como manter a porta de correr com vidro sempre bonita?<\/h3>\n<div class=\"rank-math-answer\">\n\n<p>A limpeza \u00e9 simples: basta pano \u00famido e detergente neutro. Para evitar marcas, finalize com um pano seco ou limpa-vidros.<\/p>\n\n<\/div>\n<\/div>\n<div id=\"faq-question-1755782586995\" class=\"rank-math-list-item\">\n<h3 id='o-vidro-garante-privacidade'  class=\"rank-math-question\">O vidro garante privacidade?<\/h3>\n<div class=\"rank-math-answer\">\n\n<p>Depende do tipo escolhido. Para mais privacidade, opte por vidros jateados, foscos ou canelados. O transparente \u00e9 melhor para integra\u00e7\u00e3o visual.<\/p>\n\n<\/div>\n<\/div>\n<div id=\"faq-question-1755782587732\" class=\"rank-math-list-item\">\n<h3 id='\u00e9-poss\u00edvel-instalar-porta-de-correr-com-vidro-em-qualquer-ambiente'  class=\"rank-math-question\">\u00c9 poss\u00edvel instalar porta de correr com vidro em qualquer ambiente?<\/h3>\n<div class=\"rank-math-answer\">\n\n<p>Sim, desde que o espa\u00e7o permita a instala\u00e7\u00e3o do trilho. \u00c9 comum em salas, quartos, banheiros e at\u00e9 cozinhas.<\/p>\n\n<\/div>\n<\/div>\n<div id=\"faq-question-1755782638988\" class=\"rank-math-list-item\">\n<h3 id='qual-a-diferen\u00e7a-entre-porta-de-correr-com-vidro-embutida-e-aparente'  class=\"rank-math-question\">Qual a diferen\u00e7a entre porta de correr com vidro embutida e aparente?<\/h3>\n<div class=\"rank-math-answer\">\n\n<p><strong>Embutida (ou de correr interna)<\/strong>: o trilho fica dentro da parede, deixando o visual mais clean.<br \/><strong>Aparente (ou barn door)<\/strong>: o trilho fica vis\u00edvel, podendo ter design r\u00fastico ou industrial.<\/p>\n\n<\/div>\n<\/div>\n<\/div>\n<\/div>\n\n\n<figure class=\"wp-block-image aligncenter size-large\"><img data-recalc-dims=\"1\" decoding=\"async\" width=\"1024\" height=\"683\" src=\"https:\/\/i0.wp.com\/1truenote.com\/wp-content\/uploads\/2025\/08\/ChatGPT-Image-21-de-ago.-de-2025-10_57_36.png?resize=1024%2C683&#038;ssl=1\" alt=\"porta de correr\" class=\"wp-image-4036\" srcset=\"https:\/\/i0.wp.com\/1truenote.com\/wp-content\/uploads\/2025\/08\/ChatGPT-Image-21-de-ago.-de-2025-10_57_36.png?resize=1024%2C683&amp;ssl=1 1024w, https:\/\/i0.wp.com\/1truenote.com\/wp-content\/uploads\/2025\/08\/ChatGPT-Image-21-de-ago.-de-2025-10_57_36.png?resize=300%2C200&amp;ssl=1 300w, https:\/\/i0.wp.com\/1truenote.com\/wp-content\/uploads\/2025\/08\/ChatGPT-Image-21-de-ago.-de-2025-10_57_36.png?resize=768%2C512&amp;ssl=1 768w, https:\/\/i0.wp.com\/1truenote.com\/wp-content\/uploads\/2025\/08\/ChatGPT-Image-21-de-ago.-de-2025-10_57_36.png?resize=18%2C12&amp;ssl=1 18w, https:\/\/i0.wp.com\/1truenote.com\/wp-content\/uploads\/2025\/08\/ChatGPT-Image-21-de-ago.-de-2025-10_57_36.png?resize=150%2C100&amp;ssl=1 150w, https:\/\/i0.wp.com\/1truenote.com\/wp-content\/uploads\/2025\/08\/ChatGPT-Image-21-de-ago.-de-2025-10_57_36.png?w=1536&amp;ssl=1 1536w\" sizes=\"(max-width: 1024px) 100vw, 1024px\" \/><\/figure>","protected":false},"excerpt":{"rendered":"<p>As portas de correr com vidro se tornaram uma das maiores tend\u00eancias em decora\u00e7\u00e3o e arquitetura de interiores. Al\u00e9m de&#8230;<\/p>","protected":false},"author":1,"featured_media":4036,"comment_status":"open","ping_status":"open","sticky":false,"template":"","format":"standard","meta":{"_kad_post_transparent":"","_kad_post_title":"","_kad_post_layout":"","_kad_post_sidebar_id":"","_kad_post_content_style":"","_kad_post_vertical_padding":"","_kad_post_feature":"","_kad_post_feature_position":"","_kad_post_header":false,"_kad_post_footer":false,"_kad_post_classname":"","footnotes":"","jetpack_publicize_message":"As portas de correr com vidro se tornaram uma das maiores tend\u00eancias em decora\u00e7\u00e3o e arquitetura de interiores.\n\nAl\u00e9m de otimizarem o espa\u00e7o, trazem leveza, permitem maior passagem de luz e adicionam um toque de eleg\u00e2ncia ao ambiente. Seja em projetos residenciais ou comerciais, elas s\u00e3o uma solu\u00e7\u00e3o pr\u00e1tica e vers\u00e1til, que une funcionalidade e est\u00e9tica.\n\n#carvalhocosultoriabrasil #truenote #decor #decoracao #porta #portadecorrer #portanova","jetpack_publicize_feature_enabled":true,"jetpack_social_post_already_shared":true,"jetpack_social_options":{"image_generator_settings":{"template":"highway","default_image_id":0,"enabled":false},"version":2}},"categories":[16,1],"tags":[15,13,14,12],"class_list":["post-4034","post","type-post","status-publish","format-standard","has-post-thumbnail","hentry","category-casa-e-jardim","category-novidades","tag-conservacao-e-manutencao","tag-minimalista","tag-interiores-inovadores","tag-projetos-inovadores"],"jetpack_publicize_connections":[],"jetpack_featured_media_url":"https:\/\/i0.wp.com\/1truenote.com\/wp-content\/uploads\/2025\/08\/ChatGPT-Image-21-de-ago.-de-2025-10_57_36.png?fit=1536%2C1024&ssl=1","jetpack_sharing_enabled":true,"_links":{"self":[{"href":"https:\/\/1truenote.com\/en\/wp-json\/wp\/v2\/posts\/4034","targetHints":{"allow":["GET"]}}],"collection":[{"href":"https:\/\/1truenote.com\/en\/wp-json\/wp\/v2\/posts"}],"about":[{"href":"https:\/\/1truenote.com\/en\/wp-json\/wp\/v2\/types\/post"}],"author":[{"embeddable":true,"href":"https:\/\/1truenote.com\/en\/wp-json\/wp\/v2\/users\/1"}],"replies":[{"embeddable":true,"href":"https:\/\/1truenote.com\/en\/wp-json\/wp\/v2\/comments?post=4034"}],"version-history":[{"count":1,"href":"https:\/\/1truenote.com\/en\/wp-json\/wp\/v2\/posts\/4034\/revisions"}],"predecessor-version":[{"id":4037,"href":"https:\/\/1truenote.com\/en\/wp-json\/wp\/v2\/posts\/4034\/revisions\/4037"}],"wp:featuredmedia":[{"embeddable":true,"href":"https:\/\/1truenote.com\/en\/wp-json\/wp\/v2\/media\/4036"}],"wp:attachment":[{"href":"https:\/\/1truenote.com\/en\/wp-json\/wp\/v2\/media?parent=4034"}],"wp:term":[{"taxonomy":"category","embeddable":true,"href":"https:\/\/1truenote.com\/en\/wp-json\/wp\/v2\/categories?post=4034"},{"taxonomy":"post_tag","embeddable":true,"href":"https:\/\/1truenote.com\/en\/wp-json\/wp\/v2\/tags?post=4034"}],"curies":[{"name":"wp","href":"https:\/\/api.w.org\/{rel}","templated":true}]}}