{"id":4029,"date":"2025-08-20T12:00:00","date_gmt":"2025-08-20T15:00:00","guid":{"rendered":"https:\/\/1truenote.com\/?p=4029"},"modified":"2025-08-20T11:40:11","modified_gmt":"2025-08-20T14:40:11","slug":"cozinha-e-sala-integrados-ideias","status":"publish","type":"post","link":"https:\/\/1truenote.com\/en\/cozinha-e-sala-integrados-ideias\/","title":{"rendered":"Cozinha e sala integrados: Dicas, vantagens e inspira\u00e7\u00f5es para transformar seu lar"},"content":{"rendered":"<p>Cozinha e sala integrados. A integra\u00e7\u00e3o entre <strong>cozinha e sala<\/strong> \u00e9 uma das tend\u00eancias mais fortes da arquitetura e decora\u00e7\u00e3o contempor\u00e2nea. Mais do que uma quest\u00e3o est\u00e9tica, trata-se de um conceito de estilo de vida: ambientes abertos, fluidos e funcionais, que aproximam as pessoas e ampliam a sensa\u00e7\u00e3o de espa\u00e7o.<\/p>\n\n\n\n<p>Esse tipo de projeto \u00e9 especialmente vantajoso em apartamentos pequenos ou casas compactas, mas tamb\u00e9m pode transformar resid\u00eancias maiores, criando \u00e1reas sociais convidativas, perfeitas para receber amigos e familiares.<\/p>\n\n\n\n<p>Mas para que a uni\u00e3o entre sala e cozinha funcione bem, \u00e9 preciso planejamento. Definir bem os ambientes, investir em m\u00f3veis funcionais e pensar em solu\u00e7\u00f5es pr\u00e1ticas de organiza\u00e7\u00e3o e circula\u00e7\u00e3o s\u00e3o passos fundamentais para que o espa\u00e7o seja bonito e, acima de tudo, funcional. Bora de cozinha e sala integrados?<\/p>\n\n\n\n<hr class=\"wp-block-separator has-alpha-channel-opacity\"\/>\n\n\n\n<h2 id='vantagens-da-integra\u00e7\u00e3o-entre-cozinha-e-sala'  class=\"wp-block-heading\">Vantagens da integra\u00e7\u00e3o entre cozinha e sala<\/h2>\n\n\n\n<figure class=\"wp-block-table\"><table class=\"has-fixed-layout\"><thead><tr><th>Vantagem<\/th><th>Benef\u00edcio<\/th><\/tr><\/thead><tbody><tr><td>Amplitude<\/td><td>Elimina paredes e amplia visualmente os espa\u00e7os.<\/td><\/tr><tr><td>Conviv\u00eancia<\/td><td>Aproxima moradores e convidados, permitindo intera\u00e7\u00e3o.<\/td><\/tr><tr><td>Lighting<\/td><td>A luz natural circula melhor entre os ambientes.<\/td><\/tr><tr><td>Modernidade<\/td><td>Design contempor\u00e2neo e valoriza\u00e7\u00e3o do im\u00f3vel.<\/td><\/tr><tr><td>Funcionalidade<\/td><td>Facilita a circula\u00e7\u00e3o e o uso do espa\u00e7o no dia a dia.<\/td><\/tr><\/tbody><\/table><\/figure>\n\n\n\n<hr class=\"wp-block-separator has-alpha-channel-opacity\"\/>\n\n\n\n<h2 id='como-decorar-cozinha-e-sala-integrados'  class=\"wp-block-heading\">Como decorar cozinha e sala integrados<\/h2>\n\n\n\n<h3 id='1-defina-\u00e1reas-com-tapetes-e-m\u00f3veis'  class=\"wp-block-heading\">1. Defina \u00e1reas com tapetes e m\u00f3veis<\/h3>\n\n\n\n<p>Mesmo em ambientes integrados, \u00e9 importante que cada \u00e1rea tenha sua identidade. O uso de tapetes na sala e um balc\u00e3o ou ilha na cozinha ajuda a delimitar os espa\u00e7os de forma natural.<\/p>\n\n\n\n<h3 id='2-escolha-uma-paleta-de-cores-harm\u00f4nica'  class=\"wp-block-heading\">2. Escolha uma paleta de cores harm\u00f4nica<\/h3>\n\n\n\n<p>O ideal \u00e9 que sala e cozinha conversem entre si. Uma paleta de cores coesa cria continuidade visual e sensa\u00e7\u00e3o de unidade. No entanto, voc\u00ea pode destacar cada \u00e1rea com pequenos detalhes em cores diferentes.<\/p>\n\n\n\n<h3 id='3-invista-em-ilumina\u00e7\u00e3o-estrat\u00e9gica'  class=\"wp-block-heading\">3. Invista em ilumina\u00e7\u00e3o estrat\u00e9gica<\/h3>\n\n\n\n<p>Pendentes sobre a bancada, lumin\u00e1rias embutidas na cozinha e abajures ou arandelas na sala ajudam a criar diferentes climas no mesmo espa\u00e7o.<\/p>\n\n\n\n<h3 id='4-aposte-em-m\u00f3veis-multifuncionais'  class=\"wp-block-heading\">4. Aposte em m\u00f3veis multifuncionais<\/h3>\n\n\n\n<p>Sof\u00e1s compactos, mesas retr\u00e1teis e banquetas que servem tanto para o balc\u00e3o quanto para a mesa de jantar s\u00e3o escolhas inteligentes para ambientes integrados.<\/p>\n\n\n\n<h3 id='5-organiza\u00e7\u00e3o-\u00e9-essencial'  class=\"wp-block-heading\">5. Organiza\u00e7\u00e3o \u00e9 essencial<\/h3>\n\n\n\n<p>Como a cozinha fica \u00e0 vista da sala, manter a organiza\u00e7\u00e3o \u00e9 fundamental. Arm\u00e1rios planejados, prateleiras discretas e eletrodom\u00e9sticos embutidos fazem toda a diferen\u00e7a.<\/p>\n\n\n\n<hr class=\"wp-block-separator has-alpha-channel-opacity\"\/>\n\n\n\n<figure class=\"wp-block-image aligncenter size-medium\"><a href=\"https:\/\/chat.whatsapp.com\/KJBkp5LFJVRIvmt5X3hSEh\" target=\"_blank\" rel=\"noopener\"><img data-recalc-dims=\"1\" fetchpriority=\"high\" decoding=\"async\" width=\"200\" height=\"300\" src=\"https:\/\/i0.wp.com\/1truenote.com\/wp-content\/uploads\/2025\/06\/ChatGPT-Image-3-de-jun.-de-2025-19_04_53.png?resize=200%2C300&#038;ssl=1\" alt=\"chamada banner advetorial whats\" class=\"wp-image-2683\" srcset=\"https:\/\/i0.wp.com\/1truenote.com\/wp-content\/uploads\/2025\/06\/ChatGPT-Image-3-de-jun.-de-2025-19_04_53.png?resize=200%2C300&amp;ssl=1 200w, https:\/\/i0.wp.com\/1truenote.com\/wp-content\/uploads\/2025\/06\/ChatGPT-Image-3-de-jun.-de-2025-19_04_53.png?resize=683%2C1024&amp;ssl=1 683w, https:\/\/i0.wp.com\/1truenote.com\/wp-content\/uploads\/2025\/06\/ChatGPT-Image-3-de-jun.-de-2025-19_04_53.png?resize=768%2C1152&amp;ssl=1 768w, https:\/\/i0.wp.com\/1truenote.com\/wp-content\/uploads\/2025\/06\/ChatGPT-Image-3-de-jun.-de-2025-19_04_53.png?resize=150%2C225&amp;ssl=1 150w, https:\/\/i0.wp.com\/1truenote.com\/wp-content\/uploads\/2025\/06\/ChatGPT-Image-3-de-jun.-de-2025-19_04_53.png?w=1024&amp;ssl=1 1024w\" sizes=\"(max-width: 200px) 100vw, 200px\" \/><\/a><\/figure>\n\n\n\n<hr class=\"wp-block-separator has-alpha-channel-opacity\"\/>\n\n\n\n<h2 id='exemplos-de-integra\u00e7\u00e3o'  class=\"wp-block-heading\">Exemplos de integra\u00e7\u00e3o<\/h2>\n\n\n\n<ul class=\"wp-block-list\">\n<li><strong>Cozinha com ilha<\/strong>: Al\u00e9m de dividir ambientes, a ilha pode servir como espa\u00e7o para cozinhar e ao mesmo tempo interagir com quem est\u00e1 na sala.<\/li>\n\n\n\n<li><strong>Balc\u00e3o americano<\/strong>: Pr\u00e1tico e funcional, \u00e9 \u00f3timo para refei\u00e7\u00f5es r\u00e1pidas e ainda delimita a cozinha.<\/li>\n\n\n\n<li><strong>Estantes vazadas<\/strong>: Funcionam como divis\u00f3ria leve, sem perder a sensa\u00e7\u00e3o de amplitude.<\/li>\n\n\n\n<li><strong>Pain\u00e9is de madeira ou vidro<\/strong>: D\u00e3o eleg\u00e2ncia e podem ser usados para criar uma separa\u00e7\u00e3o sutil.<\/li>\n<\/ul>\n\n\n\n<hr class=\"wp-block-separator has-alpha-channel-opacity\"\/>\n\n\n\n<h2 id='dicas-extras-para-ambientes-pequenos'  class=\"wp-block-heading\">Dicas extras para ambientes pequenos<\/h2>\n\n\n\n<ul class=\"wp-block-list\">\n<li>Prefira <strong>tons claros<\/strong> nas paredes e m\u00f3veis para aumentar a sensa\u00e7\u00e3o de amplitude.<\/li>\n\n\n\n<li>Aposte em <strong>arm\u00e1rios at\u00e9 o teto<\/strong> para aproveitar melhor o espa\u00e7o de armazenamento.<\/li>\n\n\n\n<li>Use <strong>espelhos estrategicamente<\/strong> na sala para refletir luz e aumentar visualmente o ambiente.<\/li>\n\n\n\n<li>Mantenha a <strong>circula\u00e7\u00e3o livre<\/strong>, evitando m\u00f3veis grandes demais para o espa\u00e7o.<\/li>\n<\/ul>\n\n\n\n<hr class=\"wp-block-separator has-alpha-channel-opacity\"\/>\n\n\n\n<a href=\"https:\/\/1truenote.com\/en\/estante-vazada-na-decoracao-ideias\/\" style=\"text-decoration: none;\">\n  <div style=\"display: flex; justify-content: space-between; align-items: center; background: #d44a00; padding: 12px 20px; color: white; font-family: Arial, sans-serif;\">\n    <strong style=\"color: black;\">READ ALSO:<\/strong>\n    <span style=\"margin-left: 8px; flex: 1;\">Divis\u00f3rias de ambiente<\/span>\n    <div style=\"background: #f2802f; padding: 8px 12px; border-radius: 2px; margin-left: 10px;\">\n      <span style=\"color: white; font-weight: bold;\">\u27a4<\/span>\n    <\/div>\n  <\/div>\n<\/a>\n\n\n\n<hr class=\"wp-block-separator has-alpha-channel-opacity\"\/>\n\n\n\n<h2 id='inspira\u00e7\u00e3o-em-v\u00eddeo'  class=\"wp-block-heading\">Inspira\u00e7\u00e3o em v\u00eddeo<\/h2>\n\n\n\n<p>Quer ver como transformar sua casa com essa tend\u00eancia de cozinha e sala integrados? Confira este v\u00eddeo:<\/p>\n\n\n\n<figure class=\"wp-block-embed aligncenter is-type-video is-provider-youtube wp-block-embed-youtube wp-embed-aspect-9-16 wp-has-aspect-ratio\"><div class=\"wp-block-embed__wrapper\">\n<iframe title=\"Cozinha Americana e sala integrada com m\u00f3veis da Biblos Planejados #biblosplanejados #cozinha\" width=\"563\" height=\"1000\" src=\"https:\/\/www.youtube.com\/embed\/N1BL3WafWKM?feature=oembed\" frameborder=\"0\" allow=\"accelerometer; autoplay; clipboard-write; encrypted-media; gyroscope; picture-in-picture; web-share\" referrerpolicy=\"strict-origin-when-cross-origin\" allowfullscreen><\/iframe>\n<\/div><\/figure>\n\n\n\n<p><br>\ud83d\udc49 <a href=\"https:\/\/www.youtube.com\/shorts\/N1BL3WafWKM\" data-type=\"link\" data-id=\"https:\/\/www.youtube.com\/shorts\/N1BL3WafWKM\" target=\"_blank\" rel=\"noopener\">Cozinha Integrada com Sala: Ideias e Projetos Modernos<\/a><\/p>\n\n\n\n<hr class=\"wp-block-separator has-alpha-channel-opacity\"\/>\n\n\n\n<h2 id='cozinha-e-sala-integrados'  class=\"wp-block-heading\">Cozinha e sala integrados<\/h2>\n\n\n\n<p>Ter uma <strong>cozinha e sala integrados<\/strong> \u00e9 mais do que uma quest\u00e3o est\u00e9tica: \u00e9 transformar a casa em um espa\u00e7o mais funcional, moderno e acolhedor. A integra\u00e7\u00e3o valoriza a conviv\u00eancia, amplia os ambientes e oferece infinitas possibilidades de decora\u00e7\u00e3o.<\/p>\n\n\n\n<p>Seja em apartamentos compactos ou casas espa\u00e7osas, investir nessa ideia \u00e9 uma forma de criar um lar contempor\u00e2neo, cheio de personalidade e que valoriza cada metro quadrado.<\/p>\n\n\n\n<p>Gostou de cozinha e sala integrados? Com planejamento, escolha certa de m\u00f3veis e organiza\u00e7\u00e3o, \u00e9 poss\u00edvel ter o equil\u00edbrio perfeito entre praticidade e beleza.<\/p>\n\n\n\n<hr class=\"wp-block-separator has-alpha-channel-opacity\"\/>\n\n\n\n<a href=\"https:\/\/1truenote.com\/en\/estante-vazada-na-decoracao-ideias\/\" style=\"text-decoration: none;\">\n  <div style=\"display: flex; justify-content: space-between; align-items: center; background: #d44a00; padding: 12px 20px; color: white; font-family: Arial, sans-serif;\">\n    <strong style=\"color: black;\">READ ALSO:<\/strong>\n    <span style=\"margin-left: 8px; flex: 1;\">Divis\u00f3rias de ambiente<\/span>\n    <div style=\"background: #f2802f; padding: 8px 12px; border-radius: 2px; margin-left: 10px;\">\n      <span style=\"color: white; font-weight: bold;\">\u27a4<\/span>\n    <\/div>\n  <\/div>\n<\/a>\n\n\n\n\n<hr class=\"wp-block-separator has-alpha-channel-opacity\"\/>\n\n\n\n<h2 id='faq-perguntas-frequentes-sobre-cozinha-e-sala-integrados'  class=\"wp-block-heading\">FAQ \u2013 Perguntas frequentes sobre cozinha e sala integrados<\/h2>\n\n\n<div id=\"rank-math-faq\" class=\"rank-math-block\">\n<div class=\"rank-math-list\">\n<div id=\"faq-question-1755699595482\" class=\"rank-math-list-item\">\n<h3 id='\u00e9-caro-integrar-a-cozinha-e-a-sala'  class=\"rank-math-question\">\u00c9 caro integrar a cozinha e a sala?<\/h3>\n<div class=\"rank-math-answer\">\n\n<p>Depende do projeto. Se envolver derrubar paredes estruturais, o custo pode ser maior. Mas em muitos casos, a integra\u00e7\u00e3o pode ser feita de forma simples, apenas retirando paredes n\u00e3o estruturais.<\/p>\n\n<\/div>\n<\/div>\n<div id=\"faq-question-1755699596643\" class=\"rank-math-list-item\">\n<h3 id='como-evitar-cheiro-de-comida-na-sala'  class=\"rank-math-question\">Como evitar cheiro de comida na sala?<\/h3>\n<div class=\"rank-math-answer\">\n\n<p>Invista em uma coifa potente e mantenha a ventila\u00e7\u00e3o do ambiente sempre em dia.<\/p>\n\n<\/div>\n<\/div>\n<div id=\"faq-question-1755699597668\" class=\"rank-math-list-item\">\n<h3 id='preciso-ter-uma-ilha-para-integrar-os-ambientes'  class=\"rank-math-question\">Preciso ter uma ilha para integrar os ambientes?<\/h3>\n<div class=\"rank-math-answer\">\n\n<p>N\u00e3o necessariamente. O balc\u00e3o americano ou at\u00e9 mesmo uma mesa bem posicionada podem cumprir esse papel.<\/p>\n\n<\/div>\n<\/div>\n<div id=\"faq-question-1755699598111\" class=\"rank-math-list-item\">\n<h3 id='a-cozinha-integrada-diminui-a-privacidade'  class=\"rank-math-question\">A cozinha integrada diminui a privacidade?<\/h3>\n<div class=\"rank-math-answer\">\n\n<p>Sim, mas pode ser compensada com solu\u00e7\u00f5es como divis\u00f3rias leves, cortinas ou estantes.<\/p>\n\n<\/div>\n<\/div>\n<div id=\"faq-question-1755699599356\" class=\"rank-math-list-item\">\n<h3 id='quais-estilos-combinam-com-ambientes-integrados'  class=\"rank-math-question\">Quais estilos combinam com ambientes integrados?<\/h3>\n<div class=\"rank-math-answer\">\n\n<p>Todos! Do minimalista ao industrial, passando pelo escandinavo e moderno, basta manter uma paleta harm\u00f4nica.<\/p>\n\n<\/div>\n<\/div>\n<\/div>\n<\/div>\n\n\n<figure class=\"wp-block-image aligncenter size-large\"><img data-recalc-dims=\"1\" decoding=\"async\" width=\"1024\" height=\"683\" src=\"https:\/\/i0.wp.com\/1truenote.com\/wp-content\/uploads\/2025\/08\/20250818_2103_Cozinha-com-Luminarias-Modernas_remix_01k2zt2a6jf5db4csha521fg36.png?resize=1024%2C683&#038;ssl=1\" alt=\"cozinha e sala integrados\" class=\"wp-image-4031\" srcset=\"https:\/\/i0.wp.com\/1truenote.com\/wp-content\/uploads\/2025\/08\/20250818_2103_Cozinha-com-Luminarias-Modernas_remix_01k2zt2a6jf5db4csha521fg36.png?resize=1024%2C683&amp;ssl=1 1024w, https:\/\/i0.wp.com\/1truenote.com\/wp-content\/uploads\/2025\/08\/20250818_2103_Cozinha-com-Luminarias-Modernas_remix_01k2zt2a6jf5db4csha521fg36.png?resize=300%2C200&amp;ssl=1 300w, https:\/\/i0.wp.com\/1truenote.com\/wp-content\/uploads\/2025\/08\/20250818_2103_Cozinha-com-Luminarias-Modernas_remix_01k2zt2a6jf5db4csha521fg36.png?resize=768%2C512&amp;ssl=1 768w, https:\/\/i0.wp.com\/1truenote.com\/wp-content\/uploads\/2025\/08\/20250818_2103_Cozinha-com-Luminarias-Modernas_remix_01k2zt2a6jf5db4csha521fg36.png?resize=18%2C12&amp;ssl=1 18w, https:\/\/i0.wp.com\/1truenote.com\/wp-content\/uploads\/2025\/08\/20250818_2103_Cozinha-com-Luminarias-Modernas_remix_01k2zt2a6jf5db4csha521fg36.png?resize=150%2C100&amp;ssl=1 150w, https:\/\/i0.wp.com\/1truenote.com\/wp-content\/uploads\/2025\/08\/20250818_2103_Cozinha-com-Luminarias-Modernas_remix_01k2zt2a6jf5db4csha521fg36.png?w=1536&amp;ssl=1 1536w\" sizes=\"(max-width: 1024px) 100vw, 1024px\" \/><\/figure>","protected":false},"excerpt":{"rendered":"<p>Cozinha e sala integrados. A integra\u00e7\u00e3o entre cozinha e sala \u00e9 uma das tend\u00eancias mais fortes da arquitetura e decora\u00e7\u00e3o&#8230;<\/p>","protected":false},"author":1,"featured_media":4031,"comment_status":"open","ping_status":"open","sticky":false,"template":"","format":"standard","meta":{"_kad_post_transparent":"","_kad_post_title":"","_kad_post_layout":"","_kad_post_sidebar_id":"","_kad_post_content_style":"","_kad_post_vertical_padding":"","_kad_post_feature":"","_kad_post_feature_position":"","_kad_post_header":false,"_kad_post_footer":false,"_kad_post_classname":"","footnotes":"","jetpack_publicize_message":"Cozinha e sala integrados. A integra\u00e7\u00e3o entre cozinha e sala \u00e9 uma das tend\u00eancias mais fortes da arquitetura e decora\u00e7\u00e3o contempor\u00e2nea. Mais do que uma quest\u00e3o est\u00e9tica, trata-se de um conceito de estilo de vida: ambientes abertos, fluidos e funcionais, que aproximam as pessoas e ampliam a sensa\u00e7\u00e3o de espa\u00e7o.\n\n#carvalhoconsultoriabrasil #truenote #decor #decoracao #sala #cozinha #salaecozinha #luminaria","jetpack_publicize_feature_enabled":true,"jetpack_social_post_already_shared":true,"jetpack_social_options":{"image_generator_settings":{"template":"highway","default_image_id":0,"enabled":false},"version":2}},"categories":[16,1],"tags":[11,15,13,14,33,12,17],"class_list":["post-4029","post","type-post","status-publish","format-standard","has-post-thumbnail","hentry","category-casa-e-jardim","category-novidades","tag-conforto-noturno","tag-conservacao-e-manutencao","tag-minimalista","tag-interiores-inovadores","tag-plantas","tag-projetos-inovadores","tag-provedores"],"jetpack_publicize_connections":[],"jetpack_featured_media_url":"https:\/\/i0.wp.com\/1truenote.com\/wp-content\/uploads\/2025\/08\/20250818_2103_Cozinha-com-Luminarias-Modernas_remix_01k2zt2a6jf5db4csha521fg36.png?fit=1536%2C1024&ssl=1","jetpack_sharing_enabled":true,"_links":{"self":[{"href":"https:\/\/1truenote.com\/en\/wp-json\/wp\/v2\/posts\/4029","targetHints":{"allow":["GET"]}}],"collection":[{"href":"https:\/\/1truenote.com\/en\/wp-json\/wp\/v2\/posts"}],"about":[{"href":"https:\/\/1truenote.com\/en\/wp-json\/wp\/v2\/types\/post"}],"author":[{"embeddable":true,"href":"https:\/\/1truenote.com\/en\/wp-json\/wp\/v2\/users\/1"}],"replies":[{"embeddable":true,"href":"https:\/\/1truenote.com\/en\/wp-json\/wp\/v2\/comments?post=4029"}],"version-history":[{"count":2,"href":"https:\/\/1truenote.com\/en\/wp-json\/wp\/v2\/posts\/4029\/revisions"}],"predecessor-version":[{"id":4033,"href":"https:\/\/1truenote.com\/en\/wp-json\/wp\/v2\/posts\/4029\/revisions\/4033"}],"wp:featuredmedia":[{"embeddable":true,"href":"https:\/\/1truenote.com\/en\/wp-json\/wp\/v2\/media\/4031"}],"wp:attachment":[{"href":"https:\/\/1truenote.com\/en\/wp-json\/wp\/v2\/media?parent=4029"}],"wp:term":[{"taxonomy":"category","embeddable":true,"href":"https:\/\/1truenote.com\/en\/wp-json\/wp\/v2\/categories?post=4029"},{"taxonomy":"post_tag","embeddable":true,"href":"https:\/\/1truenote.com\/en\/wp-json\/wp\/v2\/tags?post=4029"}],"curies":[{"name":"wp","href":"https:\/\/api.w.org\/{rel}","templated":true}]}}