{"id":4022,"date":"2025-08-19T16:00:00","date_gmt":"2025-08-19T19:00:00","guid":{"rendered":"https:\/\/1truenote.com\/?p=4022"},"modified":"2025-08-19T11:28:01","modified_gmt":"2025-08-19T14:28:01","slug":"estante-vazada-na-decoracao-ideias","status":"publish","type":"post","link":"https:\/\/1truenote.com\/en\/estante-vazada-na-decoracao-ideias\/","title":{"rendered":"Estante vazada na decora\u00e7\u00e3o: Como usar para integrar ambientes com eleg\u00e2ncia"},"content":{"rendered":"<h2 id='tudo-sobre-estante-vazada-na-decora\u00e7\u00e3o'  class=\"wp-block-heading\">Tudo sobre estante vazada na decora\u00e7\u00e3o<\/h2>\n\n\n\n<p>A <strong>estante vazada na decora\u00e7\u00e3o<\/strong> \u00e9 uma das solu\u00e7\u00f5es mais inteligentes e sofisticadas para quem busca integrar ambientes sem abrir m\u00e3o da privacidade e da funcionalidade. Al\u00e9m de servir como divis\u00f3ria, ela tamb\u00e9m \u00e9 um recurso est\u00e9tico que valoriza a casa, permitindo que a luz circule livremente e que os espa\u00e7os se mantenham conectados.<\/p>\n\n\n\n<p>Se antes a estante era vista apenas como m\u00f3vel de apoio para livros e objetos, hoje ela ganha protagonismo e se transforma em uma pe\u00e7a de design. Seja em apartamentos compactos ou em casas amplas, a <strong>estante vazada<\/strong> traz versatilidade, modernidade e charme para o projeto de interiores.<\/p>\n\n\n\n<p>Neste artigo, voc\u00ea vai descobrir todas as vantagens desse recurso, aprender como decorar a estante de forma equilibrada e conhecer dicas pr\u00e1ticas para aplic\u00e1-la na sua casa.<\/p>\n\n\n\n<hr class=\"wp-block-separator has-alpha-channel-opacity\"\/>\n\n\n\n<h2 id='o-que-\u00e9-uma-estante-vazada'  class=\"wp-block-heading\">O que \u00e9 uma estante vazada?<\/h2>\n\n\n\n<p>A <strong>estante vazada<\/strong> \u00e9 um m\u00f3vel que possui aberturas entre suas prateleiras, funcionando como uma divis\u00f3ria que n\u00e3o bloqueia a passagem da luz e mant\u00e9m a sensa\u00e7\u00e3o de amplitude. Diferente de uma parede tradicional ou mesmo de um painel, ela cria uma separa\u00e7\u00e3o sutil, mantendo o olhar livre para os dois lados.<\/p>\n\n\n\n<p>Normalmente feita em madeira, metal ou MDF, pode assumir diferentes estilos: minimalista, industrial, cl\u00e1ssico ou contempor\u00e2neo. Al\u00e9m disso, pode ser fixa, do piso ao teto, ou modular, permitindo mais flexibilidade no uso.<\/p>\n\n\n\n<hr class=\"wp-block-separator has-alpha-channel-opacity\"\/>\n\n\n\n<h2 id='vantagens-da-estante-vazada-na-decora\u00e7\u00e3o'  class=\"wp-block-heading\">Vantagens da estante vazada na decora\u00e7\u00e3o<\/h2>\n\n\n\n<figure class=\"wp-block-table\"><table class=\"has-fixed-layout\"><thead><tr><th>Vantagem<\/th><th>Benef\u00edcio<\/th><\/tr><\/thead><tbody><tr><td>Integra\u00e7\u00e3o de ambientes<\/td><td>Cria divis\u00e3o sem fechar os espa\u00e7os.<\/td><\/tr><tr><td>Passagem de luz natural<\/td><td>Mant\u00e9m os c\u00f4modos iluminados e arejados.<\/td><\/tr><tr><td>Versatilidade<\/td><td>Pode ser usada na sala, quarto, home office e at\u00e9 na cozinha.<\/td><\/tr><tr><td>Funcionalidade<\/td><td>Serve para armazenar objetos e expor decora\u00e7\u00f5es.<\/td><\/tr><tr><td>Sofistica\u00e7\u00e3o<\/td><td>Traz um toque de modernidade e design ao ambiente.<\/td><\/tr><\/tbody><\/table><\/figure>\n\n\n\n<hr class=\"wp-block-separator has-alpha-channel-opacity\"\/>\n\n\n\n<figure class=\"wp-block-image aligncenter size-medium\"><a href=\"https:\/\/chat.whatsapp.com\/KJBkp5LFJVRIvmt5X3hSEh\" target=\"_blank\" rel=\"noopener\"><img data-recalc-dims=\"1\" fetchpriority=\"high\" decoding=\"async\" width=\"200\" height=\"300\" src=\"https:\/\/i0.wp.com\/1truenote.com\/wp-content\/uploads\/2025\/06\/ChatGPT-Image-3-de-jun.-de-2025-19_04_53.png?resize=200%2C300&#038;ssl=1\" alt=\"chamada banner advetorial whats\" class=\"wp-image-2683\" srcset=\"https:\/\/i0.wp.com\/1truenote.com\/wp-content\/uploads\/2025\/06\/ChatGPT-Image-3-de-jun.-de-2025-19_04_53.png?resize=200%2C300&amp;ssl=1 200w, https:\/\/i0.wp.com\/1truenote.com\/wp-content\/uploads\/2025\/06\/ChatGPT-Image-3-de-jun.-de-2025-19_04_53.png?resize=683%2C1024&amp;ssl=1 683w, https:\/\/i0.wp.com\/1truenote.com\/wp-content\/uploads\/2025\/06\/ChatGPT-Image-3-de-jun.-de-2025-19_04_53.png?resize=768%2C1152&amp;ssl=1 768w, https:\/\/i0.wp.com\/1truenote.com\/wp-content\/uploads\/2025\/06\/ChatGPT-Image-3-de-jun.-de-2025-19_04_53.png?resize=150%2C225&amp;ssl=1 150w, https:\/\/i0.wp.com\/1truenote.com\/wp-content\/uploads\/2025\/06\/ChatGPT-Image-3-de-jun.-de-2025-19_04_53.png?w=1024&amp;ssl=1 1024w\" sizes=\"(max-width: 200px) 100vw, 200px\" \/><\/a><\/figure>\n\n\n\n<hr class=\"wp-block-separator has-alpha-channel-opacity\"\/>\n\n\n\n<h2 id='como-decorar-a-estante-vazada'  class=\"wp-block-heading\">Como decorar a estante vazada<\/h2>\n\n\n\n<p>A beleza da estante est\u00e1 justamente na forma como voc\u00ea a comp\u00f5e. Veja algumas ideias:<\/p>\n\n\n\n<ol class=\"wp-block-list\">\n<li><strong>Livros organizados<\/strong><br>Utilize pilhas horizontais ou verticais, mas evite sobrecarregar. Os livros podem ser intercalados com objetos decorativos.<\/li>\n\n\n\n<li><strong>Vasos e plantas<\/strong><br>As plantas d\u00e3o vida e frescor, principalmente as de pequeno e m\u00e9dio porte, como samambaias, zamioculcas e costelas-de-ad\u00e3o.<\/li>\n\n\n\n<li><strong>Objetos de arte<\/strong><br>Esculturas, cer\u00e2micas e pe\u00e7as de murano podem se tornar pontos de destaque.<\/li>\n\n\n\n<li><strong>Cores neutras + toques de cor<\/strong><br>Prefira uma base neutra e adicione objetos coloridos pontuais para dar personalidade.<\/li>\n\n\n\n<li><strong>Equil\u00edbrio visual<\/strong><br>Distribua os elementos de maneira harm\u00f4nica, sem deixar tudo concentrado em apenas um lado.<\/li>\n<\/ol>\n\n\n\n<hr class=\"wp-block-separator has-alpha-channel-opacity\"\/>\n\n\n\n<h2 id='estilos-que-combinam-com-estante-vazada'  class=\"wp-block-heading\">Estilos que combinam com estante vazada<\/h2>\n\n\n\n<ul class=\"wp-block-list\">\n<li><strong>Minimalista:<\/strong> Linhas retas, poucos objetos, paleta neutra.<\/li>\n\n\n\n<li><strong>Industrial:<\/strong> Uso de metal preto e madeira crua.<\/li>\n\n\n\n<li><strong>Escandinavo:<\/strong> Cores claras, madeira natural e plantas.<\/li>\n\n\n\n<li><strong>R\u00fastico:<\/strong> Pe\u00e7as em madeira maci\u00e7a, cer\u00e2mica artesanal e fibras naturais.<\/li>\n\n\n\n<li><strong>Contempor\u00e2neo:<\/strong> Design sofisticado, ilumina\u00e7\u00e3o embutida e objetos de arte.<\/li>\n<\/ul>\n\n\n\n<hr class=\"wp-block-separator has-alpha-channel-opacity\"\/>\n\n\n\n<h2 id='dicas-pr\u00e1ticas-para-usar-estante-vazada-na-decora\u00e7\u00e3o'  class=\"wp-block-heading\">Dicas pr\u00e1ticas para usar estante vazada na decora\u00e7\u00e3o<\/h2>\n\n\n\n<ul class=\"wp-block-list\">\n<li>Evite exageros: Menos \u00e9 mais. A ideia \u00e9 deixar o espa\u00e7o leve.<\/li>\n\n\n\n<li>Aposte na simetria: Organize os objetos de forma proporcional.<\/li>\n\n\n\n<li>Use ilumina\u00e7\u00e3o: Spots embutidos ou fitas de LED valorizam ainda mais a pe\u00e7a.<\/li>\n\n\n\n<li>Manuten\u00e7\u00e3o: Limpe com frequ\u00eancia para evitar ac\u00famulo de poeira.<\/li>\n\n\n\n<li>Integra\u00e7\u00e3o: Combine a estante com os demais m\u00f3veis, mantendo o mesmo estilo e paleta de cores.<\/li>\n<\/ul>\n\n\n\n<hr class=\"wp-block-separator has-alpha-channel-opacity\"\/>\n\n\n\n<a href=\"https:\/\/1truenote.com\/en\/adesivos-para-parede-alugada\/\" style=\"text-decoration: none;\">\n  <div style=\"display: flex; justify-content: space-between; align-items: center; background: #d44a00; padding: 12px 20px; color: white; font-family: Arial, sans-serif;\">\n    <strong style=\"color: black;\">READ ALSO:<\/strong>\n    <span style=\"margin-left: 8px; flex: 1;\">Transforme seu lar sem \u201cquebra-quebra\u201d.<\/span>\n    <div style=\"background: #f2802f; padding: 8px 12px; border-radius: 2px; margin-left: 10px;\">\n      <span style=\"color: white; font-weight: bold;\">\u27a4<\/span>\n    <\/div>\n  <\/div>\n<\/a>\n\n\n\n<hr class=\"wp-block-separator has-alpha-channel-opacity\"\/>\n\n\n\n<h2 id='inspira\u00e7\u00e3o-em-v\u00eddeo-10-ideias'  class=\"wp-block-heading\">Inspira\u00e7\u00e3o em v\u00eddeo &#8211; 10 ideias<\/h2>\n\n\n\n<figure class=\"wp-block-embed aligncenter is-type-video is-provider-youtube wp-block-embed-youtube wp-embed-aspect-9-16 wp-has-aspect-ratio\"><div class=\"wp-block-embed__wrapper\">\n<iframe title=\"10 ID\u00c9IAS DE ESTANTES VAZADAS NA DECORA\u00c7\u00c3O SA CASA\ud83e\udd0d #design #decor #casa #apartamentopequeno\" width=\"563\" height=\"1000\" src=\"https:\/\/www.youtube.com\/embed\/BuvgUsD-6E4?feature=oembed\" frameborder=\"0\" allow=\"accelerometer; autoplay; clipboard-write; encrypted-media; gyroscope; picture-in-picture; web-share\" referrerpolicy=\"strict-origin-when-cross-origin\" allowfullscreen><\/iframe>\n<\/div><\/figure>\n\n\n\n<p>Para ver na pr\u00e1tica como aplicar esse recurso, estante vazada na decora\u00e7\u00e3o, confira este v\u00eddeo no YouTube:<br>\ud83d\udc49 <a href=\"https:\/\/www.youtube.com\/shorts\/BuvgUsD-6E4\" data-type=\"link\" data-id=\"https:\/\/www.youtube.com\/shorts\/BuvgUsD-6E4\" target=\"_blank\" rel=\"noopener\">Como Decorar Estantes Vazadas \u2013 Ideias Criativas<\/a><\/p>\n\n\n\n<hr class=\"wp-block-separator has-alpha-channel-opacity\"\/>\n\n\n\n<h2 id='estante-vazada-na-decora\u00e7\u00e3o'  class=\"wp-block-heading\">Estante vazada na decora\u00e7\u00e3o<\/h2>\n\n\n\n<p>A <strong>estante vazada na decora\u00e7\u00e3o<\/strong> \u00e9 muito mais do que um m\u00f3vel funcional: ela se transforma em um recurso arquitet\u00f4nico capaz de redefinir os espa\u00e7os. Ao mesmo tempo que integra, tamb\u00e9m separa, criando uma transi\u00e7\u00e3o suave entre ambientes.<\/p>\n\n\n\n<p>Seja para trazer mais estilo \u00e0 sala de estar, dividir o quarto do home office ou adicionar um elemento sofisticado \u00e0 entrada da casa, a estante vazada se adapta a diferentes contextos e estilos de decora\u00e7\u00e3o.<\/p>\n\n\n\n<p>Sua versatilidade permite infinitas composi\u00e7\u00f5es, desde as mais discretas at\u00e9 aquelas repletas de personalidade. O segredo est\u00e1 em equilibrar os elementos e manter a funcionalidade sem abrir m\u00e3o da est\u00e9tica.<\/p>\n\n\n\n<p>Gostou de estante vazada na decora\u00e7\u00e3o? Portanto, se voc\u00ea busca uma solu\u00e7\u00e3o pr\u00e1tica, elegante e atual, investir em uma estante vazada \u00e9 a escolha perfeita.<\/p>\n\n\n\n<hr class=\"wp-block-separator has-alpha-channel-opacity\"\/>\n\n\n\n<a href=\"https:\/\/1truenote.com\/en\/adesivos-para-parede-alugada\/\" style=\"text-decoration: none;\">\n  <div style=\"display: flex; justify-content: space-between; align-items: center; background: #d44a00; padding: 12px 20px; color: white; font-family: Arial, sans-serif;\">\n    <strong style=\"color: black;\">READ ALSO:<\/strong>\n    <span style=\"margin-left: 8px; flex: 1;\">Transforme seu lar sem \u201cquebra-quebra\u201d.<\/span>\n    <div style=\"background: #f2802f; padding: 8px 12px; border-radius: 2px; margin-left: 10px;\">\n      <span style=\"color: white; font-weight: bold;\">\u27a4<\/span>\n    <\/div>\n  <\/div>\n<\/a>\n\n\n\n\n<hr class=\"wp-block-separator has-alpha-channel-opacity\"\/>\n\n\n\n<h2 id='faq-perguntas-frequentes-sobre-estante-vazada-na-decora\u00e7\u00e3o'  class=\"wp-block-heading\">FAQ \u2013 Perguntas frequentes sobre estante vazada na decora\u00e7\u00e3o<\/h2>\n\n\n<div id=\"rank-math-faq\" class=\"rank-math-block\">\n<div class=\"rank-math-list\">\n<div id=\"faq-question-1755613366888\" class=\"rank-math-list-item\">\n<h3 id='a-estante-vazada-serve-apenas-para-salas'  class=\"rank-math-question\">A estante vazada serve apenas para salas?<\/h3>\n<div class=\"rank-math-answer\">\n\n<p>N\u00e3o. Ela pode ser usada em quartos, escrit\u00f3rios, cozinhas e at\u00e9 banheiros amplos.<\/p>\n\n<\/div>\n<\/div>\n<div id=\"faq-question-1755613374201\" class=\"rank-math-list-item\">\n<h3 id='d\u00e1-para-usar-em-apartamento-pequeno'  class=\"rank-math-question\">D\u00e1 para usar em apartamento pequeno?<\/h3>\n<div class=\"rank-math-answer\">\n\n<p>Sim! Na verdade, \u00e9 uma das melhores solu\u00e7\u00f5es para apartamentos compactos, pois divide sem fechar o espa\u00e7o.<\/p>\n\n<\/div>\n<\/div>\n<div id=\"faq-question-1755613375109\" class=\"rank-math-list-item\">\n<h3 id='qual-material-\u00e9-mais-indicado'  class=\"rank-math-question\">Qual material \u00e9 mais indicado?<\/h3>\n<div class=\"rank-math-answer\">\n\n<p>Depende do estilo. Madeira para um toque aconchegante, metal para o industrial e MDF para projetos modernos e econ\u00f4micos.<\/p>\n\n<\/div>\n<\/div>\n<div id=\"faq-question-1755613375949\" class=\"rank-math-list-item\">\n<h3 id='como-evitar-poeira-nos-objetos-da-estante'  class=\"rank-math-question\">Como evitar poeira nos objetos da estante?<\/h3>\n<div class=\"rank-math-answer\">\n\n<p>Fa\u00e7a uma limpeza semanal com pano seco ou levemente \u00famido. Prefira menos itens para facilitar a manuten\u00e7\u00e3o.<\/p>\n\n<\/div>\n<\/div>\n<div id=\"faq-question-1755613376620\" class=\"rank-math-list-item\">\n<h3 id='posso-usar-a-estante-vazada-como-suporte-para-tv'  class=\"rank-math-question\">Posso usar a estante vazada como suporte para TV?<\/h3>\n<div class=\"rank-math-answer\">\n\n<p>N\u00e3o \u00e9 o mais indicado. O ideal \u00e9 deix\u00e1-la para objetos decorativos, mas existem modelos adaptados para suportar eletr\u00f4nicos.<\/p>\n\n<\/div>\n<\/div>\n<div id=\"faq-question-1755613377262\" class=\"rank-math-list-item\">\n<h3 id='a-estante-vazada-pode-ser-usada-como-divis\u00f3ria-em-\u00e1reas-externas'  class=\"rank-math-question\">A estante vazada pode ser usada como divis\u00f3ria em \u00e1reas externas?<\/h3>\n<div class=\"rank-math-answer\">\n\n<p>Sim, desde que o material seja adequado, como madeira tratada ou metal com pintura anticorrosiva.<\/p>\n\n<\/div>\n<\/div>\n<\/div>\n<\/div>\n\n\n<figure class=\"wp-block-image aligncenter size-large\"><img data-recalc-dims=\"1\" decoding=\"async\" width=\"1024\" height=\"683\" src=\"https:\/\/i0.wp.com\/1truenote.com\/wp-content\/uploads\/2025\/07\/ChatGPT-Image-14-de-jul.-de-2025-15_07_11.png?resize=1024%2C683&#038;ssl=1\" alt=\"estante na sala estante vazada na decora\u00e7\u00e3o\" class=\"wp-image-3691\" srcset=\"https:\/\/i0.wp.com\/1truenote.com\/wp-content\/uploads\/2025\/07\/ChatGPT-Image-14-de-jul.-de-2025-15_07_11.png?resize=1024%2C683&amp;ssl=1 1024w, https:\/\/i0.wp.com\/1truenote.com\/wp-content\/uploads\/2025\/07\/ChatGPT-Image-14-de-jul.-de-2025-15_07_11.png?resize=300%2C200&amp;ssl=1 300w, https:\/\/i0.wp.com\/1truenote.com\/wp-content\/uploads\/2025\/07\/ChatGPT-Image-14-de-jul.-de-2025-15_07_11.png?resize=768%2C512&amp;ssl=1 768w, https:\/\/i0.wp.com\/1truenote.com\/wp-content\/uploads\/2025\/07\/ChatGPT-Image-14-de-jul.-de-2025-15_07_11.png?resize=150%2C100&amp;ssl=1 150w, https:\/\/i0.wp.com\/1truenote.com\/wp-content\/uploads\/2025\/07\/ChatGPT-Image-14-de-jul.-de-2025-15_07_11.png?w=1536&amp;ssl=1 1536w\" sizes=\"(max-width: 1024px) 100vw, 1024px\" \/><\/figure>","protected":false},"excerpt":{"rendered":"<p>Tudo sobre estante vazada na decora\u00e7\u00e3o A estante vazada na decora\u00e7\u00e3o \u00e9 uma das solu\u00e7\u00f5es mais inteligentes e sofisticadas para&#8230;<\/p>","protected":false},"author":1,"featured_media":3691,"comment_status":"open","ping_status":"open","sticky":false,"template":"","format":"standard","meta":{"_kad_post_transparent":"","_kad_post_title":"","_kad_post_layout":"","_kad_post_sidebar_id":"","_kad_post_content_style":"","_kad_post_vertical_padding":"","_kad_post_feature":"","_kad_post_feature_position":"","_kad_post_header":false,"_kad_post_footer":false,"_kad_post_classname":"","footnotes":"","jetpack_publicize_message":"","jetpack_publicize_feature_enabled":false,"jetpack_social_post_already_shared":true,"jetpack_social_options":{"image_generator_settings":{"template":"highway","default_image_id":0,"enabled":false},"version":2}},"categories":[16,1],"tags":[15,13,14,12],"class_list":["post-4022","post","type-post","status-publish","format-standard","has-post-thumbnail","hentry","category-casa-e-jardim","category-novidades","tag-conservacao-e-manutencao","tag-minimalista","tag-interiores-inovadores","tag-projetos-inovadores"],"jetpack_publicize_connections":[],"jetpack_featured_media_url":"https:\/\/i0.wp.com\/1truenote.com\/wp-content\/uploads\/2025\/07\/ChatGPT-Image-14-de-jul.-de-2025-15_07_11.png?fit=1536%2C1024&ssl=1","jetpack_sharing_enabled":true,"_links":{"self":[{"href":"https:\/\/1truenote.com\/en\/wp-json\/wp\/v2\/posts\/4022","targetHints":{"allow":["GET"]}}],"collection":[{"href":"https:\/\/1truenote.com\/en\/wp-json\/wp\/v2\/posts"}],"about":[{"href":"https:\/\/1truenote.com\/en\/wp-json\/wp\/v2\/types\/post"}],"author":[{"embeddable":true,"href":"https:\/\/1truenote.com\/en\/wp-json\/wp\/v2\/users\/1"}],"replies":[{"embeddable":true,"href":"https:\/\/1truenote.com\/en\/wp-json\/wp\/v2\/comments?post=4022"}],"version-history":[{"count":1,"href":"https:\/\/1truenote.com\/en\/wp-json\/wp\/v2\/posts\/4022\/revisions"}],"predecessor-version":[{"id":4024,"href":"https:\/\/1truenote.com\/en\/wp-json\/wp\/v2\/posts\/4022\/revisions\/4024"}],"wp:featuredmedia":[{"embeddable":true,"href":"https:\/\/1truenote.com\/en\/wp-json\/wp\/v2\/media\/3691"}],"wp:attachment":[{"href":"https:\/\/1truenote.com\/en\/wp-json\/wp\/v2\/media?parent=4022"}],"wp:term":[{"taxonomy":"category","embeddable":true,"href":"https:\/\/1truenote.com\/en\/wp-json\/wp\/v2\/categories?post=4022"},{"taxonomy":"post_tag","embeddable":true,"href":"https:\/\/1truenote.com\/en\/wp-json\/wp\/v2\/tags?post=4022"}],"curies":[{"name":"wp","href":"https:\/\/api.w.org\/{rel}","templated":true}]}}