{"id":4019,"date":"2025-08-19T12:00:00","date_gmt":"2025-08-19T15:00:00","guid":{"rendered":"https:\/\/1truenote.com\/?p=4019"},"modified":"2025-08-19T11:11:55","modified_gmt":"2025-08-19T14:11:55","slug":"decoracao-com-tv-ideias","status":"publish","type":"post","link":"https:\/\/1truenote.com\/en\/decoracao-com-tv-ideias\/","title":{"rendered":"Decora\u00e7\u00e3o com TV: Como transformar sua parede em um ponto de destaque"},"content":{"rendered":"<h3 id='introdu\u00e7\u00e3o'  class=\"wp-block-heading\">Introdu\u00e7\u00e3o<\/h3>\n\n\n\n<p>Quando pensamos em sala de estar, a TV geralmente \u00e9 o ponto focal. Mas, em vez de deix\u00e1-la sozinha na parede, \u00e9 poss\u00edvel transform\u00e1-la em parte de um projeto sofisticado e cheio de estilo. A <strong>decora\u00e7\u00e3o com TV<\/strong> vai muito al\u00e9m de escolher um painel: Envolve ilumina\u00e7\u00e3o, nichos, cores, objetos de design e at\u00e9 pe\u00e7as de arte, como o cl\u00e1ssico e atemporal Murano.<\/p>\n\n\n\n<p>Neste artigo, voc\u00ea vai descobrir como criar uma decora\u00e7\u00e3o com TV que equilibre funcionalidade e est\u00e9tica, deixando seu ambiente acolhedor, moderno e digno de revista.<\/p>\n\n\n\n<hr class=\"wp-block-separator has-alpha-channel-opacity\"\/>\n\n\n\n<h2 id='por-que-investir-em-uma-boa-decora\u00e7\u00e3o-com-tv'  class=\"wp-block-heading\">Por que investir em uma boa decora\u00e7\u00e3o com TV?<\/h2>\n\n\n\n<p>Uma TV sozinha na parede pode parecer sem gra\u00e7a. J\u00e1 quando integrada \u00e0 decora\u00e7\u00e3o, ela se transforma em parte do cen\u00e1rio. Entre os benef\u00edcios de investir nesse tipo de projeto, est\u00e3o:<\/p>\n\n\n\n<ul class=\"wp-block-list\">\n<li><strong>Integra\u00e7\u00e3o visual<\/strong>: A TV se conecta com o restante do ambiente.<\/li>\n\n\n\n<li><strong>Estilo personalizado<\/strong>: Cada detalhe reflete a identidade dos moradores.<\/li>\n\n\n\n<li><strong>Valoriza\u00e7\u00e3o do espa\u00e7o<\/strong>: Um painel bem projetado pode at\u00e9 ampliar a sensa\u00e7\u00e3o de aconchego e sofistica\u00e7\u00e3o.<\/li>\n<\/ul>\n\n\n\n<hr class=\"wp-block-separator has-alpha-channel-opacity\"\/>\n\n\n\n<h2 id='murano-como-destaque-na-decora\u00e7\u00e3o-com-tv'  class=\"wp-block-heading\">Murano como destaque na decora\u00e7\u00e3o com TV<\/h2>\n\n\n\n<p>Se voc\u00ea deseja ousadia sem exageros, o <strong>Murano<\/strong> \u00e9 a pe\u00e7a perfeita. Esse vidro art\u00edstico traz brilho, cores intensas e exclusividade ao ambiente. Posicionado em nichos iluminados, aparadores ou at\u00e9 na mesa de centro em frente \u00e0 TV, ele cria contraste e sofistica\u00e7\u00e3o.<\/p>\n\n\n\n<p>Na imagem de refer\u00eancia, o <strong>bowl de Murano laranja<\/strong> dialoga com o painel iluminado e quebra a neutralidade do ambiente, mostrando como uma pe\u00e7a pode transformar a atmosfera da sala sem esfor\u00e7o.<\/p>\n\n\n\n<hr class=\"wp-block-separator has-alpha-channel-opacity\"\/>\n\n\n\n<h2 id='ideias-de-decora\u00e7\u00e3o-com-tv-para-sua-sala'  class=\"wp-block-heading\">Ideias de decora\u00e7\u00e3o com TV para sua sala<\/h2>\n\n\n\n<h3 id='1-painel-com-nichos-iluminados'  class=\"wp-block-heading\">1. Painel com nichos iluminados<\/h3>\n\n\n\n<p>Os nichos s\u00e3o tend\u00eancia na decora\u00e7\u00e3o com TV porque unem praticidade e est\u00e9tica. Para destacar ainda mais:<\/p>\n\n\n\n<ul class=\"wp-block-list\">\n<li>Aposte em <strong>Muranos coloridos<\/strong> em meio a livros e plantas.<\/li>\n\n\n\n<li>Use ilumina\u00e7\u00e3o embutida em LED para valorizar cada objeto.<\/li>\n\n\n\n<li>Evite excesso de pe\u00e7as para n\u00e3o poluir visualmente.<\/li>\n<\/ul>\n\n\n\n<hr class=\"wp-block-separator has-alpha-channel-opacity\"\/>\n\n\n\n<h3 id='2-aparador-ou-rack-sofisticado'  class=\"wp-block-heading\">2. Aparador ou rack sofisticado<\/h3>\n\n\n\n<p>Se sua TV est\u00e1 suspensa, um aparador ou rack pode ser a base perfeita para incluir elementos de decora\u00e7\u00e3o.<\/p>\n\n\n\n<ul class=\"wp-block-list\">\n<li>Coloque um <strong>Murano centralizado<\/strong> ou em composi\u00e7\u00e3o com vasos e velas.<\/li>\n\n\n\n<li>Trabalhe com <strong>simetria<\/strong>: Um objeto maior no centro e pe\u00e7as menores nas laterais.<\/li>\n<\/ul>\n\n\n\n<hr class=\"wp-block-separator has-alpha-channel-opacity\"\/>\n\n\n\n<h3 id='3-combina\u00e7\u00e3o-de-cores'  class=\"wp-block-heading\">3. Combina\u00e7\u00e3o de cores<\/h3>\n\n\n\n<p>A decora\u00e7\u00e3o com TV pede equil\u00edbrio. Algumas combina\u00e7\u00f5es que funcionam muito bem:<\/p>\n\n\n\n<ul class=\"wp-block-list\">\n<li><strong>Ambientes neutros + Murano vibrante<\/strong> (ex.: branco + laranja).<\/li>\n\n\n\n<li><strong>Sala azul + Murano rosa<\/strong> (contraste moderno e elegante).<\/li>\n\n\n\n<li><strong>Madeira natural + Murano transparente<\/strong> (leveza e sofistica\u00e7\u00e3o).<\/li>\n<\/ul>\n\n\n\n<hr class=\"wp-block-separator has-alpha-channel-opacity\"\/>\n\n\n\n<figure class=\"wp-block-image aligncenter size-medium\"><a href=\"https:\/\/chat.whatsapp.com\/KJBkp5LFJVRIvmt5X3hSEh\" target=\"_blank\" rel=\"noopener\"><img data-recalc-dims=\"1\" fetchpriority=\"high\" decoding=\"async\" width=\"200\" height=\"300\" src=\"https:\/\/i0.wp.com\/1truenote.com\/wp-content\/uploads\/2025\/06\/ChatGPT-Image-3-de-jun.-de-2025-19_04_53.png?resize=200%2C300&#038;ssl=1\" alt=\"chamada banner advetorial whats\" class=\"wp-image-2683\" srcset=\"https:\/\/i0.wp.com\/1truenote.com\/wp-content\/uploads\/2025\/06\/ChatGPT-Image-3-de-jun.-de-2025-19_04_53.png?resize=200%2C300&amp;ssl=1 200w, https:\/\/i0.wp.com\/1truenote.com\/wp-content\/uploads\/2025\/06\/ChatGPT-Image-3-de-jun.-de-2025-19_04_53.png?resize=683%2C1024&amp;ssl=1 683w, https:\/\/i0.wp.com\/1truenote.com\/wp-content\/uploads\/2025\/06\/ChatGPT-Image-3-de-jun.-de-2025-19_04_53.png?resize=768%2C1152&amp;ssl=1 768w, https:\/\/i0.wp.com\/1truenote.com\/wp-content\/uploads\/2025\/06\/ChatGPT-Image-3-de-jun.-de-2025-19_04_53.png?resize=150%2C225&amp;ssl=1 150w, https:\/\/i0.wp.com\/1truenote.com\/wp-content\/uploads\/2025\/06\/ChatGPT-Image-3-de-jun.-de-2025-19_04_53.png?w=1024&amp;ssl=1 1024w\" sizes=\"(max-width: 200px) 100vw, 200px\" \/><\/a><\/figure>\n\n\n\n<hr class=\"wp-block-separator has-alpha-channel-opacity\"\/>\n\n\n\n<h3 id='4-ilumina\u00e7\u00e3o-como-aliada'  class=\"wp-block-heading\">4. Ilumina\u00e7\u00e3o como aliada<\/h3>\n\n\n\n<p>Uma das grandes tend\u00eancias \u00e9 a ilumina\u00e7\u00e3o indireta ao redor da TV.<\/p>\n\n\n\n<ul class=\"wp-block-list\">\n<li>Use <strong>fitas de LED<\/strong> embutidas no painel para criar um efeito aconchegante.<\/li>\n\n\n\n<li>Prefira luz amarela suave, que valoriza tanto a TV quanto os objetos de decora\u00e7\u00e3o.<\/li>\n\n\n\n<li>Evite excesso de claridade, para n\u00e3o prejudicar a experi\u00eancia ao assistir.<\/li>\n<\/ul>\n\n\n\n<hr class=\"wp-block-separator has-alpha-channel-opacity\"\/>\n\n\n\n<h3 id='5-ousadia-equilibrada'  class=\"wp-block-heading\">5. Ousadia equilibrada<\/h3>\n\n\n\n<p>Para quem gosta de arriscar mais:<\/p>\n\n\n\n<ul class=\"wp-block-list\">\n<li>Combine <strong>diferentes tamanhos de Muranos<\/strong> em um mesmo nicho.<\/li>\n\n\n\n<li>Misture com obras de arte, esculturas ou fotografias.<\/li>\n\n\n\n<li>Crie contraste entre texturas (vidro, madeira e tecidos).<\/li>\n<\/ul>\n\n\n\n<hr class=\"wp-block-separator has-alpha-channel-opacity\"\/>\n\n\n\n<a href=\"https:\/\/1truenote.com\/en\/adesivos-para-parede-alugada\/\" style=\"text-decoration: none;\">\n  <div style=\"display: flex; justify-content: space-between; align-items: center; background: #d44a00; padding: 12px 20px; color: white; font-family: Arial, sans-serif;\">\n    <strong style=\"color: black;\">READ ALSO:<\/strong>\n    <span style=\"margin-left: 8px; flex: 1;\">Transforme seu lar sem \u201cquebra-quebra\u201d<\/span>\n    <div style=\"background: #f2802f; padding: 8px 12px; border-radius: 2px; margin-left: 10px;\">\n      <span style=\"color: white; font-weight: bold;\">\u27a4<\/span>\n    <\/div>\n  <\/div>\n<\/a>\n\n\n\n<hr class=\"wp-block-separator has-alpha-channel-opacity\"\/>\n\n\n\n<h2 id='dicas-pr\u00e1ticas-para-acertar-na-decora\u00e7\u00e3o-com-tv'  class=\"wp-block-heading\">Dicas pr\u00e1ticas para acertar na decora\u00e7\u00e3o com TV<\/h2>\n\n\n\n<ul class=\"wp-block-list\">\n<li><strong>Menos \u00e9 mais<\/strong>: Escolha poucas pe\u00e7as de impacto, em vez de encher a estante.<\/li>\n\n\n\n<li><strong>Cuidado com propor\u00e7\u00f5es<\/strong>: TV grande pede objetos decorativos igualmente expressivos.<\/li>\n\n\n\n<li><strong>Integra\u00e7\u00e3o com m\u00f3veis<\/strong>: Almofadas, tapetes e cortinas podem repetir as cores usadas na \u00e1rea da TV.<\/li>\n\n\n\n<li><strong>Funcionalidade em primeiro lugar<\/strong>: Lembre-se que o espa\u00e7o deve ser bonito, mas tamb\u00e9m confort\u00e1vel para assistir.<\/li>\n<\/ul>\n\n\n\n<hr class=\"wp-block-separator has-alpha-channel-opacity\"\/>\n\n\n\n<h2 id='inspira\u00e7\u00f5es-r\u00e1pidas'  class=\"wp-block-heading\">Inspira\u00e7\u00f5es r\u00e1pidas<\/h2>\n\n\n\n<ol class=\"wp-block-list\">\n<li><strong>Painel branco + Murano azul<\/strong> \u2192 eleg\u00e2ncia discreta.<\/li>\n\n\n\n<li><strong>Nichos de madeira + ilumina\u00e7\u00e3o quente<\/strong> \u2192 aconchego sofisticado.<\/li>\n\n\n\n<li><strong>Sala neutra + Murano laranja na mesa de centro<\/strong> \u2192 toque ousado e vibrante.<\/li>\n\n\n\n<li><strong>TV suspensa + aparador com objetos decorativos<\/strong> \u2192 ideal para quem busca modernidade sem reformas.<\/li>\n<\/ol>\n\n\n\n<hr class=\"wp-block-separator has-alpha-channel-opacity\"\/>\n\n\n\n<figure class=\"wp-block-image aligncenter size-large\"><img data-recalc-dims=\"1\" decoding=\"async\" width=\"1024\" height=\"683\" src=\"https:\/\/i0.wp.com\/1truenote.com\/wp-content\/uploads\/2025\/08\/20250818_2210_Decoracao-Ousada-com-Murano_remix_01k2zxx9fve3mvb95vb403bvje.png?resize=1024%2C683&#038;ssl=1\" alt=\"decora\u00e7\u00e3o com TV\" class=\"wp-image-4020\" srcset=\"https:\/\/i0.wp.com\/1truenote.com\/wp-content\/uploads\/2025\/08\/20250818_2210_Decoracao-Ousada-com-Murano_remix_01k2zxx9fve3mvb95vb403bvje.png?resize=1024%2C683&amp;ssl=1 1024w, https:\/\/i0.wp.com\/1truenote.com\/wp-content\/uploads\/2025\/08\/20250818_2210_Decoracao-Ousada-com-Murano_remix_01k2zxx9fve3mvb95vb403bvje.png?resize=300%2C200&amp;ssl=1 300w, https:\/\/i0.wp.com\/1truenote.com\/wp-content\/uploads\/2025\/08\/20250818_2210_Decoracao-Ousada-com-Murano_remix_01k2zxx9fve3mvb95vb403bvje.png?resize=768%2C512&amp;ssl=1 768w, https:\/\/i0.wp.com\/1truenote.com\/wp-content\/uploads\/2025\/08\/20250818_2210_Decoracao-Ousada-com-Murano_remix_01k2zxx9fve3mvb95vb403bvje.png?resize=18%2C12&amp;ssl=1 18w, https:\/\/i0.wp.com\/1truenote.com\/wp-content\/uploads\/2025\/08\/20250818_2210_Decoracao-Ousada-com-Murano_remix_01k2zxx9fve3mvb95vb403bvje.png?resize=150%2C100&amp;ssl=1 150w, https:\/\/i0.wp.com\/1truenote.com\/wp-content\/uploads\/2025\/08\/20250818_2210_Decoracao-Ousada-com-Murano_remix_01k2zxx9fve3mvb95vb403bvje.png?w=1536&amp;ssl=1 1536w\" sizes=\"(max-width: 1024px) 100vw, 1024px\" \/><\/figure>\n\n\n\n<hr class=\"wp-block-separator has-alpha-channel-opacity\"\/>\n\n\n\n<h2 id='decora\u00e7\u00e3o-com-tv-e-murano'  class=\"wp-block-heading\">Decora\u00e7\u00e3o com TV e Murano<\/h2>\n\n\n\n<p>A <strong>decora\u00e7\u00e3o com TV<\/strong> \u00e9 a chave para transformar sua sala em um ambiente sofisticado e acolhedor. Combinando nichos iluminados, ilumina\u00e7\u00e3o estrat\u00e9gica e pe\u00e7as de destaque como os Muranos, sua TV deixa de ser apenas um aparelho eletr\u00f4nico e passa a fazer parte de um cen\u00e1rio digno de revista.<\/p>\n\n\n\n<p>O segredo est\u00e1 no equil\u00edbrio: ousar nos detalhes sem perder a harmonia geral do espa\u00e7o. Assim, sua parede de TV se torna um verdadeiro cart\u00e3o de visitas da casa.<\/p>\n\n\n\n<hr class=\"wp-block-separator has-alpha-channel-opacity\"\/>\n\n\n\n<a href=\"https:\/\/1truenote.com\/en\/adesivos-para-parede-alugada\/\" style=\"text-decoration: none;\">\n  <div style=\"display: flex; justify-content: space-between; align-items: center; background: #d44a00; padding: 12px 20px; color: white; font-family: Arial, sans-serif;\">\n    <strong style=\"color: black;\">READ ALSO:<\/strong>\n    <span style=\"margin-left: 8px; flex: 1;\">Transforme seu lar sem \u201cquebra-quebra\u201d<\/span>\n    <div style=\"background: #f2802f; padding: 8px 12px; border-radius: 2px; margin-left: 10px;\">\n      <span style=\"color: white; font-weight: bold;\">\u27a4<\/span>\n    <\/div>\n  <\/div>\n<\/a>\n\n\n\n\n<hr class=\"wp-block-separator has-alpha-channel-opacity\"\/>\n\n\n\n<h2 id='faq-decora\u00e7\u00e3o-com-tv'  class=\"wp-block-heading\">FAQ \u2013 Decora\u00e7\u00e3o com TV<\/h2>\n\n\n<div id=\"rank-math-faq\" class=\"rank-math-block\">\n<div class=\"rank-math-list\">\n<div id=\"faq-question-1755612181932\" class=\"rank-math-list-item\">\n<h3 id='posso-decorar-a-parede-da-tv-sem-painel'  class=\"rank-math-question\">Posso decorar a parede da TV sem painel?<\/h3>\n<div class=\"rank-math-answer\">\n\n<p>Sim! Aparadores, prateleiras e at\u00e9 quadros podem complementar a \u00e1rea sem necessidade de painel.<\/p>\n\n<\/div>\n<\/div>\n<div id=\"faq-question-1755612184508\" class=\"rank-math-list-item\">\n<h3 id='o-murano-combina-com-todos-os-estilos-de-sala'  class=\"rank-math-question\">O Murano combina com todos os estilos de sala?<\/h3>\n<div class=\"rank-math-answer\">\n\n<p>Sim, mas escolha cores e tamanhos que dialoguem com o estilo do ambiente.<\/p>\n\n<\/div>\n<\/div>\n<div id=\"faq-question-1755612185245\" class=\"rank-math-list-item\">\n<h3 id='qual-a-melhor-ilumina\u00e7\u00e3o-para-destacar-a-tv-e-os-objetos'  class=\"rank-math-question\">Qual a melhor ilumina\u00e7\u00e3o para destacar a TV e os objetos?<\/h3>\n<div class=\"rank-math-answer\">\n\n<p>Luz indireta em tons quentes (amarelo suave) \u00e9 a mais indicada.<\/p>\n\n<\/div>\n<\/div>\n<div id=\"faq-question-1755612186143\" class=\"rank-math-list-item\">\n<h3 id='quantos-objetos-usar-nos-nichos'  class=\"rank-math-question\">Quantos objetos usar nos nichos?<\/h3>\n<div class=\"rank-math-answer\">\n\n<p>Prefira entre 1 e 3 pe\u00e7as por nicho, evitando sobrecarregar.<\/p>\n\n<\/div>\n<\/div>\n<div id=\"faq-question-1755612187188\" class=\"rank-math-list-item\">\n<h3 id='murano-na-mesa-de-centro-funciona-bem-em-salas-pequenas'  class=\"rank-math-question\">Murano na mesa de centro funciona bem em salas pequenas?<\/h3>\n<div class=\"rank-math-answer\">\n\n<p>Sim, desde que seja proporcional ao tamanho da mesa.<\/p>\n\n<\/div>\n<\/div>\n<\/div>\n<\/div>\n\n\n<figure class=\"wp-block-image aligncenter size-large\"><img data-recalc-dims=\"1\" decoding=\"async\" width=\"1024\" height=\"683\" src=\"https:\/\/i0.wp.com\/1truenote.com\/wp-content\/uploads\/2025\/08\/20250818_2210_Decoracao-Ousada-com-Murano_remix_01k2zxx9fve3mvb95vb403bvje.png?resize=1024%2C683&#038;ssl=1\" alt=\"decora\u00e7\u00e3o com TV\" class=\"wp-image-4020\" srcset=\"https:\/\/i0.wp.com\/1truenote.com\/wp-content\/uploads\/2025\/08\/20250818_2210_Decoracao-Ousada-com-Murano_remix_01k2zxx9fve3mvb95vb403bvje.png?resize=1024%2C683&amp;ssl=1 1024w, https:\/\/i0.wp.com\/1truenote.com\/wp-content\/uploads\/2025\/08\/20250818_2210_Decoracao-Ousada-com-Murano_remix_01k2zxx9fve3mvb95vb403bvje.png?resize=300%2C200&amp;ssl=1 300w, https:\/\/i0.wp.com\/1truenote.com\/wp-content\/uploads\/2025\/08\/20250818_2210_Decoracao-Ousada-com-Murano_remix_01k2zxx9fve3mvb95vb403bvje.png?resize=768%2C512&amp;ssl=1 768w, https:\/\/i0.wp.com\/1truenote.com\/wp-content\/uploads\/2025\/08\/20250818_2210_Decoracao-Ousada-com-Murano_remix_01k2zxx9fve3mvb95vb403bvje.png?resize=18%2C12&amp;ssl=1 18w, https:\/\/i0.wp.com\/1truenote.com\/wp-content\/uploads\/2025\/08\/20250818_2210_Decoracao-Ousada-com-Murano_remix_01k2zxx9fve3mvb95vb403bvje.png?resize=150%2C100&amp;ssl=1 150w, https:\/\/i0.wp.com\/1truenote.com\/wp-content\/uploads\/2025\/08\/20250818_2210_Decoracao-Ousada-com-Murano_remix_01k2zxx9fve3mvb95vb403bvje.png?w=1536&amp;ssl=1 1536w\" sizes=\"(max-width: 1024px) 100vw, 1024px\" \/><\/figure>","protected":false},"excerpt":{"rendered":"<p>Introdu\u00e7\u00e3o Quando pensamos em sala de estar, a TV geralmente \u00e9 o ponto focal. Mas, em vez de deix\u00e1-la sozinha&#8230;<\/p>","protected":false},"author":1,"featured_media":4020,"comment_status":"open","ping_status":"open","sticky":false,"template":"","format":"standard","meta":{"_kad_post_transparent":"","_kad_post_title":"","_kad_post_layout":"","_kad_post_sidebar_id":"","_kad_post_content_style":"","_kad_post_vertical_padding":"","_kad_post_feature":"","_kad_post_feature_position":"","_kad_post_header":false,"_kad_post_footer":false,"_kad_post_classname":"","footnotes":"","jetpack_publicize_message":"Quando pensamos em sala de estar, a TV geralmente \u00e9 o ponto focal. Mas, em vez de deix\u00e1-la sozinha na parede, \u00e9 poss\u00edvel transform\u00e1-la em parte de um projeto sofisticado e cheio de estilo.\n\n#carvalhoconsultoriabrasil #truenote #decor #decoracao #TV #sala #decorTV #murano","jetpack_publicize_feature_enabled":true,"jetpack_social_post_already_shared":true,"jetpack_social_options":{"image_generator_settings":{"template":"highway","default_image_id":0,"enabled":false},"version":2}},"categories":[16,1],"tags":[15,13,14,12],"class_list":["post-4019","post","type-post","status-publish","format-standard","has-post-thumbnail","hentry","category-casa-e-jardim","category-novidades","tag-conservacao-e-manutencao","tag-minimalista","tag-interiores-inovadores","tag-projetos-inovadores"],"jetpack_publicize_connections":[],"jetpack_featured_media_url":"https:\/\/i0.wp.com\/1truenote.com\/wp-content\/uploads\/2025\/08\/20250818_2210_Decoracao-Ousada-com-Murano_remix_01k2zxx9fve3mvb95vb403bvje.png?fit=1536%2C1024&ssl=1","jetpack_sharing_enabled":true,"_links":{"self":[{"href":"https:\/\/1truenote.com\/en\/wp-json\/wp\/v2\/posts\/4019","targetHints":{"allow":["GET"]}}],"collection":[{"href":"https:\/\/1truenote.com\/en\/wp-json\/wp\/v2\/posts"}],"about":[{"href":"https:\/\/1truenote.com\/en\/wp-json\/wp\/v2\/types\/post"}],"author":[{"embeddable":true,"href":"https:\/\/1truenote.com\/en\/wp-json\/wp\/v2\/users\/1"}],"replies":[{"embeddable":true,"href":"https:\/\/1truenote.com\/en\/wp-json\/wp\/v2\/comments?post=4019"}],"version-history":[{"count":1,"href":"https:\/\/1truenote.com\/en\/wp-json\/wp\/v2\/posts\/4019\/revisions"}],"predecessor-version":[{"id":4021,"href":"https:\/\/1truenote.com\/en\/wp-json\/wp\/v2\/posts\/4019\/revisions\/4021"}],"wp:featuredmedia":[{"embeddable":true,"href":"https:\/\/1truenote.com\/en\/wp-json\/wp\/v2\/media\/4020"}],"wp:attachment":[{"href":"https:\/\/1truenote.com\/en\/wp-json\/wp\/v2\/media?parent=4019"}],"wp:term":[{"taxonomy":"category","embeddable":true,"href":"https:\/\/1truenote.com\/en\/wp-json\/wp\/v2\/categories?post=4019"},{"taxonomy":"post_tag","embeddable":true,"href":"https:\/\/1truenote.com\/en\/wp-json\/wp\/v2\/tags?post=4019"}],"curies":[{"name":"wp","href":"https:\/\/api.w.org\/{rel}","templated":true}]}}