{"id":4008,"date":"2025-08-15T12:00:00","date_gmt":"2025-08-15T15:00:00","guid":{"rendered":"https:\/\/1truenote.com\/?p=4008"},"modified":"2025-08-15T11:44:08","modified_gmt":"2025-08-15T14:44:08","slug":"combinar-azul-e-rosa-na-decoracao","status":"publish","type":"post","link":"https:\/\/1truenote.com\/en\/combinar-azul-e-rosa-na-decoracao\/","title":{"rendered":"Combina\u00e7\u00e3o de azul e rosa na decora\u00e7\u00e3o: Eleg\u00e2ncia, contraste e personalidade"},"content":{"rendered":"<p>A mistura de azul e rosa \u00e9 uma das combina\u00e7\u00f5es mais vers\u00e1teis e encantadoras do design de interiores. Ao unir a serenidade e profundidade do azul com a suavidade e calor do rosa, cria-se um equil\u00edbrio visual capaz de transmitir ao mesmo tempo aconchego e sofistica\u00e7\u00e3o. Essa dupla pode aparecer em ambientes rom\u00e2nticos, contempor\u00e2neos, criativos ou at\u00e9 mesmo industriais, dependendo das tonalidades escolhidas e da propor\u00e7\u00e3o entre as cores.<\/p>\n\n\n\n<p>O azul, especialmente em varia\u00e7\u00f5es como marinho, petr\u00f3leo ou turquesa, traz estabilidade e um toque refinado, enquanto o rosa, em vers\u00f5es como blush, millennial pink ou pink vibrante, adiciona frescor, alegria e charme. Quando usados juntos, eles proporcionam um contraste que agrada tanto aos que gostam de ambientes tranquilos quanto aos que preferem um visual mais ousado e cheio de vida.<\/p>\n\n\n\n<p>O segredo est\u00e1 em distribuir as cores de maneira harmoniosa e estrat\u00e9gica: o azul pode ser usado como base (paredes, sof\u00e1s, tapetes) e o rosa como acento (almofadas, poltronas, quadros), ou o contr\u00e1rio, criando um efeito surpreendente.<\/p>\n\n\n\n<hr class=\"wp-block-separator has-alpha-channel-opacity\"\/>\n\n\n\n<h2 id='dicas-para-usar-azul-e-rosa-na-decora\u00e7\u00e3o'  class=\"wp-block-heading\">Dicas para usar azul e rosa na decora\u00e7\u00e3o<\/h2>\n\n\n\n<h3 id='1-escolha-a-intensidade-certa-das-cores'  class=\"wp-block-heading\">1. Escolha a intensidade certa das cores<\/h3>\n\n\n\n<p>Se o objetivo for criar um ambiente calmo, opte por tons claros de rosa (como rosa beb\u00ea ou blush) combinados com azuis suaves ou acinzentados. Para um efeito mais dram\u00e1tico, escolha azul marinho com rosa vibrante.<\/p>\n\n\n\n<h3 id='2-use-a-propor\u00e7\u00e3o-60-30-10'  class=\"wp-block-heading\">2. Use a propor\u00e7\u00e3o 60-30-10<\/h3>\n\n\n\n<p>Essa regra \u00e9 cl\u00e1ssica no design de interiores:<\/p>\n\n\n\n<ul class=\"wp-block-list\">\n<li><strong>60%<\/strong> cor principal (pode ser azul ou rosa)<\/li>\n\n\n\n<li><strong>30%<\/strong> cor secund\u00e1ria<\/li>\n\n\n\n<li><strong>10%<\/strong> cor de destaque (pode incluir dourado, branco ou madeira)<\/li>\n<\/ul>\n\n\n\n<h3 id='3-misture-texturas'  class=\"wp-block-heading\">3. Misture texturas<\/h3>\n\n\n\n<p>Veludo azul com almofadas de linho rosa, paredes lisas com quadros florais, ou madeira natural com pe\u00e7as coloridas. A textura ajuda a deixar a combina\u00e7\u00e3o mais rica e sofisticada.<\/p>\n\n\n\n<h3 id='4-aposte-em-elementos-naturais'  class=\"wp-block-heading\">4. Aposte em elementos naturais<\/h3>\n\n\n\n<p>Flores cor-de-rosa em vasos sobre m\u00f3veis azuis criam um ponto focal perfeito e trazem frescor para o ambiente.<\/p>\n\n\n\n<h3 id='5-combine-com-cores-neutras'  class=\"wp-block-heading\">5. Combine com cores neutras<\/h3>\n\n\n\n<p>Branco, cinza, bege e dourado ajudam a equilibrar o contraste e evitam que o ambiente fique visualmente carregado.<\/p>\n\n\n\n<hr class=\"wp-block-separator has-alpha-channel-opacity\"\/>\n\n\n\n<figure class=\"wp-block-image aligncenter size-medium\"><a href=\"https:\/\/chat.whatsapp.com\/KJBkp5LFJVRIvmt5X3hSEh\" target=\"_blank\" rel=\"noopener\"><img data-recalc-dims=\"1\" fetchpriority=\"high\" decoding=\"async\" width=\"200\" height=\"300\" src=\"https:\/\/i0.wp.com\/1truenote.com\/wp-content\/uploads\/2025\/06\/ChatGPT-Image-3-de-jun.-de-2025-19_04_53.png?resize=200%2C300&#038;ssl=1\" alt=\"chamada banner advetorial whats\" class=\"wp-image-2683\" srcset=\"https:\/\/i0.wp.com\/1truenote.com\/wp-content\/uploads\/2025\/06\/ChatGPT-Image-3-de-jun.-de-2025-19_04_53.png?resize=200%2C300&amp;ssl=1 200w, https:\/\/i0.wp.com\/1truenote.com\/wp-content\/uploads\/2025\/06\/ChatGPT-Image-3-de-jun.-de-2025-19_04_53.png?resize=683%2C1024&amp;ssl=1 683w, https:\/\/i0.wp.com\/1truenote.com\/wp-content\/uploads\/2025\/06\/ChatGPT-Image-3-de-jun.-de-2025-19_04_53.png?resize=768%2C1152&amp;ssl=1 768w, https:\/\/i0.wp.com\/1truenote.com\/wp-content\/uploads\/2025\/06\/ChatGPT-Image-3-de-jun.-de-2025-19_04_53.png?resize=150%2C225&amp;ssl=1 150w, https:\/\/i0.wp.com\/1truenote.com\/wp-content\/uploads\/2025\/06\/ChatGPT-Image-3-de-jun.-de-2025-19_04_53.png?w=1024&amp;ssl=1 1024w\" sizes=\"(max-width: 200px) 100vw, 200px\" \/><\/a><\/figure>\n\n\n\n<hr class=\"wp-block-separator has-alpha-channel-opacity\"\/>\n\n\n\n<h2 id='tabela-de-inspira\u00e7\u00f5es-de-combina\u00e7\u00e3o-azul-e-rosa'  class=\"wp-block-heading\">Tabela de inspira\u00e7\u00f5es de combina\u00e7\u00e3o azul e rosa<\/h2>\n\n\n\n<figure class=\"wp-block-table\"><table class=\"has-fixed-layout\"><thead><tr><th>Ambiente<\/th><th>Azul predominante<\/th><th>Rosa predominante<\/th><th>Estilo sugerido<\/th><\/tr><\/thead><tbody><tr><td>Sala de estar<\/td><td>Sof\u00e1 azul marinho<\/td><td>Almofadas e tapete rosa claro<\/td><td>Cl\u00e1ssico moderno<\/td><\/tr><tr><td>Quarto<\/td><td>Parede azul petr\u00f3leo<\/td><td>Roupa de cama rosa blush<\/td><td>Rom\u00e2ntico contempor\u00e2neo<\/td><\/tr><tr><td>Escrit\u00f3rio<\/td><td>Estante azul acinzentado<\/td><td>Cadeira de escrit\u00f3rio rosa<\/td><td>Criativo e descolado<\/td><\/tr><tr><td>Sala de jantar<\/td><td>Parede azul claro<\/td><td>Lou\u00e7as e arranjos rosa<\/td><td>Minimalista elegante<\/td><\/tr><tr><td>Hall de entrada<\/td><td>Porta azul vibrante<\/td><td>Banco ou pufe rosa<\/td><td>Pop e acolhedor<\/td><\/tr><\/tbody><\/table><\/figure>\n\n\n\n<hr class=\"wp-block-separator has-alpha-channel-opacity\"\/>\n\n\n\n<a href=\"https:\/\/1truenote.com\/en\/academia-em-casa-ideias\/\" style=\"text-decoration: none;\">\n  <div style=\"display: flex; justify-content: space-between; align-items: center; background: #d44a00; padding: 12px 20px; color: white; font-family: Arial, sans-serif;\">\n    <strong style=\"color: black;\">READ ALSO:<\/strong>\n    <span style=\"margin-left: 8px; flex: 1;\">Academia em casa: Dicas de decora\u00e7\u00e3o<\/span>\n    <div style=\"background: #f2802f; padding: 8px 12px; border-radius: 2px; margin-left: 10px;\">\n      <span style=\"color: white; font-weight: bold;\">\u27a4<\/span>\n    <\/div>\n  <\/div>\n<\/a>\n\n\n\n<hr class=\"wp-block-separator has-alpha-channel-opacity\"\/>\n\n\n\n<h2 id='inspira\u00e7\u00f5es-visuais'  class=\"wp-block-heading\">Inspira\u00e7\u00f5es visuais<\/h2>\n\n\n\n<p>As imagens que voc\u00ea enviou mostram perfeitamente como essa combina\u00e7\u00e3o pode ser adaptada para diferentes estilos:<\/p>\n\n\n\n<ul class=\"wp-block-list\">\n<li><strong>Ambientes sofisticados<\/strong> com paredes azul marinho e detalhes em rosa blush<\/li>\n\n\n\n<li><strong>Salas modernas<\/strong> com molduras e boiseries pintadas, combinando arte abstrata nas mesmas cores<\/li>\n\n\n\n<li><strong>Cantos aconchegantes<\/strong> com poltronas rosas contrastando com paredes azuis vivas e detalhes dourados<\/li>\n\n\n\n<li><strong>Composi\u00e7\u00f5es florais<\/strong> que unem as duas cores de forma natural e delicada<\/li>\n<\/ul>\n\n\n\n<hr class=\"wp-block-separator has-alpha-channel-opacity\"\/>\n\n\n\n<h2 id='v\u00eddeo-do-youtube-sobre-combina\u00e7\u00e3o-azul-e-rosa'  class=\"wp-block-heading\">V\u00eddeo do YouTube sobre combina\u00e7\u00e3o azul e rosa<\/h2>\n\n\n\n<figure class=\"wp-block-embed aligncenter is-type-video is-provider-youtube wp-block-embed-youtube wp-embed-aspect-16-9 wp-has-aspect-ratio\"><div class=\"wp-block-embed__wrapper\">\n<iframe title=\"47 ideias para DECORAR sala com sof\u00e1 colorido - Sof\u00e1 AZUL, AMARELO, VERMELHO, ROXO, ROSA, VERDE\" width=\"720\" height=\"405\" src=\"https:\/\/www.youtube.com\/embed\/Xxj350_9Qpo?feature=oembed\" frameborder=\"0\" allow=\"accelerometer; autoplay; clipboard-write; encrypted-media; gyroscope; picture-in-picture; web-share\" referrerpolicy=\"strict-origin-when-cross-origin\" allowfullscreen><\/iframe>\n<\/div><\/figure>\n\n\n\n<p><a href=\"https:\/\/www.youtube.com\/watch?v=Xxj350_9Qpo&amp;pp=ygUVZGVjb3JhY2FvIGF6dWwgZSByb3Nh\" data-type=\"link\" data-id=\"https:\/\/www.youtube.com\/watch?v=Xxj350_9Qpo&amp;pp=ygUVZGVjb3JhY2FvIGF6dWwgZSByb3Nh\" target=\"_blank\" rel=\"noopener\">Assista a dicas e ideias aqui<\/a> <em>(exemplo de link para v\u00eddeo de inspira\u00e7\u00e3o em design de interiores com essa paleta)<\/em>.<\/p>\n\n\n\n<hr class=\"wp-block-separator has-alpha-channel-opacity\"\/>\n\n\n\n<h2 id='combina\u00e7\u00e3o-de-azul-e-rosa'  class=\"wp-block-heading\">Combina\u00e7\u00e3o de azul e rosa<\/h2>\n\n\n\n<p>A combina\u00e7\u00e3o de azul e rosa \u00e9 atemporal e extremamente adapt\u00e1vel. Ela pode ser usada para transmitir paz e romantismo ou para criar contrastes vibrantes e cheios de energia.<\/p>\n\n\n\n<p>A chave est\u00e1 em escolher as tonalidades certas e aplic\u00e1-las de maneira estrat\u00e9gica no espa\u00e7o. Seja em uma sala elegante, um quarto acolhedor ou at\u00e9 em um escrit\u00f3rio criativo, essa paleta oferece infinitas possibilidades.<\/p>\n\n\n\n<p>Al\u00e9m disso, \u00e9 uma escolha que conversa bem com tend\u00eancias atuais como o <strong>maximalismo<\/strong>, que aposta em cores intensas e combina\u00e7\u00f5es ousadas, e o <strong>minimalismo aconchegante<\/strong>, que prefere tons claros e suaves.<\/p>\n\n\n\n<hr class=\"wp-block-separator has-alpha-channel-opacity\"\/>\n\n\n\n<a href=\"https:\/\/1truenote.com\/en\/academia-em-casa-ideias\/\" style=\"text-decoration: none;\">\n  <div style=\"display: flex; justify-content: space-between; align-items: center; background: #d44a00; padding: 12px 20px; color: white; font-family: Arial, sans-serif;\">\n    <strong style=\"color: black;\">READ ALSO:<\/strong>\n    <span style=\"margin-left: 8px; flex: 1;\">Academia em casa: Dicas de decora\u00e7\u00e3o<\/span>\n    <div style=\"background: #f2802f; padding: 8px 12px; border-radius: 2px; margin-left: 10px;\">\n      <span style=\"color: white; font-weight: bold;\">\u27a4<\/span>\n    <\/div>\n  <\/div>\n<\/a>\n\n\n\n<hr class=\"wp-block-separator has-alpha-channel-opacity\"\/>\n\n\n\n<h2 id='faq-perguntas-frequentes'  class=\"wp-block-heading\">FAQ \u2013 Perguntas frequentes<\/h2>\n\n\n<div id=\"rank-math-faq\" class=\"rank-math-block\">\n<div class=\"rank-math-list\">\n<div id=\"faq-question-1755265729178\" class=\"rank-math-list-item\">\n<h3 id='azul-e-rosa-combinam-em-qualquer-estilo-de-decora\u00e7\u00e3o'  class=\"rank-math-question\">Azul e rosa combinam em qualquer estilo de decora\u00e7\u00e3o?<\/h3>\n<div class=\"rank-math-answer\">\n\n<p>Sim! Essa dupla funciona tanto em estilos cl\u00e1ssicos quanto modernos. A chave \u00e9 adaptar a tonalidade e a propor\u00e7\u00e3o.<\/p>\n\n<\/div>\n<\/div>\n<div id=\"faq-question-1755265730334\" class=\"rank-math-list-item\">\n<h3 id='posso-usar-azul-e-rosa-em-um-ambiente-pequeno'  class=\"rank-math-question\">Posso usar azul e rosa em um ambiente pequeno?<\/h3>\n<div class=\"rank-math-answer\">\n\n<p>Sim, especialmente se optar por tons claros, que ajudam a ampliar a sensa\u00e7\u00e3o de espa\u00e7o.<\/p>\n\n<\/div>\n<\/div>\n<div id=\"faq-question-1755265731172\" class=\"rank-math-list-item\">\n<h3 id='quais-cores-combinam-com-azul-e-rosa'  class=\"rank-math-question\">Quais cores combinam com azul e rosa?<\/h3>\n<div class=\"rank-math-answer\">\n\n<p>Branco, cinza, dourado e madeira natural s\u00e3o as mais indicadas para criar equil\u00edbrio.<\/p>\n\n<\/div>\n<\/div>\n<div id=\"faq-question-1755265731809\" class=\"rank-math-list-item\">\n<h3 id='azul-e-rosa-funcionam-em-ambientes-masculinos'  class=\"rank-math-question\">Azul e rosa funcionam em ambientes masculinos?<\/h3>\n<div class=\"rank-math-answer\">\n\n<p>Sim. Usando tons mais fechados, como azul marinho e rosa queimado, \u00e9 poss\u00edvel criar um ambiente elegante e sofisticado sem perder personalidade.<\/p>\n\n<\/div>\n<\/div>\n<div id=\"faq-question-1755265733094\" class=\"rank-math-list-item\">\n<h3 id='\u00e9-melhor-pintar-as-paredes-ou-usar-acess\u00f3rios-nessas-cores'  class=\"rank-math-question\">\u00c9 melhor pintar as paredes ou usar acess\u00f3rios nessas cores?<\/h3>\n<div class=\"rank-math-answer\">\n\n<p>Depende do impacto que voc\u00ea deseja. Para mudan\u00e7as sutis, aposte em acess\u00f3rios. Para um efeito marcante, paredes e m\u00f3veis nessas cores criam presen\u00e7a.<\/p>\n\n<\/div>\n<\/div>\n<\/div>\n<\/div>\n\n\n<figure class=\"wp-block-image aligncenter size-large\"><img data-recalc-dims=\"1\" decoding=\"async\" width=\"1024\" height=\"683\" src=\"https:\/\/i0.wp.com\/1truenote.com\/wp-content\/uploads\/2025\/08\/20250815_1141_Parede-Texturizada_remix_01k2q2pkknfqdbnphcfqg96dah.png?resize=1024%2C683&#038;ssl=1\" alt=\"quarto azul e rosa\" class=\"wp-image-4012\" srcset=\"https:\/\/i0.wp.com\/1truenote.com\/wp-content\/uploads\/2025\/08\/20250815_1141_Parede-Texturizada_remix_01k2q2pkknfqdbnphcfqg96dah.png?resize=1024%2C683&amp;ssl=1 1024w, https:\/\/i0.wp.com\/1truenote.com\/wp-content\/uploads\/2025\/08\/20250815_1141_Parede-Texturizada_remix_01k2q2pkknfqdbnphcfqg96dah.png?resize=300%2C200&amp;ssl=1 300w, https:\/\/i0.wp.com\/1truenote.com\/wp-content\/uploads\/2025\/08\/20250815_1141_Parede-Texturizada_remix_01k2q2pkknfqdbnphcfqg96dah.png?resize=768%2C512&amp;ssl=1 768w, https:\/\/i0.wp.com\/1truenote.com\/wp-content\/uploads\/2025\/08\/20250815_1141_Parede-Texturizada_remix_01k2q2pkknfqdbnphcfqg96dah.png?resize=18%2C12&amp;ssl=1 18w, https:\/\/i0.wp.com\/1truenote.com\/wp-content\/uploads\/2025\/08\/20250815_1141_Parede-Texturizada_remix_01k2q2pkknfqdbnphcfqg96dah.png?resize=150%2C100&amp;ssl=1 150w, https:\/\/i0.wp.com\/1truenote.com\/wp-content\/uploads\/2025\/08\/20250815_1141_Parede-Texturizada_remix_01k2q2pkknfqdbnphcfqg96dah.png?w=1536&amp;ssl=1 1536w\" sizes=\"(max-width: 1024px) 100vw, 1024px\" \/><\/figure>","protected":false},"excerpt":{"rendered":"<p>A mistura de azul e rosa \u00e9 uma das combina\u00e7\u00f5es mais vers\u00e1teis e encantadoras do design de interiores. Ao unir&#8230;<\/p>","protected":false},"author":1,"featured_media":4012,"comment_status":"open","ping_status":"open","sticky":false,"template":"","format":"standard","meta":{"_kad_post_transparent":"","_kad_post_title":"","_kad_post_layout":"","_kad_post_sidebar_id":"","_kad_post_content_style":"","_kad_post_vertical_padding":"","_kad_post_feature":"","_kad_post_feature_position":"","_kad_post_header":false,"_kad_post_footer":false,"_kad_post_classname":"","footnotes":"","jetpack_publicize_message":"A mistura de azul e rosa \u00e9 uma das combina\u00e7\u00f5es mais vers\u00e1teis e encantadoras do design de interiores. Ao unir a serenidade e profundidade do azul com a suavidade e calor do rosa, cria-se um equil\u00edbrio visual capaz de transmitir ao mesmo tempo aconchego e sofistica\u00e7\u00e3o.\n\n#carvalhoconsultoriabrasil #truenote #decor #decoracao #azulerosa #azul #rosa #quarto #moderno #quartomoderno","jetpack_publicize_feature_enabled":true,"jetpack_social_post_already_shared":true,"jetpack_social_options":{"image_generator_settings":{"template":"highway","default_image_id":0,"enabled":false},"version":2}},"categories":[16,1],"tags":[13,14],"class_list":["post-4008","post","type-post","status-publish","format-standard","has-post-thumbnail","hentry","category-casa-e-jardim","category-novidades","tag-minimalista","tag-interiores-inovadores"],"jetpack_publicize_connections":[],"jetpack_featured_media_url":"https:\/\/i0.wp.com\/1truenote.com\/wp-content\/uploads\/2025\/08\/20250815_1141_Parede-Texturizada_remix_01k2q2pkknfqdbnphcfqg96dah.png?fit=1536%2C1024&ssl=1","jetpack_sharing_enabled":true,"_links":{"self":[{"href":"https:\/\/1truenote.com\/en\/wp-json\/wp\/v2\/posts\/4008","targetHints":{"allow":["GET"]}}],"collection":[{"href":"https:\/\/1truenote.com\/en\/wp-json\/wp\/v2\/posts"}],"about":[{"href":"https:\/\/1truenote.com\/en\/wp-json\/wp\/v2\/types\/post"}],"author":[{"embeddable":true,"href":"https:\/\/1truenote.com\/en\/wp-json\/wp\/v2\/users\/1"}],"replies":[{"embeddable":true,"href":"https:\/\/1truenote.com\/en\/wp-json\/wp\/v2\/comments?post=4008"}],"version-history":[{"count":2,"href":"https:\/\/1truenote.com\/en\/wp-json\/wp\/v2\/posts\/4008\/revisions"}],"predecessor-version":[{"id":4014,"href":"https:\/\/1truenote.com\/en\/wp-json\/wp\/v2\/posts\/4008\/revisions\/4014"}],"wp:featuredmedia":[{"embeddable":true,"href":"https:\/\/1truenote.com\/en\/wp-json\/wp\/v2\/media\/4012"}],"wp:attachment":[{"href":"https:\/\/1truenote.com\/en\/wp-json\/wp\/v2\/media?parent=4008"}],"wp:term":[{"taxonomy":"category","embeddable":true,"href":"https:\/\/1truenote.com\/en\/wp-json\/wp\/v2\/categories?post=4008"},{"taxonomy":"post_tag","embeddable":true,"href":"https:\/\/1truenote.com\/en\/wp-json\/wp\/v2\/tags?post=4008"}],"curies":[{"name":"wp","href":"https:\/\/api.w.org\/{rel}","templated":true}]}}