{"id":3995,"date":"2025-08-14T12:00:00","date_gmt":"2025-08-14T15:00:00","guid":{"rendered":"https:\/\/1truenote.com\/?p=3995"},"modified":"2025-08-14T11:07:48","modified_gmt":"2025-08-14T14:07:48","slug":"quarto-industrial-ideias","status":"publish","type":"post","link":"https:\/\/1truenote.com\/en\/quarto-industrial-ideias\/","title":{"rendered":"Quarto industrial: Ideias e inspira\u00e7\u00f5es para um visual moderno e sofisticado"},"content":{"rendered":"<p>O <strong>quarto industrial<\/strong> \u00e9 a escolha perfeita para quem quer unir estilo urbano, conforto e um toque sofisticado. Inspirado nos antigos galp\u00f5es e f\u00e1bricas, esse tipo de decora\u00e7\u00e3o aposta em materiais brutos, cores neutras e ilumina\u00e7\u00e3o estrat\u00e9gica para criar um ambiente marcante e aconchegante.<\/p>\n\n\n\n<p>Com tijolos aparentes, estruturas met\u00e1licas e elementos de madeira, o estilo industrial combina perfeitamente com espa\u00e7os amplos e tamb\u00e9m funciona muito bem em quartos menores, desde que haja equil\u00edbrio na composi\u00e7\u00e3o.<\/p>\n\n\n\n<hr class=\"wp-block-separator has-alpha-channel-opacity\"\/>\n\n\n\n<h2 id='quarto-industrial-caracter\u00edsticas-chave'  class=\"wp-block-heading\">Quarto industrial: Caracter\u00edsticas chave<\/h2>\n\n\n\n<p>Para criar um <strong>quarto industrial<\/strong> aut\u00eantico, alguns elementos n\u00e3o podem faltar:<\/p>\n\n\n\n<ul class=\"wp-block-list\">\n<li><strong>Paredes de tijolo aparente<\/strong> ou revestimento que imite o material.<\/li>\n\n\n\n<li><strong>Estruturas met\u00e1licas<\/strong> em m\u00f3veis e lumin\u00e1rias.<\/li>\n\n\n\n<li><strong>Cores s\u00f3brias<\/strong> como cinza, preto, marrom e tons terrosos.<\/li>\n\n\n\n<li><strong>Ilumina\u00e7\u00e3o quente<\/strong> para criar um clima aconchegante.<\/li>\n<\/ul>\n\n\n\n<p>\ud83d\udca1 <strong>Dica:<\/strong> <em>Combine elementos r\u00fasticos com toques modernos, como roupa de cama sofisticada ou arte contempor\u00e2nea.<\/em><\/p>\n\n\n\n<hr class=\"wp-block-separator has-alpha-channel-opacity\"\/>\n\n\n\n<h2 id='m\u00f3veis-e-acess\u00f3rios-para-quarto-industrial'  class=\"wp-block-heading\">M\u00f3veis e Acess\u00f3rios para Quarto Industrial<\/h2>\n\n\n\n<ul class=\"wp-block-list\">\n<li><strong>Cama com estrutura de ferro<\/strong> ou madeira r\u00fastica.<\/li>\n\n\n\n<li><strong>Mesas de cabeceira<\/strong> com design simples e acabamento envelhecido.<\/li>\n\n\n\n<li><strong>Prateleiras abertas<\/strong> de metal e madeira.<\/li>\n\n\n\n<li><strong>Ba\u00fas e malas vintage<\/strong> para armazenamento e decora\u00e7\u00e3o.<\/li>\n\n\n\n<li><strong>Tapetes neutros<\/strong> para conforto e equil\u00edbrio visual.<\/li>\n<\/ul>\n\n\n\n<hr class=\"wp-block-separator has-alpha-channel-opacity\"\/>\n\n\n\n<figure class=\"wp-block-image aligncenter size-medium\"><a href=\"https:\/\/chat.whatsapp.com\/KJBkp5LFJVRIvmt5X3hSEh\" target=\"_blank\" rel=\"noopener\"><img data-recalc-dims=\"1\" fetchpriority=\"high\" decoding=\"async\" width=\"200\" height=\"300\" src=\"https:\/\/i0.wp.com\/1truenote.com\/wp-content\/uploads\/2025\/06\/ChatGPT-Image-3-de-jun.-de-2025-19_04_53.png?resize=200%2C300&#038;ssl=1\" alt=\"chamada banner advetorial whats\" class=\"wp-image-2683\" srcset=\"https:\/\/i0.wp.com\/1truenote.com\/wp-content\/uploads\/2025\/06\/ChatGPT-Image-3-de-jun.-de-2025-19_04_53.png?resize=200%2C300&amp;ssl=1 200w, https:\/\/i0.wp.com\/1truenote.com\/wp-content\/uploads\/2025\/06\/ChatGPT-Image-3-de-jun.-de-2025-19_04_53.png?resize=683%2C1024&amp;ssl=1 683w, https:\/\/i0.wp.com\/1truenote.com\/wp-content\/uploads\/2025\/06\/ChatGPT-Image-3-de-jun.-de-2025-19_04_53.png?resize=768%2C1152&amp;ssl=1 768w, https:\/\/i0.wp.com\/1truenote.com\/wp-content\/uploads\/2025\/06\/ChatGPT-Image-3-de-jun.-de-2025-19_04_53.png?resize=150%2C225&amp;ssl=1 150w, https:\/\/i0.wp.com\/1truenote.com\/wp-content\/uploads\/2025\/06\/ChatGPT-Image-3-de-jun.-de-2025-19_04_53.png?w=1024&amp;ssl=1 1024w\" sizes=\"(max-width: 200px) 100vw, 200px\" \/><\/a><\/figure>\n\n\n\n<hr class=\"wp-block-separator has-alpha-channel-opacity\"\/>\n\n\n\n<h2 id='tabela-elementos-do-quarto-industrial'  class=\"wp-block-heading\">Tabela: Elementos do quarto industrial<\/h2>\n\n\n\n<figure class=\"wp-block-table\"><table class=\"has-fixed-layout\"><thead><tr><th>Elemento<\/th><th>Material Ideal<\/th><th>Fun\u00e7\u00e3o na Decora\u00e7\u00e3o<\/th><th>Observa\u00e7\u00e3o<\/th><\/tr><\/thead><tbody><tr><td>Paredes<\/td><td>Tijolo, cimento queimado<\/td><td>Criar textura e autenticidade<\/td><td>Pode ser natural ou revestimento<\/td><\/tr><tr><td>Lighting<\/td><td>Metal, filamento de carbono<\/td><td>Destaque e aconchego<\/td><td>Prefira l\u00e2mpadas de luz quente<\/td><\/tr><tr><td>M\u00f3veis<\/td><td>Madeira maci\u00e7a, ferro<\/td><td>Robustez e durabilidade<\/td><td>Design simples, sem excessos<\/td><\/tr><tr><td>Decora\u00e7\u00e3o<\/td><td>Quadros, plantas, couro<\/td><td>Personaliza\u00e7\u00e3o do espa\u00e7o<\/td><td>Misture texturas para profundidade<\/td><\/tr><tr><td>Piso<\/td><td>Madeira, cimento<\/td><td>Base neutra para composi\u00e7\u00f5es<\/td><td>F\u00e1cil de manter e limpar<\/td><\/tr><\/tbody><\/table><\/figure>\n\n\n\n<hr class=\"wp-block-separator has-alpha-channel-opacity\"\/>\n\n\n\n<a href=\"https:\/\/1truenote.com\/en\/decoracao-com-palha-ideias\/\" style=\"text-decoration: none;\">\n  <div style=\"display: flex; justify-content: space-between; align-items: center; background: #d44a00; padding: 12px 20px; color: white; font-family: Arial, sans-serif;\">\n    <strong style=\"color: black;\">READ ALSO:<\/strong>\n    <span style=\"margin-left: 8px; flex: 1;\">Decora\u00e7\u00e3o com palha<\/span>\n    <div style=\"background: #f2802f; padding: 8px 12px; border-radius: 2px; margin-left: 10px;\">\n      <span style=\"color: white; font-weight: bold;\">\u27a4<\/span>\n    <\/div>\n  <\/div>\n<\/a>\n\n\n\n<hr class=\"wp-block-separator has-alpha-channel-opacity\"\/>\n\n\n\n<h2 id='v\u00eddeo-inspirador-quarto-industrial'  class=\"wp-block-heading\">V\u00eddeo inspirador: Quarto industrial<\/h2>\n\n\n\n<p>Para ver na pr\u00e1tica como montar um <strong>quarto industrial<\/strong> elegante e funcional, confira este v\u00eddeo no YouTube:<\/p>\n\n\n\n<figure class=\"wp-block-embed aligncenter is-type-video is-provider-youtube wp-block-embed-youtube wp-embed-aspect-9-16 wp-has-aspect-ratio\"><div class=\"wp-block-embed__wrapper\">\n<iframe title=\"Transforma\u00e7\u00e3o desse Quarto Industrial que amamos projetar! \ud83e\udd29 #decora\u00e7\u00e3o #quartodecorado #homedecor\" width=\"563\" height=\"1000\" src=\"https:\/\/www.youtube.com\/embed\/K0FEmmLw8II?feature=oembed\" frameborder=\"0\" allow=\"accelerometer; autoplay; clipboard-write; encrypted-media; gyroscope; picture-in-picture; web-share\" referrerpolicy=\"strict-origin-when-cross-origin\" allowfullscreen><\/iframe>\n<\/div><\/figure>\n\n\n\n<p>\ud83c\udfa5 <strong><a href=\"https:\/\/www.youtube.com\/shorts\/K0FEmmLw8II\" data-type=\"link\" data-id=\"https:\/\/www.youtube.com\/shorts\/K0FEmmLw8II\" target=\"_blank\" rel=\"noopener\">Assista no YouTube<\/a><\/strong><\/p>\n\n\n\n<hr class=\"wp-block-separator has-alpha-channel-opacity\"\/>\n\n\n\n<h2 id='combina\u00e7\u00f5es-de-cores-para-quarto-industrial'  class=\"wp-block-heading\">Combina\u00e7\u00f5es de cores para quarto industrial<\/h2>\n\n\n\n<ul class=\"wp-block-list\">\n<li><strong>Preto + marrom<\/strong>: dram\u00e1tico e sofisticado.<\/li>\n\n\n\n<li><strong>Cinza + madeira clara<\/strong>: mais leve e equilibrado.<\/li>\n\n\n\n<li><strong>Tons terrosos + metal preto<\/strong>: r\u00fastico e acolhedor.<\/li>\n\n\n\n<li><strong>Branco + detalhes industriais<\/strong>: para espa\u00e7os pequenos, garante amplitude.<\/li>\n<\/ul>\n\n\n\n<hr class=\"wp-block-separator has-alpha-channel-opacity\"\/>\n\n\n\n<h2 id='dicas-extras-para-decorar-um-quarto-industrial'  class=\"wp-block-heading\">Dicas extras para decorar um quarto industrial<\/h2>\n\n\n\n<ul class=\"wp-block-list\">\n<li>Aposte em <strong>plantas verdes<\/strong> para quebrar a rigidez do visual.<\/li>\n\n\n\n<li>Use <strong>arte minimalista<\/strong> ou fotografias em preto e branco.<\/li>\n\n\n\n<li>Deixe <strong>fios e dutos aparentes<\/strong> para refor\u00e7ar a est\u00e9tica urbana.<\/li>\n\n\n\n<li>Misture <strong>texturas aconchegantes<\/strong>, como mantas e almofadas, para equilibrar a rusticidade.<\/li>\n<\/ul>\n\n\n\n<hr class=\"wp-block-separator has-alpha-channel-opacity\"\/>\n\n\n\n<h2 id='quarto-industrial'  class=\"wp-block-heading\">Quarto industrial<\/h2>\n\n\n\n<p>O <strong>quarto industrial<\/strong> \u00e9 muito mais do que um estilo decorativo \u2014 \u00e9 uma forma de express\u00e3o que transmite personalidade, for\u00e7a e sofistica\u00e7\u00e3o. Ao combinar materiais brutos com conforto visual e funcionalidade, esse tipo de ambiente cria uma atmosfera que \u00e9 ao mesmo tempo urbana e acolhedora.<\/p>\n\n\n\n<p>Seja em um espa\u00e7o amplo com p\u00e9-direito alto ou em um quarto compacto, \u00e9 poss\u00edvel adaptar o estilo industrial \u00e0s suas necessidades, escolhendo com cuidado cada elemento. O segredo est\u00e1 no equil\u00edbrio: manter a ess\u00eancia crua do industrial sem abrir m\u00e3o do conforto necess\u00e1rio para um quarto.<\/p>\n\n\n\n<hr class=\"wp-block-separator has-alpha-channel-opacity\"\/>\n\n\n\n<a href=\"https:\/\/1truenote.com\/en\/decoracao-com-palha-ideias\/\" style=\"text-decoration: none;\">\n  <div style=\"display: flex; justify-content: space-between; align-items: center; background: #d44a00; padding: 12px 20px; color: white; font-family: Arial, sans-serif;\">\n    <strong style=\"color: black;\">READ ALSO:<\/strong>\n    <span style=\"margin-left: 8px; flex: 1;\">Decora\u00e7\u00e3o com palha<\/span>\n    <div style=\"background: #f2802f; padding: 8px 12px; border-radius: 2px; margin-left: 10px;\">\n      <span style=\"color: white; font-weight: bold;\">\u27a4<\/span>\n    <\/div>\n  <\/div>\n<\/a>\n\n\n\n\n<hr class=\"wp-block-separator has-alpha-channel-opacity\"\/>\n\n\n\n<h2 id='faq-quarto-industrial'  class=\"wp-block-heading\">FAQ \u2013 Quarto industrial<\/h2>\n\n\n<div id=\"rank-math-faq\" class=\"rank-math-block\">\n<div class=\"rank-math-list\">\n<div id=\"faq-question-1755179844563\" class=\"rank-math-list-item\">\n<h3 id='posso-ter-um-quarto-industrial-em-um-espa\u00e7o-pequeno'  class=\"rank-math-question\">Posso ter um quarto industrial em um espa\u00e7o pequeno?<\/h3>\n<div class=\"rank-math-answer\">\n\n<p>Sim! Aposte em cores claras na base e use os elementos industriais nos detalhes.<\/p>\n\n<\/div>\n<\/div>\n<div id=\"faq-question-1755179845453\" class=\"rank-math-list-item\">\n<h3 id='o-estilo-industrial-\u00e9-sempre-escuro'  class=\"rank-math-question\">O estilo industrial \u00e9 sempre escuro?<\/h3>\n<div class=\"rank-math-answer\">\n\n<p>N\u00e3o. Voc\u00ea pode equilibrar com branco, bege e madeira clara.<\/p>\n\n<\/div>\n<\/div>\n<div id=\"faq-question-1755179846029\" class=\"rank-math-list-item\">\n<h3 id='tijolo-aparente-precisa-ser-real'  class=\"rank-math-question\">Tijolo aparente precisa ser real?<\/h3>\n<div class=\"rank-math-answer\">\n\n<p>N\u00e3o. H\u00e1 revestimentos que imitam o efeito com fidelidade.<\/p>\n\n<\/div>\n<\/div>\n<div id=\"faq-question-1755179846825\" class=\"rank-math-list-item\">\n<h3 id='quais-lumin\u00e1rias-combinam-mais'  class=\"rank-math-question\">Quais lumin\u00e1rias combinam mais?<\/h3>\n<div class=\"rank-math-answer\">\n\n<p>Lumin\u00e1rias de metal, pendentes e l\u00e2mpadas de filamento.<\/p>\n\n<\/div>\n<\/div>\n<div id=\"faq-question-1755179848101\" class=\"rank-math-list-item\">\n<h3 id='d\u00e1-para-misturar-industrial-com-outro-estilo'  class=\"rank-math-question\">D\u00e1 para misturar industrial com outro estilo?<\/h3>\n<div class=\"rank-math-answer\">\n\n<p>Sim! O industrial combina bem com o escandinavo e o contempor\u00e2neo.<\/p>\n\n<\/div>\n<\/div>\n<\/div>\n<\/div>\n\n\n<figure class=\"wp-block-image aligncenter size-large\"><img data-recalc-dims=\"1\" decoding=\"async\" width=\"683\" height=\"1024\" src=\"https:\/\/i0.wp.com\/1truenote.com\/wp-content\/uploads\/2025\/08\/20250812_2322_Quarto-Moderno-Aconchegante_remix_01k2gkn79xfxdtmvavbvy05k8x.png?resize=683%2C1024&#038;ssl=1\" alt=\"quarto industrial\" class=\"wp-image-3997\" srcset=\"https:\/\/i0.wp.com\/1truenote.com\/wp-content\/uploads\/2025\/08\/20250812_2322_Quarto-Moderno-Aconchegante_remix_01k2gkn79xfxdtmvavbvy05k8x.png?resize=683%2C1024&amp;ssl=1 683w, https:\/\/i0.wp.com\/1truenote.com\/wp-content\/uploads\/2025\/08\/20250812_2322_Quarto-Moderno-Aconchegante_remix_01k2gkn79xfxdtmvavbvy05k8x.png?resize=200%2C300&amp;ssl=1 200w, https:\/\/i0.wp.com\/1truenote.com\/wp-content\/uploads\/2025\/08\/20250812_2322_Quarto-Moderno-Aconchegante_remix_01k2gkn79xfxdtmvavbvy05k8x.png?resize=768%2C1152&amp;ssl=1 768w, https:\/\/i0.wp.com\/1truenote.com\/wp-content\/uploads\/2025\/08\/20250812_2322_Quarto-Moderno-Aconchegante_remix_01k2gkn79xfxdtmvavbvy05k8x.png?resize=8%2C12&amp;ssl=1 8w, https:\/\/i0.wp.com\/1truenote.com\/wp-content\/uploads\/2025\/08\/20250812_2322_Quarto-Moderno-Aconchegante_remix_01k2gkn79xfxdtmvavbvy05k8x.png?resize=150%2C225&amp;ssl=1 150w, https:\/\/i0.wp.com\/1truenote.com\/wp-content\/uploads\/2025\/08\/20250812_2322_Quarto-Moderno-Aconchegante_remix_01k2gkn79xfxdtmvavbvy05k8x.png?w=1024&amp;ssl=1 1024w\" sizes=\"(max-width: 683px) 100vw, 683px\" \/><\/figure>","protected":false},"excerpt":{"rendered":"<p>O quarto industrial \u00e9 a escolha perfeita para quem quer unir estilo urbano, conforto e um toque sofisticado. Inspirado nos&#8230;<\/p>","protected":false},"author":1,"featured_media":3997,"comment_status":"open","ping_status":"open","sticky":false,"template":"","format":"standard","meta":{"_kad_post_transparent":"","_kad_post_title":"","_kad_post_layout":"","_kad_post_sidebar_id":"","_kad_post_content_style":"","_kad_post_vertical_padding":"","_kad_post_feature":"","_kad_post_feature_position":"","_kad_post_header":false,"_kad_post_footer":false,"_kad_post_classname":"","footnotes":"","jetpack_publicize_message":"","jetpack_publicize_feature_enabled":false,"jetpack_social_post_already_shared":true,"jetpack_social_options":{"image_generator_settings":{"template":"highway","default_image_id":0,"enabled":false},"version":2}},"categories":[16,1],"tags":[13,14,12],"class_list":["post-3995","post","type-post","status-publish","format-standard","has-post-thumbnail","hentry","category-casa-e-jardim","category-novidades","tag-minimalista","tag-interiores-inovadores","tag-projetos-inovadores"],"jetpack_publicize_connections":[],"jetpack_featured_media_url":"https:\/\/i0.wp.com\/1truenote.com\/wp-content\/uploads\/2025\/08\/20250812_2322_Quarto-Moderno-Aconchegante_remix_01k2gkn79xfxdtmvavbvy05k8x.png?fit=1024%2C1536&ssl=1","jetpack_sharing_enabled":true,"_links":{"self":[{"href":"https:\/\/1truenote.com\/en\/wp-json\/wp\/v2\/posts\/3995","targetHints":{"allow":["GET"]}}],"collection":[{"href":"https:\/\/1truenote.com\/en\/wp-json\/wp\/v2\/posts"}],"about":[{"href":"https:\/\/1truenote.com\/en\/wp-json\/wp\/v2\/types\/post"}],"author":[{"embeddable":true,"href":"https:\/\/1truenote.com\/en\/wp-json\/wp\/v2\/users\/1"}],"replies":[{"embeddable":true,"href":"https:\/\/1truenote.com\/en\/wp-json\/wp\/v2\/comments?post=3995"}],"version-history":[{"count":1,"href":"https:\/\/1truenote.com\/en\/wp-json\/wp\/v2\/posts\/3995\/revisions"}],"predecessor-version":[{"id":3998,"href":"https:\/\/1truenote.com\/en\/wp-json\/wp\/v2\/posts\/3995\/revisions\/3998"}],"wp:featuredmedia":[{"embeddable":true,"href":"https:\/\/1truenote.com\/en\/wp-json\/wp\/v2\/media\/3997"}],"wp:attachment":[{"href":"https:\/\/1truenote.com\/en\/wp-json\/wp\/v2\/media?parent=3995"}],"wp:term":[{"taxonomy":"category","embeddable":true,"href":"https:\/\/1truenote.com\/en\/wp-json\/wp\/v2\/categories?post=3995"},{"taxonomy":"post_tag","embeddable":true,"href":"https:\/\/1truenote.com\/en\/wp-json\/wp\/v2\/tags?post=3995"}],"curies":[{"name":"wp","href":"https:\/\/api.w.org\/{rel}","templated":true}]}}