{"id":3987,"date":"2025-08-12T16:00:00","date_gmt":"2025-08-12T19:00:00","guid":{"rendered":"https:\/\/1truenote.com\/?p=3987"},"modified":"2025-08-12T11:55:54","modified_gmt":"2025-08-12T14:55:54","slug":"decoracao-com-palha-ideias","status":"publish","type":"post","link":"https:\/\/1truenote.com\/en\/decoracao-com-palha-ideias\/","title":{"rendered":"Decora\u00e7\u00e3o com palha: Como usar o material queridinho do momento"},"content":{"rendered":"<p>A <strong>decora\u00e7\u00e3o com palha<\/strong> conquistou de vez o cora\u00e7\u00e3o de quem busca um lar mais acolhedor, natural e cheio de charme. Esse material, que antes era mais associado a ambientes r\u00fasticos, hoje aparece em projetos contempor\u00e2neos, escandinavos e at\u00e9 minimalistas, provando que sua versatilidade \u00e9 infinita.<\/p>\n\n\n\n<p>Com um toque leve, texturas interessantes e um apelo sustent\u00e1vel, a palha pode estar presente em m\u00f3veis, lumin\u00e1rias, cestos, tapetes e at\u00e9 no revestimento de paredes. Se voc\u00ea quer trazer mais calor e personalidade para sua casa, continue lendo para descobrir ideias pr\u00e1ticas e inspiradoras.<\/p>\n\n\n\n<hr class=\"wp-block-separator has-alpha-channel-opacity\"\/>\n\n\n\n<h2 id='decora\u00e7\u00e3o-com-palha-por-que-apostar-nesse-material'  class=\"wp-block-heading\">Decora\u00e7\u00e3o com palha: Por que apostar nesse material?<\/h2>\n\n\n\n<p>Al\u00e9m do apelo est\u00e9tico, a <strong>decora\u00e7\u00e3o com palha<\/strong> carrega outros benef\u00edcios importantes:<\/p>\n\n\n\n<ul class=\"wp-block-list\">\n<li><strong>Sustentabilidade<\/strong>: geralmente produzida a partir de fibras naturais renov\u00e1veis, como rattan, vime ou junco.<\/li>\n\n\n\n<li><strong>Durabilidade<\/strong>: quando bem cuidada, pode durar anos sem perder a beleza.<\/li>\n\n\n\n<li><strong>Versatilidade<\/strong>: combina com diferentes estilos, do boho ao moderno minimalista.<\/li>\n\n\n\n<li><strong>Sensa\u00e7\u00e3o de aconchego<\/strong>: a textura natural traz calor e conforto visual.<\/li>\n<\/ul>\n\n\n\n<p>\ud83d\udca1 <strong>Dica:<\/strong> <em>combine a palha com tecidos naturais (linho, algod\u00e3o cru) para potencializar o clima org\u00e2nico.<\/em><\/p>\n\n\n\n<hr class=\"wp-block-separator has-alpha-channel-opacity\"\/>\n\n\n\n<h2 id='onde-usar-a-decora\u00e7\u00e3o-com-palha'  class=\"wp-block-heading\">Onde usar a decora\u00e7\u00e3o com palha<\/h2>\n\n\n\n<ul class=\"wp-block-list\">\n<li><strong>Sala de estar:<\/strong> poltronas, mesas laterais e lumin\u00e1rias pendentes de palha se tornam o ponto de destaque.<\/li>\n\n\n\n<li><strong>Sala de jantar:<\/strong> cadeiras de palha s\u00e3o cl\u00e1ssicas e atemporais.<\/li>\n\n\n\n<li><strong>Quarto:<\/strong> cabeceiras tran\u00e7adas e cestos organizadores para um visual leve e funcional.<\/li>\n\n\n\n<li><strong>Varanda:<\/strong> m\u00f3veis de palha resistentes ao tempo criam um espa\u00e7o perfeito para relaxar.<\/li>\n<\/ul>\n\n\n\n<hr class=\"wp-block-separator has-alpha-channel-opacity\"\/>\n\n\n\n<figure class=\"wp-block-image aligncenter size-medium\"><a href=\"https:\/\/chat.whatsapp.com\/KJBkp5LFJVRIvmt5X3hSEh\" target=\"_blank\" rel=\"noopener\"><img data-recalc-dims=\"1\" fetchpriority=\"high\" decoding=\"async\" width=\"200\" height=\"300\" src=\"https:\/\/i0.wp.com\/1truenote.com\/wp-content\/uploads\/2025\/06\/ChatGPT-Image-3-de-jun.-de-2025-19_04_53.png?resize=200%2C300&#038;ssl=1\" alt=\"chamada banner advetorial whats\" class=\"wp-image-2683\" srcset=\"https:\/\/i0.wp.com\/1truenote.com\/wp-content\/uploads\/2025\/06\/ChatGPT-Image-3-de-jun.-de-2025-19_04_53.png?resize=200%2C300&amp;ssl=1 200w, https:\/\/i0.wp.com\/1truenote.com\/wp-content\/uploads\/2025\/06\/ChatGPT-Image-3-de-jun.-de-2025-19_04_53.png?resize=683%2C1024&amp;ssl=1 683w, https:\/\/i0.wp.com\/1truenote.com\/wp-content\/uploads\/2025\/06\/ChatGPT-Image-3-de-jun.-de-2025-19_04_53.png?resize=768%2C1152&amp;ssl=1 768w, https:\/\/i0.wp.com\/1truenote.com\/wp-content\/uploads\/2025\/06\/ChatGPT-Image-3-de-jun.-de-2025-19_04_53.png?resize=150%2C225&amp;ssl=1 150w, https:\/\/i0.wp.com\/1truenote.com\/wp-content\/uploads\/2025\/06\/ChatGPT-Image-3-de-jun.-de-2025-19_04_53.png?w=1024&amp;ssl=1 1024w\" sizes=\"(max-width: 200px) 100vw, 200px\" \/><\/a><\/figure>\n\n\n\n<hr class=\"wp-block-separator has-alpha-channel-opacity\"\/>\n\n\n\n<h2 id='tabela-de-inspira\u00e7\u00e3o-para-decora\u00e7\u00e3o-com-palha'  class=\"wp-block-heading\">Tabela de inspira\u00e7\u00e3o para decora\u00e7\u00e3o com palha<\/h2>\n\n\n\n<figure class=\"wp-block-table\"><table class=\"has-fixed-layout\"><thead><tr><th>Pe\u00e7a em Palha<\/th><th>Onde Usar<\/th><th>Estilo Indicado<\/th><th>Dica Extra<\/th><\/tr><\/thead><tbody><tr><td>Lumin\u00e1ria pendente<\/td><td>Sala de jantar<\/td><td>Boho, tropical<\/td><td>Combine com luz quente para aconchego<\/td><\/tr><tr><td>Cadeira tran\u00e7ada<\/td><td>Cozinha\/sala<\/td><td>Cl\u00e1ssico, r\u00fastico<\/td><td>Misture com almofadas de algod\u00e3o<\/td><\/tr><tr><td>Cabeceira de palha<\/td><td>Quarto<\/td><td>Escandinavo, boho<\/td><td>Harmonize com roupa de cama neutra<\/td><\/tr><tr><td>Tapete de fibra natural<\/td><td>Sala de estar<\/td><td>Minimalista, org\u00e2nico<\/td><td>Use sobre piso de madeira clara<\/td><\/tr><tr><td>Cestos decorativos<\/td><td>Qualquer c\u00f4modo<\/td><td>Funcional e decorativo<\/td><td>Use para organizar mantas, brinquedos ou plantas<\/td><\/tr><\/tbody><\/table><\/figure>\n\n\n\n<hr class=\"wp-block-separator has-alpha-channel-opacity\"\/>\n\n\n\n<a href=\"https:\/\/1truenote.com\/en\/decoracao-com-livros-dicas\/\" style=\"text-decoration: none;\">\n  <div style=\"display: flex; justify-content: space-between; align-items: center; background: #d44a00; padding: 12px 20px; color: white; font-family: Arial, sans-serif;\">\n    <strong style=\"color: black;\">READ ALSO:<\/strong>\n    <span style=\"margin-left: 8px; flex: 1;\">Decora\u00e7\u00e3o com livros<\/span>\n    <div style=\"background: #f2802f; padding: 8px 12px; border-radius: 2px; margin-left: 10px;\">\n      <span style=\"color: white; font-weight: bold;\">\u27a4<\/span>\n    <\/div>\n  <\/div>\n<\/a>\n\n\n\n<hr class=\"wp-block-separator has-alpha-channel-opacity\"\/>\n\n\n\n<h2 id='v\u00eddeo-inspirador-ideias-de-decora\u00e7\u00e3o-com-palha'  class=\"wp-block-heading\">V\u00eddeo inspirador: Ideias de decora\u00e7\u00e3o com palha<\/h2>\n\n\n\n<p>Para visualizar como inserir a palha de forma harm\u00f4nica em diferentes c\u00f4modos, confira este v\u00eddeo do YouTube cheio de inspira\u00e7\u00f5es criativas:<\/p>\n\n\n\n<figure class=\"wp-block-embed aligncenter is-type-video is-provider-youtube wp-block-embed-youtube wp-embed-aspect-16-9 wp-has-aspect-ratio\"><div class=\"wp-block-embed__wrapper\">\n<iframe title=\"Decora\u00e7\u00e3o parede estilo boho! Lindo \u00e9 f\u00e1cil de fazer!  #diy #estiloboho #decora\u00e7\u00e3o #homedecor\" width=\"720\" height=\"405\" src=\"https:\/\/www.youtube.com\/embed\/eLrESfdOTds?feature=oembed\" frameborder=\"0\" allow=\"accelerometer; autoplay; clipboard-write; encrypted-media; gyroscope; picture-in-picture; web-share\" referrerpolicy=\"strict-origin-when-cross-origin\" allowfullscreen><\/iframe>\n<\/div><\/figure>\n\n\n\n<p>\ud83c\udfa5 <strong><a href=\"https:\/\/www.youtube.com\/shorts\/eLrESfdOTds\" data-type=\"link\" data-id=\"https:\/\/www.youtube.com\/shorts\/eLrESfdOTds\" target=\"_blank\" rel=\"noopener\">Assista no YouTube<\/a><\/strong><\/p>\n\n\n\n<hr class=\"wp-block-separator has-alpha-channel-opacity\"\/>\n\n\n\n<h2 id='tend\u00eancias-atuais-em-decora\u00e7\u00e3o-com-palha'  class=\"wp-block-heading\">Tend\u00eancias atuais em decora\u00e7\u00e3o com palha<\/h2>\n\n\n\n<ul class=\"wp-block-list\">\n<li><strong>Mix de materiais<\/strong>: palha com metal dourado ou preto para um toque contempor\u00e2neo.<\/li>\n\n\n\n<li><strong>Formas org\u00e2nicas<\/strong>: m\u00f3veis e lumin\u00e1rias com curvas suaves.<\/li>\n\n\n\n<li><strong>Palha tingida<\/strong>: pe\u00e7as coloridas para quem quer fugir do tom natural.<\/li>\n\n\n\n<li><strong>Revestimentos<\/strong>: pain\u00e9is de palha ou rattan em paredes para criar textura.<\/li>\n<\/ul>\n\n\n\n<hr class=\"wp-block-separator has-alpha-channel-opacity\"\/>\n\n\n\n<h2 id='cuidados-para-manter-a-palha-bonita'  class=\"wp-block-heading\">Cuidados para manter a palha bonita<\/h2>\n\n\n\n<ul class=\"wp-block-list\">\n<li>Evite exposi\u00e7\u00e3o direta ao sol por longos per\u00edodos para n\u00e3o desbotar.<\/li>\n\n\n\n<li>Limpe com pano seco ou levemente \u00famido; nunca encharque.<\/li>\n\n\n\n<li>Em \u00e1reas externas, prefira pe\u00e7as com tratamento contra umidade.<\/li>\n<\/ul>\n\n\n\n<hr class=\"wp-block-separator has-alpha-channel-opacity\"\/>\n\n\n\n<h2 id='decora\u00e7\u00e3o-com-palha'  class=\"wp-block-heading\">Decora\u00e7\u00e3o com palha<\/h2>\n\n\n\n<p>A <strong>decora\u00e7\u00e3o com palha<\/strong> \u00e9 mais do que uma tend\u00eancia: \u00e9 um resgate da conex\u00e3o com o natural, uma forma de trazer leveza e aconchego para dentro de casa. Sua versatilidade permite criar ambientes que v\u00e3o do r\u00fastico ao moderno, sempre com aquele toque de calor humano que s\u00f3 as fibras naturais oferecem.<\/p>\n\n\n\n<p>Seja com um cesto simples, uma lumin\u00e1ria imponente ou m\u00f3veis inteiros de palha, o importante \u00e9 equilibrar o uso do material com outros elementos do ambiente. Assim, voc\u00ea cria uma decora\u00e7\u00e3o harm\u00f4nica, atemporal e cheia de personalidade.<\/p>\n\n\n\n<hr class=\"wp-block-separator has-alpha-channel-opacity\"\/>\n\n\n\n<a href=\"https:\/\/1truenote.com\/en\/decoracao-com-livros-dicas\/\" style=\"text-decoration: none;\">\n  <div style=\"display: flex; justify-content: space-between; align-items: center; background: #d44a00; padding: 12px 20px; color: white; font-family: Arial, sans-serif;\">\n    <strong style=\"color: black;\">READ ALSO:<\/strong>\n    <span style=\"margin-left: 8px; flex: 1;\">Decora\u00e7\u00e3o com livros<\/span>\n    <div style=\"background: #f2802f; padding: 8px 12px; border-radius: 2px; margin-left: 10px;\">\n      <span style=\"color: white; font-weight: bold;\">\u27a4<\/span>\n    <\/div>\n  <\/div>\n<\/a>\n\n\n\n\n<hr class=\"wp-block-separator has-alpha-channel-opacity\"\/>\n\n\n\n<h2 id='faq-decora\u00e7\u00e3o-com-palha'  class=\"wp-block-heading\">FAQ \u2013 Decora\u00e7\u00e3o com Palha<\/h2>\n\n\n<div id=\"rank-math-faq\" class=\"rank-math-block\">\n<div class=\"rank-math-list\">\n<div id=\"faq-question-1755010275091\" class=\"rank-math-list-item\">\n<h3 id='a-palha-pode-ser-usada-em-\u00e1reas-externas'  class=\"rank-math-question\">A palha pode ser usada em \u00e1reas externas?<\/h3>\n<div class=\"rank-math-answer\">\n\n<p>Sim, desde que tratada para resistir \u00e0 umidade e protegida do sol direto intenso.<\/p>\n\n<\/div>\n<\/div>\n<div id=\"faq-question-1755010276136\" class=\"rank-math-list-item\">\n<h3 id='como-limpar-m\u00f3veis-de-palha'  class=\"rank-math-question\">Como limpar m\u00f3veis de palha?<\/h3>\n<div class=\"rank-math-answer\">\n\n<p>Use um pano seco ou levemente \u00famido e evite produtos abrasivos.<\/p>\n\n<\/div>\n<\/div>\n<div id=\"faq-question-1755010276688\" class=\"rank-math-list-item\">\n<h3 id='palha-combina-com-qual-estilo-de-decora\u00e7\u00e3o'  class=\"rank-math-question\">Palha combina com qual estilo de decora\u00e7\u00e3o?<\/h3>\n<div class=\"rank-math-answer\">\n\n<p>Do boho ao minimalista, passando pelo escandinavo e tropical.<\/p>\n\n<\/div>\n<\/div>\n<div id=\"faq-question-1755010277234\" class=\"rank-math-list-item\">\n<h3 id='posso-pintar-pe\u00e7as-de-palha'  class=\"rank-math-question\">Posso pintar pe\u00e7as de palha?<\/h3>\n<div class=\"rank-math-answer\">\n\n<p>Sim! Existem tintas pr\u00f3prias para fibras naturais que mant\u00eam a textura.<\/p>\n\n<\/div>\n<\/div>\n<div id=\"faq-question-1755010278632\" class=\"rank-math-list-item\">\n<h3 id='palha-\u00e9-um-material-sustent\u00e1vel'  class=\"rank-math-question\">Palha \u00e9 um material sustent\u00e1vel?<\/h3>\n<div class=\"rank-math-answer\">\n\n<p>Sim, na maioria das vezes \u00e9 feita de fibras naturais renov\u00e1veis e biodegrad\u00e1veis.<\/p>\n\n<\/div>\n<\/div>\n<\/div>\n<\/div>\n\n\n<figure class=\"wp-block-image aligncenter size-large\"><img data-recalc-dims=\"1\" decoding=\"async\" width=\"1024\" height=\"683\" src=\"https:\/\/i0.wp.com\/1truenote.com\/wp-content\/uploads\/2025\/08\/site-3.png?resize=1024%2C683&#038;ssl=1\" alt=\"Decora\u00e7\u00e3o com Palha\" class=\"wp-image-3989\" srcset=\"https:\/\/i0.wp.com\/1truenote.com\/wp-content\/uploads\/2025\/08\/site-3.png?resize=1024%2C683&amp;ssl=1 1024w, https:\/\/i0.wp.com\/1truenote.com\/wp-content\/uploads\/2025\/08\/site-3.png?resize=300%2C200&amp;ssl=1 300w, https:\/\/i0.wp.com\/1truenote.com\/wp-content\/uploads\/2025\/08\/site-3.png?resize=768%2C512&amp;ssl=1 768w, https:\/\/i0.wp.com\/1truenote.com\/wp-content\/uploads\/2025\/08\/site-3.png?resize=18%2C12&amp;ssl=1 18w, https:\/\/i0.wp.com\/1truenote.com\/wp-content\/uploads\/2025\/08\/site-3.png?resize=150%2C100&amp;ssl=1 150w, https:\/\/i0.wp.com\/1truenote.com\/wp-content\/uploads\/2025\/08\/site-3.png?w=1536&amp;ssl=1 1536w\" sizes=\"(max-width: 1024px) 100vw, 1024px\" \/><\/figure>","protected":false},"excerpt":{"rendered":"<p>A decora\u00e7\u00e3o com palha conquistou de vez o cora\u00e7\u00e3o de quem busca um lar mais acolhedor, natural e cheio de&#8230;<\/p>","protected":false},"author":1,"featured_media":3989,"comment_status":"open","ping_status":"open","sticky":false,"template":"","format":"standard","meta":{"_kad_post_transparent":"","_kad_post_title":"","_kad_post_layout":"","_kad_post_sidebar_id":"","_kad_post_content_style":"","_kad_post_vertical_padding":"","_kad_post_feature":"","_kad_post_feature_position":"","_kad_post_header":false,"_kad_post_footer":false,"_kad_post_classname":"","footnotes":"","jetpack_publicize_message":"","jetpack_publicize_feature_enabled":true,"jetpack_social_post_already_shared":true,"jetpack_social_options":{"image_generator_settings":{"template":"highway","default_image_id":0,"enabled":false},"version":2}},"categories":[16,1],"tags":[15,13,14,12],"class_list":["post-3987","post","type-post","status-publish","format-standard","has-post-thumbnail","hentry","category-casa-e-jardim","category-novidades","tag-conservacao-e-manutencao","tag-minimalista","tag-interiores-inovadores","tag-projetos-inovadores"],"jetpack_publicize_connections":[],"jetpack_featured_media_url":"https:\/\/i0.wp.com\/1truenote.com\/wp-content\/uploads\/2025\/08\/site-3.png?fit=1536%2C1024&ssl=1","jetpack_sharing_enabled":true,"_links":{"self":[{"href":"https:\/\/1truenote.com\/en\/wp-json\/wp\/v2\/posts\/3987","targetHints":{"allow":["GET"]}}],"collection":[{"href":"https:\/\/1truenote.com\/en\/wp-json\/wp\/v2\/posts"}],"about":[{"href":"https:\/\/1truenote.com\/en\/wp-json\/wp\/v2\/types\/post"}],"author":[{"embeddable":true,"href":"https:\/\/1truenote.com\/en\/wp-json\/wp\/v2\/users\/1"}],"replies":[{"embeddable":true,"href":"https:\/\/1truenote.com\/en\/wp-json\/wp\/v2\/comments?post=3987"}],"version-history":[{"count":1,"href":"https:\/\/1truenote.com\/en\/wp-json\/wp\/v2\/posts\/3987\/revisions"}],"predecessor-version":[{"id":3990,"href":"https:\/\/1truenote.com\/en\/wp-json\/wp\/v2\/posts\/3987\/revisions\/3990"}],"wp:featuredmedia":[{"embeddable":true,"href":"https:\/\/1truenote.com\/en\/wp-json\/wp\/v2\/media\/3989"}],"wp:attachment":[{"href":"https:\/\/1truenote.com\/en\/wp-json\/wp\/v2\/media?parent=3987"}],"wp:term":[{"taxonomy":"category","embeddable":true,"href":"https:\/\/1truenote.com\/en\/wp-json\/wp\/v2\/categories?post=3987"},{"taxonomy":"post_tag","embeddable":true,"href":"https:\/\/1truenote.com\/en\/wp-json\/wp\/v2\/tags?post=3987"}],"curies":[{"name":"wp","href":"https:\/\/api.w.org\/{rel}","templated":true}]}}