{"id":3973,"date":"2025-08-11T12:00:00","date_gmt":"2025-08-11T15:00:00","guid":{"rendered":"https:\/\/1truenote.com\/?p=3973"},"modified":"2025-09-27T17:41:14","modified_gmt":"2025-09-27T20:41:14","slug":"fotos-na-parede-decoracao","status":"publish","type":"post","link":"https:\/\/1truenote.com\/en\/fotos-na-parede-decoracao\/","title":{"rendered":"Fotos na parede: Como transformar mem\u00f3rias em decora\u00e7\u00e3o cheia de afeto"},"content":{"rendered":"<p>Sabe aquela sensa\u00e7\u00e3o boa que a gente sente quando olha para uma foto antiga e revive um momento especial? Pois \u00e9\u2026 imagina trazer esse sentimento para a decora\u00e7\u00e3o da sua casa. Mais do que objetos decorativos, as fotos na parede s\u00e3o um convite para revisitar lembran\u00e7as, celebrar hist\u00f3rias e tornar cada cantinho do lar mais pessoal e acolhedor.<\/p>\n\n\n\n<p>O melhor \u00e9 que essa \u00e9 uma forma simples e vers\u00e1til de decorar: N\u00e3o exige reformas, pode ser adaptada a qualquer estilo e ainda deixa o ambiente com a sua cara. Seja na sala, no corredor, na escada ou at\u00e9 no quarto, existe sempre um espa\u00e7o perfeito para montar uma galeria de fotos.<\/p>\n\n\n\n<hr class=\"wp-block-separator has-alpha-channel-opacity\"\/>\n\n\n\n<h2 id='por-que-usar-fotos-na-parede'  class=\"wp-block-heading\">Por que usar fotos na parede?<\/h2>\n\n\n\n<p>Al\u00e9m de deixarem a casa mais bonita, as fotos carregam significado. Cada clique \u00e9 um registro de um momento, de uma pessoa ou de um lugar que marcou a sua vida. Colocar essas imagens \u00e0 vista \u00e9 uma forma de manter vivas as mem\u00f3rias que nos fazem sorrir.<\/p>\n\n\n\n<p>Sem contar que essa \u00e9 uma maneira econ\u00f4mica e criativa de renovar a decora\u00e7\u00e3o, j\u00e1 que voc\u00ea pode trocar as imagens ao longo do tempo e criar composi\u00e7\u00f5es diferentes.<\/p>\n\n\n\n<hr class=\"wp-block-separator has-alpha-channel-opacity\"\/>\n\n\n\n<h2 id='como-escolher-as-fotos-ideais-para-expor'  class=\"wp-block-heading\">Como escolher as fotos ideais para expor<\/h2>\n\n\n\n<ul class=\"wp-block-list\">\n<li><strong>Momentos marcantes<\/strong>: viagens, anivers\u00e1rios, casamentos ou encontros importantes.<\/li>\n\n\n\n<li><strong>Pessoas queridas<\/strong>: fam\u00edlia, amigos e at\u00e9 pets merecem um lugar especial.<\/li>\n\n\n\n<li><strong>Fotos autorais<\/strong>: se voc\u00ea gosta de fotografia, valorize o seu olhar e exponha seus pr\u00f3prios cliques.<\/li>\n\n\n\n<li><strong>Imagens tem\u00e1ticas<\/strong>: todas em preto e branco, por exemplo, para dar unidade visual.<\/li>\n<\/ul>\n\n\n\n<hr class=\"wp-block-separator has-alpha-channel-opacity\"\/>\n\n\n\n<figure class=\"wp-block-image aligncenter size-medium\"><a href=\"https:\/\/chat.whatsapp.com\/KJBkp5LFJVRIvmt5X3hSEh\" target=\"_blank\" rel=\"noopener\"><img data-recalc-dims=\"1\" fetchpriority=\"high\" decoding=\"async\" width=\"200\" height=\"300\" src=\"https:\/\/i0.wp.com\/1truenote.com\/wp-content\/uploads\/2025\/06\/ChatGPT-Image-3-de-jun.-de-2025-19_04_53.png?resize=200%2C300&#038;ssl=1\" alt=\"chamada banner advetorial whats\" class=\"wp-image-2683\" srcset=\"https:\/\/i0.wp.com\/1truenote.com\/wp-content\/uploads\/2025\/06\/ChatGPT-Image-3-de-jun.-de-2025-19_04_53.png?resize=200%2C300&amp;ssl=1 200w, https:\/\/i0.wp.com\/1truenote.com\/wp-content\/uploads\/2025\/06\/ChatGPT-Image-3-de-jun.-de-2025-19_04_53.png?resize=683%2C1024&amp;ssl=1 683w, https:\/\/i0.wp.com\/1truenote.com\/wp-content\/uploads\/2025\/06\/ChatGPT-Image-3-de-jun.-de-2025-19_04_53.png?resize=768%2C1152&amp;ssl=1 768w, https:\/\/i0.wp.com\/1truenote.com\/wp-content\/uploads\/2025\/06\/ChatGPT-Image-3-de-jun.-de-2025-19_04_53.png?resize=150%2C225&amp;ssl=1 150w, https:\/\/i0.wp.com\/1truenote.com\/wp-content\/uploads\/2025\/06\/ChatGPT-Image-3-de-jun.-de-2025-19_04_53.png?w=1024&amp;ssl=1 1024w\" sizes=\"(max-width: 200px) 100vw, 200px\" \/><\/a><\/figure>\n\n\n\n<hr class=\"wp-block-separator has-alpha-channel-opacity\"\/>\n\n\n\n<h2 id='formas-criativas-de-dispor-as-fotos-na-parede'  class=\"wp-block-heading\">Formas criativas de dispor as fotos na parede<\/h2>\n\n\n\n<figure class=\"wp-block-table\"><table class=\"has-fixed-layout\"><thead><tr><th>Formato<\/th><th>Descri\u00e7\u00e3o<\/th><th>Estilo indicado<\/th><\/tr><\/thead><tbody><tr><td><strong>Grade sim\u00e9trica<\/strong><\/td><td>Quadros alinhados na mesma medida, formando linhas e colunas<\/td><td>Minimalista, moderno<\/td><\/tr><tr><td><strong>Galeria org\u00e2nica<\/strong><\/td><td>Mistura de tamanhos e posi\u00e7\u00f5es diferentes<\/td><td>Boho, contempor\u00e2neo<\/td><\/tr><tr><td><strong>Linha \u00fanica<\/strong><\/td><td>Fotos dispostas na horizontal ou vertical<\/td><td>Industrial, escandinavo<\/td><\/tr><tr><td><strong>Molduras variadas<\/strong><\/td><td>Combina\u00e7\u00e3o de cores e estilos de molduras<\/td><td>Ecl\u00e9tico, afetivo<\/td><\/tr><\/tbody><\/table><\/figure>\n\n\n\n<hr class=\"wp-block-separator has-alpha-channel-opacity\"\/>\n\n\n\n<h2 id='mem\u00f3rias-na-decora\u00e7\u00e3o-o-valor-afetivo-das-fotos-na-parede'  class=\"wp-block-heading\">Mem\u00f3rias na decora\u00e7\u00e3o: O valor afetivo das fotos na parede<\/h2>\n\n\n\n<p>Fotos s\u00e3o mais do que imagens: Elas contam hist\u00f3rias. Ter uma parede dedicada a esses registros \u00e9 como abrir um \u00e1lbum de fam\u00edlia que est\u00e1 sempre ali, \u00e0 vista. Elas fazem a casa \u201cfalar\u201d sobre quem mora nela \u2014 suas origens, conquistas e la\u00e7os mais importantes.<\/p>\n\n\n\n<p>Esse tipo de decora\u00e7\u00e3o tamb\u00e9m ajuda a criar uma atmosfera mais calorosa para quem visita. Ao entrar, as pessoas j\u00e1 percebem que aquele espa\u00e7o \u00e9 cheio de vida e significado, e n\u00e3o apenas \u201cbem decorado\u201d.<\/p>\n\n\n\n<hr class=\"wp-block-separator has-alpha-channel-opacity\"\/>\n\n\n\n<a href=\"https:\/\/1truenote.com\/en\/decoracao-com-pratos-na-parede\/\" style=\"text-decoration: none;\">\n  <div style=\"display: flex; justify-content: space-between; align-items: center; background: #d44a00; padding: 12px 20px; color: white; font-family: Arial, sans-serif;\">\n    <strong style=\"color: black;\">READ ALSO:<\/strong>\n    <span style=\"margin-left: 8px; flex: 1;\">Decora\u00e7\u00e3o com pratos na parede<\/span>\n    <div style=\"background: #f2802f; padding: 8px 12px; border-radius: 2px; margin-left: 10px;\">\n      <span style=\"color: white; font-weight: bold;\">\u27a4<\/span>\n    <\/div>\n  <\/div>\n<\/a>\n\n\n\n<hr class=\"wp-block-separator has-alpha-channel-opacity\"\/>\n\n\n\n<h2 id='dicas-para-deixar-sua-galeria-de-fotos-impec\u00e1vel'  class=\"wp-block-heading\">Dicas para deixar sua galeria de fotos impec\u00e1vel<\/h2>\n\n\n\n<ul class=\"wp-block-list\">\n<li>Escolha uma <strong>paleta de cores<\/strong> para molduras ou imagens para evitar polui\u00e7\u00e3o visual.<\/li>\n\n\n\n<li>Use <strong>espa\u00e7amento igual<\/strong> entre os quadros para manter a harmonia.<\/li>\n\n\n\n<li>Aposte em <strong>ilumina\u00e7\u00e3o direcionada<\/strong> para valorizar as fotos.<\/li>\n\n\n\n<li>Misture <strong>elementos decorativos<\/strong> entre as fotos, como espelhos ou pequenos objetos.<\/li>\n\n\n\n<li>Use <strong>papel fotogr\u00e1fico de qualidade<\/strong> para garantir que as imagens durem mais.<\/li>\n<\/ul>\n\n\n\n<hr class=\"wp-block-separator has-alpha-channel-opacity\"\/>\n\n\n\n<h2 id='fotos-na-parede'  class=\"wp-block-heading\">Fotos na parede<\/h2>\n\n\n\n<p>Decorar com fotos na parede \u00e9 unir est\u00e9tica e afeto de forma simples e encantadora. Mais do que preencher um espa\u00e7o vazio, voc\u00ea transforma a parede em um verdadeiro mural de hist\u00f3rias, tornando sua casa \u00fanica e cheia de personalidade.<\/p>\n\n\n\n<p>Seja com composi\u00e7\u00f5es sim\u00e9tricas ou arranjos criativos, o mais importante \u00e9 que cada foto escolhida represente um pedacinho de quem voc\u00ea \u00e9. E, com o tempo, essa galeria pode crescer, mudar e se reinventar junto com voc\u00ea.<\/p>\n\n\n\n<hr class=\"wp-block-separator has-alpha-channel-opacity\"\/>\n\n\n\n<a href=\"https:\/\/1truenote.com\/en\/decoracao-com-pratos-na-parede\/\" style=\"text-decoration: none;\">\n  <div style=\"display: flex; justify-content: space-between; align-items: center; background: #d44a00; padding: 12px 20px; color: white; font-family: Arial, sans-serif;\">\n    <strong style=\"color: black;\">READ ALSO:<\/strong>\n    <span style=\"margin-left: 8px; flex: 1;\">Decora\u00e7\u00e3o com pratos na parede<\/span>\n    <div style=\"background: #f2802f; padding: 8px 12px; border-radius: 2px; margin-left: 10px;\">\n      <span style=\"color: white; font-weight: bold;\">\u27a4<\/span>\n    <\/div>\n  <\/div>\n<\/a>\n\n\n\n\n<hr class=\"wp-block-separator has-alpha-channel-opacity\"\/>\n\n\n\n<h2 id='faq-d\u00favidas-sobre-fotos-na-parede'  class=\"wp-block-heading\">FAQ \u2013 D\u00favidas sobre fotos na parede<\/h2>\n\n\n<div id=\"rank-math-faq\" class=\"rank-math-block\">\n<div class=\"rank-math-list\">\n<div id=\"faq-question-1754922362006\" class=\"rank-math-list-item\">\n<h3 id='preciso-usar-molduras-iguais-para-todas-as-fotos'  class=\"rank-math-question\">Preciso usar molduras iguais para todas as fotos?<\/h3>\n<div class=\"rank-math-answer\">\n\n<p>N\u00e3o \u00e9 obrigat\u00f3rio. Molduras iguais criam um visual mais clean e organizado, mas combinar estilos diferentes pode deixar o espa\u00e7o mais descontra\u00eddo e criativo.<\/p>\n\n<\/div>\n<\/div>\n<div id=\"faq-question-1754922363137\" class=\"rank-math-list-item\">\n<h3 id='qual-\u00e9-a-altura-ideal-para-pendurar-quadros'  class=\"rank-math-question\">Qual \u00e9 a altura ideal para pendurar quadros?<\/h3>\n<div class=\"rank-math-answer\">\n\n<p>O ideal \u00e9 que o centro da composi\u00e7\u00e3o fique na altura dos olhos, geralmente a 1,60 m do ch\u00e3o.<\/p>\n\n<\/div>\n<\/div>\n<div id=\"faq-question-1754922363744\" class=\"rank-math-list-item\">\n<h3 id='posso-misturar-fotos-coloridas-e-preto-e-branco'  class=\"rank-math-question\">Posso misturar fotos coloridas e preto e branco?<\/h3>\n<div class=\"rank-math-answer\">\n\n<p>Sim! O segredo \u00e9 manter algum ponto em comum, como o estilo da moldura ou uma paleta de cores que harmonize.<\/p>\n\n<\/div>\n<\/div>\n<div id=\"faq-question-1754922364375\" class=\"rank-math-list-item\">\n<h3 id='como-fixar-sem-furar-a-parede'  class=\"rank-math-question\">Como fixar sem furar a parede?<\/h3>\n<div class=\"rank-math-answer\">\n\n<p>Existem fitas e ganchos adesivos resistentes que seguram quadros leves sem precisar de pregos.<\/p>\n\n<\/div>\n<\/div>\n<div id=\"faq-question-1754922365407\" class=\"rank-math-list-item\">\n<h3 id='\u00e9-poss\u00edvel-mudar-as-fotos-com-frequ\u00eancia'  class=\"rank-math-question\">\u00c9 poss\u00edvel mudar as fotos com frequ\u00eancia?<\/h3>\n<div class=\"rank-math-answer\">\n\n<p>Claro! Use molduras de f\u00e1cil abertura ou porta-retratos adaptados para trocar as imagens sempre que quiser renovar a decora\u00e7\u00e3o.<\/p>\n\n<\/div>\n<\/div>\n<\/div>\n<\/div>\n\n\n<figure class=\"wp-block-image aligncenter size-large\"><img data-recalc-dims=\"1\" decoding=\"async\" width=\"1024\" height=\"683\" src=\"https:\/\/i0.wp.com\/1truenote.com\/wp-content\/uploads\/2025\/08\/20250811_1142_Sala-Elegante-e-Aconchegante_simple_compose_01k2cs7j52e4dsn8thhcgb8y7c-1.png?resize=1024%2C683&#038;ssl=1\" alt=\"fotos na parede\" class=\"wp-image-3974\" srcset=\"https:\/\/i0.wp.com\/1truenote.com\/wp-content\/uploads\/2025\/08\/20250811_1142_Sala-Elegante-e-Aconchegante_simple_compose_01k2cs7j52e4dsn8thhcgb8y7c-1.png?resize=1024%2C683&amp;ssl=1 1024w, https:\/\/i0.wp.com\/1truenote.com\/wp-content\/uploads\/2025\/08\/20250811_1142_Sala-Elegante-e-Aconchegante_simple_compose_01k2cs7j52e4dsn8thhcgb8y7c-1.png?resize=300%2C200&amp;ssl=1 300w, https:\/\/i0.wp.com\/1truenote.com\/wp-content\/uploads\/2025\/08\/20250811_1142_Sala-Elegante-e-Aconchegante_simple_compose_01k2cs7j52e4dsn8thhcgb8y7c-1.png?resize=768%2C512&amp;ssl=1 768w, https:\/\/i0.wp.com\/1truenote.com\/wp-content\/uploads\/2025\/08\/20250811_1142_Sala-Elegante-e-Aconchegante_simple_compose_01k2cs7j52e4dsn8thhcgb8y7c-1.png?resize=18%2C12&amp;ssl=1 18w, https:\/\/i0.wp.com\/1truenote.com\/wp-content\/uploads\/2025\/08\/20250811_1142_Sala-Elegante-e-Aconchegante_simple_compose_01k2cs7j52e4dsn8thhcgb8y7c-1.png?resize=150%2C100&amp;ssl=1 150w, https:\/\/i0.wp.com\/1truenote.com\/wp-content\/uploads\/2025\/08\/20250811_1142_Sala-Elegante-e-Aconchegante_simple_compose_01k2cs7j52e4dsn8thhcgb8y7c-1.png?w=1536&amp;ssl=1 1536w\" sizes=\"(max-width: 1024px) 100vw, 1024px\" \/><\/figure>","protected":false},"excerpt":{"rendered":"<p>Sabe aquela sensa\u00e7\u00e3o boa que a gente sente quando olha para uma foto antiga e revive um momento especial? Pois&#8230;<\/p>","protected":false},"author":1,"featured_media":3974,"comment_status":"open","ping_status":"open","sticky":false,"template":"","format":"standard","meta":{"_kad_post_transparent":"","_kad_post_title":"","_kad_post_layout":"","_kad_post_sidebar_id":"","_kad_post_content_style":"","_kad_post_vertical_padding":"","_kad_post_feature":"","_kad_post_feature_position":"","_kad_post_header":false,"_kad_post_footer":false,"_kad_post_classname":"","footnotes":"","jetpack_publicize_message":"Sabe aquela sensa\u00e7\u00e3o boa que a gente sente quando olha para uma foto antiga e revive um momento especial? Pois \u00e9\u2026 imagina trazer esse sentimento para a decora\u00e7\u00e3o da sua casa. Mais do que objetos decorativos, as fotos na parede s\u00e3o um convite para revisitar lembran\u00e7as, celebrar hist\u00f3rias e tornar cada cantinho do lar mais pessoal e acolhedor.\n\n#carvalhoconsultoriabrasil #truenote #decor #decoracao #fotos #fotonaparede #parede #sala","jetpack_publicize_feature_enabled":true,"jetpack_social_post_already_shared":true,"jetpack_social_options":{"image_generator_settings":{"template":"highway","default_image_id":0,"enabled":false},"version":2}},"categories":[9],"tags":[13,14,12],"class_list":["post-3973","post","type-post","status-publish","format-standard","has-post-thumbnail","hentry","category-lazer","tag-minimalista","tag-interiores-inovadores","tag-projetos-inovadores"],"jetpack_publicize_connections":[],"jetpack_featured_media_url":"https:\/\/i0.wp.com\/1truenote.com\/wp-content\/uploads\/2025\/08\/20250811_1142_Sala-Elegante-e-Aconchegante_simple_compose_01k2cs7j52e4dsn8thhcgb8y7c-1.png?fit=1536%2C1024&ssl=1","jetpack_sharing_enabled":true,"_links":{"self":[{"href":"https:\/\/1truenote.com\/en\/wp-json\/wp\/v2\/posts\/3973","targetHints":{"allow":["GET"]}}],"collection":[{"href":"https:\/\/1truenote.com\/en\/wp-json\/wp\/v2\/posts"}],"about":[{"href":"https:\/\/1truenote.com\/en\/wp-json\/wp\/v2\/types\/post"}],"author":[{"embeddable":true,"href":"https:\/\/1truenote.com\/en\/wp-json\/wp\/v2\/users\/1"}],"replies":[{"embeddable":true,"href":"https:\/\/1truenote.com\/en\/wp-json\/wp\/v2\/comments?post=3973"}],"version-history":[{"count":1,"href":"https:\/\/1truenote.com\/en\/wp-json\/wp\/v2\/posts\/3973\/revisions"}],"predecessor-version":[{"id":3975,"href":"https:\/\/1truenote.com\/en\/wp-json\/wp\/v2\/posts\/3973\/revisions\/3975"}],"wp:featuredmedia":[{"embeddable":true,"href":"https:\/\/1truenote.com\/en\/wp-json\/wp\/v2\/media\/3974"}],"wp:attachment":[{"href":"https:\/\/1truenote.com\/en\/wp-json\/wp\/v2\/media?parent=3973"}],"wp:term":[{"taxonomy":"category","embeddable":true,"href":"https:\/\/1truenote.com\/en\/wp-json\/wp\/v2\/categories?post=3973"},{"taxonomy":"post_tag","embeddable":true,"href":"https:\/\/1truenote.com\/en\/wp-json\/wp\/v2\/tags?post=3973"}],"curies":[{"name":"wp","href":"https:\/\/api.w.org\/{rel}","templated":true}]}}