{"id":3965,"date":"2025-08-08T12:00:00","date_gmt":"2025-08-08T15:00:00","guid":{"rendered":"https:\/\/1truenote.com\/?p=3965"},"modified":"2025-09-27T17:45:46","modified_gmt":"2025-09-27T20:45:46","slug":"decoracao-com-almofadas-dicas","status":"publish","type":"post","link":"https:\/\/1truenote.com\/en\/decoracao-com-almofadas-dicas\/","title":{"rendered":"Decora\u00e7\u00e3o com almofadas: Como dar vida nova ao ambiente com um toque simples"},"content":{"rendered":"<p>Decora\u00e7\u00e3o com almofadas. Sabe aquele cantinho da sala que parece estar faltando &#8220;algo&#8221;? Ou o quarto que anda meio sem gra\u00e7a? Pois \u00e9, muitas vezes a solu\u00e7\u00e3o est\u00e1 em um detalhe que parece pequeno, mas tem um impacto gigante: As <strong>almofadas<\/strong>.<\/p>\n\n\n\n<p>Vers\u00e1teis, acess\u00edveis e cheias de estilo, elas t\u00eam o poder de transformar a decora\u00e7\u00e3o de forma r\u00e1pida, sem quebra-quebra nem grandes investimentos. Seja no sof\u00e1, cama, poltrona ou at\u00e9 no ch\u00e3o, as almofadas ajudam a criar composi\u00e7\u00f5es harm\u00f4nicas, d\u00e3o personalidade ao ambiente e ainda garantem aquele conforto extra que todo mundo ama. Bora de Decora\u00e7\u00e3o com almofadas.<\/p>\n\n\n\n<hr class=\"wp-block-separator has-alpha-channel-opacity\"\/>\n\n\n\n<h2 id='como-escolher-decora\u00e7\u00e3o-com-almofadas-que-combinam-com-sua-decora\u00e7\u00e3o'  class=\"wp-block-heading\">Como escolher decora\u00e7\u00e3o com almofadas que combinam com sua decora\u00e7\u00e3o<\/h2>\n\n\n\n<p>O segredo para acertar est\u00e1 na harmonia entre cores, tamanhos e texturas. Aqui v\u00e3o algumas dicas:<\/p>\n\n\n\n<ul class=\"wp-block-list\">\n<li><strong>Use a paleta do ambiente como base<\/strong>: Escolha almofadas que conversem com as cores do tapete, cortinas ou paredes.<\/li>\n\n\n\n<li><strong>Misture texturas<\/strong>: Combine algod\u00e3o, linho, veludo ou tric\u00f4 para um efeito acolhedor.<\/li>\n\n\n\n<li><strong>Brinque com estampas<\/strong>: Geom\u00e9tricas, florais ou \u00e9tnicas ficam lindas juntas se tiverem uma cor em comum.<\/li>\n\n\n\n<li><strong>Varie os tamanhos<\/strong>: Crie dinamismo com almofadas quadradas, retangulares e redondas.<\/li>\n<\/ul>\n\n\n\n<hr class=\"wp-block-separator has-alpha-channel-opacity\"\/>\n\n\n\n<figure class=\"wp-block-image aligncenter size-medium\"><a href=\"https:\/\/chat.whatsapp.com\/KJBkp5LFJVRIvmt5X3hSEh\" target=\"_blank\" rel=\"noopener\"><img data-recalc-dims=\"1\" fetchpriority=\"high\" decoding=\"async\" width=\"200\" height=\"300\" src=\"https:\/\/i0.wp.com\/1truenote.com\/wp-content\/uploads\/2025\/06\/ChatGPT-Image-3-de-jun.-de-2025-19_04_53.png?resize=200%2C300&#038;ssl=1\" alt=\"chamada banner advetorial whats\" class=\"wp-image-2683\" srcset=\"https:\/\/i0.wp.com\/1truenote.com\/wp-content\/uploads\/2025\/06\/ChatGPT-Image-3-de-jun.-de-2025-19_04_53.png?resize=200%2C300&amp;ssl=1 200w, https:\/\/i0.wp.com\/1truenote.com\/wp-content\/uploads\/2025\/06\/ChatGPT-Image-3-de-jun.-de-2025-19_04_53.png?resize=683%2C1024&amp;ssl=1 683w, https:\/\/i0.wp.com\/1truenote.com\/wp-content\/uploads\/2025\/06\/ChatGPT-Image-3-de-jun.-de-2025-19_04_53.png?resize=768%2C1152&amp;ssl=1 768w, https:\/\/i0.wp.com\/1truenote.com\/wp-content\/uploads\/2025\/06\/ChatGPT-Image-3-de-jun.-de-2025-19_04_53.png?resize=150%2C225&amp;ssl=1 150w, https:\/\/i0.wp.com\/1truenote.com\/wp-content\/uploads\/2025\/06\/ChatGPT-Image-3-de-jun.-de-2025-19_04_53.png?w=1024&amp;ssl=1 1024w\" sizes=\"(max-width: 200px) 100vw, 200px\" \/><\/a><\/figure>\n\n\n\n<hr class=\"wp-block-separator has-alpha-channel-opacity\"\/>\n\n\n\n<h2 id='estilos-de-decora\u00e7\u00e3o-x-tipos-de-almofada'  class=\"wp-block-heading\">Estilos de decora\u00e7\u00e3o x tipos de almofada<\/h2>\n\n\n\n<figure class=\"wp-block-table\"><table class=\"has-fixed-layout\"><tbody><tr><th>Estilo de decora\u00e7\u00e3o<\/th><th>Tipos de almofada indicados<\/th><th>Paleta sugerida<\/th><\/tr><tr><td>Boho chic<\/td><td>Tric\u00f4, croch\u00ea, estampas \u00e9tnicas<\/td><td>Terrosos, mostarda, vinho<\/td><\/tr><tr><td>Escandinavo<\/td><td>Lisas, neutras, com texturas suaves<\/td><td>Branco, cinza, azul-claro<\/td><\/tr><tr><td>Cl\u00e1ssico<\/td><td>Veludo, bordados, tons profundos<\/td><td>Verde-esmeralda, bege<\/td><\/tr><tr><td>Industrial<\/td><td>Couro, jeans, tecidos crus<\/td><td>Preto, grafite, marrom<\/td><\/tr><tr><td>Tropical<\/td><td>Estampas de folhas, cores vibrantes<\/td><td>Verde, amarelo, azul<\/td><\/tr><\/tbody><\/table><\/figure>\n\n\n\n<hr class=\"wp-block-separator has-alpha-channel-opacity\"\/>\n\n\n\n<h2 id='ideias-criativas-para-usar-almofadas-na-decora\u00e7\u00e3o'  class=\"wp-block-heading\">Ideias criativas para usar almofadas na decora\u00e7\u00e3o<\/h2>\n\n\n\n<ul class=\"wp-block-list\">\n<li>\u2728 <strong>No ch\u00e3o, em um cantinho de leitura:<\/strong> Empilhe algumas almofadas grandes para um clima descontra\u00eddo.<\/li>\n\n\n\n<li>\ud83d\udecf <strong>Na cama, como destaque da cabeceira:<\/strong> Use uma combina\u00e7\u00e3o sim\u00e9trica de cores e tamanhos.<\/li>\n\n\n\n<li>\ud83c\udf2a <strong>No sof\u00e1, mudando as capas por esta\u00e7\u00e3o:<\/strong> Tons quentes no inverno, cores vibrantes no ver\u00e3o.<\/li>\n\n\n\n<li>\ud83c\udfe1 <strong>Na varanda ou jardim:<\/strong> Invista em almofadas imperme\u00e1veis com estampas alegres.<\/li>\n<\/ul>\n\n\n\n<hr class=\"wp-block-separator has-alpha-channel-opacity\"\/>\n\n\n\n<a href=\"https:\/\/1truenote.com\/en\/decoracao-nautica\/\" style=\"text-decoration: none;\">\n  <div style=\"display: flex; justify-content: space-between; align-items: center; background: #d44a00; padding: 12px 20px; color: white; font-family: Arial, sans-serif;\">\n    <strong style=\"color: black;\">READ ALSO:<\/strong>\n    <span style=\"margin-left: 8px; flex: 1;\">Decora\u00e7\u00e3o n\u00e1utica: Transforme<\/span>\n    <div style=\"background: #f2802f; padding: 8px 12px; border-radius: 2px; margin-left: 10px;\">\n      <span style=\"color: white; font-weight: bold;\">\u27a4<\/span>\n    <\/div>\n  <\/div>\n<\/a>\n\n\n\n<hr class=\"wp-block-separator has-alpha-channel-opacity\"\/>\n\n\n\n<h2 id='decora\u00e7\u00e3o-com-almofadas-para-diferentes-esta\u00e7\u00f5es-do-ano'  class=\"wp-block-heading\">Decora\u00e7\u00e3o com almofadas para diferentes esta\u00e7\u00f5es do ano<\/h2>\n\n\n\n<p>A decora\u00e7\u00e3o com almofadas tamb\u00e9m pode acompanhar o clima das esta\u00e7\u00f5es, trazendo frescor ou aconchego de forma pr\u00e1tica e criativa. Basta trocar as capas e adaptar a paleta de cores para transformar o ambiente sem grandes esfor\u00e7os.<\/p>\n\n\n\n<ul class=\"wp-block-list\">\n<li><strong>Primavera:<\/strong> aposte em estampas florais, cores suaves e tecidos leves como algod\u00e3o e linho.<\/li>\n\n\n\n<li><strong>Ver\u00e3o:<\/strong> prefira tons vibrantes e tropicais (amarelo, verde-lim\u00e3o, azul-turquesa) e tecidos frescos.<\/li>\n\n\n\n<li><strong>Outono:<\/strong> invista em tons terrosos, laranja queimado e mostarda, com texturas como tric\u00f4 ou chenille.<\/li>\n\n\n\n<li><strong>Inverno:<\/strong> almofadas em veludo, suede ou l\u00e3 em tons profundos como vinho, petr\u00f3leo e cinza criam um ambiente acolhedor.<\/li>\n<\/ul>\n\n\n\n<p>Al\u00e9m de embelezar, essa troca ajuda a renovar o astral da casa e mant\u00ea-la sempre atualizada com o tempo l\u00e1 fora.<\/p>\n\n\n\n<hr class=\"wp-block-separator has-alpha-channel-opacity\"\/>\n\n\n\n<figure class=\"wp-block-embed aligncenter is-type-video is-provider-youtube wp-block-embed-youtube wp-embed-aspect-16-9 wp-has-aspect-ratio\"><div class=\"wp-block-embed__wrapper\">\n<iframe title=\"3 Inspira\u00e7\u00f5es para seu sof\u00e1!\" width=\"720\" height=\"405\" src=\"https:\/\/www.youtube.com\/embed\/R5kiuUccsrU?feature=oembed\" frameborder=\"0\" allow=\"accelerometer; autoplay; clipboard-write; encrypted-media; gyroscope; picture-in-picture; web-share\" referrerpolicy=\"strict-origin-when-cross-origin\" allowfullscreen><\/iframe>\n<\/div><\/figure>\n\n\n\n<h2 id='decora\u00e7\u00e3o-com-almofadas'  class=\"wp-block-heading\">Decora\u00e7\u00e3o com almofadas<\/h2>\n\n\n\n<p>As almofadas s\u00e3o muito mais do que meros acess\u00f3rios: elas s\u00e3o protagonistas silenciosas que t\u00eam o poder de mudar o clima de um ambiente inteiro com um simples toque. Seja para trazer conforto ao sof\u00e1, cor ao quarto ou personalidade a um cantinho esquecido, elas cumprem seu papel com maestria \u2014 e sem pesar no bolso.<\/p>\n\n\n\n<p>E o melhor de tudo? Voc\u00ea pode mudar tudo em poucos minutos, trocando capas, misturando estampas ou apostando em um novo arranjo. \u00c9 decora\u00e7\u00e3o democr\u00e1tica, criativa e cheia de charme \u2014 exatamente como nossa casa deve ser: um reflexo da gente.<\/p>\n\n\n\n<p>Ent\u00e3o, da pr\u00f3xima vez que sentir que falta algo na sua sala, quarto ou varanda, experimente come\u00e7ar pelas almofadas. O impacto \u00e9 imediato \u2014 e o encanto, duradouro.Gostou de decora\u00e7\u00e3o com almofadas?  Aproveite para explorar novas combina\u00e7\u00f5es e se surpreender com o poder das almofadas!<\/p>\n\n\n\n<hr class=\"wp-block-separator has-alpha-channel-opacity\"\/>\n\n\n\n<a href=\"https:\/\/1truenote.com\/en\/decoracao-nautica\/\" style=\"text-decoration: none;\">\n  <div style=\"display: flex; justify-content: space-between; align-items: center; background: #d44a00; padding: 12px 20px; color: white; font-family: Arial, sans-serif;\">\n    <strong style=\"color: black;\">READ ALSO:<\/strong>\n    <span style=\"margin-left: 8px; flex: 1;\">Decora\u00e7\u00e3o n\u00e1utica: Transforme<\/span>\n    <div style=\"background: #f2802f; padding: 8px 12px; border-radius: 2px; margin-left: 10px;\">\n      <span style=\"color: white; font-weight: bold;\">\u27a4<\/span>\n    <\/div>\n  <\/div>\n<\/a>\n\n\n\n\n<hr class=\"wp-block-separator has-alpha-channel-opacity\"\/>\n\n\n\n<h2 id='faq-d\u00favidas-sobre-decora\u00e7\u00e3o-com-almofadas'  class=\"wp-block-heading\">FAQ &#8211; D\u00favidas sobre decora\u00e7\u00e3o com almofadas<\/h2>\n\n\n<div id=\"rank-math-faq\" class=\"rank-math-block\">\n<div class=\"rank-math-list\">\n<div id=\"faq-question-1754661635645\" class=\"rank-math-list-item\">\n<h3 id='quantas-almofadas-devo-usar-no-sof\u00e1'  class=\"rank-math-question\"><strong>Quantas almofadas devo usar no sof\u00e1?<\/strong><\/h3>\n<div class=\"rank-math-answer\">\n\n<p>O ideal \u00e9 usar de 3 a 5 almofadas, variando tamanhos e estilos. Mas o importante \u00e9 manter o equil\u00edbrio visual e o conforto.<\/p>\n\n<\/div>\n<\/div>\n<div id=\"faq-question-1754661636431\" class=\"rank-math-list-item\">\n<h3 id='posso-misturar-estampas-diferentes'  class=\"rank-math-question\"><strong>Posso misturar estampas diferentes?<\/strong><\/h3>\n<div class=\"rank-math-answer\">\n\n<p>Sim! Misture estampas com uma cor em comum ou combine listras com florais, por exemplo, para um resultado harmonioso.<\/p>\n\n<\/div>\n<\/div>\n<div id=\"faq-question-1754661637198\" class=\"rank-math-list-item\">\n<h3 id='qual-\u00e9-o-melhor-tecido-para-almofadas'  class=\"rank-math-question\"><strong>Qual \u00e9 o melhor tecido para almofadas?<\/strong><\/h3>\n<div class=\"rank-math-answer\">\n\n<p>Depende do uso: algod\u00e3o e linho para o dia a dia, veludo e seda para um toque sofisticado, e tecidos imperme\u00e1veis para \u00e1reas externas.<\/p>\n\n<\/div>\n<\/div>\n<div id=\"faq-question-1754661637991\" class=\"rank-math-list-item\">\n<h3 id='almofadas-precisam-combinar-com-o-tapete'  class=\"rank-math-question\"><strong>Almofadas precisam combinar com o tapete?<\/strong><\/h3>\n<div class=\"rank-math-answer\">\n\n<p>N\u00e3o exatamente, mas \u00e9 bom que compartilhem cores ou estilos para manter a unidade visual.<\/p>\n\n<\/div>\n<\/div>\n<div id=\"faq-question-1754661638694\" class=\"rank-math-list-item\">\n<h3 id='como-deixar-as-almofadas-fofinhas-por-mais-tempo'  class=\"rank-math-question\"><strong>Como deixar as almofadas &#8220;fofinhas&#8221; por mais tempo?<\/strong><\/h3>\n<div class=\"rank-math-answer\">\n\n<p>Use enchimentos de fibra siliconada e &#8220;afofe&#8221; regularmente para manter o volume.<\/p>\n\n<\/div>\n<\/div>\n<\/div>\n<\/div>\n\n\n<figure class=\"wp-block-image aligncenter size-large\"><img data-recalc-dims=\"1\" decoding=\"async\" width=\"1024\" height=\"683\" src=\"https:\/\/i0.wp.com\/1truenote.com\/wp-content\/uploads\/2025\/08\/20250808_1058_Cozy-Minimalist-Living-Room_remix_01k24zf60wfxa8qnhyk7w8bz5b.png?resize=1024%2C683&#038;ssl=1\" alt=\"decora\u00e7\u00e3o com almofadas\" class=\"wp-image-3966\" srcset=\"https:\/\/i0.wp.com\/1truenote.com\/wp-content\/uploads\/2025\/08\/20250808_1058_Cozy-Minimalist-Living-Room_remix_01k24zf60wfxa8qnhyk7w8bz5b.png?resize=1024%2C683&amp;ssl=1 1024w, https:\/\/i0.wp.com\/1truenote.com\/wp-content\/uploads\/2025\/08\/20250808_1058_Cozy-Minimalist-Living-Room_remix_01k24zf60wfxa8qnhyk7w8bz5b.png?resize=300%2C200&amp;ssl=1 300w, https:\/\/i0.wp.com\/1truenote.com\/wp-content\/uploads\/2025\/08\/20250808_1058_Cozy-Minimalist-Living-Room_remix_01k24zf60wfxa8qnhyk7w8bz5b.png?resize=768%2C512&amp;ssl=1 768w, https:\/\/i0.wp.com\/1truenote.com\/wp-content\/uploads\/2025\/08\/20250808_1058_Cozy-Minimalist-Living-Room_remix_01k24zf60wfxa8qnhyk7w8bz5b.png?resize=18%2C12&amp;ssl=1 18w, https:\/\/i0.wp.com\/1truenote.com\/wp-content\/uploads\/2025\/08\/20250808_1058_Cozy-Minimalist-Living-Room_remix_01k24zf60wfxa8qnhyk7w8bz5b.png?resize=150%2C100&amp;ssl=1 150w, https:\/\/i0.wp.com\/1truenote.com\/wp-content\/uploads\/2025\/08\/20250808_1058_Cozy-Minimalist-Living-Room_remix_01k24zf60wfxa8qnhyk7w8bz5b.png?w=1536&amp;ssl=1 1536w\" sizes=\"(max-width: 1024px) 100vw, 1024px\" \/><\/figure>","protected":false},"excerpt":{"rendered":"<p>Decora\u00e7\u00e3o com almofadas. Sabe aquele cantinho da sala que parece estar faltando &#8220;algo&#8221;? Ou o quarto que anda meio sem&#8230;<\/p>","protected":false},"author":1,"featured_media":3966,"comment_status":"open","ping_status":"open","sticky":false,"template":"","format":"standard","meta":{"_kad_post_transparent":"","_kad_post_title":"","_kad_post_layout":"","_kad_post_sidebar_id":"","_kad_post_content_style":"","_kad_post_vertical_padding":"","_kad_post_feature":"","_kad_post_feature_position":"","_kad_post_header":false,"_kad_post_footer":false,"_kad_post_classname":"","footnotes":"","jetpack_publicize_message":"","jetpack_publicize_feature_enabled":false,"jetpack_social_post_already_shared":true,"jetpack_social_options":{"image_generator_settings":{"template":"highway","default_image_id":0,"enabled":false},"version":2}},"categories":[9,1],"tags":[],"class_list":["post-3965","post","type-post","status-publish","format-standard","has-post-thumbnail","hentry","category-lazer","category-novidades"],"jetpack_publicize_connections":[],"jetpack_featured_media_url":"https:\/\/i0.wp.com\/1truenote.com\/wp-content\/uploads\/2025\/08\/20250808_1058_Cozy-Minimalist-Living-Room_remix_01k24zf60wfxa8qnhyk7w8bz5b.png?fit=1536%2C1024&ssl=1","jetpack_sharing_enabled":true,"_links":{"self":[{"href":"https:\/\/1truenote.com\/en\/wp-json\/wp\/v2\/posts\/3965","targetHints":{"allow":["GET"]}}],"collection":[{"href":"https:\/\/1truenote.com\/en\/wp-json\/wp\/v2\/posts"}],"about":[{"href":"https:\/\/1truenote.com\/en\/wp-json\/wp\/v2\/types\/post"}],"author":[{"embeddable":true,"href":"https:\/\/1truenote.com\/en\/wp-json\/wp\/v2\/users\/1"}],"replies":[{"embeddable":true,"href":"https:\/\/1truenote.com\/en\/wp-json\/wp\/v2\/comments?post=3965"}],"version-history":[{"count":1,"href":"https:\/\/1truenote.com\/en\/wp-json\/wp\/v2\/posts\/3965\/revisions"}],"predecessor-version":[{"id":3968,"href":"https:\/\/1truenote.com\/en\/wp-json\/wp\/v2\/posts\/3965\/revisions\/3968"}],"wp:featuredmedia":[{"embeddable":true,"href":"https:\/\/1truenote.com\/en\/wp-json\/wp\/v2\/media\/3966"}],"wp:attachment":[{"href":"https:\/\/1truenote.com\/en\/wp-json\/wp\/v2\/media?parent=3965"}],"wp:term":[{"taxonomy":"category","embeddable":true,"href":"https:\/\/1truenote.com\/en\/wp-json\/wp\/v2\/categories?post=3965"},{"taxonomy":"post_tag","embeddable":true,"href":"https:\/\/1truenote.com\/en\/wp-json\/wp\/v2\/tags?post=3965"}],"curies":[{"name":"wp","href":"https:\/\/api.w.org\/{rel}","templated":true}]}}