{"id":3949,"date":"2025-08-06T20:00:00","date_gmt":"2025-08-06T23:00:00","guid":{"rendered":"https:\/\/1truenote.com\/?p=3949"},"modified":"2025-08-06T18:22:51","modified_gmt":"2025-08-06T21:22:51","slug":"aparador-com-espelho-redondo","status":"publish","type":"post","link":"https:\/\/1truenote.com\/en\/aparador-com-espelho-redondo\/","title":{"rendered":"Aparador com espelho redondo: Um cantinho elegante e funcional na sua casa"},"content":{"rendered":"<p>Voc\u00ea j\u00e1 sentiu que falta alguma coisa naquele espa\u00e7o do corredor, hall ou cantinho da sala? Um m\u00f3vel que preencha com estilo, sem pesar? Pois bem: O <strong>aparador com espelho redondo<\/strong> \u00e9 aquela combina\u00e7\u00e3o certeira que une praticidade, beleza e um toque de charme que transforma qualquer ambiente.<\/p>\n\n\n\n<p>Neste artigo, vamos te mostrar como usar esse combo de forma elegante, com ideias que funcionam tanto em espa\u00e7os amplos quanto em apartamentos compactos. Vamos juntas descobrir como esse detalhe pode elevar o d\u00e9cor da sua casa a outro n\u00edvel?<\/p>\n\n\n\n<hr class=\"wp-block-separator has-alpha-channel-opacity\"\/>\n\n\n\n<h2 id='por-que-apostar-em-um-aparador-com-espelho-redondo'  class=\"wp-block-heading\">Por que apostar em um aparador com espelho redondo?<\/h2>\n\n\n\n<p>Essa dupla \u00e9 mais do que um simples m\u00f3vel com um espelho bonito. Ela traz uma s\u00e9rie de vantagens pra quem quer aliar organiza\u00e7\u00e3o e estilo na medida certa:<\/p>\n\n\n\n<ul class=\"wp-block-list\">\n<li><strong>Sensa\u00e7\u00e3o de amplitude:<\/strong> O espelho redondo ajuda a refletir luz e faz o ambiente parecer maior.<\/li>\n\n\n\n<li><strong>Ponto focal na decora\u00e7\u00e3o:<\/strong> O conjunto chama aten\u00e7\u00e3o e cria um visual harmonioso.<\/li>\n\n\n\n<li><strong>Funcionalidade:<\/strong> O aparador pode ser usado para apoiar chaves, velas, livros e at\u00e9 arranjos florais.<\/li>\n<\/ul>\n\n\n\n<hr class=\"wp-block-separator has-alpha-channel-opacity\"\/>\n\n\n\n<figure class=\"wp-block-image aligncenter size-medium\"><a href=\"https:\/\/chat.whatsapp.com\/KJBkp5LFJVRIvmt5X3hSEh\" target=\"_blank\" rel=\"noopener\"><img data-recalc-dims=\"1\" fetchpriority=\"high\" decoding=\"async\" width=\"200\" height=\"300\" src=\"https:\/\/i0.wp.com\/1truenote.com\/wp-content\/uploads\/2025\/06\/ChatGPT-Image-3-de-jun.-de-2025-19_04_53.png?resize=200%2C300&#038;ssl=1\" alt=\"chamada banner advetorial whats\" class=\"wp-image-2683\" srcset=\"https:\/\/i0.wp.com\/1truenote.com\/wp-content\/uploads\/2025\/06\/ChatGPT-Image-3-de-jun.-de-2025-19_04_53.png?resize=200%2C300&amp;ssl=1 200w, https:\/\/i0.wp.com\/1truenote.com\/wp-content\/uploads\/2025\/06\/ChatGPT-Image-3-de-jun.-de-2025-19_04_53.png?resize=683%2C1024&amp;ssl=1 683w, https:\/\/i0.wp.com\/1truenote.com\/wp-content\/uploads\/2025\/06\/ChatGPT-Image-3-de-jun.-de-2025-19_04_53.png?resize=768%2C1152&amp;ssl=1 768w, https:\/\/i0.wp.com\/1truenote.com\/wp-content\/uploads\/2025\/06\/ChatGPT-Image-3-de-jun.-de-2025-19_04_53.png?resize=150%2C225&amp;ssl=1 150w, https:\/\/i0.wp.com\/1truenote.com\/wp-content\/uploads\/2025\/06\/ChatGPT-Image-3-de-jun.-de-2025-19_04_53.png?w=1024&amp;ssl=1 1024w\" sizes=\"(max-width: 200px) 100vw, 200px\" \/><\/a><\/figure>\n\n\n\n<hr class=\"wp-block-separator has-alpha-channel-opacity\"\/>\n\n\n\n<h2 id='como-escolher-o-aparador-ideal'  class=\"wp-block-heading\">Como escolher o aparador ideal<\/h2>\n\n\n\n<p>A escolha do aparador vai depender do espa\u00e7o dispon\u00edvel, do estilo da sua decora\u00e7\u00e3o e, claro, do seu gosto pessoal. Abaixo, uma tabelinha r\u00e1pida pra te ajudar:<\/p>\n\n\n\n<figure class=\"wp-block-table\"><table class=\"has-fixed-layout\"><thead><tr><th>Estilo de decora\u00e7\u00e3o<\/th><th>Aparador ideal<\/th><th>Dicas extras<\/th><\/tr><\/thead><tbody><tr><td>Moderno<\/td><td>Linhas retas, acabamento fosco<\/td><td>Combine com espelho de moldura fina<\/td><\/tr><tr><td>Cl\u00e1ssico<\/td><td>Madeira com detalhes torneados<\/td><td>Aposte em um espelho com moldura dourada<\/td><\/tr><tr><td>Escandinavo<\/td><td>Tons claros e p\u00e9s palito<\/td><td>Decore com velas, cer\u00e2micas e livros<\/td><\/tr><tr><td>R\u00fastico<\/td><td>Madeira natural ou envelhecida<\/td><td>Use vasos em barro ou fibra natural<\/td><\/tr><\/tbody><\/table><\/figure>\n\n\n\n<hr class=\"wp-block-separator has-alpha-channel-opacity\"\/>\n\n\n\n<h2 id='dicas-para-decorar-seu-aparador-com-espelho-redondo'  class=\"wp-block-heading\">Dicas para decorar seu aparador com espelho redondo<\/h2>\n\n\n\n<p>Esse cantinho pode ser pequeno, mas \u00e9 cheio de possibilidades! Aqui v\u00e3o algumas sugest\u00f5es pr\u00e1ticas:<\/p>\n\n\n\n<ul class=\"wp-block-list\">\n<li>Coloque <strong>velas e casti\u00e7ais<\/strong> para um toque aconchegante.<\/li>\n\n\n\n<li>Aposte em <strong>vasos com folhagens<\/strong> ou flores secas, que duram mais e t\u00eam charme.<\/li>\n\n\n\n<li>Livros empilhados com um objeto decorativo por cima criam altura e equil\u00edbrio.<\/li>\n\n\n\n<li>Combine materiais: vidro, cer\u00e2mica, madeira e metal podem conviver em harmonia.<\/li>\n<\/ul>\n\n\n\n<hr class=\"wp-block-separator has-alpha-channel-opacity\"\/>\n\n\n\n<a href=\"https:\/\/1truenote.com\/en\/closet-planejado-de-luxo\/\" style=\"text-decoration: none;\">\n  <div style=\"display: flex; justify-content: space-between; align-items: center; background: #d44a00; padding: 12px 20px; color: white; font-family: Arial, sans-serif;\">\n    <strong style=\"color: black;\">READ ALSO:<\/strong>\n    <span style=\"margin-left: 8px; flex: 1;\">Closet planejado de luxo<\/span>\n    <div style=\"background: #f2802f; padding: 8px 12px; border-radius: 2px; margin-left: 10px;\">\n      <span style=\"color: white; font-weight: bold;\">\u27a4<\/span>\n    <\/div>\n  <\/div>\n<\/a>\n\n\n\n<hr class=\"wp-block-separator has-alpha-channel-opacity\"\/>\n\n\n\n<h2 id='onde-usar-esse-conjunto-na-casa'  class=\"wp-block-heading\">Onde usar esse conjunto na casa?<\/h2>\n\n\n\n<p>O aparador com espelho redondo \u00e9 super vers\u00e1til. Veja onde ele pode brilhar:<\/p>\n\n\n\n<ul class=\"wp-block-list\">\n<li><strong>Hall de entrada:<\/strong> Ideal para criar uma recep\u00e7\u00e3o charmosa.<\/li>\n\n\n\n<li><strong>Sala de estar:<\/strong> Preenche uma parede vazia com eleg\u00e2ncia.<\/li>\n\n\n\n<li><strong>Corredores largos:<\/strong> Traz fun\u00e7\u00e3o e estilo para um espa\u00e7o que costuma ser esquecido.<\/li>\n\n\n\n<li><strong>Quartos ou closets:<\/strong> \u00d3timo como apoio para perfumes e objetos pessoais.<\/li>\n<\/ul>\n\n\n\n<hr class=\"wp-block-separator has-alpha-channel-opacity\"\/>\n\n\n\n<figure class=\"wp-block-image aligncenter size-full\"><img data-recalc-dims=\"1\" decoding=\"async\" width=\"1024\" height=\"1024\" src=\"https:\/\/i0.wp.com\/1truenote.com\/wp-content\/uploads\/2025\/08\/20250806_1753_Movel-com-Iluminacao-Adicional_remix_01k20jfjsve5t9xn22k2nfee0m.png?resize=1024%2C1024&#038;ssl=1\" alt=\"aparador com espelho redondo\" class=\"wp-image-3950\" srcset=\"https:\/\/i0.wp.com\/1truenote.com\/wp-content\/uploads\/2025\/08\/20250806_1753_Movel-com-Iluminacao-Adicional_remix_01k20jfjsve5t9xn22k2nfee0m.png?w=1024&amp;ssl=1 1024w, https:\/\/i0.wp.com\/1truenote.com\/wp-content\/uploads\/2025\/08\/20250806_1753_Movel-com-Iluminacao-Adicional_remix_01k20jfjsve5t9xn22k2nfee0m.png?resize=300%2C300&amp;ssl=1 300w, https:\/\/i0.wp.com\/1truenote.com\/wp-content\/uploads\/2025\/08\/20250806_1753_Movel-com-Iluminacao-Adicional_remix_01k20jfjsve5t9xn22k2nfee0m.png?resize=150%2C150&amp;ssl=1 150w, https:\/\/i0.wp.com\/1truenote.com\/wp-content\/uploads\/2025\/08\/20250806_1753_Movel-com-Iluminacao-Adicional_remix_01k20jfjsve5t9xn22k2nfee0m.png?resize=768%2C768&amp;ssl=1 768w, https:\/\/i0.wp.com\/1truenote.com\/wp-content\/uploads\/2025\/08\/20250806_1753_Movel-com-Iluminacao-Adicional_remix_01k20jfjsve5t9xn22k2nfee0m.png?resize=12%2C12&amp;ssl=1 12w, https:\/\/i0.wp.com\/1truenote.com\/wp-content\/uploads\/2025\/08\/20250806_1753_Movel-com-Iluminacao-Adicional_remix_01k20jfjsve5t9xn22k2nfee0m.png?resize=96%2C96&amp;ssl=1 96w\" sizes=\"(max-width: 1024px) 100vw, 1024px\" \/><\/figure>\n\n\n\n<hr class=\"wp-block-separator has-alpha-channel-opacity\"\/>\n\n\n\n<h2 id='aparador-com-espelho-redondo'  class=\"wp-block-heading\">Aparador com espelho redondo<\/h2>\n\n\n\n<p>Ter um <strong>aparador com espelho redondo<\/strong> em casa \u00e9 aquele tipo de escolha que une o \u00fatil ao belo. Ele organiza, decora e transforma um cantinho qualquer em um verdadeiro destaque da sua casa. E o melhor: sem precisar de grandes reformas ou investimentos.<\/p>\n\n\n\n<p>Seja no hall de entrada, naquele espa\u00e7o da sala ou at\u00e9 no quarto, essa dupla traz harmonia, aconchego e estilo \u2014 tudo que a gente ama em uma decora\u00e7\u00e3o bem pensada. Gostou de aparador com espelho redondo? Que tal se inspirar e montar o seu cantinho especial hoje mesmo?<\/p>\n\n\n\n<hr class=\"wp-block-separator has-alpha-channel-opacity\"\/>\n\n\n\n<a href=\"https:\/\/1truenote.com\/en\/closet-planejado-de-luxo\/\" style=\"text-decoration: none;\">\n  <div style=\"display: flex; justify-content: space-between; align-items: center; background: #d44a00; padding: 12px 20px; color: white; font-family: Arial, sans-serif;\">\n    <strong style=\"color: black;\">READ ALSO:<\/strong>\n    <span style=\"margin-left: 8px; flex: 1;\">Closet planejado de luxo<\/span>\n    <div style=\"background: #f2802f; padding: 8px 12px; border-radius: 2px; margin-left: 10px;\">\n      <span style=\"color: white; font-weight: bold;\">\u27a4<\/span>\n    <\/div>\n  <\/div>\n<\/a>\n\n\n\n\n<hr class=\"wp-block-separator has-alpha-channel-opacity\"\/>\n\n\n\n<h2 id='faq-aparador-com-espelho-redondo'  class=\"wp-block-heading\">FAQ &#8211; Aparador com espelho redondo<\/h2>\n\n\n<div id=\"rank-math-faq\" class=\"rank-math-block\">\n<div class=\"rank-math-list\">\n<div id=\"faq-question-1754514248591\" class=\"rank-math-list-item\">\n<h3 id='o-espelho-precisa-estar-centralizado-no-aparador'  class=\"rank-math-question\">O espelho precisa estar centralizado no aparador?<\/h3>\n<div class=\"rank-math-answer\">\n\n<p>Sim! Centralizar o espelho acima do m\u00f3vel traz equil\u00edbrio visual e valoriza a composi\u00e7\u00e3o.<\/p>\n\n<\/div>\n<\/div>\n<div id=\"faq-question-1754514249544\" class=\"rank-math-list-item\">\n<h3 id='qual-a-altura-ideal-para-instalar-o-espelho'  class=\"rank-math-question\">Qual a altura ideal para instalar o espelho?<\/h3>\n<div class=\"rank-math-answer\">\n\n<p>O centro do espelho deve ficar entre 1,50m e 1,60m do ch\u00e3o, ajustando conforme o p\u00e9-direito.<\/p>\n\n<\/div>\n<\/div>\n<div id=\"faq-question-1754514250416\" class=\"rank-math-list-item\">\n<h3 id='posso-usar-um-espelho-redondo-em-ambientes-pequenos'  class=\"rank-math-question\">Posso usar um espelho redondo em ambientes pequenos?<\/h3>\n<div class=\"rank-math-answer\">\n\n<p>Com certeza! Ele ajuda a ampliar visualmente o espa\u00e7o, al\u00e9m de refletir a luz natural.<\/p>\n\n<\/div>\n<\/div>\n<div id=\"faq-question-1754514251296\" class=\"rank-math-list-item\">\n<h3 id='qual-a-melhor-ilumina\u00e7\u00e3o-para-destacar-o-conjunto'  class=\"rank-math-question\">Qual a melhor ilumina\u00e7\u00e3o para destacar o conjunto?<\/h3>\n<div class=\"rank-math-answer\">\n\n<p>Lumin\u00e1rias de piso ou arandelas laterais criam um efeito acolhedor e valorizam a \u00e1rea.<\/p>\n\n<\/div>\n<\/div>\n<div id=\"faq-question-1754514252176\" class=\"rank-math-list-item\">\n<h3 id='preciso-furar-a-parede-para-pendurar-o-espelho'  class=\"rank-math-question\">Preciso furar a parede para pendurar o espelho?<\/h3>\n<div class=\"rank-math-answer\">\n\n<p>Depende do modelo. Alguns s\u00e3o apoiados no aparador, mas para seguran\u00e7a, o ideal \u00e9 fix\u00e1-lo bem.<\/p>\n\n<\/div>\n<\/div>\n<\/div>\n<\/div>\n\n\n<figure class=\"wp-block-image aligncenter size-full\"><img data-recalc-dims=\"1\" decoding=\"async\" width=\"1024\" height=\"1024\" src=\"https:\/\/i0.wp.com\/1truenote.com\/wp-content\/uploads\/2025\/08\/20250806_1753_Movel-com-Iluminacao-Adicional_remix_01k20jfjsve5t9xn22k2nfee0m.png?resize=1024%2C1024&#038;ssl=1\" alt=\"aparador com espelho redondo\" class=\"wp-image-3950\" srcset=\"https:\/\/i0.wp.com\/1truenote.com\/wp-content\/uploads\/2025\/08\/20250806_1753_Movel-com-Iluminacao-Adicional_remix_01k20jfjsve5t9xn22k2nfee0m.png?w=1024&amp;ssl=1 1024w, https:\/\/i0.wp.com\/1truenote.com\/wp-content\/uploads\/2025\/08\/20250806_1753_Movel-com-Iluminacao-Adicional_remix_01k20jfjsve5t9xn22k2nfee0m.png?resize=300%2C300&amp;ssl=1 300w, https:\/\/i0.wp.com\/1truenote.com\/wp-content\/uploads\/2025\/08\/20250806_1753_Movel-com-Iluminacao-Adicional_remix_01k20jfjsve5t9xn22k2nfee0m.png?resize=150%2C150&amp;ssl=1 150w, https:\/\/i0.wp.com\/1truenote.com\/wp-content\/uploads\/2025\/08\/20250806_1753_Movel-com-Iluminacao-Adicional_remix_01k20jfjsve5t9xn22k2nfee0m.png?resize=768%2C768&amp;ssl=1 768w, https:\/\/i0.wp.com\/1truenote.com\/wp-content\/uploads\/2025\/08\/20250806_1753_Movel-com-Iluminacao-Adicional_remix_01k20jfjsve5t9xn22k2nfee0m.png?resize=12%2C12&amp;ssl=1 12w, https:\/\/i0.wp.com\/1truenote.com\/wp-content\/uploads\/2025\/08\/20250806_1753_Movel-com-Iluminacao-Adicional_remix_01k20jfjsve5t9xn22k2nfee0m.png?resize=96%2C96&amp;ssl=1 96w\" sizes=\"(max-width: 1024px) 100vw, 1024px\" \/><\/figure>","protected":false},"excerpt":{"rendered":"<p>Voc\u00ea j\u00e1 sentiu que falta alguma coisa naquele espa\u00e7o do corredor, hall ou cantinho da sala? Um m\u00f3vel que preencha&#8230;<\/p>","protected":false},"author":1,"featured_media":3950,"comment_status":"open","ping_status":"open","sticky":false,"template":"","format":"standard","meta":{"_kad_post_transparent":"","_kad_post_title":"","_kad_post_layout":"","_kad_post_sidebar_id":"","_kad_post_content_style":"","_kad_post_vertical_padding":"","_kad_post_feature":"","_kad_post_feature_position":"","_kad_post_header":false,"_kad_post_footer":false,"_kad_post_classname":"","footnotes":"","jetpack_publicize_message":"Voc\u00ea j\u00e1 sentiu que falta alguma coisa naquele espa\u00e7o do corredor, hall ou cantinho da sala? Um m\u00f3vel que preencha com estilo, sem pesar?\n\n#carvalhoconsultoriabrasil #truenote #decor #decoracao #aparador #espelho #luxo","jetpack_publicize_feature_enabled":true,"jetpack_social_post_already_shared":true,"jetpack_social_options":{"image_generator_settings":{"template":"highway","default_image_id":0,"enabled":false},"version":2}},"categories":[16,1],"tags":[13,14,12],"class_list":["post-3949","post","type-post","status-publish","format-standard","has-post-thumbnail","hentry","category-casa-e-jardim","category-novidades","tag-minimalista","tag-interiores-inovadores","tag-projetos-inovadores"],"jetpack_publicize_connections":[],"jetpack_featured_media_url":"https:\/\/i0.wp.com\/1truenote.com\/wp-content\/uploads\/2025\/08\/20250806_1753_Movel-com-Iluminacao-Adicional_remix_01k20jfjsve5t9xn22k2nfee0m.png?fit=1024%2C1024&ssl=1","jetpack_sharing_enabled":true,"_links":{"self":[{"href":"https:\/\/1truenote.com\/en\/wp-json\/wp\/v2\/posts\/3949","targetHints":{"allow":["GET"]}}],"collection":[{"href":"https:\/\/1truenote.com\/en\/wp-json\/wp\/v2\/posts"}],"about":[{"href":"https:\/\/1truenote.com\/en\/wp-json\/wp\/v2\/types\/post"}],"author":[{"embeddable":true,"href":"https:\/\/1truenote.com\/en\/wp-json\/wp\/v2\/users\/1"}],"replies":[{"embeddable":true,"href":"https:\/\/1truenote.com\/en\/wp-json\/wp\/v2\/comments?post=3949"}],"version-history":[{"count":1,"href":"https:\/\/1truenote.com\/en\/wp-json\/wp\/v2\/posts\/3949\/revisions"}],"predecessor-version":[{"id":3951,"href":"https:\/\/1truenote.com\/en\/wp-json\/wp\/v2\/posts\/3949\/revisions\/3951"}],"wp:featuredmedia":[{"embeddable":true,"href":"https:\/\/1truenote.com\/en\/wp-json\/wp\/v2\/media\/3950"}],"wp:attachment":[{"href":"https:\/\/1truenote.com\/en\/wp-json\/wp\/v2\/media?parent=3949"}],"wp:term":[{"taxonomy":"category","embeddable":true,"href":"https:\/\/1truenote.com\/en\/wp-json\/wp\/v2\/categories?post=3949"},{"taxonomy":"post_tag","embeddable":true,"href":"https:\/\/1truenote.com\/en\/wp-json\/wp\/v2\/tags?post=3949"}],"curies":[{"name":"wp","href":"https:\/\/api.w.org\/{rel}","templated":true}]}}