{"id":3946,"date":"2025-08-06T14:00:00","date_gmt":"2025-08-06T17:00:00","guid":{"rendered":"https:\/\/1truenote.com\/?p=3946"},"modified":"2025-08-06T12:20:49","modified_gmt":"2025-08-06T15:20:49","slug":"closet-planejado-de-luxo","status":"publish","type":"post","link":"https:\/\/1truenote.com\/en\/closet-planejado-de-luxo\/","title":{"rendered":"Closet planejado de luxo: Como ter o closet dos sonhos em casa"},"content":{"rendered":"<p>Closet planejado de luxo. Sabe aquele sonho de abrir a porta e encontrar um closet impec\u00e1vel, com tudo no lugar, cheio de charme e personalidade? Pois \u00e9, isso n\u00e3o precisa ficar s\u00f3 na imagina\u00e7\u00e3o! Com um bom planejamento, alguns toques de sofistica\u00e7\u00e3o e as escolhas certas, \u00e9 totalmente poss\u00edvel transformar um cantinho da casa em um verdadeiro closet planejado de luxo.<\/p>\n\n\n\n<p>Neste artigo, vamos te mostrar como montar um closet funcional, elegante e digno de Pinterest, mesmo em espa\u00e7os reduzidos. E o melhor: Com ideias que equilibram beleza, praticidade e aquele toque especial que faz a diferen\u00e7a!<\/p>\n\n\n\n<hr class=\"wp-block-separator has-alpha-channel-opacity\"\/>\n\n\n\n<h2 id='vantagens-de-investir-em-um-closet-planejado-de-luxo'  class=\"wp-block-heading\">Vantagens de investir em um closet planejado de luxo<\/h2>\n\n\n\n<p>Ter um closet planejado de luxo vai muito al\u00e9m da apar\u00eancia: Ele transforma a forma como voc\u00ea se organiza no dia a dia. Abaixo, algumas vantagens que fazem toda a diferen\u00e7a:<\/p>\n\n\n\n<ul class=\"wp-block-list\">\n<li><strong>Organiza\u00e7\u00e3o total:<\/strong> Cada item tem seu lugar, facilitando a rotina.<\/li>\n\n\n\n<li><strong>Aproveitamento inteligente do espa\u00e7o:<\/strong> M\u00f3veis sob medida garantem milimetricamente o uso de cada cantinho.<\/li>\n\n\n\n<li><strong>Valorizam o im\u00f3vel:<\/strong> Um closet bem projetado aumenta o valor do apartamento.<\/li>\n\n\n\n<li><strong>Visual sofisticado e clean:<\/strong> Est\u00e9tica alinhada com conforto e funcionalidade.<\/li>\n<\/ul>\n\n\n\n<hr class=\"wp-block-separator has-alpha-channel-opacity\"\/>\n\n\n\n<figure class=\"wp-block-image aligncenter size-medium\"><a href=\"https:\/\/chat.whatsapp.com\/KJBkp5LFJVRIvmt5X3hSEh\" target=\"_blank\" rel=\"noopener\"><img data-recalc-dims=\"1\" fetchpriority=\"high\" decoding=\"async\" width=\"200\" height=\"300\" src=\"https:\/\/i0.wp.com\/1truenote.com\/wp-content\/uploads\/2025\/06\/ChatGPT-Image-3-de-jun.-de-2025-19_04_53.png?resize=200%2C300&#038;ssl=1\" alt=\"chamada banner advetorial whats\" class=\"wp-image-2683\" srcset=\"https:\/\/i0.wp.com\/1truenote.com\/wp-content\/uploads\/2025\/06\/ChatGPT-Image-3-de-jun.-de-2025-19_04_53.png?resize=200%2C300&amp;ssl=1 200w, https:\/\/i0.wp.com\/1truenote.com\/wp-content\/uploads\/2025\/06\/ChatGPT-Image-3-de-jun.-de-2025-19_04_53.png?resize=683%2C1024&amp;ssl=1 683w, https:\/\/i0.wp.com\/1truenote.com\/wp-content\/uploads\/2025\/06\/ChatGPT-Image-3-de-jun.-de-2025-19_04_53.png?resize=768%2C1152&amp;ssl=1 768w, https:\/\/i0.wp.com\/1truenote.com\/wp-content\/uploads\/2025\/06\/ChatGPT-Image-3-de-jun.-de-2025-19_04_53.png?resize=150%2C225&amp;ssl=1 150w, https:\/\/i0.wp.com\/1truenote.com\/wp-content\/uploads\/2025\/06\/ChatGPT-Image-3-de-jun.-de-2025-19_04_53.png?w=1024&amp;ssl=1 1024w\" sizes=\"(max-width: 200px) 100vw, 200px\" \/><\/a><\/figure>\n\n\n\n<hr class=\"wp-block-separator has-alpha-channel-opacity\"\/>\n\n\n\n<h2 id='materiais-e-acabamentos-escolha-com-estilo'  class=\"wp-block-heading\">Materiais e acabamentos: Escolha com estilo<\/h2>\n\n\n\n<p>A escolha dos materiais \u00e9 o que d\u00e1 o toque final ao seu closet. Quer um visual moderno? Cl\u00e1ssico? Minimalista? Confira algumas op\u00e7\u00f5es:<\/p>\n\n\n\n<figure class=\"wp-block-table\"><table class=\"has-fixed-layout\"><tbody><tr><th>Estilo<\/th><th>Materiais indicados<\/th><th>Toques de luxo<\/th><\/tr><tr><td>Moderno<\/td><td>MDF em tom fendi, vidro fosco<\/td><td>Puxadores em metal escovado<\/td><\/tr><tr><td>Cl\u00e1ssico<\/td><td>Madeira natural, acabamento laca<\/td><td>Espelhos bisotados e puxadores dourados<\/td><\/tr><tr><td>Minimalista<\/td><td>Branco fosco, prateleiras leves<\/td><td>Ilumina\u00e7\u00e3o embutida em LED<\/td><\/tr><\/tbody><\/table><\/figure>\n\n\n\n<hr class=\"wp-block-separator has-alpha-channel-opacity\"\/>\n\n\n\n<h2 id='truques-de-ilumina\u00e7\u00e3o-para-um-closet-dos-sonhos'  class=\"wp-block-heading\">Truques de ilumina\u00e7\u00e3o para um closet dos sonhos<\/h2>\n\n\n\n<p>N\u00e3o adianta ter um projeto lindo se a ilumina\u00e7\u00e3o n\u00e3o valorizar o ambiente. Aqui v\u00e3o algumas dicas para criar um clima sofisticado:<\/p>\n\n\n\n<ul class=\"wp-block-list\">\n<li>Use perfis de LED nas prateleiras para real\u00e7ar roupas e sapatos.<\/li>\n\n\n\n<li>Prefira luz branca quente para dar aconchego.<\/li>\n\n\n\n<li>Invista em pendentes ou lumin\u00e1rias centrais com design marcante.<\/li>\n<\/ul>\n\n\n\n<hr class=\"wp-block-separator has-alpha-channel-opacity\"\/>\n\n\n\n<a href=\"https:\/\/1truenote.com\/en\/cozinha-com-ilha-artigo\/\" style=\"text-decoration: none;\">\n  <div style=\"display: flex; justify-content: space-between; align-items: center; background: #d44a00; padding: 12px 20px; color: white; font-family: Arial, sans-serif;\">\n    <strong style=\"color: black;\">READ ALSO:<\/strong>\n    <span style=\"margin-left: 8px; flex: 1;\">Cozinha com ilha: Eleg\u00e2ncia<\/span>\n    <div style=\"background: #f2802f; padding: 8px 12px; border-radius: 2px; margin-left: 10px;\">\n      <span style=\"color: white; font-weight: bold;\">\u27a4<\/span>\n    <\/div>\n  <\/div>\n<\/a>\n\n\n\n<hr class=\"wp-block-separator has-alpha-channel-opacity\"\/>\n\n\n\n<h2 id='dicas-para-montar-o-closet-perfeito'  class=\"wp-block-heading\">Dicas para montar o closet perfeito<\/h2>\n\n\n\n<p>Separamos algumas dicas valiosas para voc\u00ea come\u00e7ar o seu projeto com o p\u00e9 direito:<\/p>\n\n\n\n<ul class=\"wp-block-list\">\n<li><strong>Planeje de acordo com seu estilo de vida:<\/strong> Mais roupas sociais? Espa\u00e7o para vestidos longos? Pense na sua rotina.<\/li>\n\n\n\n<li><strong>Use divis\u00f3rias e organizadores internos:<\/strong> Gavetas com separadores fazem milagres.<\/li>\n\n\n\n<li><strong>Aposte em espelhos grandes:<\/strong> Eles ampliam o espa\u00e7o e ajudam na hora de se vestir.<\/li>\n\n\n\n<li><strong>Inclua uma ilha central (se houver espa\u00e7o):<\/strong> Al\u00e9m de sofisticada, \u00e9 \u00f3tima para organizar bijus, rel\u00f3gios e perfumes.<\/li>\n<\/ul>\n\n\n\n<hr class=\"wp-block-separator has-alpha-channel-opacity\"\/>\n\n\n\n<figure class=\"wp-block-image aligncenter size-full\"><img data-recalc-dims=\"1\" decoding=\"async\" width=\"1024\" height=\"1024\" src=\"https:\/\/i0.wp.com\/1truenote.com\/wp-content\/uploads\/2025\/08\/site-instagram.png?resize=1024%2C1024&#038;ssl=1\" alt=\"closet planejado de luxo\" class=\"wp-image-3947\" srcset=\"https:\/\/i0.wp.com\/1truenote.com\/wp-content\/uploads\/2025\/08\/site-instagram.png?w=1024&amp;ssl=1 1024w, https:\/\/i0.wp.com\/1truenote.com\/wp-content\/uploads\/2025\/08\/site-instagram.png?resize=300%2C300&amp;ssl=1 300w, https:\/\/i0.wp.com\/1truenote.com\/wp-content\/uploads\/2025\/08\/site-instagram.png?resize=150%2C150&amp;ssl=1 150w, https:\/\/i0.wp.com\/1truenote.com\/wp-content\/uploads\/2025\/08\/site-instagram.png?resize=768%2C768&amp;ssl=1 768w, https:\/\/i0.wp.com\/1truenote.com\/wp-content\/uploads\/2025\/08\/site-instagram.png?resize=12%2C12&amp;ssl=1 12w, https:\/\/i0.wp.com\/1truenote.com\/wp-content\/uploads\/2025\/08\/site-instagram.png?resize=96%2C96&amp;ssl=1 96w\" sizes=\"(max-width: 1024px) 100vw, 1024px\" \/><\/figure>\n\n\n\n<hr class=\"wp-block-separator has-alpha-channel-opacity\"\/>\n\n\n\n<h2 id='closet-planejado-de-luxo'  class=\"wp-block-heading\">Closet planejado de luxo<\/h2>\n\n\n\n<p>Ter um closet planejado de luxo n\u00e3o \u00e9 apenas uma quest\u00e3o de ostenta\u00e7\u00e3o: \u00e9 sobre funcionalidade, bem-estar e praticidade no dia a dia. Al\u00e9m de otimizar o espa\u00e7o, ele traz aquele sentimento gostoso de cuidado com o que \u00e9 nosso. E o melhor \u00e9 que com boas ideias e escolhas certeiras, \u00e9 poss\u00edvel criar um ambiente lindo e personalizado dentro de casa.<\/p>\n\n\n\n<p>Seja um closet completo ou um cantinho adaptado com charme, o importante \u00e9 que ele funcione para voc\u00ea. Gostou de closet planejado de luxo? Aproveite as dicas, inspire-se nas refer\u00eancias e d\u00ea o primeiro passo rumo ao closet dos sonhos!<\/p>\n\n\n\n<hr class=\"wp-block-separator has-alpha-channel-opacity\"\/>\n\n\n\n<a href=\"https:\/\/1truenote.com\/en\/cozinha-com-ilha-artigo\/\" style=\"text-decoration: none;\">\n  <div style=\"display: flex; justify-content: space-between; align-items: center; background: #d44a00; padding: 12px 20px; color: white; font-family: Arial, sans-serif;\">\n    <strong style=\"color: black;\">READ ALSO:<\/strong>\n    <span style=\"margin-left: 8px; flex: 1;\">Cozinha com ilha: Eleg\u00e2ncia<\/span>\n    <div style=\"background: #f2802f; padding: 8px 12px; border-radius: 2px; margin-left: 10px;\">\n      <span style=\"color: white; font-weight: bold;\">\u27a4<\/span>\n    <\/div>\n  <\/div>\n<\/a>\n\n\n\n\n<hr class=\"wp-block-separator has-alpha-channel-opacity\"\/>\n\n\n\n<h2 id='faq-closet-planejado-de-luxo'  class=\"wp-block-heading\">FAQ &#8211; Closet planejado de luxo<\/h2>\n\n\n<div id=\"rank-math-faq\" class=\"rank-math-block\">\n<div class=\"rank-math-list\">\n<div id=\"faq-question-1754493346554\" class=\"rank-math-list-item\">\n<h3 id='qual-o-tamanho-m\u00ednimo-para-um-closet-planejado'  class=\"rank-math-question\"><strong>Qual o tamanho m\u00ednimo para um closet planejado?<\/strong><\/h3>\n<div class=\"rank-math-answer\">\n\n<p>Em m\u00e9dia, 4 a 6 m\u00b2 j\u00e1 s\u00e3o suficientes para montar um closet funcional e bonito.<\/p>\n\n<\/div>\n<\/div>\n<div id=\"faq-question-1754493347398\" class=\"rank-math-list-item\">\n<h3 id='posso-fazer-um-closet-de-luxo-em-apartamento-pequeno'  class=\"rank-math-question\"><strong>Posso fazer um closet de luxo em apartamento pequeno?<\/strong><\/h3>\n<div class=\"rank-math-answer\">\n\n<p>Com certeza! O segredo est\u00e1 no planejamento e no uso inteligente dos m\u00f3dulos.<\/p>\n\n<\/div>\n<\/div>\n<div id=\"faq-question-1754493348930\" class=\"rank-math-list-item\">\n<h3 id='quais-s\u00e3o-os-erros-mais-comuns-ao-planejar-um-closet'  class=\"rank-math-question\"><strong>Quais s\u00e3o os erros mais comuns ao planejar um closet?<\/strong><\/h3>\n<div class=\"rank-math-answer\">\n\n<p>Ignorar a ilumina\u00e7\u00e3o, n\u00e3o considerar o tipo de roupas e exagerar em elementos decorativos.<\/p>\n\n<\/div>\n<\/div>\n<div id=\"faq-question-1754493350825\" class=\"rank-math-list-item\">\n<h3 id='closet-aberto-ou-com-portas-qual-o-melhor'  class=\"rank-math-question\"><strong>Closet aberto ou com portas: qual o melhor?<\/strong><\/h3>\n<div class=\"rank-math-answer\">\n\n<p>Depende do estilo de vida e do n\u00edvel de organiza\u00e7\u00e3o. Closets abertos s\u00e3o mais modernos, mas exigem disciplina.<\/p>\n\n<\/div>\n<\/div>\n<div id=\"faq-question-1754493351554\" class=\"rank-math-list-item\">\n<h3 id='qual-o-valor-aproximado-de-um-closet-planejado-de-luxo'  class=\"rank-math-question\"><strong>Qual o valor aproximado de um closet planejado de luxo?<\/strong><\/h3>\n<div class=\"rank-math-answer\">\n\n<p>Pode variar de R$ 10 mil a R$ 50 mil ou mais, dependendo do tamanho e acabamentos.<\/p>\n\n<\/div>\n<\/div>\n<\/div>\n<\/div>\n\n\n<figure class=\"wp-block-image aligncenter size-full\"><img data-recalc-dims=\"1\" decoding=\"async\" width=\"1024\" height=\"1024\" src=\"https:\/\/i0.wp.com\/1truenote.com\/wp-content\/uploads\/2025\/08\/site-instagram.png?resize=1024%2C1024&#038;ssl=1\" alt=\"closet planejado de luxo\" class=\"wp-image-3947\" srcset=\"https:\/\/i0.wp.com\/1truenote.com\/wp-content\/uploads\/2025\/08\/site-instagram.png?w=1024&amp;ssl=1 1024w, https:\/\/i0.wp.com\/1truenote.com\/wp-content\/uploads\/2025\/08\/site-instagram.png?resize=300%2C300&amp;ssl=1 300w, https:\/\/i0.wp.com\/1truenote.com\/wp-content\/uploads\/2025\/08\/site-instagram.png?resize=150%2C150&amp;ssl=1 150w, https:\/\/i0.wp.com\/1truenote.com\/wp-content\/uploads\/2025\/08\/site-instagram.png?resize=768%2C768&amp;ssl=1 768w, https:\/\/i0.wp.com\/1truenote.com\/wp-content\/uploads\/2025\/08\/site-instagram.png?resize=12%2C12&amp;ssl=1 12w, https:\/\/i0.wp.com\/1truenote.com\/wp-content\/uploads\/2025\/08\/site-instagram.png?resize=96%2C96&amp;ssl=1 96w\" sizes=\"(max-width: 1024px) 100vw, 1024px\" \/><\/figure>","protected":false},"excerpt":{"rendered":"<p>Closet planejado de luxo. Sabe aquele sonho de abrir a porta e encontrar um closet impec\u00e1vel, com tudo no lugar,&#8230;<\/p>","protected":false},"author":1,"featured_media":3947,"comment_status":"open","ping_status":"open","sticky":false,"template":"","format":"standard","meta":{"_kad_post_transparent":"","_kad_post_title":"","_kad_post_layout":"","_kad_post_sidebar_id":"","_kad_post_content_style":"","_kad_post_vertical_padding":"","_kad_post_feature":"","_kad_post_feature_position":"","_kad_post_header":false,"_kad_post_footer":false,"_kad_post_classname":"","footnotes":"","jetpack_publicize_message":"Closet planejado de luxo. Sabe aquele sonho de abrir a porta e encontrar um closet impec\u00e1vel, com tudo no lugar, cheio de charme e personalidade? Pois \u00e9, isso n\u00e3o precisa ficar s\u00f3 na imagina\u00e7\u00e3o!\n\n#carvalhoconsultoriabrasil #truenote #decor #decoracao #closet #closetgrande #luxo #sonhos #projetos","jetpack_publicize_feature_enabled":true,"jetpack_social_post_already_shared":true,"jetpack_social_options":{"image_generator_settings":{"template":"highway","default_image_id":0,"enabled":false},"version":2}},"categories":[16,1],"tags":[15,13,14,12],"class_list":["post-3946","post","type-post","status-publish","format-standard","has-post-thumbnail","hentry","category-casa-e-jardim","category-novidades","tag-conservacao-e-manutencao","tag-minimalista","tag-interiores-inovadores","tag-projetos-inovadores"],"jetpack_publicize_connections":[],"jetpack_featured_media_url":"https:\/\/i0.wp.com\/1truenote.com\/wp-content\/uploads\/2025\/08\/site-instagram.png?fit=1024%2C1024&ssl=1","jetpack_sharing_enabled":true,"_links":{"self":[{"href":"https:\/\/1truenote.com\/en\/wp-json\/wp\/v2\/posts\/3946","targetHints":{"allow":["GET"]}}],"collection":[{"href":"https:\/\/1truenote.com\/en\/wp-json\/wp\/v2\/posts"}],"about":[{"href":"https:\/\/1truenote.com\/en\/wp-json\/wp\/v2\/types\/post"}],"author":[{"embeddable":true,"href":"https:\/\/1truenote.com\/en\/wp-json\/wp\/v2\/users\/1"}],"replies":[{"embeddable":true,"href":"https:\/\/1truenote.com\/en\/wp-json\/wp\/v2\/comments?post=3946"}],"version-history":[{"count":1,"href":"https:\/\/1truenote.com\/en\/wp-json\/wp\/v2\/posts\/3946\/revisions"}],"predecessor-version":[{"id":3948,"href":"https:\/\/1truenote.com\/en\/wp-json\/wp\/v2\/posts\/3946\/revisions\/3948"}],"wp:featuredmedia":[{"embeddable":true,"href":"https:\/\/1truenote.com\/en\/wp-json\/wp\/v2\/media\/3947"}],"wp:attachment":[{"href":"https:\/\/1truenote.com\/en\/wp-json\/wp\/v2\/media?parent=3946"}],"wp:term":[{"taxonomy":"category","embeddable":true,"href":"https:\/\/1truenote.com\/en\/wp-json\/wp\/v2\/categories?post=3946"},{"taxonomy":"post_tag","embeddable":true,"href":"https:\/\/1truenote.com\/en\/wp-json\/wp\/v2\/tags?post=3946"}],"curies":[{"name":"wp","href":"https:\/\/api.w.org\/{rel}","templated":true}]}}