{"id":3908,"date":"2025-08-01T12:00:00","date_gmt":"2025-08-01T15:00:00","guid":{"rendered":"https:\/\/1truenote.com\/?p=3908"},"modified":"2025-09-27T17:46:14","modified_gmt":"2025-09-27T20:46:14","slug":"cabeceira-de-cama-criativa-ideias","status":"publish","type":"post","link":"https:\/\/1truenote.com\/en\/cabeceira-de-cama-criativa-ideias\/","title":{"rendered":"Cabeceira de cama: Ideias criativas que transformam o quarto"},"content":{"rendered":"<p>Sabe aquele detalhe que, de repente, muda completamente a cara do quarto? Pois \u00e9, a <strong>cabeceira de cama<\/strong> faz exatamente isso \u2014 e muitas vezes, a gente nem d\u00e1 a devida aten\u00e7\u00e3o. Ela n\u00e3o \u00e9 s\u00f3 um item decorativo: \u00c9 tamb\u00e9m conforto, personalidade e, por que n\u00e3o, um toque de afeto no espa\u00e7o mais \u00edntimo da casa.<\/p>\n\n\n\n<p>E o melhor: D\u00e1 pra criar uma cabeceira linda sem precisar gastar muito ou encarar reformas pesadas. Desde solu\u00e7\u00f5es com pintura na parede at\u00e9 o reaproveitamento de pallets, tem op\u00e7\u00e3o pra todos os estilos \u2014 do rom\u00e2ntico ao moderno, do minimalista ao boho.<\/p>\n\n\n\n<p>Aqui voc\u00ea vai encontrar ideias que combinam com a sua casa e o seu momento. Bora se inspirar em cabeceira de cama?<\/p>\n\n\n\n<hr class=\"wp-block-separator has-alpha-channel-opacity\"\/>\n\n\n\n<h2 id='cabeceira-de-cama-estofada-e-acolhedora'  class=\"wp-block-heading\">Cabeceira de cama estofada e acolhedora<\/h2>\n\n\n\n<p>Se voc\u00ea busca conforto e eleg\u00e2ncia, a cabeceira de cama estofada \u00e9 uma das favoritas. Com op\u00e7\u00f5es em linho, veludo ou couro sint\u00e9tico, ela traz aquele toque de hotel boutique para dentro de casa. Sem falar no apoio delicioso para ler ou assistir algo antes de dormir.<\/p>\n\n\n\n<p><strong>Dica r\u00e1pida:<\/strong> Prefira tons neutros se quiser uma base vers\u00e1til que combine com tudo \u2014 ou se jogue nos tons vibrantes para criar um cantinho com personalidade.<\/p>\n\n\n\n<hr class=\"wp-block-separator has-alpha-channel-opacity\"\/>\n\n\n\n<h2 id='composi\u00e7\u00e3o-de-quadros-ou-pain\u00e9is'  class=\"wp-block-heading\">Composi\u00e7\u00e3o de quadros ou pain\u00e9is<\/h2>\n\n\n\n<p>Quer um visual criativo e moderno? Uma sequ\u00eancia de quadros ou pain\u00e9is logo acima da cama pode substituir perfeitamente uma cabeceira tradicional. \u00c9 uma ideia perfeita para quem ama arte ou adora mudar a decora\u00e7\u00e3o com frequ\u00eancia.<\/p>\n\n\n\n<ul class=\"wp-block-list\">\n<li>Vale usar estampas florais, geom\u00e9tricas ou at\u00e9 imagens afetivas<\/li>\n\n\n\n<li>O segredo est\u00e1 na simetria e na harmonia de cores com a roupa de cama<\/li>\n<\/ul>\n\n\n\n<hr class=\"wp-block-separator has-alpha-channel-opacity\"\/>\n\n\n\n<h2 id='tape\u00e7arias-e-tecidos-charme-boho'  class=\"wp-block-heading\">Tape\u00e7arias e tecidos: Charme boho<\/h2>\n\n\n\n<p>As tape\u00e7arias penduradas na parede s\u00e3o tend\u00eancia forte, especialmente em quartos com toque boho ou \u00e9tnico. Trazem textura, cor e uma sensa\u00e7\u00e3o de aconchego que \u00e9 dif\u00edcil bater.<\/p>\n\n\n\n<p>Voc\u00ea pode usar:<\/p>\n\n\n\n<ul class=\"wp-block-list\">\n<li>Tapetes leves<\/li>\n\n\n\n<li>Pan\u00f4s artesanais<\/li>\n\n\n\n<li>Tecido com franjas e amarra\u00e7\u00f5es<\/li>\n<\/ul>\n\n\n\n<p>Al\u00e9m de lindas, s\u00e3o f\u00e1ceis de trocar, lavar e at\u00e9 levar para outro ambiente da casa.<\/p>\n\n\n\n<hr class=\"wp-block-separator has-alpha-channel-opacity\"\/>\n\n\n\n<a href=\"https:\/\/1truenote.com\/en\/canto-gourmet-apartamento-pequeno-ideias\/\" style=\"text-decoration: none;\">\n  <div style=\"display: flex; justify-content: space-between; align-items: center; background: #d44a00; padding: 12px 20px; color: white; font-family: Arial, sans-serif;\">\n    <strong style=\"color: black;\">READ ALSO:<\/strong>\n    <span style=\"margin-left: 8px; flex: 1;\">Canto gourmet em apartamento pequeno<\/span>\n    <div style=\"background: #f2802f; padding: 8px 12px; border-radius: 2px; margin-left: 10px;\">\n      <span style=\"color: white; font-weight: bold;\">\u27a4<\/span>\n    <\/div>\n  <\/div>\n<\/a>\n\n\n\n<hr class=\"wp-block-separator has-alpha-channel-opacity\"\/>\n\n\n\n<h2 id='pintura-geom\u00e9trica-ou-textura-na-parede'  class=\"wp-block-heading\">Pintura geom\u00e9trica ou textura na parede<\/h2>\n\n\n\n<p>Se a ideia \u00e9 praticidade total, uma cabeceira pintada direto na parede pode ser uma solu\u00e7\u00e3o perfeita. D\u00e1 para fazer com tinta, cimento queimado, listras ou formas criativas. A ideia \u00e9 delimitar a \u00e1rea da cama de forma visual e marcante.<\/p>\n\n\n\n<p>Funciona muito bem em quartos pequenos, j\u00e1 que economiza espa\u00e7o e mant\u00e9m tudo clean.<\/p>\n\n\n\n<hr class=\"wp-block-separator has-alpha-channel-opacity\"\/>\n\n\n\n<figure class=\"wp-block-image aligncenter size-medium\"><a href=\"https:\/\/chat.whatsapp.com\/KJBkp5LFJVRIvmt5X3hSEh\" target=\"_blank\" rel=\"noopener\"><img data-recalc-dims=\"1\" fetchpriority=\"high\" decoding=\"async\" width=\"200\" height=\"300\" src=\"https:\/\/i0.wp.com\/1truenote.com\/wp-content\/uploads\/2025\/06\/ChatGPT-Image-3-de-jun.-de-2025-19_04_53.png?resize=200%2C300&#038;ssl=1\" alt=\"chamada banner advetorial whats\" class=\"wp-image-2683\" srcset=\"https:\/\/i0.wp.com\/1truenote.com\/wp-content\/uploads\/2025\/06\/ChatGPT-Image-3-de-jun.-de-2025-19_04_53.png?resize=200%2C300&amp;ssl=1 200w, https:\/\/i0.wp.com\/1truenote.com\/wp-content\/uploads\/2025\/06\/ChatGPT-Image-3-de-jun.-de-2025-19_04_53.png?resize=683%2C1024&amp;ssl=1 683w, https:\/\/i0.wp.com\/1truenote.com\/wp-content\/uploads\/2025\/06\/ChatGPT-Image-3-de-jun.-de-2025-19_04_53.png?resize=768%2C1152&amp;ssl=1 768w, https:\/\/i0.wp.com\/1truenote.com\/wp-content\/uploads\/2025\/06\/ChatGPT-Image-3-de-jun.-de-2025-19_04_53.png?resize=150%2C225&amp;ssl=1 150w, https:\/\/i0.wp.com\/1truenote.com\/wp-content\/uploads\/2025\/06\/ChatGPT-Image-3-de-jun.-de-2025-19_04_53.png?w=1024&amp;ssl=1 1024w\" sizes=\"(max-width: 200px) 100vw, 200px\" \/><\/a><\/figure>\n\n\n\n<hr class=\"wp-block-separator has-alpha-channel-opacity\"\/>\n\n\n\n<h2 id='madeira-ripada-ou-pallets'  class=\"wp-block-heading\">Madeira ripada ou pallets<\/h2>\n\n\n\n<p>Um toque r\u00fastico que nunca sai de moda: cabeceiras em madeira ripada ou reaproveitada s\u00e3o um charme \u00e0 parte. Al\u00e9m de sustent\u00e1veis, trazem sensa\u00e7\u00e3o de aconchego e combinam com estilos variados \u2014 do escandinavo ao industrial.<\/p>\n\n\n\n<p>Voc\u00ea pode usar:<\/p>\n\n\n\n<ul class=\"wp-block-list\">\n<li>Pallets lixados e envernizados<\/li>\n\n\n\n<li>Pain\u00e9is de MDF com acabamento claro<\/li>\n\n\n\n<li>Ripas verticais ou horizontais para dar movimento<\/li>\n<\/ul>\n\n\n\n<hr class=\"wp-block-separator has-alpha-channel-opacity\"\/>\n\n\n\n<h2 id='um-detalhe-que-faz-toda-a-diferen\u00e7a'  class=\"wp-block-heading\">Um detalhe que faz toda a diferen\u00e7a<\/h2>\n\n\n\n<p>A cabeceira da cama pode parecer um detalhe, mas \u00e9 exatamente ela que arremata o clima do quarto. \u00c9 ali que voc\u00ea encosta depois de um dia corrido, que d\u00e1 personalidade ao espa\u00e7o e traz acolhimento. E com tantas ideias criativas \u2014 e acess\u00edveis \u2014 fica f\u00e1cil encontrar uma que combine com o seu estilo de vida.<\/p>\n\n\n\n<p>Seja com tecido, arte, tinta ou madeira, o importante \u00e9 que a cabeceira reflita quem voc\u00ea \u00e9. Gostou de cabeceira de cama? Agora me conta: Qual dessas ideias tem mais a ver com o seu quarto?<\/p>\n\n\n\n<hr class=\"wp-block-separator has-alpha-channel-opacity\"\/>\n\n\n\n<a href=\"https:\/\/1truenote.com\/en\/canto-gourmet-apartamento-pequeno-ideias\/\" style=\"text-decoration: none;\">\n  <div style=\"display: flex; justify-content: space-between; align-items: center; background: #d44a00; padding: 12px 20px; color: white; font-family: Arial, sans-serif;\">\n    <strong style=\"color: black;\">READ ALSO:<\/strong>\n    <span style=\"margin-left: 8px; flex: 1;\">Canto gourmet em apartamento pequeno<\/span>\n    <div style=\"background: #f2802f; padding: 8px 12px; border-radius: 2px; margin-left: 10px;\">\n      <span style=\"color: white; font-weight: bold;\">\u27a4<\/span>\n    <\/div>\n  <\/div>\n<\/a>\n\n\n\n\n<hr class=\"wp-block-separator has-alpha-channel-opacity\"\/>\n\n\n\n<figure class=\"wp-block-image aligncenter size-large\"><img data-recalc-dims=\"1\" decoding=\"async\" width=\"1024\" height=\"683\" src=\"https:\/\/i0.wp.com\/1truenote.com\/wp-content\/uploads\/2025\/08\/ChatGPT-Image-1-de-ago.-de-2025-11_06_34.png?resize=1024%2C683&#038;ssl=1\" alt=\"cabeceira de cama\" class=\"wp-image-3909\" srcset=\"https:\/\/i0.wp.com\/1truenote.com\/wp-content\/uploads\/2025\/08\/ChatGPT-Image-1-de-ago.-de-2025-11_06_34.png?resize=1024%2C683&amp;ssl=1 1024w, https:\/\/i0.wp.com\/1truenote.com\/wp-content\/uploads\/2025\/08\/ChatGPT-Image-1-de-ago.-de-2025-11_06_34.png?resize=300%2C200&amp;ssl=1 300w, https:\/\/i0.wp.com\/1truenote.com\/wp-content\/uploads\/2025\/08\/ChatGPT-Image-1-de-ago.-de-2025-11_06_34.png?resize=768%2C512&amp;ssl=1 768w, https:\/\/i0.wp.com\/1truenote.com\/wp-content\/uploads\/2025\/08\/ChatGPT-Image-1-de-ago.-de-2025-11_06_34.png?resize=18%2C12&amp;ssl=1 18w, https:\/\/i0.wp.com\/1truenote.com\/wp-content\/uploads\/2025\/08\/ChatGPT-Image-1-de-ago.-de-2025-11_06_34.png?resize=150%2C100&amp;ssl=1 150w, https:\/\/i0.wp.com\/1truenote.com\/wp-content\/uploads\/2025\/08\/ChatGPT-Image-1-de-ago.-de-2025-11_06_34.png?w=1536&amp;ssl=1 1536w\" sizes=\"(max-width: 1024px) 100vw, 1024px\" \/><\/figure>\n\n\n\n<hr class=\"wp-block-separator has-alpha-channel-opacity\"\/>\n\n\n\n<h2 id='faq-d\u00favidas-comuns-sobre-cabeceira-de-cama'  class=\"wp-block-heading\">FAQ: D\u00favidas comuns sobre cabeceira de cama<\/h2>\n\n\n<div id=\"rank-math-faq\" class=\"rank-math-block\">\n<div class=\"rank-math-list\">\n<div id=\"faq-question-1754056091288\" class=\"rank-math-list-item\">\n<h3 id='\u00e9-obrigat\u00f3rio-ter-uma-cabeceira-de-cama'  class=\"rank-math-question\">\u00c9 obrigat\u00f3rio ter uma cabeceira de cama?<\/h3>\n<div class=\"rank-math-answer\">\n\n<p>N\u00e3o \u00e9 obrigat\u00f3rio, mas ela oferece mais conforto, prote\u00e7\u00e3o da parede e um acabamento visual que valoriza muito o ambiente.<\/p>\n\n<\/div>\n<\/div>\n<div id=\"faq-question-1754056092738\" class=\"rank-math-list-item\">\n<h3 id='qual-o-melhor-material-para-cabeceira'  class=\"rank-math-question\">Qual o melhor material para cabeceira?<\/h3>\n<div class=\"rank-math-answer\">\n\n<p>Depende do estilo e da fun\u00e7\u00e3o. Estofadas s\u00e3o ideais para conforto, enquanto as de madeira e MDF s\u00e3o dur\u00e1veis e vers\u00e1teis. Tecidos e tape\u00e7arias trazem leveza e personalidade.<\/p>\n\n<\/div>\n<\/div>\n<div id=\"faq-question-1754056093329\" class=\"rank-math-list-item\">\n<h3 id='cabeceiras-adesivas-ou-pintadas-funcionam-bem'  class=\"rank-math-question\">Cabeceiras adesivas ou pintadas funcionam bem?<\/h3>\n<div class=\"rank-math-answer\">\n\n<p>Sim! S\u00e3o pr\u00e1ticas, acess\u00edveis e \u00f3timas para quem quer mudar o visual com pouco investimento. Com criatividade, o efeito pode ser surpreendente.<\/p>\n\n<\/div>\n<\/div>\n<div id=\"faq-question-1754056094582\" class=\"rank-math-list-item\">\n<h3 id='posso-usar-quadros-ou-pain\u00e9is-no-lugar-da-cabeceira-tradicional'  class=\"rank-math-question\">Posso usar quadros ou pain\u00e9is no lugar da cabeceira tradicional?<\/h3>\n<div class=\"rank-math-answer\">\n\n<p>Pode e deve! Composi\u00e7\u00e3o de quadros ou pain\u00e9is decorativos cria um resultado moderno e personaliz\u00e1vel \u2014 perfeito para quem gosta de mudar a decora\u00e7\u00e3o com frequ\u00eancia.<\/p>\n\n<\/div>\n<\/div>\n<div id=\"faq-question-1754056095967\" class=\"rank-math-list-item\">\n<h3 id='qual-a-altura-ideal-da-cabeceira-de-cama'  class=\"rank-math-question\">Qual a altura ideal da cabeceira de cama?<\/h3>\n<div class=\"rank-math-answer\">\n\n<p>Em m\u00e9dia, 1,10m a partir do ch\u00e3o, mas pode variar. O importante \u00e9 que fique confort\u00e1vel para apoiar as costas e harmonize com o tamanho da cama e da parede.<\/p>\n\n<\/div>\n<\/div>\n<div id=\"faq-question-1754056146838\" class=\"rank-math-list-item\">\n<h3 id='d\u00e1-para-fazer-uma-cabeceira-diy'  class=\"rank-math-question\">D\u00e1 para fazer uma cabeceira DIY?<\/h3>\n<div class=\"rank-math-answer\">\n\n<p>Sim! Existem diversas ideias de cabeceira DIY com pallets, tecido, bastidores de bordado, pintura e at\u00e9 papel de parede. Solte a criatividade e coloque a m\u00e3o na massa!<\/p>\n\n<\/div>\n<\/div>\n<\/div>\n<\/div>\n\n\n<figure class=\"wp-block-image aligncenter size-large\"><img data-recalc-dims=\"1\" decoding=\"async\" width=\"1024\" height=\"683\" src=\"https:\/\/i0.wp.com\/1truenote.com\/wp-content\/uploads\/2025\/08\/ChatGPT-Image-1-de-ago.-de-2025-11_06_34.png?resize=1024%2C683&#038;ssl=1\" alt=\"cabeceira de cama\" class=\"wp-image-3909\" srcset=\"https:\/\/i0.wp.com\/1truenote.com\/wp-content\/uploads\/2025\/08\/ChatGPT-Image-1-de-ago.-de-2025-11_06_34.png?resize=1024%2C683&amp;ssl=1 1024w, https:\/\/i0.wp.com\/1truenote.com\/wp-content\/uploads\/2025\/08\/ChatGPT-Image-1-de-ago.-de-2025-11_06_34.png?resize=300%2C200&amp;ssl=1 300w, https:\/\/i0.wp.com\/1truenote.com\/wp-content\/uploads\/2025\/08\/ChatGPT-Image-1-de-ago.-de-2025-11_06_34.png?resize=768%2C512&amp;ssl=1 768w, https:\/\/i0.wp.com\/1truenote.com\/wp-content\/uploads\/2025\/08\/ChatGPT-Image-1-de-ago.-de-2025-11_06_34.png?resize=18%2C12&amp;ssl=1 18w, https:\/\/i0.wp.com\/1truenote.com\/wp-content\/uploads\/2025\/08\/ChatGPT-Image-1-de-ago.-de-2025-11_06_34.png?resize=150%2C100&amp;ssl=1 150w, https:\/\/i0.wp.com\/1truenote.com\/wp-content\/uploads\/2025\/08\/ChatGPT-Image-1-de-ago.-de-2025-11_06_34.png?w=1536&amp;ssl=1 1536w\" sizes=\"(max-width: 1024px) 100vw, 1024px\" \/><\/figure>","protected":false},"excerpt":{"rendered":"<p>Sabe aquele detalhe que, de repente, muda completamente a cara do quarto? Pois \u00e9, a cabeceira de cama faz exatamente&#8230;<\/p>","protected":false},"author":1,"featured_media":3909,"comment_status":"open","ping_status":"open","sticky":false,"template":"","format":"standard","meta":{"_kad_post_transparent":"","_kad_post_title":"","_kad_post_layout":"","_kad_post_sidebar_id":"","_kad_post_content_style":"","_kad_post_vertical_padding":"","_kad_post_feature":"","_kad_post_feature_position":"","_kad_post_header":false,"_kad_post_footer":false,"_kad_post_classname":"","footnotes":"","jetpack_publicize_message":"Sabe aquele detalhe que, de repente, muda completamente a cara do quarto? Pois \u00e9, a cabeceira de cama faz exatamente isso \u2014 e muitas vezes, a gente nem d\u00e1 a devida aten\u00e7\u00e3o.\n\n#carvalhoconsultoriabrasil #truenote #decor #decoracao #cabeceiradecama #boho #bohochic #cama #quarto","jetpack_publicize_feature_enabled":true,"jetpack_social_post_already_shared":true,"jetpack_social_options":{"image_generator_settings":{"template":"highway","default_image_id":0,"enabled":false},"version":2}},"categories":[9,1],"tags":[180,12],"class_list":["post-3908","post","type-post","status-publish","format-standard","has-post-thumbnail","hentry","category-lazer","category-novidades","tag-diy","tag-projetos-inovadores"],"jetpack_publicize_connections":[],"jetpack_featured_media_url":"https:\/\/i0.wp.com\/1truenote.com\/wp-content\/uploads\/2025\/08\/ChatGPT-Image-1-de-ago.-de-2025-11_06_34.png?fit=1536%2C1024&ssl=1","jetpack_sharing_enabled":true,"_links":{"self":[{"href":"https:\/\/1truenote.com\/en\/wp-json\/wp\/v2\/posts\/3908","targetHints":{"allow":["GET"]}}],"collection":[{"href":"https:\/\/1truenote.com\/en\/wp-json\/wp\/v2\/posts"}],"about":[{"href":"https:\/\/1truenote.com\/en\/wp-json\/wp\/v2\/types\/post"}],"author":[{"embeddable":true,"href":"https:\/\/1truenote.com\/en\/wp-json\/wp\/v2\/users\/1"}],"replies":[{"embeddable":true,"href":"https:\/\/1truenote.com\/en\/wp-json\/wp\/v2\/comments?post=3908"}],"version-history":[{"count":1,"href":"https:\/\/1truenote.com\/en\/wp-json\/wp\/v2\/posts\/3908\/revisions"}],"predecessor-version":[{"id":3910,"href":"https:\/\/1truenote.com\/en\/wp-json\/wp\/v2\/posts\/3908\/revisions\/3910"}],"wp:featuredmedia":[{"embeddable":true,"href":"https:\/\/1truenote.com\/en\/wp-json\/wp\/v2\/media\/3909"}],"wp:attachment":[{"href":"https:\/\/1truenote.com\/en\/wp-json\/wp\/v2\/media?parent=3908"}],"wp:term":[{"taxonomy":"category","embeddable":true,"href":"https:\/\/1truenote.com\/en\/wp-json\/wp\/v2\/categories?post=3908"},{"taxonomy":"post_tag","embeddable":true,"href":"https:\/\/1truenote.com\/en\/wp-json\/wp\/v2\/tags?post=3908"}],"curies":[{"name":"wp","href":"https:\/\/api.w.org\/{rel}","templated":true}]}}