{"id":3903,"date":"2025-07-31T14:00:00","date_gmt":"2025-07-31T17:00:00","guid":{"rendered":"https:\/\/1truenote.com\/?p=3903"},"modified":"2025-09-26T12:51:14","modified_gmt":"2025-09-26T15:51:14","slug":"canto-gourmet-apartamento-pequeno-ideias","status":"publish","type":"post","link":"https:\/\/1truenote.com\/en\/canto-gourmet-apartamento-pequeno-ideias\/","title":{"rendered":"Canto gourmet em apartamento pequeno: Como criar um espa\u00e7o incr\u00edvel e compacto \ud83c\udf77\ud83c\udfe1"},"content":{"rendered":"<p>Canto gourmet apartamento pequeno. Voc\u00ea sempre quis um cantinho para receber amigos e fazer um jantar especial, mas acha que o espa\u00e7o do apartamento \u00e9 um limitador? D\u00e1 para ter um canto gourmet funcional, charmoso e bem planejado mesmo em metragem reduzida \u2014 e sem gastar rios de dinheiro!<\/p>\n\n\n\n<p>Neste artigo, voc\u00ea encontra ideias pr\u00e1ticas, escolhas inteligentes e inspira\u00e7\u00e3o para transformar um cantinho da sala, varanda ou cozinha em um ambiente acolhedor e refinado. Vamos juntos de canto gourmet apartamento pequeno?<\/p>\n\n\n\n<hr class=\"wp-block-separator has-alpha-channel-opacity\"\/>\n\n\n\n<h2 id='1-escolha-o-local-com-estrat\u00e9gia-para-canto-gourmet-apartamento-pequeno'  class=\"wp-block-heading\">1. Escolha o local com estrat\u00e9gia para canto gourmet apartamento pequeno<\/h2>\n\n\n\n<ul class=\"wp-block-list\">\n<li>Prefira cantos integrados \u00e0 cozinha ou sala de estar, facilitando a intera\u00e7\u00e3o e aproveitando o fluxo de circula\u00e7\u00e3o do apartamento.<\/li>\n\n\n\n<li>Se tiver varanda pequena, use penduradas ou mini bancadas pr\u00f3ximas \u00e0 janela para aproveitar a luz natural e ventila\u00e7\u00e3o.<\/li>\n\n\n\n<li>Mesmo sem varanda, uma parede livre na sala pode virar um mini bar ou esta\u00e7\u00e3o de preparo discreta mas elegante.<\/li>\n<\/ul>\n\n\n\n<hr class=\"wp-block-separator has-alpha-channel-opacity\"\/>\n\n\n\n<h2 id='2-m\u00f3veis-e-bancadas-funcionais'  class=\"wp-block-heading\">2. M\u00f3veis e bancadas funcionais<\/h2>\n\n\n\n<ul class=\"wp-block-list\">\n<li>Opte por <strong>mesa estreita ou dobr\u00e1vel<\/strong>: Ocupa pouco e libera circula\u00e7\u00e3o.<\/li>\n\n\n\n<li>Bancadas estreitas com <strong>cooktop embutido, pia compacta ou frigobar de 60 cm<\/strong> otimizam espa\u00e7o e funcionam super bem.<\/li>\n\n\n\n<li>Cadeiras sem bra\u00e7os ou banquetas finas facilitam o movimento e mant\u00eam o ambiente leve.<\/li>\n<\/ul>\n\n\n\n<hr class=\"wp-block-separator has-alpha-channel-opacity\"\/>\n\n\n\n<h2 id='3-organiza\u00e7\u00e3o-vertical-e-estantes'  class=\"wp-block-heading\">3. Organiza\u00e7\u00e3o vertical e estantes<\/h2>\n\n\n\n<ul class=\"wp-block-list\">\n<li>Prateleiras, nichos e ganchos na parede liberam bancada e trazem estilo visual.<\/li>\n\n\n\n<li>Aproveite a verticalidade para organizar utens\u00edlios, ta\u00e7as e mantimentos sem perder amplitude visual.<\/li>\n\n\n\n<li>Placas de parede com suporte para utens\u00edlios pequenos ou vasinhos decorativos enriquecem o espa\u00e7o com leveza.<\/li>\n<\/ul>\n\n\n\n<hr class=\"wp-block-separator has-alpha-channel-opacity\"\/>\n\n\n\n<h2 id='4-revestimentos-que-combinam-com-limpeza-e-estilo'  class=\"wp-block-heading\">4. Revestimentos que combinam com limpeza e estilo<\/h2>\n\n\n\n<ul class=\"wp-block-list\">\n<li>Use cer\u00e2micas claras, pisos e backsplash que sejam f\u00e1ceis de limpar e iluminem o ambiente.<\/li>\n\n\n\n<li>Tons neutros e texturas refinadas, como madeira clara ou cimento queimado, trazem charme e sensa\u00e7\u00e3o de amplitude.<\/li>\n<\/ul>\n\n\n\n<hr class=\"wp-block-separator has-alpha-channel-opacity\"\/>\n\n\n\n<h2 id='5-ilumina\u00e7\u00e3o-que-valoriza-e-aumenta-a-sensa\u00e7\u00e3o-de-espa\u00e7o'  class=\"wp-block-heading\">5. Ilumina\u00e7\u00e3o que valoriza e aumenta a sensa\u00e7\u00e3o de espa\u00e7o<\/h2>\n\n\n\n<ul class=\"wp-block-list\">\n<li>Combine luz natural com ilumina\u00e7\u00e3o espec\u00edfica: Pendentes sobre a bancada e fitas de LED embutidas para criar clima aconchegante e moderno.<\/li>\n\n\n\n<li>Prefira l\u00e2mpadas amarelas para \u00e1reas sociais e luz branca (fria) em pontos de tarefa, como prepara\u00e7\u00e3o de alimentos. Canto gourmet apartamento pequeno.<\/li>\n<\/ul>\n\n\n\n<hr class=\"wp-block-separator has-alpha-channel-opacity\"\/>\n\n\n\n<figure class=\"wp-block-image aligncenter size-medium\"><a href=\"https:\/\/chat.whatsapp.com\/KJBkp5LFJVRIvmt5X3hSEh\" target=\"_blank\" rel=\"noopener\"><img data-recalc-dims=\"1\" fetchpriority=\"high\" decoding=\"async\" width=\"200\" height=\"300\" src=\"https:\/\/i0.wp.com\/1truenote.com\/wp-content\/uploads\/2025\/06\/ChatGPT-Image-3-de-jun.-de-2025-19_04_53.png?resize=200%2C300&#038;ssl=1\" alt=\"chamada banner advetorial whats\" class=\"wp-image-2683\" srcset=\"https:\/\/i0.wp.com\/1truenote.com\/wp-content\/uploads\/2025\/06\/ChatGPT-Image-3-de-jun.-de-2025-19_04_53.png?resize=200%2C300&amp;ssl=1 200w, https:\/\/i0.wp.com\/1truenote.com\/wp-content\/uploads\/2025\/06\/ChatGPT-Image-3-de-jun.-de-2025-19_04_53.png?resize=683%2C1024&amp;ssl=1 683w, https:\/\/i0.wp.com\/1truenote.com\/wp-content\/uploads\/2025\/06\/ChatGPT-Image-3-de-jun.-de-2025-19_04_53.png?resize=768%2C1152&amp;ssl=1 768w, https:\/\/i0.wp.com\/1truenote.com\/wp-content\/uploads\/2025\/06\/ChatGPT-Image-3-de-jun.-de-2025-19_04_53.png?resize=150%2C225&amp;ssl=1 150w, https:\/\/i0.wp.com\/1truenote.com\/wp-content\/uploads\/2025\/06\/ChatGPT-Image-3-de-jun.-de-2025-19_04_53.png?w=1024&amp;ssl=1 1024w\" sizes=\"(max-width: 200px) 100vw, 200px\" \/><\/a><\/figure>\n\n\n\n<hr class=\"wp-block-separator has-alpha-channel-opacity\"\/>\n\n\n\n<h2 id='6-vegeta\u00e7\u00e3o-e-toques-decorativos'  class=\"wp-block-heading\">6. Vegeta\u00e7\u00e3o e toques decorativos<\/h2>\n\n\n\n<ul class=\"wp-block-list\">\n<li>Vasos com plantas pequenas, hortinhas verticais ou temperos frescos trazem vida e aroma \u2014 sem ocupar espa\u00e7o \u00fatil.<\/li>\n\n\n\n<li>Escolha objetos decorativos \u00fateis: Barrinhas de tempero, um quadro estiloso ou letreiro iluminado s\u00e3o suficientes para personalizar o ambiente.<\/li>\n<\/ul>\n\n\n\n<hr class=\"wp-block-separator has-alpha-channel-opacity\"\/>\n\n\n\n<h2 id='7-ambiente-vers\u00e1til-e-acolhedor'  class=\"wp-block-heading\">7. Ambiente vers\u00e1til e acolhedor<\/h2>\n\n\n\n<ul class=\"wp-block-list\">\n<li>Eleve o conforto com tapete sint\u00e9tico, cadeiras macias ou poltronas dobr\u00e1veis para relaxar depois do preparo.<\/li>\n\n\n\n<li>Uma cadeira tipo balan\u00e7o ou rede suspensa no canto pode trazer leveza e charme mesmo em apartamentos pequenos.<\/li>\n\n\n\n<li>Coreografia de m\u00f3veis, plantas e objetos define zonas \u2014 preparo, refei\u00e7\u00f5es, descanso \u2014 mesmo num espa\u00e7o compacto.<\/li>\n<\/ul>\n\n\n\n<hr class=\"wp-block-separator has-alpha-channel-opacity\"\/>\n\n\n\n<a href=\"https:\/\/1truenote.com\/en\/adaptar-espaco-infantil-em-casa-bebes-e-criancas\/\" style=\"text-decoration: none;\">\n  <div style=\"display: flex; justify-content: space-between; align-items: center; background: #d44a00; padding: 12px 20px; color: white; font-family: Arial, sans-serif;\">\n    <strong style=\"color: black;\">READ ALSO:<\/strong>\n    <span style=\"margin-left: 8px; flex: 1;\">Como adaptar um cantinho<\/span>\n    <div style=\"background: #f2802f; padding: 8px 12px; border-radius: 2px; margin-left: 10px;\">\n      <span style=\"color: white; font-weight: bold;\">\u27a4<\/span>\n    <\/div>\n  <\/div>\n<\/a>\n\n\n\n<hr class=\"wp-block-separator has-alpha-channel-opacity\"\/>\n\n\n\n<h2 id='\ud83d\udccb-tabela-de-solu\u00e7\u00f5es-r\u00e1pidas-para-canto-gourmet-compacto'  class=\"wp-block-heading\">\ud83d\udccb Tabela de solu\u00e7\u00f5es r\u00e1pidas para canto gourmet compacto<\/h2>\n\n\n\n<figure class=\"wp-block-table\"><table class=\"has-fixed-layout\"><thead><tr><th>Elemento<\/th><th>Ideia pr\u00e1tica<\/th><\/tr><\/thead><tbody><tr><td>Local ideal<\/td><td>Canto integrado, varanda ou parede livre<\/td><\/tr><tr><td>M\u00f3veis e bancadas<\/td><td>Dobr\u00e1veis, banquinhos estreitos, cooktop compacto<\/td><\/tr><tr><td>Aproveitamento vertical<\/td><td>Prateleiras, nichos, ganchos decorativos<\/td><\/tr><tr><td>Revestimentos e cores<\/td><td>Clarity, facilidade de limpeza, sensa\u00e7\u00e3o de amplitude<\/td><\/tr><tr><td>Lighting<\/td><td>Pendentes + LED embutido + luz natural<\/td><\/tr><tr><td>Decora\u00e7\u00e3o verde<\/td><td>Vasos pequenos, hortinha vertical<\/td><\/tr><tr><td>Combinado com relax<\/td><td>Tapetes, almofadas e cadeiras confort\u00e1veis<\/td><\/tr><\/tbody><\/table><\/figure>\n\n\n\n<hr class=\"wp-block-separator has-alpha-channel-opacity\"\/>\n\n\n\n<h2 id='pequeno-mas-acolhedor-e-funcional'  class=\"wp-block-heading\">Pequeno, mas acolhedor e funcional<\/h2>\n\n\n\n<p>Canto gourmet apartamento pequeno. Transformar um cantinho de apartamento pequeno em um <strong>canto gourmet cheio de afeto e estilo<\/strong> \u00e9 totalmente poss\u00edvel. Com bom planejamento, m\u00f3veis compactos, ilumina\u00e7\u00e3o estrat\u00e9gica e toques pessoais, voc\u00ea cria um ambiente vers\u00e1til para preparar, servir, relaxar e aproveitar.<\/p>\n\n\n\n<p>\u2728 Gostou de canto gourmet apartamento pequeno? Comece com vontade e criatividade: Escolha um canto e comece com uma bancada simples, um vaso verde e ilumina\u00e7\u00e3o acolhedora. Depois chame os amigos e veja como esse espa\u00e7o pode ganhar vida!<\/p>\n\n\n\n<hr class=\"wp-block-separator has-alpha-channel-opacity\"\/>\n\n\n\n<a href=\"https:\/\/1truenote.com\/en\/adaptar-espaco-infantil-em-casa-bebes-e-criancas\/\" style=\"text-decoration: none;\">\n  <div style=\"display: flex; justify-content: space-between; align-items: center; background: #d44a00; padding: 12px 20px; color: white; font-family: Arial, sans-serif;\">\n    <strong style=\"color: black;\">READ ALSO:<\/strong>\n    <span style=\"margin-left: 8px; flex: 1;\">Como adaptar um cantinho<\/span>\n    <div style=\"background: #f2802f; padding: 8px 12px; border-radius: 2px; margin-left: 10px;\">\n      <span style=\"color: white; font-weight: bold;\">\u27a4<\/span>\n    <\/div>\n  <\/div>\n<\/a>\n\n\n\n\n<hr class=\"wp-block-separator has-alpha-channel-opacity\"\/>\n\n\n\n<h2 id='faq-suas-perguntas-sobre-canto-gourmet-apartamento-pequeno'  class=\"wp-block-heading\">FAQ \u2013 Suas perguntas sobre canto gourmet apartamento pequeno<\/h2>\n\n\n<div id=\"rank-math-faq\" class=\"rank-math-block\">\n<div class=\"rank-math-list\">\n<div id=\"faq-question-1753973247300\" class=\"rank-math-list-item\">\n<h3 id='d\u00e1-pra-ter-canto-gourmet-apartamento-pequeno-em-sala-pequena'  class=\"rank-math-question\">D\u00e1 pra ter canto gourmet apartamento pequeno em sala pequena?<\/h3>\n<div class=\"rank-math-answer\">\n\n<p>Sim! Use uma parede limpa como base para bancada e prateleiras. Escolha m\u00f3veis estreitos e aproveite a ilumina\u00e7\u00e3o natural.<\/p>\n\n<\/div>\n<\/div>\n<div id=\"faq-question-1753973250300\" class=\"rank-math-list-item\">\n<h3 id='preciso-de-varanda-para-montar-esse-espa\u00e7o'  class=\"rank-math-question\">Preciso de varanda para montar esse espa\u00e7o?<\/h3>\n<div class=\"rank-math-answer\">\n\n<p>N\u00e3o necessariamente. Um canto da sala ou parede ao lado da cozinha j\u00e1 basta, desde que bem organizado.<\/p>\n\n<\/div>\n<\/div>\n<div id=\"faq-question-1753973251685\" class=\"rank-math-list-item\">\n<h3 id='\u00e9-caro-montar-tudo'  class=\"rank-math-question\">\u00c9 caro montar tudo?<\/h3>\n<div class=\"rank-math-answer\">\n\n<p>N\u00e3o! Bancadas simples, prateleiras, utens\u00edlios e um frigobar acess\u00edvel s\u00e3o suficientes para gerar impacto com baixo investimento.<\/p>\n\n<\/div>\n<\/div>\n<div id=\"faq-question-1753973253091\" class=\"rank-math-list-item\">\n<h3 id='posso-usar-churrasqueira-em-apartamento-pequeno'  class=\"rank-math-question\">Posso usar churrasqueira em apartamento pequeno?<\/h3>\n<div class=\"rank-math-answer\">\n\n<p>Somente se houver infraestrutura adequada. Melhor optar por cooktop port\u00e1til ou churrasqueira el\u00e9trica compacta.<\/p>\n\n<\/div>\n<\/div>\n<div id=\"faq-question-1753973302459\" class=\"rank-math-list-item\">\n<h3 id='como-deixar-o-espa\u00e7o-sempre-funcional'  class=\"rank-math-question\">Como deixar o espa\u00e7o sempre funcional?<\/h3>\n<div class=\"rank-math-answer\">\n\n<p>Use elementos dobr\u00e1veis, acess\u00f3rios organizadores e m\u00f3veis multifuncionais. Atualize a decora\u00e7\u00e3o conforme uso e necessidades.<\/p>\n\n<\/div>\n<\/div>\n<\/div>\n<\/div>\n\n\n<figure class=\"wp-block-image aligncenter size-large\"><img data-recalc-dims=\"1\" decoding=\"async\" width=\"1024\" height=\"683\" src=\"https:\/\/i0.wp.com\/1truenote.com\/wp-content\/uploads\/2025\/07\/ChatGPT-Image-31-de-jul.-de-2025-12_48_12.png?resize=1024%2C683&#038;ssl=1\" alt=\"canto gourmet apartamento pequeno\" class=\"wp-image-3904\" srcset=\"https:\/\/i0.wp.com\/1truenote.com\/wp-content\/uploads\/2025\/07\/ChatGPT-Image-31-de-jul.-de-2025-12_48_12.png?resize=1024%2C683&amp;ssl=1 1024w, https:\/\/i0.wp.com\/1truenote.com\/wp-content\/uploads\/2025\/07\/ChatGPT-Image-31-de-jul.-de-2025-12_48_12.png?resize=300%2C200&amp;ssl=1 300w, https:\/\/i0.wp.com\/1truenote.com\/wp-content\/uploads\/2025\/07\/ChatGPT-Image-31-de-jul.-de-2025-12_48_12.png?resize=768%2C512&amp;ssl=1 768w, https:\/\/i0.wp.com\/1truenote.com\/wp-content\/uploads\/2025\/07\/ChatGPT-Image-31-de-jul.-de-2025-12_48_12.png?resize=18%2C12&amp;ssl=1 18w, https:\/\/i0.wp.com\/1truenote.com\/wp-content\/uploads\/2025\/07\/ChatGPT-Image-31-de-jul.-de-2025-12_48_12.png?resize=150%2C100&amp;ssl=1 150w, https:\/\/i0.wp.com\/1truenote.com\/wp-content\/uploads\/2025\/07\/ChatGPT-Image-31-de-jul.-de-2025-12_48_12.png?w=1536&amp;ssl=1 1536w\" sizes=\"(max-width: 1024px) 100vw, 1024px\" \/><\/figure>","protected":false},"excerpt":{"rendered":"<p>Canto gourmet apartamento pequeno. Voc\u00ea sempre quis um cantinho para receber amigos e fazer um jantar especial, mas acha que&#8230;<\/p>","protected":false},"author":1,"featured_media":3904,"comment_status":"open","ping_status":"open","sticky":false,"template":"","format":"standard","meta":{"_kad_post_transparent":"","_kad_post_title":"","_kad_post_layout":"","_kad_post_sidebar_id":"","_kad_post_content_style":"","_kad_post_vertical_padding":"","_kad_post_feature":"","_kad_post_feature_position":"","_kad_post_header":false,"_kad_post_footer":false,"_kad_post_classname":"","footnotes":"","jetpack_publicize_message":"Canto gourmet apartamento pequeno. Voc\u00ea sempre quis um cantinho para receber amigos e fazer um jantar especial, mas acha que o espa\u00e7o do apartamento \u00e9 um limitador? D\u00e1..\n\n#carvalhoconsultoriabrasil #truenote #decor #decoracao #gourmet #cantinhogourmet #sacada #varanda","jetpack_publicize_feature_enabled":true,"jetpack_social_post_already_shared":true,"jetpack_social_options":{"image_generator_settings":{"template":"highway","default_image_id":0,"enabled":false},"version":2}},"categories":[16,1],"tags":[13,12],"class_list":["post-3903","post","type-post","status-publish","format-standard","has-post-thumbnail","hentry","category-casa-e-jardim","category-novidades","tag-minimalista","tag-projetos-inovadores"],"jetpack_publicize_connections":[],"jetpack_featured_media_url":"https:\/\/i0.wp.com\/1truenote.com\/wp-content\/uploads\/2025\/07\/ChatGPT-Image-31-de-jul.-de-2025-12_48_12.png?fit=1536%2C1024&ssl=1","jetpack_sharing_enabled":true,"_links":{"self":[{"href":"https:\/\/1truenote.com\/en\/wp-json\/wp\/v2\/posts\/3903","targetHints":{"allow":["GET"]}}],"collection":[{"href":"https:\/\/1truenote.com\/en\/wp-json\/wp\/v2\/posts"}],"about":[{"href":"https:\/\/1truenote.com\/en\/wp-json\/wp\/v2\/types\/post"}],"author":[{"embeddable":true,"href":"https:\/\/1truenote.com\/en\/wp-json\/wp\/v2\/users\/1"}],"replies":[{"embeddable":true,"href":"https:\/\/1truenote.com\/en\/wp-json\/wp\/v2\/comments?post=3903"}],"version-history":[{"count":1,"href":"https:\/\/1truenote.com\/en\/wp-json\/wp\/v2\/posts\/3903\/revisions"}],"predecessor-version":[{"id":3905,"href":"https:\/\/1truenote.com\/en\/wp-json\/wp\/v2\/posts\/3903\/revisions\/3905"}],"wp:featuredmedia":[{"embeddable":true,"href":"https:\/\/1truenote.com\/en\/wp-json\/wp\/v2\/media\/3904"}],"wp:attachment":[{"href":"https:\/\/1truenote.com\/en\/wp-json\/wp\/v2\/media?parent=3903"}],"wp:term":[{"taxonomy":"category","embeddable":true,"href":"https:\/\/1truenote.com\/en\/wp-json\/wp\/v2\/categories?post=3903"},{"taxonomy":"post_tag","embeddable":true,"href":"https:\/\/1truenote.com\/en\/wp-json\/wp\/v2\/tags?post=3903"}],"curies":[{"name":"wp","href":"https:\/\/api.w.org\/{rel}","templated":true}]}}