{"id":3890,"date":"2025-07-30T14:00:00","date_gmt":"2025-07-30T17:00:00","guid":{"rendered":"https:\/\/1truenote.com\/?p=3890"},"modified":"2025-09-27T17:46:21","modified_gmt":"2025-09-27T20:46:21","slug":"adaptar-espaco-infantil-em-casa-bebes-e-criancas","status":"publish","type":"post","link":"https:\/\/1truenote.com\/en\/adaptar-espaco-infantil-em-casa-bebes-e-criancas\/","title":{"rendered":"Como adaptar um cantinho da casa para beb\u00eas e crian\u00e7as pequenas \ud83d\udc76\u2728"},"content":{"rendered":"<p>Espa\u00e7o infantil em casa. Transformar um espacinho da casa num cantinho acolhedor para beb\u00eas e crian\u00e7as pequenas \u00e9 mais simples do que parece \u2014 e pode ser seguro, funcional e cheio de afeto. Com solu\u00e7\u00f5es pr\u00e1ticas, voc\u00ea deixa esse cantinho perfeito para brincar, aprender e crescer, sem perder a identidade da sua casa.<\/p>\n\n\n\n<p>Neste guia, voc\u00ea encontra dicas pr\u00e1ticas, ideias flex\u00edveis e orienta\u00e7\u00f5es seguras para criar um ambiente encantador com o que j\u00e1 tem, sem grandes investimentos! Bora de espa\u00e7o infantil em casa!<\/p>\n\n\n\n<hr class=\"wp-block-separator has-alpha-channel-opacity\"\/>\n\n\n\n<h2 id='1-escolha-o-espa\u00e7o-infantil-em-casa-ideal-tranquilo-e-vis\u00edvel'  class=\"wp-block-heading\">1. Escolha o espa\u00e7o infantil em casa ideal: Tranquilo e vis\u00edvel<\/h2>\n\n\n\n<ul class=\"wp-block-list\">\n<li>Espa\u00e7o infantil em casa, prefira um local com circula\u00e7\u00e3o leve, longe do bate-bate da porta, sem escadas pr\u00f3ximas<\/li>\n\n\n\n<li>Garanta que o cantinho esteja vis\u00edvel da cozinha ou da sala, permitindo supervis\u00e3o constante <\/li>\n\n\n\n<li>Escolha um piso firme mas confort\u00e1vel: Tapete macio, EVA ou grama sint\u00e9tica antiderrapante<\/li>\n<\/ul>\n\n\n\n<hr class=\"wp-block-separator has-alpha-channel-opacity\"\/>\n\n\n\n<h2 id='2-seguran\u00e7a-como-prioridade-antes-de-tudo'  class=\"wp-block-heading\">2. Seguran\u00e7a como prioridade antes de tudo<\/h2>\n\n\n\n<ul class=\"wp-block-list\">\n<li>Instale protetores de cantos nos m\u00f3veis, prote\u00e7\u00f5es nas tomadas e travas em gavetas e arm\u00e1rios baixos<\/li>\n\n\n\n<li>Use m\u00f3veis est\u00e1veis, fixos na parede ou pesados o suficiente para n\u00e3o tombar<\/li>\n\n\n\n<li>Bloqueie acesso a escadas com port\u00f5es ajust\u00e1veis ou cancelas seguras<\/li>\n<\/ul>\n\n\n\n<hr class=\"wp-block-separator has-alpha-channel-opacity\"\/>\n\n\n\n<h2 id='3-m\u00f3veis-no-tamanho-certo-e-acess\u00edveis-\u00e0-crian\u00e7a'  class=\"wp-block-heading\">3. M\u00f3veis no tamanho certo e acess\u00edveis \u00e0 crian\u00e7a<\/h2>\n\n\n\n<ul class=\"wp-block-list\">\n<li>Use estantes baixas, prateleiras fixas a at\u00e9 60\u202fcm do ch\u00e3o e cabideiros na altura da crian\u00e7a<\/li>\n\n\n\n<li>Invista em mesas e cadeiras pequenos ou puffs acess\u00edveis, f\u00e1ceis de mover<\/li>\n\n\n\n<li>Caixas e cestos no ch\u00e3o ajudam na organiza\u00e7\u00e3o e incentivam a autonomia<\/li>\n<\/ul>\n\n\n\n<hr class=\"wp-block-separator has-alpha-channel-opacity\"\/>\n\n\n\n<h2 id='4-\u00e1reas-did\u00e1ticas-leitura-brincadeira-e-arte'  class=\"wp-block-heading\">4. \u00c1reas did\u00e1ticas: Leitura, brincadeira e arte<\/h2>\n\n\n\n<ul class=\"wp-block-list\">\n<li>Crie um cantinho de leitura com almofadas, tapete macio e livros em prateleiras vis\u00edveis e ao alcance<\/li>\n\n\n\n<li>Reserve um espa\u00e7o para atividades art\u00edsticas: Com papel, giz ou pintura, sempre com superf\u00edcie f\u00e1cil de limpar<\/li>\n\n\n\n<li>Use quadros de giz ou rolo de papel fixado na parede para express\u00f5es livres de criatividade<\/li>\n<\/ul>\n\n\n\n<hr class=\"wp-block-separator has-alpha-channel-opacity\"\/>\n\n\n\n<figure class=\"wp-block-image aligncenter size-medium\"><a href=\"https:\/\/chat.whatsapp.com\/KJBkp5LFJVRIvmt5X3hSEh\" target=\"_blank\" rel=\"noopener\"><img data-recalc-dims=\"1\" fetchpriority=\"high\" decoding=\"async\" width=\"200\" height=\"300\" src=\"https:\/\/i0.wp.com\/1truenote.com\/wp-content\/uploads\/2025\/06\/ChatGPT-Image-3-de-jun.-de-2025-19_04_53.png?resize=200%2C300&#038;ssl=1\" alt=\"chamada banner advetorial whats\" class=\"wp-image-2683\" srcset=\"https:\/\/i0.wp.com\/1truenote.com\/wp-content\/uploads\/2025\/06\/ChatGPT-Image-3-de-jun.-de-2025-19_04_53.png?resize=200%2C300&amp;ssl=1 200w, https:\/\/i0.wp.com\/1truenote.com\/wp-content\/uploads\/2025\/06\/ChatGPT-Image-3-de-jun.-de-2025-19_04_53.png?resize=683%2C1024&amp;ssl=1 683w, https:\/\/i0.wp.com\/1truenote.com\/wp-content\/uploads\/2025\/06\/ChatGPT-Image-3-de-jun.-de-2025-19_04_53.png?resize=768%2C1152&amp;ssl=1 768w, https:\/\/i0.wp.com\/1truenote.com\/wp-content\/uploads\/2025\/06\/ChatGPT-Image-3-de-jun.-de-2025-19_04_53.png?resize=150%2C225&amp;ssl=1 150w, https:\/\/i0.wp.com\/1truenote.com\/wp-content\/uploads\/2025\/06\/ChatGPT-Image-3-de-jun.-de-2025-19_04_53.png?w=1024&amp;ssl=1 1024w\" sizes=\"(max-width: 200px) 100vw, 200px\" \/><\/a><\/figure>\n\n\n\n<hr class=\"wp-block-separator has-alpha-channel-opacity\"\/>\n\n\n\n<h2 id='5-ilumina\u00e7\u00e3o-suave-e-clima-acolhedor'  class=\"wp-block-heading\">5. Ilumina\u00e7\u00e3o suave e clima acolhedor<\/h2>\n\n\n\n<ul class=\"wp-block-list\">\n<li>Opte por luz natural filtrada e lumin\u00e1rias com luz quente, que n\u00e3o incomodem na hora do descanso ou brincadeira<\/li>\n\n\n\n<li>Abajures com luz indireta e cord\u00f5es de luz tipo fada ajudam a deixar o ambiente mais aconchegante e l\u00fadico<\/li>\n<\/ul>\n\n\n\n<hr class=\"wp-block-separator has-alpha-channel-opacity\"\/>\n\n\n\n<h2 id='6-texturas-cores-e-brinquedos-que-acolhem'  class=\"wp-block-heading\">6. Texturas, cores e brinquedos que acolhem<\/h2>\n\n\n\n<ul class=\"wp-block-list\">\n<li>Tapetes antiderrapantes, almofadas e mantas criam um espa\u00e7o confort\u00e1vel e seguro<\/li>\n\n\n\n<li>Paleta suave com toques coloridos: Use tons past\u00e9is, estampas delicadas ou elementos tem\u00e1ticos que cres\u00e7am com a crian\u00e7a<\/li>\n\n\n\n<li>Introduza bonecos simples, brinquedos de madeira e caixas com objetos sensoriais<\/li>\n<\/ul>\n\n\n\n<hr class=\"wp-block-separator has-alpha-channel-opacity\"\/>\n\n\n\n<h2 id='7-organiza\u00e7\u00e3o-consciente-e-evolu\u00e7\u00e3o'  class=\"wp-block-heading\">7. Organiza\u00e7\u00e3o consciente e evolu\u00e7\u00e3o<\/h2>\n\n\n\n<ul class=\"wp-block-list\">\n<li>Facilite a rotina com caixas e cestos baixos para brinquedos \u2014 a crian\u00e7a pode colaborar a guardar<\/li>\n\n\n\n<li>Separe o espa\u00e7o com estante baixa ou tapete demarcador para definir zonas de atividade<\/li>\n\n\n\n<li>Reavalie o arranjo conforme o crescimento: Adapte m\u00f3veis, altura e materiais conforme novas fases<\/li>\n<\/ul>\n\n\n\n<hr class=\"wp-block-separator has-alpha-channel-opacity\"\/>\n\n\n\n<a href=\"https:\/\/1truenote.com\/en\/decorar-paredes-vazias-barato-estilo\/\" style=\"text-decoration: none;\">\n  <div style=\"display: flex; justify-content: space-between; align-items: center; background: #d44a00; padding: 12px 20px; color: white; font-family: Arial, sans-serif;\">\n    <strong style=\"color: black;\">READ ALSO:<\/strong>\n    <span style=\"margin-left: 8px; flex: 1;\">Como decorar paredes vazias com estilo<\/span>\n    <div style=\"background: #f2802f; padding: 8px 12px; border-radius: 2px; margin-left: 10px;\">\n      <span style=\"color: white; font-weight: bold;\">\u27a4<\/span>\n    <\/div>\n  <\/div>\n<\/a>\n\n\n\n<hr class=\"wp-block-separator has-alpha-channel-opacity\"\/>\n\n\n\n<h2 id='\ud83e\uddf8-tabela-checklist-para-adaptar-o-espa\u00e7o-infantil-em-casa'  class=\"wp-block-heading\">\ud83e\uddf8 Tabela: Checklist para adaptar o espa\u00e7o infantil em casa<\/h2>\n\n\n\n<figure class=\"wp-block-table\"><table class=\"has-fixed-layout\"><thead><tr><th>Elemento<\/th><th>Ideia pr\u00e1tica<\/th><\/tr><\/thead><tbody><tr><td>Local<\/td><td>Canto tranquilo, vis\u00edvel e livre de perigo<\/td><\/tr><tr><td>Seguran\u00e7a<\/td><td>Protetores, travas, portas de seguran\u00e7a<\/td><\/tr><tr><td>M\u00f3veis acess\u00edveis<\/td><td>Prateleiras infantis, estantes baixas, cabideiros<\/td><\/tr><tr><td>Brinquedos e livros<\/td><td>Ao alcance da crian\u00e7a, sem exageros<\/td><\/tr><tr><td>Lighting<\/td><td>Luz natural + lumin\u00e1ria com luz quente<\/td><\/tr><tr><td>Texturas e cores<\/td><td>Tapetes macios e estampa suave<\/td><\/tr><tr><td>Organization<\/td><td>Cestos baixos, espa\u00e7os definidos e ajust\u00e1veis com o tempo<\/td><\/tr><\/tbody><\/table><\/figure>\n\n\n\n<hr class=\"wp-block-separator has-alpha-channel-opacity\"\/>\n\n\n\n<h2 id='um-cantinho-com-afeto-leveza-e-seguran\u00e7a'  class=\"wp-block-heading\">Um cantinho com afeto, leveza e seguran\u00e7a<\/h2>\n\n\n\n<p>Espa\u00e7o infantil em casa. Adaptar um espa\u00e7o da casa para crian\u00e7as pequenas e beb\u00eas \u00e9 um gesto de amor pr\u00e1tico \u2014 que cuida, desafoga os adultos e estimula a autonomia dos pequenos. Com aten\u00e7\u00e3o \u00e0 seguran\u00e7a, m\u00f3veis adequados e organiza\u00e7\u00e3o intuitiva, voc\u00ea cria um cantinho que cresce com eles.<\/p>\n\n\n\n<p>\u2728 Que tal come\u00e7ar hoje? Gostou de espa\u00e7o infantil em casa? Escolha o espa\u00e7o que voc\u00ea j\u00e1 tem, reorganize com carinho e veja a magia acontecer. Depois me conta como ficou! \ud83e\udde1<\/p>\n\n\n\n<hr class=\"wp-block-separator has-alpha-channel-opacity\"\/>\n\n\n\n<a href=\"https:\/\/1truenote.com\/en\/decorar-paredes-vazias-barato-estilo\/\" style=\"text-decoration: none;\">\n  <div style=\"display: flex; justify-content: space-between; align-items: center; background: #d44a00; padding: 12px 20px; color: white; font-family: Arial, sans-serif;\">\n    <strong style=\"color: black;\">READ ALSO:<\/strong>\n    <span style=\"margin-left: 8px; flex: 1;\">Como decorar paredes vazias com estilo<\/span>\n    <div style=\"background: #f2802f; padding: 8px 12px; border-radius: 2px; margin-left: 10px;\">\n      <span style=\"color: white; font-weight: bold;\">\u27a4<\/span>\n    <\/div>\n  <\/div>\n<\/a>\n\n\n\n\n<hr class=\"wp-block-separator has-alpha-channel-opacity\"\/>\n\n\n\n<figure class=\"wp-block-image aligncenter size-large\"><img data-recalc-dims=\"1\" decoding=\"async\" width=\"1024\" height=\"683\" src=\"https:\/\/i0.wp.com\/1truenote.com\/wp-content\/uploads\/2025\/07\/ChatGPT-Image-30-de-jul.-de-2025-12_56_54.png?resize=1024%2C683&#038;ssl=1\" alt=\"espa\u00e7o infantil em casa\" class=\"wp-image-3891\" srcset=\"https:\/\/i0.wp.com\/1truenote.com\/wp-content\/uploads\/2025\/07\/ChatGPT-Image-30-de-jul.-de-2025-12_56_54.png?resize=1024%2C683&amp;ssl=1 1024w, https:\/\/i0.wp.com\/1truenote.com\/wp-content\/uploads\/2025\/07\/ChatGPT-Image-30-de-jul.-de-2025-12_56_54.png?resize=300%2C200&amp;ssl=1 300w, https:\/\/i0.wp.com\/1truenote.com\/wp-content\/uploads\/2025\/07\/ChatGPT-Image-30-de-jul.-de-2025-12_56_54.png?resize=768%2C512&amp;ssl=1 768w, https:\/\/i0.wp.com\/1truenote.com\/wp-content\/uploads\/2025\/07\/ChatGPT-Image-30-de-jul.-de-2025-12_56_54.png?resize=18%2C12&amp;ssl=1 18w, https:\/\/i0.wp.com\/1truenote.com\/wp-content\/uploads\/2025\/07\/ChatGPT-Image-30-de-jul.-de-2025-12_56_54.png?resize=150%2C100&amp;ssl=1 150w, https:\/\/i0.wp.com\/1truenote.com\/wp-content\/uploads\/2025\/07\/ChatGPT-Image-30-de-jul.-de-2025-12_56_54.png?w=1536&amp;ssl=1 1536w\" sizes=\"(max-width: 1024px) 100vw, 1024px\" \/><\/figure>\n\n\n\n<hr class=\"wp-block-separator has-alpha-channel-opacity\"\/>\n\n\n\n<h2 id='faq-d\u00favidas-pr\u00e1ticas-e-frequentes-sobre-espa\u00e7o-infantil-em-casa'  class=\"wp-block-heading\">FAQ \u2013 D\u00favidas pr\u00e1ticas e frequentes sobre espa\u00e7o infantil em casa<\/h2>\n\n\n<div id=\"rank-math-faq\" class=\"rank-math-block\">\n<div class=\"rank-math-list\">\n<div id=\"faq-question-1753888022845\" class=\"rank-math-list-item\">\n<h3 id='posso-montar-isso-em-apartamento-pequeno'  class=\"rank-math-question\">Posso montar isso em apartamento pequeno?<\/h3>\n<div class=\"rank-math-answer\">\n\n<p>Sim! Basta escolher um canto funcional: perto da sala, no quarto ou na varanda. Use m\u00f3veis compactos e acess\u00edveis.<\/p>\n\n<\/div>\n<\/div>\n<div id=\"faq-question-1753888023835\" class=\"rank-math-list-item\">\n<h3 id='e-se-morar-de-aluguel'  class=\"rank-math-question\">E se morar de aluguel?<\/h3>\n<div class=\"rank-math-answer\">\n\n<p>Sem problemas! Use fitas adesivas sem marca ou prote\u00e7\u00f5es remov\u00edveis. Prefira tapetes e m\u00f3veis leves.<\/p>\n\n<\/div>\n<\/div>\n<div id=\"faq-question-1753888024794\" class=\"rank-math-list-item\">\n<h3 id='como-evitar-objetos-perigosos'  class=\"rank-math-question\">Como evitar objetos perigosos?<\/h3>\n<div class=\"rank-math-answer\">\n\n<p>Use travas invis\u00edveis em arm\u00e1rios e mantenha objetos fr\u00e1geis fora do alcance. Proteja tomadas e escadas.<\/p>\n\n<\/div>\n<\/div>\n<div id=\"faq-question-1753888025536\" class=\"rank-math-list-item\">\n<h3 id='esse-cantinho-serve-s\u00f3-para-brincar'  class=\"rank-math-question\">Esse cantinho serve s\u00f3 para brincar?<\/h3>\n<div class=\"rank-math-answer\">\n\n<p>N\u00e3o! Pode ser leitura, arte, descanso ou at\u00e9 refei\u00e7\u00e3o: o importante \u00e9 oferecer liberdade segura.<\/p>\n\n<\/div>\n<\/div>\n<div id=\"faq-question-1753888061482\" class=\"rank-math-list-item\">\n<h3 id='como-evoluir-o-espa\u00e7o-conforme-a-crian\u00e7a-cresce'  class=\"rank-math-question\">Como evoluir o espa\u00e7o conforme a crian\u00e7a cresce?<\/h3>\n<div class=\"rank-math-answer\">\n\n<p>Ajuste a altura dos m\u00f3veis, mude a cadeira, introduza novos brinquedos e reorganize com base no comportamento dela.<\/p>\n\n<\/div>\n<\/div>\n<\/div>\n<\/div>\n\n\n<figure class=\"wp-block-image aligncenter size-large\"><img data-recalc-dims=\"1\" decoding=\"async\" width=\"1024\" height=\"683\" src=\"https:\/\/i0.wp.com\/1truenote.com\/wp-content\/uploads\/2025\/07\/ChatGPT-Image-30-de-jul.-de-2025-12_56_54.png?resize=1024%2C683&#038;ssl=1\" alt=\"espa\u00e7o infantil em casa\" class=\"wp-image-3891\" srcset=\"https:\/\/i0.wp.com\/1truenote.com\/wp-content\/uploads\/2025\/07\/ChatGPT-Image-30-de-jul.-de-2025-12_56_54.png?resize=1024%2C683&amp;ssl=1 1024w, https:\/\/i0.wp.com\/1truenote.com\/wp-content\/uploads\/2025\/07\/ChatGPT-Image-30-de-jul.-de-2025-12_56_54.png?resize=300%2C200&amp;ssl=1 300w, https:\/\/i0.wp.com\/1truenote.com\/wp-content\/uploads\/2025\/07\/ChatGPT-Image-30-de-jul.-de-2025-12_56_54.png?resize=768%2C512&amp;ssl=1 768w, https:\/\/i0.wp.com\/1truenote.com\/wp-content\/uploads\/2025\/07\/ChatGPT-Image-30-de-jul.-de-2025-12_56_54.png?resize=18%2C12&amp;ssl=1 18w, https:\/\/i0.wp.com\/1truenote.com\/wp-content\/uploads\/2025\/07\/ChatGPT-Image-30-de-jul.-de-2025-12_56_54.png?resize=150%2C100&amp;ssl=1 150w, https:\/\/i0.wp.com\/1truenote.com\/wp-content\/uploads\/2025\/07\/ChatGPT-Image-30-de-jul.-de-2025-12_56_54.png?w=1536&amp;ssl=1 1536w\" sizes=\"(max-width: 1024px) 100vw, 1024px\" \/><\/figure>","protected":false},"excerpt":{"rendered":"<p>Espa\u00e7o infantil em casa. Transformar um espacinho da casa num cantinho acolhedor para beb\u00eas e crian\u00e7as pequenas \u00e9 mais simples&#8230;<\/p>","protected":false},"author":1,"featured_media":3891,"comment_status":"open","ping_status":"open","sticky":false,"template":"","format":"standard","meta":{"_kad_post_transparent":"","_kad_post_title":"","_kad_post_layout":"","_kad_post_sidebar_id":"","_kad_post_content_style":"","_kad_post_vertical_padding":"","_kad_post_feature":"","_kad_post_feature_position":"","_kad_post_header":false,"_kad_post_footer":false,"_kad_post_classname":"","footnotes":"","jetpack_publicize_message":"Espa\u00e7o infantil em casa. Transformar um espacinho da casa num cantinho acolhedor para beb\u00eas e crian\u00e7as pequenas \u00e9 mais simples do que parece \u2014 e pode ser seguro, funcional e cheio de afeto. Com solu\u00e7\u00f5es pr\u00e1ticas, voc\u00ea deixa esse cantinho perfeito para brincar, aprender e crescer, sem perder a identidade da sua casa.\n\n#carvalhoconsultoriabrasil #truenote #decor #decoracao #cantinho #espacoinfantil #infantil #baby","jetpack_publicize_feature_enabled":true,"jetpack_social_post_already_shared":true,"jetpack_social_options":{"image_generator_settings":{"template":"highway","default_image_id":0,"enabled":false},"version":2}},"categories":[16],"tags":[13,14],"class_list":["post-3890","post","type-post","status-publish","format-standard","has-post-thumbnail","hentry","category-casa-e-jardim","tag-minimalista","tag-interiores-inovadores"],"jetpack_publicize_connections":[],"jetpack_featured_media_url":"https:\/\/i0.wp.com\/1truenote.com\/wp-content\/uploads\/2025\/07\/ChatGPT-Image-30-de-jul.-de-2025-12_56_54.png?fit=1536%2C1024&ssl=1","jetpack_sharing_enabled":true,"_links":{"self":[{"href":"https:\/\/1truenote.com\/en\/wp-json\/wp\/v2\/posts\/3890","targetHints":{"allow":["GET"]}}],"collection":[{"href":"https:\/\/1truenote.com\/en\/wp-json\/wp\/v2\/posts"}],"about":[{"href":"https:\/\/1truenote.com\/en\/wp-json\/wp\/v2\/types\/post"}],"author":[{"embeddable":true,"href":"https:\/\/1truenote.com\/en\/wp-json\/wp\/v2\/users\/1"}],"replies":[{"embeddable":true,"href":"https:\/\/1truenote.com\/en\/wp-json\/wp\/v2\/comments?post=3890"}],"version-history":[{"count":1,"href":"https:\/\/1truenote.com\/en\/wp-json\/wp\/v2\/posts\/3890\/revisions"}],"predecessor-version":[{"id":3892,"href":"https:\/\/1truenote.com\/en\/wp-json\/wp\/v2\/posts\/3890\/revisions\/3892"}],"wp:featuredmedia":[{"embeddable":true,"href":"https:\/\/1truenote.com\/en\/wp-json\/wp\/v2\/media\/3891"}],"wp:attachment":[{"href":"https:\/\/1truenote.com\/en\/wp-json\/wp\/v2\/media?parent=3890"}],"wp:term":[{"taxonomy":"category","embeddable":true,"href":"https:\/\/1truenote.com\/en\/wp-json\/wp\/v2\/categories?post=3890"},{"taxonomy":"post_tag","embeddable":true,"href":"https:\/\/1truenote.com\/en\/wp-json\/wp\/v2\/tags?post=3890"}],"curies":[{"name":"wp","href":"https:\/\/api.w.org\/{rel}","templated":true}]}}