{"id":3887,"date":"2025-07-29T12:00:00","date_gmt":"2025-07-29T15:00:00","guid":{"rendered":"https:\/\/1truenote.com\/?p=3887"},"modified":"2025-07-29T11:57:54","modified_gmt":"2025-07-29T14:57:54","slug":"quarto-de-bebe-feminino-ideias-e-estilo","status":"publish","type":"post","link":"https:\/\/1truenote.com\/en\/quarto-de-bebe-feminino-ideias-e-estilo\/","title":{"rendered":"Quarto de beb\u00ea feminino: Como deixar o ambiente doce e acolhedor \ud83d\udc97"},"content":{"rendered":"<p>Quarto de beb\u00ea feminino. Est\u00e1 pensando em decorar o quartinho da sua menininha e quer inspira\u00e7\u00e3o sem exagero? Um quarto de beb\u00ea feminino pode ser delicado, funcional e cheio de personalidade \u2014 e voc\u00ea n\u00e3o precisa seguir apenas o rosa como op\u00e7\u00e3o.<\/p>\n\n\n\n<p>Aqui voc\u00ea vai encontrar ideias pr\u00e1ticas, f\u00e1ceis e cheias de afeto, para criar um espa\u00e7o encantador que vai crescer junto com ela.<\/p>\n\n\n\n<hr class=\"wp-block-separator has-alpha-channel-opacity\"\/>\n\n\n\n<h2 id='1-paleta-de-cores-suave-e-elegante-para-quarto-de-beb\u00ea-feminino'  class=\"wp-block-heading\">1. Paleta de cores suave e elegante para quarto de beb\u00ea feminino<\/h2>\n\n\n\n<p>A escolha das cores \u00e9 o primeiro passo para criar um clima tranquilo:<\/p>\n\n\n\n<ul class=\"wp-block-list\">\n<li>Tons neutros como <strong>branco, bege e cinza claro<\/strong> aumentam a sensa\u00e7\u00e3o de amplitude e leveza<\/li>\n\n\n\n<li>Para dar um toque feminino, aposte em <strong>almofadas e objetos<\/strong> em rosa queimado, lavanda ou verde menta suave<\/li>\n\n\n\n<li>Se quiser brincar com temas, os <strong>adesivos ou papel de parede floral ou geom\u00e9trico<\/strong> trazem charme sem pesar o ambiente<\/li>\n<\/ul>\n\n\n\n<hr class=\"wp-block-separator has-alpha-channel-opacity\"\/>\n\n\n\n<h2 id='2-m\u00f3veis-funcionais-e-com-estilo'  class=\"wp-block-heading\">2. M\u00f3veis funcionais e com estilo<\/h2>\n\n\n\n<p>Decorar um quarto de beb\u00ea envolve combinar praticidade com beleza:<\/p>\n\n\n\n<ul class=\"wp-block-list\">\n<li>Ber\u00e7o convers\u00edvel e c\u00f4moda com trocador s\u00e3o \u00f3timas escolhas para acompanhar o crescimento da crian\u00e7a<\/li>\n\n\n\n<li>Aposte em m\u00f3veis em cores neutras (branco, cinza ou madeira clara) que se adaptam a diversas paletas<\/li>\n\n\n\n<li>Itens com m\u00faltipla fun\u00e7\u00e3o, como trocador que vira c\u00f4moda ou cadeira de amamenta\u00e7\u00e3o compacta, economizam espa\u00e7o<\/li>\n<\/ul>\n\n\n\n<hr class=\"wp-block-separator has-alpha-channel-opacity\"\/>\n\n\n\n<h2 id='3-ilumina\u00e7\u00e3o-acolhedora-e-segura'  class=\"wp-block-heading\">3. Ilumina\u00e7\u00e3o acolhedora e segura<\/h2>\n\n\n\n<p>A luz influencia diretamente no conforto do beb\u00ea e no visual do quarto:<\/p>\n\n\n\n<ul class=\"wp-block-list\">\n<li>Prefira <strong>luz amarela suave<\/strong>, ideal para mamadas e troca de fraldas sem acordar demais a crian\u00e7a<\/li>\n\n\n\n<li>Use <strong>abajures delicados, cord\u00e3o de luzes ou ilumina\u00e7\u00e3o indireta<\/strong> para criar clima aconchegante e relaxante<\/li>\n<\/ul>\n\n\n\n<hr class=\"wp-block-separator has-alpha-channel-opacity\"\/>\n\n\n\n<figure class=\"wp-block-image aligncenter size-medium\"><a href=\"https:\/\/chat.whatsapp.com\/KJBkp5LFJVRIvmt5X3hSEh\" target=\"_blank\" rel=\"noopener\"><img data-recalc-dims=\"1\" fetchpriority=\"high\" decoding=\"async\" width=\"200\" height=\"300\" src=\"https:\/\/i0.wp.com\/1truenote.com\/wp-content\/uploads\/2025\/06\/ChatGPT-Image-3-de-jun.-de-2025-19_04_53.png?resize=200%2C300&#038;ssl=1\" alt=\"chamada banner advetorial whats\" class=\"wp-image-2683\" srcset=\"https:\/\/i0.wp.com\/1truenote.com\/wp-content\/uploads\/2025\/06\/ChatGPT-Image-3-de-jun.-de-2025-19_04_53.png?resize=200%2C300&amp;ssl=1 200w, https:\/\/i0.wp.com\/1truenote.com\/wp-content\/uploads\/2025\/06\/ChatGPT-Image-3-de-jun.-de-2025-19_04_53.png?resize=683%2C1024&amp;ssl=1 683w, https:\/\/i0.wp.com\/1truenote.com\/wp-content\/uploads\/2025\/06\/ChatGPT-Image-3-de-jun.-de-2025-19_04_53.png?resize=768%2C1152&amp;ssl=1 768w, https:\/\/i0.wp.com\/1truenote.com\/wp-content\/uploads\/2025\/06\/ChatGPT-Image-3-de-jun.-de-2025-19_04_53.png?resize=150%2C225&amp;ssl=1 150w, https:\/\/i0.wp.com\/1truenote.com\/wp-content\/uploads\/2025\/06\/ChatGPT-Image-3-de-jun.-de-2025-19_04_53.png?w=1024&amp;ssl=1 1024w\" sizes=\"(max-width: 200px) 100vw, 200px\" \/><\/a><\/figure>\n\n\n\n<hr class=\"wp-block-separator has-alpha-channel-opacity\"\/>\n\n\n\n<h2 id='4-toques-l\u00fadicos-e-decorativos'  class=\"wp-block-heading\">4. Toques l\u00fadicos e decorativos<\/h2>\n\n\n\n<p>S\u00e3o os detalhes que trazem personalidade ao espa\u00e7o:<\/p>\n\n\n\n<ul class=\"wp-block-list\">\n<li>Adesivos tem\u00e1ticos leves \u2014 como estrelas, nuvens, animais ou constela\u00e7\u00f5es \u2014 deixam o quarto encantador sem exagero<\/li>\n\n\n\n<li>Nichos decorativos com bichinhos de pel\u00facia, mini quadros ou livros infantis ajudam a contar uma hist\u00f3ria afetiva<\/li>\n\n\n\n<li>Tapetes suaves, dobraduras de tecido e tecidos delicados trazem textura e conforto<\/li>\n<\/ul>\n\n\n\n<hr class=\"wp-block-separator has-alpha-channel-opacity\"\/>\n\n\n\n<h2 id='5-organiza\u00e7\u00e3o-pensada-para-crescer'  class=\"wp-block-heading\">5. Organiza\u00e7\u00e3o pensada para crescer<\/h2>\n\n\n\n<p>Um quartinho encantador tamb\u00e9m precisa ser funcional:<\/p>\n\n\n\n<ul class=\"wp-block-list\">\n<li>Estantes baixas e m\u00f3veis com gavetas acess\u00edveis facilitam o uso e organiza\u00e7\u00e3o com o passar dos anos<\/li>\n\n\n\n<li>Prateleiras acima do ber\u00e7o permitem decorar com seguran\u00e7a e sem ocupar espa\u00e7o no ch\u00e3o<\/li>\n\n\n\n<li>Caixas, cestos ou gavetas ajudam a manter a ordem com charme<\/li>\n<\/ul>\n\n\n\n<hr class=\"wp-block-separator has-alpha-channel-opacity\"\/>\n\n\n\n<a href=\"https:\/\/1truenote.com\/en\/esconder-fios-decoracao-casa-clean\/\" style=\"text-decoration: none;\">\n  <div style=\"display: flex; justify-content: space-between; align-items: center; background: #d44a00; padding: 12px 20px; color: white; font-family: Arial, sans-serif;\">\n    <strong style=\"color: black;\">READ ALSO:<\/strong>\n    <span style=\"margin-left: 8px; flex: 1;\">7 maneiras inteligentes de esconder fios<\/span>\n    <div style=\"background: #f2802f; padding: 8px 12px; border-radius: 2px; margin-left: 10px;\">\n      <span style=\"color: white; font-weight: bold;\">\u27a4<\/span>\n    <\/div>\n  <\/div>\n<\/a>\n\n\n\n<hr class=\"wp-block-separator has-alpha-channel-opacity\"\/>\n\n\n\n<h2 id='\ud83d\udccb-tabela-resumo-das-escolhas-essenciais'  class=\"wp-block-heading\">\ud83d\udccb Tabela: Resumo das escolhas essenciais<\/h2>\n\n\n\n<figure class=\"wp-block-table\"><table class=\"has-fixed-layout\"><thead><tr><th>Elemento<\/th><th>Sugest\u00e3o pr\u00e1tica<\/th><\/tr><\/thead><tbody><tr><td>Cores<\/td><td>Neutras (branco, cinza) + detalhes suaves<\/td><\/tr><tr><td>M\u00f3veis<\/td><td>Funcionais: ber\u00e7o convers\u00edvel, c\u00f4moda adapt\u00e1vel<\/td><\/tr><tr><td>Lighting<\/td><td>Luz quente, abajures e luz indireta<\/td><\/tr><tr><td>Personaliza\u00e7\u00e3o<\/td><td>Adesivos l\u00fadicos, quadrinhos e nichos delicados<\/td><\/tr><tr><td>Armazenamento<\/td><td>Estantes baixas, cestas e organiza\u00e7\u00e3o com estilo<\/td><\/tr><\/tbody><\/table><\/figure>\n\n\n\n<hr class=\"wp-block-separator has-alpha-channel-opacity\"\/>\n\n\n\n<h2 id='um-quarto-que-cresce-com-afeto-e-estilo'  class=\"wp-block-heading\">Um quarto que cresce com afeto e estilo<\/h2>\n\n\n\n<p>Decorar o <strong>quarto de beb\u00ea feminino<\/strong> \u00e9 desenhar um espa\u00e7o de afeto, luz e imagina\u00e7\u00e3o. N\u00e3o precisa ser infantil demais nem exagerado \u2014 o encanto est\u00e1 nas escolhas sens\u00edveis: uma manta de tric\u00f4, um quadrinho delicado, uma cortina leve.<\/p>\n\n\n\n<p>Com m\u00f3veis atemporais, uma paleta suave, ilumina\u00e7\u00e3o acolhedora e muitos detalhes pensados com amor, esse quartinho pode evoluir junto com a sua filha \u2014 sem perder o charme e sem grandes investimentos.<\/p>\n\n\n\n<p>\u2728 Que tal come\u00e7ar hoje? Gostou de quarto de beb\u00ea feminino? Escolha um detalhe que voc\u00ea ama e transforme o cantinho dela. Depois me conta como ficou! \ud83c\udf38<\/p>\n\n\n\n<hr class=\"wp-block-separator has-alpha-channel-opacity\"\/>\n\n\n\n<a href=\"https:\/\/1truenote.com\/en\/esconder-fios-decoracao-casa-clean\/\" style=\"text-decoration: none;\">\n  <div style=\"display: flex; justify-content: space-between; align-items: center; background: #d44a00; padding: 12px 20px; color: white; font-family: Arial, sans-serif;\">\n    <strong style=\"color: black;\">READ ALSO:<\/strong>\n    <span style=\"margin-left: 8px; flex: 1;\">7 maneiras inteligentes de esconder fios<\/span>\n    <div style=\"background: #f2802f; padding: 8px 12px; border-radius: 2px; margin-left: 10px;\">\n      <span style=\"color: white; font-weight: bold;\">\u27a4<\/span>\n    <\/div>\n  <\/div>\n<\/a>\n\n\n\n\n<hr class=\"wp-block-separator has-alpha-channel-opacity\"\/>\n\n\n\n<h2 id='faq-d\u00favidas-de-quarto-de-beb\u00ea-feminino'  class=\"wp-block-heading\">FAQ \u2013 D\u00favidas de quarto de beb\u00ea feminino<\/h2>\n\n\n<div id=\"rank-math-faq\" class=\"rank-math-block\">\n<div class=\"rank-math-list\">\n<div id=\"faq-question-1753799907522\" class=\"rank-math-list-item\">\n<h3 id='rosa-\u00e9-obrigat\u00f3rio-no-quarto-de-beb\u00ea-feminino'  class=\"rank-math-question\">Rosa \u00e9 obrigat\u00f3rio no quarto de beb\u00ea feminino?<\/h3>\n<div class=\"rank-math-answer\">\n\n<p>N\u00e3o! Tons neutros ou past\u00e9is funcionam muito bem e permitem uma decora\u00e7\u00e3o mais flex\u00edvel ao longo do tempo.<\/p>\n\n<\/div>\n<\/div>\n<div id=\"faq-question-1753799908790\" class=\"rank-math-list-item\">\n<h3 id='papel-de-parede-d\u00e1-muito-trabalho'  class=\"rank-math-question\">Papel de parede d\u00e1 muito trabalho?<\/h3>\n<div class=\"rank-math-answer\">\n\n<p>H\u00e1 vers\u00f5es autocolantes f\u00e1ceis de aplicar, sem sujeira e com temas delicados. Outra op\u00e7\u00e3o \u00e9 pintura com adesivos pontuais.<\/p>\n\n<\/div>\n<\/div>\n<div id=\"faq-question-1753799909614\" class=\"rank-math-list-item\">\n<h3 id='como-garantir-seguran\u00e7a'  class=\"rank-math-question\">Como garantir seguran\u00e7a?<\/h3>\n<div class=\"rank-math-answer\">\n\n<p>Use m\u00f3veis revestidos, evite objetos no ch\u00e3o que obstruam movimento e posicione trocador e ber\u00e7o longe de tomadas.<\/p>\n\n<\/div>\n<\/div>\n<div id=\"faq-question-1753799910581\" class=\"rank-math-list-item\">\n<h3 id='valem-temas-fadas-unic\u00f3rnios'  class=\"rank-math-question\">Valem temas (fadas, unic\u00f3rnios)?<\/h3>\n<div class=\"rank-math-answer\">\n\n<p>Sim, desde que aplicados de forma leve. Adesivos, quadros ou almofadas s\u00e3o suficientes.<\/p>\n\n<\/div>\n<\/div>\n<div id=\"faq-question-1753799952681\" class=\"rank-math-list-item\">\n<h3 id='d\u00e1-para-o-quarto-durar-at\u00e9-a-inf\u00e2ncia'  class=\"rank-math-question\">D\u00e1 para o quarto durar at\u00e9 a inf\u00e2ncia?<\/h3>\n<div class=\"rank-math-answer\">\n\n<p>Com m\u00f3veis transform\u00e1veis e paleta neutra, sim! A decora\u00e7\u00e3o pode evoluir ao longo dos anos.<\/p>\n\n<\/div>\n<\/div>\n<\/div>\n<\/div>\n\n\n<figure class=\"wp-block-image aligncenter size-large\"><img data-recalc-dims=\"1\" decoding=\"async\" width=\"683\" height=\"1024\" src=\"https:\/\/i0.wp.com\/1truenote.com\/wp-content\/uploads\/2025\/07\/ChatGPT-Image-29-de-jul.-de-2025-11_58_36.png?resize=683%2C1024&#038;ssl=1\" alt=\"quarto de beb\u00ea feminino\" class=\"wp-image-3888\" srcset=\"https:\/\/i0.wp.com\/1truenote.com\/wp-content\/uploads\/2025\/07\/ChatGPT-Image-29-de-jul.-de-2025-11_58_36.png?resize=683%2C1024&amp;ssl=1 683w, https:\/\/i0.wp.com\/1truenote.com\/wp-content\/uploads\/2025\/07\/ChatGPT-Image-29-de-jul.-de-2025-11_58_36.png?resize=200%2C300&amp;ssl=1 200w, https:\/\/i0.wp.com\/1truenote.com\/wp-content\/uploads\/2025\/07\/ChatGPT-Image-29-de-jul.-de-2025-11_58_36.png?resize=768%2C1152&amp;ssl=1 768w, https:\/\/i0.wp.com\/1truenote.com\/wp-content\/uploads\/2025\/07\/ChatGPT-Image-29-de-jul.-de-2025-11_58_36.png?resize=8%2C12&amp;ssl=1 8w, https:\/\/i0.wp.com\/1truenote.com\/wp-content\/uploads\/2025\/07\/ChatGPT-Image-29-de-jul.-de-2025-11_58_36.png?resize=150%2C225&amp;ssl=1 150w, https:\/\/i0.wp.com\/1truenote.com\/wp-content\/uploads\/2025\/07\/ChatGPT-Image-29-de-jul.-de-2025-11_58_36.png?w=1024&amp;ssl=1 1024w\" sizes=\"(max-width: 683px) 100vw, 683px\" \/><\/figure>","protected":false},"excerpt":{"rendered":"<p>Quarto de beb\u00ea feminino. Est\u00e1 pensando em decorar o quartinho da sua menininha e quer inspira\u00e7\u00e3o sem exagero? Um quarto&#8230;<\/p>","protected":false},"author":1,"featured_media":3888,"comment_status":"open","ping_status":"open","sticky":false,"template":"","format":"standard","meta":{"_kad_post_transparent":"","_kad_post_title":"","_kad_post_layout":"","_kad_post_sidebar_id":"","_kad_post_content_style":"","_kad_post_vertical_padding":"","_kad_post_feature":"","_kad_post_feature_position":"","_kad_post_header":false,"_kad_post_footer":false,"_kad_post_classname":"","footnotes":"","jetpack_publicize_message":"","jetpack_publicize_feature_enabled":true,"jetpack_social_post_already_shared":true,"jetpack_social_options":{"image_generator_settings":{"template":"highway","default_image_id":0,"enabled":false},"version":2}},"categories":[16,1],"tags":[13,14,12],"class_list":["post-3887","post","type-post","status-publish","format-standard","has-post-thumbnail","hentry","category-casa-e-jardim","category-novidades","tag-minimalista","tag-interiores-inovadores","tag-projetos-inovadores"],"jetpack_publicize_connections":[],"jetpack_featured_media_url":"https:\/\/i0.wp.com\/1truenote.com\/wp-content\/uploads\/2025\/07\/ChatGPT-Image-29-de-jul.-de-2025-11_58_36.png?fit=1024%2C1536&ssl=1","jetpack_sharing_enabled":true,"_links":{"self":[{"href":"https:\/\/1truenote.com\/en\/wp-json\/wp\/v2\/posts\/3887","targetHints":{"allow":["GET"]}}],"collection":[{"href":"https:\/\/1truenote.com\/en\/wp-json\/wp\/v2\/posts"}],"about":[{"href":"https:\/\/1truenote.com\/en\/wp-json\/wp\/v2\/types\/post"}],"author":[{"embeddable":true,"href":"https:\/\/1truenote.com\/en\/wp-json\/wp\/v2\/users\/1"}],"replies":[{"embeddable":true,"href":"https:\/\/1truenote.com\/en\/wp-json\/wp\/v2\/comments?post=3887"}],"version-history":[{"count":1,"href":"https:\/\/1truenote.com\/en\/wp-json\/wp\/v2\/posts\/3887\/revisions"}],"predecessor-version":[{"id":3889,"href":"https:\/\/1truenote.com\/en\/wp-json\/wp\/v2\/posts\/3887\/revisions\/3889"}],"wp:featuredmedia":[{"embeddable":true,"href":"https:\/\/1truenote.com\/en\/wp-json\/wp\/v2\/media\/3888"}],"wp:attachment":[{"href":"https:\/\/1truenote.com\/en\/wp-json\/wp\/v2\/media?parent=3887"}],"wp:term":[{"taxonomy":"category","embeddable":true,"href":"https:\/\/1truenote.com\/en\/wp-json\/wp\/v2\/categories?post=3887"},{"taxonomy":"post_tag","embeddable":true,"href":"https:\/\/1truenote.com\/en\/wp-json\/wp\/v2\/tags?post=3887"}],"curies":[{"name":"wp","href":"https:\/\/api.w.org\/{rel}","templated":true}]}}