{"id":3873,"date":"2025-07-28T12:00:00","date_gmt":"2025-07-28T15:00:00","guid":{"rendered":"https:\/\/1truenote.com\/?p=3873"},"modified":"2025-09-27T17:41:32","modified_gmt":"2025-09-27T20:41:32","slug":"decorar-paredes-vazias-barato-estilo","status":"publish","type":"post","link":"https:\/\/1truenote.com\/en\/decorar-paredes-vazias-barato-estilo\/","title":{"rendered":"Como decorar paredes vazias com estilo e pouco gasto \ud83d\uddbc\ufe0f"},"content":{"rendered":"<p>Decorar paredes vazias. Aquela parede em branco que voc\u00ea v\u00ea todos os dias pode ser vista como um mural de oportunidades. Sabe aquela parede branca que parece estar sempre te encarando? Pois \u00e9\u2026 ela pode at\u00e9 parecer sem gra\u00e7a agora, mas com um toque de criatividade, pode se transformar no ponto mais charmoso da sua casa \u2014 e sem precisar gastar muito pra isso.<\/p>\n\n\n\n<p>decorar paredes vazias n\u00e3o \u00e9 s\u00f3 deixar tudo bonito. \u00c9 criar um espa\u00e7o com a sua cara, com afeto, com mem\u00f3ria. E muitas vezes, basta mudar um detalhe pra sentir uma diferen\u00e7a enorme na energia do ambiente. Um quadro bem colocado, uma prateleira com objetos afetivos, uma pintura que quebra a monotonia&#8230; Tudo isso pode fazer sua casa ficar mais aconchegante, viva e cheia de personalidade.<\/p>\n\n\n\n<p>Se voc\u00ea quer dar uma nova cara \u00e0 sua casa, mas sem gastar uma fortuna ou fazer bagun\u00e7a, esse artigo vai te ajudar. Aqui voc\u00ea vai encontrar <strong>ideias pr\u00e1ticas, econ\u00f4micas e cheias de estilo<\/strong> para transformar qualquer parede vazia em algo que arranca elogios \u2014 e sorrisos. Vamos deixar sua parede com mais vida? \ud83c\udfa8\u2728<\/p>\n\n\n\n<hr class=\"wp-block-separator has-alpha-channel-opacity\"\/>\n\n\n\n<h2 id='1-invista-na-pintura-inteligente-para-decorar-paredes-vazias'  class=\"wp-block-heading\">1. Invista na pintura inteligente para decorar paredes vazias<\/h2>\n\n\n\n<p>Voc\u00ea n\u00e3o precisa pintar toda a parede para causar impacto:<\/p>\n\n\n\n<ul class=\"wp-block-list\">\n<li>Escolha <strong>uma parede de destaque<\/strong> e pinte com uma cor vibrante ou suave diferente<\/li>\n\n\n\n<li>Experimente padr\u00f5es DIY usando <strong>fita adesiva<\/strong> (faixas diagonais, meio-parede, tri\u00e2ngulos)<\/li>\n\n\n\n<li>Prefira tintas lav\u00e1veis ou vers\u00f5es de baixo odor para ambientes alugados<\/li>\n<\/ul>\n\n\n\n<p>\ud83c\udfa8 Um toque de cor na parede certa j\u00e1 integra muito estilo ao espa\u00e7o.<\/p>\n\n\n\n<hr class=\"wp-block-separator has-alpha-channel-opacity\"\/>\n\n\n\n<h2 id='2-galeria-de-quadros-e-fotos-pessoais'  class=\"wp-block-heading\">2. Galeria de quadros e fotos pessoais<\/h2>\n\n\n\n<p>Aposte no que voc\u00ea j\u00e1 tem:<\/p>\n\n\n\n<ul class=\"wp-block-list\">\n<li>Misture quadros, fotos impressas e imagens de viagens ou momentos afetivos<\/li>\n\n\n\n<li>Utilize molduras simples (preto, branco ou madeira clara) e monte uma composi\u00e7\u00e3o harm\u00f4nica<\/li>\n\n\n\n<li>Voc\u00ea pode reorganizar com frequ\u00eancia, mantendo o visual sempre renovado<\/li>\n<\/ul>\n\n\n\n<p>Esse \u00e9 um jeito barato e cheio de significado de dar alma \u00e0 parede.<\/p>\n\n\n\n<hr class=\"wp-block-separator has-alpha-channel-opacity\"\/>\n\n\n\n<h2 id='3-prateleiras-e-nichos-decorativos'  class=\"wp-block-heading\">3. Prateleiras e nichos decorativos<\/h2>\n\n\n\n<p>Decorar com organiza\u00e7\u00e3o:<\/p>\n\n\n\n<ul class=\"wp-block-list\">\n<li>Instale prateleiras flutuantes para expor vasos, livros, lembran\u00e7as e esculturas<\/li>\n\n\n\n<li>Use nichos reaproveitados (como caixotes ou caixas pintadas) para decorar e organizar<\/li>\n\n\n\n<li>Combine a funcionalidade com uma est\u00e9tica leve e moderna<\/li>\n<\/ul>\n\n\n\n<p>Essas estruturas enriquecem o ambiente sem pesar nem ocupar muito espa\u00e7o.<\/p>\n\n\n\n<hr class=\"wp-block-separator has-alpha-channel-opacity\"\/>\n\n\n\n<h2 id='4-espelhos-estrat\u00e9gicos-e-fitas-de-led'  class=\"wp-block-heading\">4. Espelhos estrat\u00e9gicos e fitas de LED<\/h2>\n\n\n\n<p>Amplo visual com baixo custo:<\/p>\n\n\n\n<ul class=\"wp-block-list\">\n<li>Espelhos ampliam visualmente e refletem luz natural \u2014 ideais para espa\u00e7os pequenos<\/li>\n\n\n\n<li>Instale <strong>fitas de LED atr\u00e1s de molduras ou na prateleira<\/strong> para criar atmosfera acolhedora e moderna<\/li>\n<\/ul>\n\n\n\n<p>A luz e o reflexo n\u00e3o custam caro, mas mudam totalmente o astral do c\u00f4modo.<\/p>\n\n\n\n<hr class=\"wp-block-separator has-alpha-channel-opacity\"\/>\n\n\n\n<figure class=\"wp-block-image aligncenter size-medium\"><a href=\"https:\/\/chat.whatsapp.com\/KJBkp5LFJVRIvmt5X3hSEh\" target=\"_blank\" rel=\"noopener\"><img data-recalc-dims=\"1\" fetchpriority=\"high\" decoding=\"async\" width=\"200\" height=\"300\" src=\"https:\/\/i0.wp.com\/1truenote.com\/wp-content\/uploads\/2025\/06\/ChatGPT-Image-3-de-jun.-de-2025-19_04_53.png?resize=200%2C300&#038;ssl=1\" alt=\"chamada banner advetorial whats\" class=\"wp-image-2683\" srcset=\"https:\/\/i0.wp.com\/1truenote.com\/wp-content\/uploads\/2025\/06\/ChatGPT-Image-3-de-jun.-de-2025-19_04_53.png?resize=200%2C300&amp;ssl=1 200w, https:\/\/i0.wp.com\/1truenote.com\/wp-content\/uploads\/2025\/06\/ChatGPT-Image-3-de-jun.-de-2025-19_04_53.png?resize=683%2C1024&amp;ssl=1 683w, https:\/\/i0.wp.com\/1truenote.com\/wp-content\/uploads\/2025\/06\/ChatGPT-Image-3-de-jun.-de-2025-19_04_53.png?resize=768%2C1152&amp;ssl=1 768w, https:\/\/i0.wp.com\/1truenote.com\/wp-content\/uploads\/2025\/06\/ChatGPT-Image-3-de-jun.-de-2025-19_04_53.png?resize=150%2C225&amp;ssl=1 150w, https:\/\/i0.wp.com\/1truenote.com\/wp-content\/uploads\/2025\/06\/ChatGPT-Image-3-de-jun.-de-2025-19_04_53.png?w=1024&amp;ssl=1 1024w\" sizes=\"(max-width: 200px) 100vw, 200px\" \/><\/a><\/figure>\n\n\n\n<hr class=\"wp-block-separator has-alpha-channel-opacity\"\/>\n\n\n\n<h2 id='5-adesivos-tape\u00e7arias-e-tecidos'  class=\"wp-block-heading\">5. Adesivos, tape\u00e7arias e tecidos<\/h2>\n\n\n\n<p>decorar paredes vazias sem furar, sem pintar:<\/p>\n\n\n\n<ul class=\"wp-block-list\">\n<li>Adesivos remov\u00edveis ou washi tape para padr\u00f5es geom\u00e9tricos e desenhos criativos<\/li>\n\n\n\n<li>Tape\u00e7arias ou tecidos leves esticados trazem textura, cor e aconchego<\/li>\n\n\n\n<li>Temas bot\u00e2nicos, \u00e9tnicos ou abstratos trazem personalidade instant\u00e2nea<\/li>\n<\/ul>\n\n\n\n<p>\u00d3timos para quem mora de aluguel ou quer trocas r\u00e1pidas e criativas.<\/p>\n\n\n\n<hr class=\"wp-block-separator has-alpha-channel-opacity\"\/>\n\n\n\n<a href=\"https:\/\/1truenote.com\/en\/estilo-boho-chic-decoracao-personalizada\/\" style=\"text-decoration: none;\">\n  <div style=\"display: flex; justify-content: space-between; align-items: center; background: #d44a00; padding: 12px 20px; color: white; font-family: Arial, sans-serif;\">\n    <strong style=\"color: black;\">READ ALSO:<\/strong>\n    <span style=\"margin-left: 8px; flex: 1;\">Estilo boho chic: Transforme sua casa<\/span>\n    <div style=\"background: #f2802f; padding: 8px 12px; border-radius: 2px; margin-left: 10px;\">\n      <span style=\"color: white; font-weight: bold;\">\u27a4<\/span>\n    <\/div>\n  <\/div>\n<\/a>\n\n\n\n<hr class=\"wp-block-separator has-alpha-channel-opacity\"\/>\n\n\n\n<h2 id='tabela-r\u00e1pida-ideias-econ\u00f4micas-que-fazem-diferen\u00e7a-para-decorar-paredes-vazias'  class=\"wp-block-heading\">Tabela r\u00e1pida: Ideias econ\u00f4micas que fazem diferen\u00e7a para decorar paredes vazias<\/h2>\n\n\n\n<figure class=\"wp-block-table\"><table class=\"has-fixed-layout\"><thead><tr><th>Solu\u00e7\u00e3o criativa<\/th><th>O que traz ao ambiente<\/th><\/tr><\/thead><tbody><tr><td>Pintura de parede destaque<\/td><td>Foco visual e transforma\u00e7\u00e3o com pouco gasto<\/td><\/tr><tr><td>Quadros e fotos pessoais<\/td><td>Mem\u00f3ria, personalidade e impacto afetivo<\/td><\/tr><tr><td>Prateleiras ou nichos<\/td><td>Organiza\u00e7\u00e3o + estilo sem refor\u00e7o estrutural<\/td><\/tr><tr><td>Espelhos ou luz LED<\/td><td>Amplitude visual e atmosfera aconchegante<\/td><\/tr><tr><td>Tecidos ou adesivos<\/td><td>Mudan\u00e7a r\u00e1pida, revers\u00edvel e com charme<\/td><\/tr><\/tbody><\/table><\/figure>\n\n\n\n<hr class=\"wp-block-separator has-alpha-channel-opacity\"\/>\n\n\n\n<figure class=\"wp-block-image aligncenter size-large\"><img data-recalc-dims=\"1\" decoding=\"async\" width=\"1024\" height=\"683\" src=\"https:\/\/i0.wp.com\/1truenote.com\/wp-content\/uploads\/2025\/07\/ChatGPT-Image-24-de-jul.-de-2025-11_39_22.png?resize=1024%2C683&#038;ssl=1\" alt=\"estilo boho chic\" class=\"wp-image-3870\" srcset=\"https:\/\/i0.wp.com\/1truenote.com\/wp-content\/uploads\/2025\/07\/ChatGPT-Image-24-de-jul.-de-2025-11_39_22.png?resize=1024%2C683&amp;ssl=1 1024w, https:\/\/i0.wp.com\/1truenote.com\/wp-content\/uploads\/2025\/07\/ChatGPT-Image-24-de-jul.-de-2025-11_39_22.png?resize=300%2C200&amp;ssl=1 300w, https:\/\/i0.wp.com\/1truenote.com\/wp-content\/uploads\/2025\/07\/ChatGPT-Image-24-de-jul.-de-2025-11_39_22.png?resize=768%2C512&amp;ssl=1 768w, https:\/\/i0.wp.com\/1truenote.com\/wp-content\/uploads\/2025\/07\/ChatGPT-Image-24-de-jul.-de-2025-11_39_22.png?resize=18%2C12&amp;ssl=1 18w, https:\/\/i0.wp.com\/1truenote.com\/wp-content\/uploads\/2025\/07\/ChatGPT-Image-24-de-jul.-de-2025-11_39_22.png?resize=150%2C100&amp;ssl=1 150w, https:\/\/i0.wp.com\/1truenote.com\/wp-content\/uploads\/2025\/07\/ChatGPT-Image-24-de-jul.-de-2025-11_39_22.png?w=1536&amp;ssl=1 1536w\" sizes=\"(max-width: 1024px) 100vw, 1024px\" \/><\/figure>\n\n\n\n<hr class=\"wp-block-separator has-alpha-channel-opacity\"\/>\n\n\n\n<h2 id='transforme-sua-parede-vazia-em-arte-e-funcionalidade'  class=\"wp-block-heading\">Transforme sua parede vazia em arte e funcionalidade<\/h2>\n\n\n\n<p>Decorar paredes vazias. Viu como decorar paredes vazias n\u00e3o precisa ser caro nem complicado? Muitas vezes, o que falta \u00e9 s\u00f3 um empurr\u00e3ozinho criativo \u2014 e agora voc\u00ea j\u00e1 tem v\u00e1rias ideias para colocar em pr\u00e1tica com o que tem em casa ou com um investimento super acess\u00edvel.<\/p>\n\n\n\n<p>O mais importante \u00e9 lembrar que a decora\u00e7\u00e3o n\u00e3o \u00e9 s\u00f3 est\u00e9tica. Ela \u00e9 sobre como a gente se sente nos espa\u00e7os que ocupa. Uma parede bem pensada pode deixar o quarto mais acolhedor, a sala mais vibrante ou o corredor mais convidativo. E tudo isso sem precisar de reformas ou grandes mudan\u00e7as.<\/p>\n\n\n\n<p>Ent\u00e3o, que tal come\u00e7ar ainda hoje? Escolha um cantinho, teste uma das ideias \u2014 pode ser uma fita LED, uma pintura criativa ou aquele quadro que estava guardado \u2014 e observe como o ambiente se transforma.<\/p>\n\n\n\n<p>\u2728 Sua casa merece esse cuidado. E voc\u00ea tamb\u00e9m.<\/p>\n\n\n\n<p>Se quiser mais sugest\u00f5es personalizadas para o seu estilo, \u00e9 s\u00f3 me chamar. Adoro ajudar a dar vida a paredes esquecidas! \ud83e\udde1<\/p>\n\n\n\n<p>\u2728 Gostou de decorar paredes vazias? Escolha uma ideia, coloque em pr\u00e1tica e observe como aquele canto ganha alma. Me conta depois como ficou \u2014 vai ser um prazer acompanhar essa mudan\u00e7a!<\/p>\n\n\n\n<hr class=\"wp-block-separator has-alpha-channel-opacity\"\/>\n\n\n\n<a href=\"https:\/\/1truenote.com\/en\/estilo-boho-chic-decoracao-personalizada\/\" style=\"text-decoration: none;\">\n  <div style=\"display: flex; justify-content: space-between; align-items: center; background: #d44a00; padding: 12px 20px; color: white; font-family: Arial, sans-serif;\">\n    <strong style=\"color: black;\">READ ALSO:<\/strong>\n    <span style=\"margin-left: 8px; flex: 1;\">Estilo boho chic: Transforme sua casa<\/span>\n    <div style=\"background: #f2802f; padding: 8px 12px; border-radius: 2px; margin-left: 10px;\">\n      <span style=\"color: white; font-weight: bold;\">\u27a4<\/span>\n    <\/div>\n  <\/div>\n<\/a>\n\n\n\n\n<hr class=\"wp-block-separator has-alpha-channel-opacity\"\/>\n\n\n\n<h2 id='faq-sobre-decorar-paredes-vazias'  class=\"wp-block-heading\">FAQ \u2014 Sobre decorar paredes vazias<\/h2>\n\n\n<div id=\"rank-math-faq\" class=\"rank-math-block\">\n<div class=\"rank-math-list\">\n<div id=\"faq-question-1753711933749\" class=\"rank-math-list-item\">\n<h3 id='posso-decorar-paredes-vazias-sem-fazer-furos'  class=\"rank-math-question\">Posso decorar paredes vazias sem fazer furos?<\/h3>\n<div class=\"rank-math-answer\">\n\n<p>Sim! Use adesivos remov\u00edveis, tape\u00e7arias fixadas com adesivo sem danificar a parede, ou prateleiras autoadesivas.<\/p>\n\n<\/div>\n<\/div>\n<div id=\"faq-question-1753711934746\" class=\"rank-math-list-item\">\n<h3 id='qual-ideia-funciona-melhor-em-quartos-infantis'  class=\"rank-math-question\">Qual ideia funciona melhor em quartos infantis?<\/h3>\n<div class=\"rank-math-answer\">\n\n<p>Adesivos coloridos, pain\u00e9is de tecido divertido ou quadros com fotos da pr\u00f3pria crian\u00e7a tornam o espa\u00e7o leve e pessoal.<\/p>\n\n<\/div>\n<\/div>\n<div id=\"faq-question-1753711935226\" class=\"rank-math-list-item\">\n<h3 id='como-organizar-melhor-a-galeria-de-quadros'  class=\"rank-math-question\">Como organizar melhor a galeria de quadros?<\/h3>\n<div class=\"rank-math-answer\">\n\n<p>Planeje no ch\u00e3o ou usando moldes de papel nas paredes antes de furar, para ver melhor o alinhamento e espa\u00e7amento.<\/p>\n\n<\/div>\n<\/div>\n<div id=\"faq-question-1753711936509\" class=\"rank-math-list-item\">\n<h3 id='preciso-gastar-muito-com-molduras-ou-prateleiras'  class=\"rank-math-question\">Preciso gastar muito com molduras ou prateleiras?<\/h3>\n<div class=\"rank-math-answer\">\n\n<p>Muitas op\u00e7\u00f5es econ\u00f4micas est\u00e3o em lojas de R$10 ou reaproveitamento criativo de objetos j\u00e1 existentes.<\/p>\n\n<\/div>\n<\/div>\n<div id=\"faq-question-1753711937547\" class=\"rank-math-list-item\">\n<h3 id='como-equilibrar-cor-e-neutralidade'  class=\"rank-math-question\">Como equilibrar cor e neutralidade?<\/h3>\n<div class=\"rank-math-answer\">\n\n<p>Selecione uma cor de destaque e mantenha os outros elementos neutros (branco, madeira clara ou tons suaves).<\/p>\n\n<\/div>\n<\/div>\n<\/div>\n<\/div>\n\n\n<figure class=\"wp-block-image aligncenter size-full\"><img data-recalc-dims=\"1\" decoding=\"async\" width=\"1024\" height=\"1024\" src=\"https:\/\/i0.wp.com\/1truenote.com\/wp-content\/uploads\/2025\/07\/ChatGPT-Image-28-de-jul.-de-2025-11_22_06.png?resize=1024%2C1024&#038;ssl=1\" alt=\"decorar paredes vazias\" class=\"wp-image-3874\" srcset=\"https:\/\/i0.wp.com\/1truenote.com\/wp-content\/uploads\/2025\/07\/ChatGPT-Image-28-de-jul.-de-2025-11_22_06.png?w=1024&amp;ssl=1 1024w, https:\/\/i0.wp.com\/1truenote.com\/wp-content\/uploads\/2025\/07\/ChatGPT-Image-28-de-jul.-de-2025-11_22_06.png?resize=300%2C300&amp;ssl=1 300w, https:\/\/i0.wp.com\/1truenote.com\/wp-content\/uploads\/2025\/07\/ChatGPT-Image-28-de-jul.-de-2025-11_22_06.png?resize=150%2C150&amp;ssl=1 150w, https:\/\/i0.wp.com\/1truenote.com\/wp-content\/uploads\/2025\/07\/ChatGPT-Image-28-de-jul.-de-2025-11_22_06.png?resize=768%2C768&amp;ssl=1 768w, https:\/\/i0.wp.com\/1truenote.com\/wp-content\/uploads\/2025\/07\/ChatGPT-Image-28-de-jul.-de-2025-11_22_06.png?resize=12%2C12&amp;ssl=1 12w, https:\/\/i0.wp.com\/1truenote.com\/wp-content\/uploads\/2025\/07\/ChatGPT-Image-28-de-jul.-de-2025-11_22_06.png?resize=96%2C96&amp;ssl=1 96w\" sizes=\"(max-width: 1024px) 100vw, 1024px\" \/><\/figure>","protected":false},"excerpt":{"rendered":"<p>Decorar paredes vazias. Aquela parede em branco que voc\u00ea v\u00ea todos os dias pode ser vista como um mural de&#8230;<\/p>","protected":false},"author":1,"featured_media":3874,"comment_status":"open","ping_status":"open","sticky":false,"template":"","format":"standard","meta":{"_kad_post_transparent":"","_kad_post_title":"","_kad_post_layout":"","_kad_post_sidebar_id":"","_kad_post_content_style":"","_kad_post_vertical_padding":"","_kad_post_feature":"","_kad_post_feature_position":"","_kad_post_header":false,"_kad_post_footer":false,"_kad_post_classname":"","footnotes":"","jetpack_publicize_message":"Decorar paredes vazias. Aquela parede em branco que voc\u00ea v\u00ea todos os dias pode ser vista como um mural de oportunidades. Sabe aquela parede branca que parece estar sempre te encarando? Pois \u00e9\u2026 (leia mais no artigo em 1truenote.com)\n\n#carvalhoconsultoriabrasil #truenote #decor #decoracao #parede #quadros #sala","jetpack_publicize_feature_enabled":true,"jetpack_social_post_already_shared":true,"jetpack_social_options":{"image_generator_settings":{"template":"highway","default_image_id":0,"enabled":false},"version":2}},"categories":[9],"tags":[15,180,13,14],"class_list":["post-3873","post","type-post","status-publish","format-standard","has-post-thumbnail","hentry","category-lazer","tag-conservacao-e-manutencao","tag-diy","tag-minimalista","tag-interiores-inovadores"],"jetpack_publicize_connections":[],"jetpack_featured_media_url":"https:\/\/i0.wp.com\/1truenote.com\/wp-content\/uploads\/2025\/07\/ChatGPT-Image-28-de-jul.-de-2025-11_22_06.png?fit=1024%2C1024&ssl=1","jetpack_sharing_enabled":true,"_links":{"self":[{"href":"https:\/\/1truenote.com\/en\/wp-json\/wp\/v2\/posts\/3873","targetHints":{"allow":["GET"]}}],"collection":[{"href":"https:\/\/1truenote.com\/en\/wp-json\/wp\/v2\/posts"}],"about":[{"href":"https:\/\/1truenote.com\/en\/wp-json\/wp\/v2\/types\/post"}],"author":[{"embeddable":true,"href":"https:\/\/1truenote.com\/en\/wp-json\/wp\/v2\/users\/1"}],"replies":[{"embeddable":true,"href":"https:\/\/1truenote.com\/en\/wp-json\/wp\/v2\/comments?post=3873"}],"version-history":[{"count":1,"href":"https:\/\/1truenote.com\/en\/wp-json\/wp\/v2\/posts\/3873\/revisions"}],"predecessor-version":[{"id":3875,"href":"https:\/\/1truenote.com\/en\/wp-json\/wp\/v2\/posts\/3873\/revisions\/3875"}],"wp:featuredmedia":[{"embeddable":true,"href":"https:\/\/1truenote.com\/en\/wp-json\/wp\/v2\/media\/3874"}],"wp:attachment":[{"href":"https:\/\/1truenote.com\/en\/wp-json\/wp\/v2\/media?parent=3873"}],"wp:term":[{"taxonomy":"category","embeddable":true,"href":"https:\/\/1truenote.com\/en\/wp-json\/wp\/v2\/categories?post=3873"},{"taxonomy":"post_tag","embeddable":true,"href":"https:\/\/1truenote.com\/en\/wp-json\/wp\/v2\/tags?post=3873"}],"curies":[{"name":"wp","href":"https:\/\/api.w.org\/{rel}","templated":true}]}}