{"id":3857,"date":"2025-07-23T14:00:00","date_gmt":"2025-07-23T17:00:00","guid":{"rendered":"https:\/\/1truenote.com\/?p=3857"},"modified":"2025-07-23T11:46:57","modified_gmt":"2025-07-23T14:46:57","slug":"estilo-escandinavo-na-decoracao-guia","status":"publish","type":"post","link":"https:\/\/1truenote.com\/en\/estilo-escandinavo-na-decoracao-guia\/","title":{"rendered":"Estilo escandinavo na decora\u00e7\u00e3o: Luz, conforto e simplicidade que encantam"},"content":{"rendered":"<p>Estilo escandinavo na decora\u00e7\u00e3o. Imagine um lar iluminado, com ambiente leve, aconchegante e funcional. Esse \u00e9 o poder do <strong>estilo escandinavo na decora\u00e7\u00e3o<\/strong>, que combina minimalismo, materiais naturais e uma atmosfera calorosa \u2014 perfeita para valorizar cada momento em casa.<\/p>\n\n\n\n<p>Neste guia leve, voc\u00ea vai descobrir como trazer esse estilo pra sua vida, sem reformas ou grandes investimentos.<\/p>\n\n\n\n<hr class=\"wp-block-separator has-alpha-channel-opacity\"\/>\n\n\n\n<h2 id='\ud83c\udf1f-por-que-o-estilo-estilo-escandinavo-na-decora\u00e7\u00e3o-encanta'  class=\"wp-block-heading\">\ud83c\udf1f Por que o estilo estilo escandinavo na decora\u00e7\u00e3o encanta?<\/h2>\n\n\n\n<p>O estilo escandinavo nasce em pa\u00edses com invernos longos e pouca luz natural. Para compensar, valoriza:<\/p>\n\n\n\n<ul class=\"wp-block-list\">\n<li>Espa\u00e7os claros e arejados<\/li>\n\n\n\n<li>Paredes e m\u00f3veis em tons neutros<\/li>\n\n\n\n<li>Materiais naturais como madeira, l\u00e3 e cer\u00e2mica<\/li>\n\n\n\n<li>Atmosfera \u201chygge\u201d: aconchego sem exageros<\/li>\n<\/ul>\n\n\n\n<hr class=\"wp-block-separator has-alpha-channel-opacity\"\/>\n\n\n\n<h2 id='1-aposte-nas-cores-certas'  class=\"wp-block-heading\">1. Aposte nas cores certas<\/h2>\n\n\n\n<ul class=\"wp-block-list\">\n<li><strong>Brancos e off-whites<\/strong> refletem a luz \u2014 essenciais no estilo<\/li>\n\n\n\n<li>Tons neutros como cinza, bege e nude trazem serenidade<\/li>\n\n\n\n<li>Pontos de cor suave (ros\u00e9, azul pastel, verde seco) d\u00e3o charme sem pesar<\/li>\n<\/ul>\n\n\n\n<hr class=\"wp-block-separator has-alpha-channel-opacity\"\/>\n\n\n\n<h2 id='2-valorize-a-luz-natural'  class=\"wp-block-heading\">2. Valorize a luz natural<\/h2>\n\n\n\n<ul class=\"wp-block-list\">\n<li>Janelas amplas, cortinas leves e vidros limpos s\u00e3o o segredo<\/li>\n\n\n\n<li>Evite cantos escuros e capriche em lumin\u00e1rias simples e eficientes<\/li>\n<\/ul>\n\n\n\n<hr class=\"wp-block-separator has-alpha-channel-opacity\"\/>\n\n\n\n<h2 id='3-m\u00f3veis-funcionais-e-aconchegantes'  class=\"wp-block-heading\">3. M\u00f3veis funcionais e aconchegantes<\/h2>\n\n\n\n<ul class=\"wp-block-list\">\n<li>Opte por pe\u00e7as de linhas retas em madeira clara<\/li>\n\n\n\n<li>Sof\u00e1s confort\u00e1veis, mas sem exagero no estofado<\/li>\n\n\n\n<li>Use m\u00f3veis multifuncionais ou com nichos para organiza\u00e7\u00e3o<\/li>\n<\/ul>\n\n\n\n<hr class=\"wp-block-separator has-alpha-channel-opacity\"\/>\n\n\n\n<figure class=\"wp-block-image aligncenter size-medium is-resized\"><a href=\"https:\/\/chat.whatsapp.com\/KJBkp5LFJVRIvmt5X3hSEh\" target=\"_blank\" rel=\"noopener\"><img data-recalc-dims=\"1\" fetchpriority=\"high\" decoding=\"async\" width=\"200\" height=\"300\" src=\"https:\/\/i0.wp.com\/1truenote.com\/wp-content\/uploads\/2025\/06\/ChatGPT-Image-3-de-jun.-de-2025-19_04_53.png?resize=200%2C300&#038;ssl=1\" alt=\"chamada banner advetorial whats\" class=\"wp-image-2683\" style=\"width:200px;height:auto\" srcset=\"https:\/\/i0.wp.com\/1truenote.com\/wp-content\/uploads\/2025\/06\/ChatGPT-Image-3-de-jun.-de-2025-19_04_53.png?resize=200%2C300&amp;ssl=1 200w, https:\/\/i0.wp.com\/1truenote.com\/wp-content\/uploads\/2025\/06\/ChatGPT-Image-3-de-jun.-de-2025-19_04_53.png?resize=683%2C1024&amp;ssl=1 683w, https:\/\/i0.wp.com\/1truenote.com\/wp-content\/uploads\/2025\/06\/ChatGPT-Image-3-de-jun.-de-2025-19_04_53.png?resize=768%2C1152&amp;ssl=1 768w, https:\/\/i0.wp.com\/1truenote.com\/wp-content\/uploads\/2025\/06\/ChatGPT-Image-3-de-jun.-de-2025-19_04_53.png?resize=150%2C225&amp;ssl=1 150w, https:\/\/i0.wp.com\/1truenote.com\/wp-content\/uploads\/2025\/06\/ChatGPT-Image-3-de-jun.-de-2025-19_04_53.png?w=1024&amp;ssl=1 1024w\" sizes=\"(max-width: 200px) 100vw, 200px\" \/><\/a><\/figure>\n\n\n\n<hr class=\"wp-block-separator has-alpha-channel-opacity\"\/>\n\n\n\n<h2 id='4-texturas-acolhedoras-para-um-toque-hygge'  class=\"wp-block-heading\">4. Texturas acolhedoras para um toque hygge<\/h2>\n\n\n\n<ul class=\"wp-block-list\">\n<li>Misture tapetes de l\u00e3, mantas de tric\u00f4 e almofadas de algod\u00e3o<\/li>\n\n\n\n<li>Misture materiais como cer\u00e2mica, vidro e fibras naturais<\/li>\n\n\n\n<li>Objetos simples mas com significado \u2014 menos \u00e9 mais<\/li>\n<\/ul>\n\n\n\n<hr class=\"wp-block-separator has-alpha-channel-opacity\"\/>\n\n\n\n<h2 id='5-minimalismo-que-acolhe'  class=\"wp-block-heading\">5. Minimalismo que acolhe<\/h2>\n\n\n\n<ul class=\"wp-block-list\">\n<li>Menos \u00e9 mais: reduza excessos e mantenha apenas o essencial<\/li>\n\n\n\n<li>Linhas limpas, objetos pr\u00e1ticos e espa\u00e7os bem aproveitados<\/li>\n\n\n\n<li>A imperfei\u00e7\u00e3o harmoniosa traz autenticidade, no estilo wabi-sabi<\/li>\n<\/ul>\n\n\n\n<hr class=\"wp-block-separator has-alpha-channel-opacity\"\/>\n\n\n\n<h2 id='6-verde-e-vida-dentro-de-casa'  class=\"wp-block-heading\">6. Verde e vida dentro de casa<\/h2>\n\n\n\n<ul class=\"wp-block-list\">\n<li>Plantas trazem frescor e contrastam com o neutro<\/li>\n\n\n\n<li>Vasos simples combinam com o ambiente sem pesar<\/li>\n\n\n\n<li>Funciona tanto em salas como em quartos e escrit\u00f3rios<\/li>\n<\/ul>\n\n\n\n<hr class=\"wp-block-separator has-alpha-channel-opacity\"\/>\n\n\n\n<a href=\"https:\/\/1truenote.com\/en\/varanda-pequena-decorada-transforme-seu-espaco\/\" style=\"text-decoration: none;\">\n  <div style=\"display: flex; justify-content: space-between; align-items: center; background: #d44a00; padding: 12px 20px; color: white; font-family: Arial, sans-serif;\">\n    <strong style=\"color: black;\">READ ALSO:<\/strong>\n    <span style=\"margin-left: 8px; flex: 1;\">Como transformar uma varanda<\/span>\n    <div style=\"background: #f2802f; padding: 8px 12px; border-radius: 2px; margin-left: 10px;\">\n      <span style=\"color: white; font-weight: bold;\">\u27a4<\/span>\n    <\/div>\n  <\/div>\n<\/a>\n\n\n\n<hr class=\"wp-block-separator has-alpha-channel-opacity\"\/>\n\n\n\n<h2 id='tabela-checklist-do-estilo-escandinavo'  class=\"wp-block-heading\">Tabela: Checklist do estilo escandinavo<\/h2>\n\n\n\n<figure class=\"wp-block-table\"><table class=\"has-fixed-layout\"><thead><tr><th>Elemento<\/th><th>Sugest\u00e3o pr\u00e1tica<\/th><\/tr><\/thead><tbody><tr><td>Cores<\/td><td>Branco, bege, cinza + toque pastel<\/td><\/tr><tr><td>Lighting<\/td><td>Luz natural + lumin\u00e1rias simples<\/td><\/tr><tr><td>M\u00f3veis<\/td><td>Linhas retas, madeira clara, minimalismo<\/td><\/tr><tr><td>Texturas<\/td><td>Tapete, manta, almofadas naturais<\/td><\/tr><tr><td>Organization<\/td><td>Espa\u00e7os livres, m\u00f3veis multifuncionais<\/td><\/tr><tr><td>Verde<\/td><td>Plantas em vasos neutros<\/td><\/tr><\/tbody><\/table><\/figure>\n\n\n\n<hr class=\"wp-block-separator has-alpha-channel-opacity\"\/>\n\n\n\n<h2 id='transforme-seu-lar-em-um-ref\u00fagio-escandinavo'  class=\"wp-block-heading\">Transforme seu lar em um ref\u00fagio escandinavo<\/h2>\n\n\n\n<p>O <strong>estilo escandinavo na decora\u00e7\u00e3o<\/strong> \u00e9 mais do que est\u00e9tica. Ele convida a gente a viver com calma, a valorizar o essencial e a criar ambientes que acolhem de verdade. N\u00e3o precisa mudar tudo de uma vez, nem gastar fortunas. \u00c0s vezes, pintar uma parede de branco, trocar uma lumin\u00e1ria ou colocar um vaso com planta j\u00e1 muda completamente a energia do espa\u00e7o.<\/p>\n\n\n\n<p>Comece pelo c\u00f4modo que mais te incomoda ou mais te representa. Que tal aquele cantinho da sala que anda meio esquecido? Ou o quarto que precisa de mais aconchego? Um tapete novo, uma manta macia, uma cadeira de madeira clara\u2026 e pronto: o seu lar j\u00e1 respira outro ar.<\/p>\n\n\n\n<p>\u2728 O mais bonito de tudo? \u00c9 que o estilo escandinavo na decora\u00e7\u00e3o combina com o seu jeito de morar. Seja numa casa grande ou num ap\u00ea pequeno, ele se adapta \u2014 com afeto, leveza e verdade. Porque no fim das contas, \u00e9 isso que a gente quer da decora\u00e7\u00e3o: que ela abrace a gente de volta.<\/p>\n\n\n\n<p>Se voc\u00ea transformar um cantinho hoje, me conta depois como ficou. Adoro saber dessas hist\u00f3rias reais! \ud83d\udda4<\/p>\n\n\n\n<p>\u2728 Pronta para criar seu ref\u00fagio escandinavo? Gostou do estilo escandinavo na decora\u00e7\u00e3o? Vamos juntos nessa jornada! \ud83d\ude0a<\/p>\n\n\n\n<hr class=\"wp-block-separator has-alpha-channel-opacity\"\/>\n\n\n\n<a href=\"https:\/\/1truenote.com\/en\/varanda-pequena-decorada-transforme-seu-espaco\/\" style=\"text-decoration: none;\">\n  <div style=\"display: flex; justify-content: space-between; align-items: center; background: #d44a00; padding: 12px 20px; color: white; font-family: Arial, sans-serif;\">\n    <strong style=\"color: black;\">READ ALSO:<\/strong>\n    <span style=\"margin-left: 8px; flex: 1;\">Como transformar uma varanda<\/span>\n    <div style=\"background: #f2802f; padding: 8px 12px; border-radius: 2px; margin-left: 10px;\">\n      <span style=\"color: white; font-weight: bold;\">\u27a4<\/span>\n    <\/div>\n  <\/div>\n<\/a>\n\n\n\n\n<hr class=\"wp-block-separator has-alpha-channel-opacity\"\/>\n\n\n\n<figure class=\"wp-block-image aligncenter size-large\"><img data-recalc-dims=\"1\" decoding=\"async\" width=\"1024\" height=\"683\" src=\"https:\/\/i0.wp.com\/1truenote.com\/wp-content\/uploads\/2025\/07\/ChatGPT-Image-23-de-jul.-de-2025-11_44_03.png?resize=1024%2C683&#038;ssl=1\" alt=\"estilo escandinavo na decora\u00e7\u00e3o\" class=\"wp-image-3858\" srcset=\"https:\/\/i0.wp.com\/1truenote.com\/wp-content\/uploads\/2025\/07\/ChatGPT-Image-23-de-jul.-de-2025-11_44_03.png?resize=1024%2C683&amp;ssl=1 1024w, https:\/\/i0.wp.com\/1truenote.com\/wp-content\/uploads\/2025\/07\/ChatGPT-Image-23-de-jul.-de-2025-11_44_03.png?resize=300%2C200&amp;ssl=1 300w, https:\/\/i0.wp.com\/1truenote.com\/wp-content\/uploads\/2025\/07\/ChatGPT-Image-23-de-jul.-de-2025-11_44_03.png?resize=768%2C512&amp;ssl=1 768w, https:\/\/i0.wp.com\/1truenote.com\/wp-content\/uploads\/2025\/07\/ChatGPT-Image-23-de-jul.-de-2025-11_44_03.png?resize=18%2C12&amp;ssl=1 18w, https:\/\/i0.wp.com\/1truenote.com\/wp-content\/uploads\/2025\/07\/ChatGPT-Image-23-de-jul.-de-2025-11_44_03.png?resize=150%2C100&amp;ssl=1 150w, https:\/\/i0.wp.com\/1truenote.com\/wp-content\/uploads\/2025\/07\/ChatGPT-Image-23-de-jul.-de-2025-11_44_03.png?w=1536&amp;ssl=1 1536w\" sizes=\"(max-width: 1024px) 100vw, 1024px\" \/><\/figure>\n\n\n\n<hr class=\"wp-block-separator has-alpha-channel-opacity\"\/>\n\n\n\n<h2 id='faq-d\u00favidas-sobre-estilo-escandinavo-na-decora\u00e7\u00e3o'  class=\"wp-block-heading\">FAQ \u2013 D\u00favidas sobre estilo escandinavo na decora\u00e7\u00e3o<\/h2>\n\n\n<div id=\"rank-math-faq\" class=\"rank-math-block\">\n<div class=\"rank-math-list\">\n<div id=\"faq-question-1753279706041\" class=\"rank-math-list-item\">\n<h3 id='\u00e9-s\u00f3-pra-apartamentos-grandes'  class=\"rank-math-question\">\u00c9 s\u00f3 pra apartamentos grandes?<\/h3>\n<div class=\"rank-math-answer\">\n\n<p>N\u00e3o, adapta-se bem em qualquer espa\u00e7o. A luz natural e organiza\u00e7\u00e3o s\u00e3o prioridade.<\/p>\n\n<\/div>\n<\/div>\n<div id=\"faq-question-1753279707142\" class=\"rank-math-list-item\">\n<h3 id='d\u00e1-para-misturar-com-outros-estilos'  class=\"rank-math-question\">D\u00e1 para misturar com outros estilos?<\/h3>\n<div class=\"rank-math-answer\">\n\n<p>Sim! O escandinavo combina com r\u00fastico, contempor\u00e2neo ou boho \u2014 desde que mantenha a base neutra.<\/p>\n\n<\/div>\n<\/div>\n<div id=\"faq-question-1753279708057\" class=\"rank-math-list-item\">\n<h3 id='posso-usar-m\u00f3veis-escuros'  class=\"rank-math-question\">Posso usar m\u00f3veis escuros?<\/h3>\n<div class=\"rank-math-answer\">\n\n<p>Melhor evitar. Madeira clara e tons suaves ajudam a manter o visual leve.<\/p>\n\n<\/div>\n<\/div>\n<div id=\"faq-question-1753279709120\" class=\"rank-math-list-item\">\n<h3 id='preciso-de-m\u00f3veis-caros'  class=\"rank-math-question\">Preciso de m\u00f3veis caros?<\/h3>\n<div class=\"rank-math-answer\">\n\n<p>N\u00e3o! Vale investir em pe\u00e7as acess\u00edveis e boas reformas DIY em m\u00f3veis antigos.<\/p>\n\n<\/div>\n<\/div>\n<div id=\"faq-question-1753279753216\" class=\"rank-math-list-item\">\n<h3 id='como-trazer-personalidade'  class=\"rank-math-question\">Como trazer personalidade?<\/h3>\n<div class=\"rank-math-answer\">\n\n<p>Use objetos com hist\u00f3rias \u2014 fotos, cestos artesanais, livros bem arrumados.<\/p>\n\n<\/div>\n<\/div>\n<\/div>\n<\/div>\n\n\n<figure class=\"wp-block-image aligncenter size-large\"><img data-recalc-dims=\"1\" decoding=\"async\" width=\"1024\" height=\"683\" src=\"https:\/\/i0.wp.com\/1truenote.com\/wp-content\/uploads\/2025\/07\/ChatGPT-Image-23-de-jul.-de-2025-11_44_03.png?resize=1024%2C683&#038;ssl=1\" alt=\"estilo escandinavo na decora\u00e7\u00e3o\" class=\"wp-image-3858\" srcset=\"https:\/\/i0.wp.com\/1truenote.com\/wp-content\/uploads\/2025\/07\/ChatGPT-Image-23-de-jul.-de-2025-11_44_03.png?resize=1024%2C683&amp;ssl=1 1024w, https:\/\/i0.wp.com\/1truenote.com\/wp-content\/uploads\/2025\/07\/ChatGPT-Image-23-de-jul.-de-2025-11_44_03.png?resize=300%2C200&amp;ssl=1 300w, https:\/\/i0.wp.com\/1truenote.com\/wp-content\/uploads\/2025\/07\/ChatGPT-Image-23-de-jul.-de-2025-11_44_03.png?resize=768%2C512&amp;ssl=1 768w, https:\/\/i0.wp.com\/1truenote.com\/wp-content\/uploads\/2025\/07\/ChatGPT-Image-23-de-jul.-de-2025-11_44_03.png?resize=18%2C12&amp;ssl=1 18w, https:\/\/i0.wp.com\/1truenote.com\/wp-content\/uploads\/2025\/07\/ChatGPT-Image-23-de-jul.-de-2025-11_44_03.png?resize=150%2C100&amp;ssl=1 150w, https:\/\/i0.wp.com\/1truenote.com\/wp-content\/uploads\/2025\/07\/ChatGPT-Image-23-de-jul.-de-2025-11_44_03.png?w=1536&amp;ssl=1 1536w\" sizes=\"(max-width: 1024px) 100vw, 1024px\" \/><\/figure>","protected":false},"excerpt":{"rendered":"<p>Estilo escandinavo na decora\u00e7\u00e3o. Imagine um lar iluminado, com ambiente leve, aconchegante e funcional. Esse \u00e9 o poder do estilo&#8230;<\/p>","protected":false},"author":1,"featured_media":3858,"comment_status":"open","ping_status":"open","sticky":false,"template":"","format":"standard","meta":{"_kad_post_transparent":"","_kad_post_title":"","_kad_post_layout":"","_kad_post_sidebar_id":"","_kad_post_content_style":"","_kad_post_vertical_padding":"","_kad_post_feature":"","_kad_post_feature_position":"","_kad_post_header":false,"_kad_post_footer":false,"_kad_post_classname":"","footnotes":"","jetpack_publicize_message":"Estilo escandinavo na decora\u00e7\u00e3o. Imagine um lar iluminado, com ambiente leve, aconchegante e funcional. Esse \u00e9 o poder do estilo escandinavo na decora\u00e7\u00e3o, que combina minimalismo, materiais naturais e uma atmosfera calorosa \u2014 perfeita para valorizar cada momento em casa.\n\n#carvalhoconsultoriabrasil #truenote #decor #decoracao #sala #escandinavo #classico #viking","jetpack_publicize_feature_enabled":true,"jetpack_social_post_already_shared":true,"jetpack_social_options":{"image_generator_settings":{"template":"highway","default_image_id":0,"enabled":false},"version":2}},"categories":[16,1],"tags":[11,15,13,14,12],"class_list":["post-3857","post","type-post","status-publish","format-standard","has-post-thumbnail","hentry","category-casa-e-jardim","category-novidades","tag-conforto-noturno","tag-conservacao-e-manutencao","tag-minimalista","tag-interiores-inovadores","tag-projetos-inovadores"],"jetpack_publicize_connections":[],"jetpack_featured_media_url":"https:\/\/i0.wp.com\/1truenote.com\/wp-content\/uploads\/2025\/07\/ChatGPT-Image-23-de-jul.-de-2025-11_44_03.png?fit=1536%2C1024&ssl=1","jetpack_sharing_enabled":true,"_links":{"self":[{"href":"https:\/\/1truenote.com\/en\/wp-json\/wp\/v2\/posts\/3857","targetHints":{"allow":["GET"]}}],"collection":[{"href":"https:\/\/1truenote.com\/en\/wp-json\/wp\/v2\/posts"}],"about":[{"href":"https:\/\/1truenote.com\/en\/wp-json\/wp\/v2\/types\/post"}],"author":[{"embeddable":true,"href":"https:\/\/1truenote.com\/en\/wp-json\/wp\/v2\/users\/1"}],"replies":[{"embeddable":true,"href":"https:\/\/1truenote.com\/en\/wp-json\/wp\/v2\/comments?post=3857"}],"version-history":[{"count":1,"href":"https:\/\/1truenote.com\/en\/wp-json\/wp\/v2\/posts\/3857\/revisions"}],"predecessor-version":[{"id":3859,"href":"https:\/\/1truenote.com\/en\/wp-json\/wp\/v2\/posts\/3857\/revisions\/3859"}],"wp:featuredmedia":[{"embeddable":true,"href":"https:\/\/1truenote.com\/en\/wp-json\/wp\/v2\/media\/3858"}],"wp:attachment":[{"href":"https:\/\/1truenote.com\/en\/wp-json\/wp\/v2\/media?parent=3857"}],"wp:term":[{"taxonomy":"category","embeddable":true,"href":"https:\/\/1truenote.com\/en\/wp-json\/wp\/v2\/categories?post=3857"},{"taxonomy":"post_tag","embeddable":true,"href":"https:\/\/1truenote.com\/en\/wp-json\/wp\/v2\/tags?post=3857"}],"curies":[{"name":"wp","href":"https:\/\/api.w.org\/{rel}","templated":true}]}}