{"id":3853,"date":"2025-07-23T12:00:00","date_gmt":"2025-07-23T15:00:00","guid":{"rendered":"https:\/\/1truenote.com\/?p=3853"},"modified":"2025-09-26T12:51:38","modified_gmt":"2025-09-26T15:51:38","slug":"iluminacao-residencial-sustentavel-dicas-economizar","status":"publish","type":"post","link":"https:\/\/1truenote.com\/en\/iluminacao-residencial-sustentavel-dicas-economizar\/","title":{"rendered":"Ilumina\u00e7\u00e3o residencial sustent\u00e1vel: Como trazer conforto e economia para casa \ud83c\udf31"},"content":{"rendered":"<p>Ilumina\u00e7\u00e3o residencial sustent\u00e1vel. Voc\u00ea j\u00e1 pensou que a luz da sua casa pode ser bonita, funcional e amiga do planeta? A <strong>ilumina\u00e7\u00e3o residencial sustent\u00e1vel<\/strong> une est\u00e9tica, bem-estar e economia, tudo de um jeito f\u00e1cil de aplicar no dia a dia \u2014 sem precisar reformar a casa inteira.<\/p>\n\n\n\n<p>Se voc\u00ea quer um lar mais confort\u00e1vel, elegante e consciente, vamos juntos descobrir como acertar na luz, reduzir o consumo de energia e ainda valorizar cada ambiente!<\/p>\n\n\n\n<hr class=\"wp-block-separator has-alpha-channel-opacity\"\/>\n\n\n\n<h2 id='\ud83c\udf1e-priorize-a-luz-natural-o-recurso-mais-valioso'  class=\"wp-block-heading\">\ud83c\udf1e Priorize a luz natural \u2014 o recurso mais valioso<\/h2>\n\n\n\n<p>Comece usando bem o que j\u00e1 est\u00e1 ali: o sol!<\/p>\n\n\n\n<ul class=\"wp-block-list\">\n<li>Mantenha janelas limpas e livres de obst\u00e1culos<\/li>\n\n\n\n<li>Use cortinas leves que filtram o sol sem bloquear<\/li>\n\n\n\n<li>Pinte as paredes em tons claros para refletir a luz<\/li>\n<\/ul>\n\n\n\n<p>Esse simples ajuste reduz a necessidade de acender luz artificial durante o dia e traz um ambiente mais leve e acolhedor.<\/p>\n\n\n\n<hr class=\"wp-block-separator has-alpha-channel-opacity\"\/>\n\n\n\n<h2 id='\ud83d\udca1-led-efici\u00eancia-sem-abrir-m\u00e3o-do-encanto'  class=\"wp-block-heading\">\ud83d\udca1 LED: Efici\u00eancia sem abrir m\u00e3o do encanto<\/h2>\n\n\n\n<p>Trocar l\u00e2mpadas antigas por LED \u00e9 quase m\u00e1gico:<\/p>\n\n\n\n<ul class=\"wp-block-list\">\n<li><strong>Consomem at\u00e9 80% menos energia<\/strong> que as incandescentes<\/li>\n\n\n\n<li>Duram de 15.000\u202fa 40.000 horas \u2014 muito mais que outras l\u00e2mpadas<\/li>\n\n\n\n<li>Dispon\u00edveis em tons quentes, neutros e frios para cada necessidade<\/li>\n<\/ul>\n\n\n\n<p>Escolha modelos com selo de efici\u00eancia e evite o descarte incorreto das l\u00e2mpadas antigas.<\/p>\n\n\n\n<hr class=\"wp-block-separator has-alpha-channel-opacity\"\/>\n\n\n\n<h2 id='\ud83d\udd06-ilumina\u00e7\u00e3o-por-zonas-use-s\u00f3-o-que-precisa'  class=\"wp-block-heading\">\ud83d\udd06 Ilumina\u00e7\u00e3o por zonas: Use s\u00f3 o que precisa<\/h2>\n\n\n\n<p>Ilumina\u00e7\u00e3o residencial sustent\u00e1vel. Nem todo canto da casa precisa estar iluminado igualmente. Divida a ilumina\u00e7\u00e3o por zonas:<\/p>\n\n\n\n<ul class=\"wp-block-list\">\n<li><strong>Geral:<\/strong> luz uniforme no ambiente (plafon ou embutido)<\/li>\n\n\n\n<li><strong>Tarefa:<\/strong> ilumina\u00e7\u00e3o focalizada para estudo, cozinha, bancada<\/li>\n\n\n\n<li><strong>Acento:<\/strong> luz para destacar \u00e1reas, quadros ou m\u00f3veis<\/li>\n<\/ul>\n\n\n\n<p>Isso valoriza detalhes da decora\u00e7\u00e3o e economiza energia \u2014 j\u00e1 que voc\u00ea acende apenas o necess\u00e1rio.<\/p>\n\n\n\n<hr class=\"wp-block-separator has-alpha-channel-opacity\"\/>\n\n\n\n<h2 id='\ud83c\udf3f-materiais-eco-friendly-e-lumin\u00e1rias-com-prop\u00f3sito'  class=\"wp-block-heading\">\ud83c\udf3f Materiais eco-friendly e lumin\u00e1rias com prop\u00f3sito<\/h2>\n\n\n\n<p>Sustentabilidade tamb\u00e9m passa pelos materiais:<\/p>\n\n\n\n<ul class=\"wp-block-list\">\n<li>Opte por lumin\u00e1rias em madeira, metal reciclado ou vidro<\/li>\n\n\n\n<li>Prefira modelos desmont\u00e1veis e com pe\u00e7as reutiliz\u00e1veis<\/li>\n\n\n\n<li>Aposte em tecnologia sem fio: l\u00e2mpadas com sensor ou fita de LED controlada por app<\/li>\n<\/ul>\n\n\n\n<p>Al\u00e9m do visual bonito, voc\u00ea reduz lixo e potencializa a vida \u00fatil dos produtos.<\/p>\n\n\n\n<hr class=\"wp-block-separator has-alpha-channel-opacity\"\/>\n\n\n\n<h2 id='\ud83d\udcf6-automa\u00e7\u00e3o-modernidade-com-consci\u00eancia'  class=\"wp-block-heading\">\ud83d\udcf6 Automa\u00e7\u00e3o: Modernidade com consci\u00eancia<\/h2>\n\n\n\n<p>A tecnologia est\u00e1 a favor do planeta:<\/p>\n\n\n\n<ul class=\"wp-block-list\">\n<li>Sensores de presen\u00e7a garantem que a luz s\u00f3 acenda quando algu\u00e9m entra<\/li>\n\n\n\n<li>Dimmer permite ajustar a intensidade e economizar energia<\/li>\n\n\n\n<li>Sistemas controlados por app ajudam a monitorar o consumo e criar cen\u00e1rios de luz<\/li>\n<\/ul>\n\n\n\n<p>Com isso, sua casa fica mais confort\u00e1vel e econ\u00f4mica \u2014 a conta no final do m\u00eas agradece!<\/p>\n\n\n\n<hr class=\"wp-block-separator has-alpha-channel-opacity\"\/>\n\n\n\n<figure class=\"wp-block-image aligncenter size-medium\"><a href=\"https:\/\/chat.whatsapp.com\/KJBkp5LFJVRIvmt5X3hSEh\" target=\"_blank\" rel=\"noopener\"><img data-recalc-dims=\"1\" fetchpriority=\"high\" decoding=\"async\" width=\"200\" height=\"300\" src=\"https:\/\/i0.wp.com\/1truenote.com\/wp-content\/uploads\/2025\/06\/ChatGPT-Image-3-de-jun.-de-2025-19_04_53.png?resize=200%2C300&#038;ssl=1\" alt=\"chamada banner advetorial whats\" class=\"wp-image-2683\" srcset=\"https:\/\/i0.wp.com\/1truenote.com\/wp-content\/uploads\/2025\/06\/ChatGPT-Image-3-de-jun.-de-2025-19_04_53.png?resize=200%2C300&amp;ssl=1 200w, https:\/\/i0.wp.com\/1truenote.com\/wp-content\/uploads\/2025\/06\/ChatGPT-Image-3-de-jun.-de-2025-19_04_53.png?resize=683%2C1024&amp;ssl=1 683w, https:\/\/i0.wp.com\/1truenote.com\/wp-content\/uploads\/2025\/06\/ChatGPT-Image-3-de-jun.-de-2025-19_04_53.png?resize=768%2C1152&amp;ssl=1 768w, https:\/\/i0.wp.com\/1truenote.com\/wp-content\/uploads\/2025\/06\/ChatGPT-Image-3-de-jun.-de-2025-19_04_53.png?resize=150%2C225&amp;ssl=1 150w, https:\/\/i0.wp.com\/1truenote.com\/wp-content\/uploads\/2025\/06\/ChatGPT-Image-3-de-jun.-de-2025-19_04_53.png?w=1024&amp;ssl=1 1024w\" sizes=\"(max-width: 200px) 100vw, 200px\" \/><\/a><\/figure>\n\n\n\n<hr class=\"wp-block-separator has-alpha-channel-opacity\"\/>\n\n\n\n<h2 id='\ud83c\udf1f-tabela-r\u00e1pida-resumo-sustent\u00e1vel'  class=\"wp-block-heading\">\ud83c\udf1f Tabela r\u00e1pida: Resumo sustent\u00e1vel<\/h2>\n\n\n\n<figure class=\"wp-block-table\"><table class=\"has-fixed-layout\"><thead><tr><th>Estrat\u00e9gia<\/th><th>Benef\u00edcios principais<\/th><\/tr><\/thead><tbody><tr><td>Luz natural<\/td><td>Economia de energia + ambiente mais gostoso<\/td><\/tr><tr><td>L\u00e2mpadas LED<\/td><td>Baixo consumo, longa durabilidade, varia\u00e7\u00f5es<\/td><\/tr><tr><td>Ilumina\u00e7\u00e3o por zonas<\/td><td>Funcionalidade + economia<\/td><\/tr><tr><td>Materiais eco-friendly<\/td><td>Redu\u00e7\u00e3o de lixo + visual diferenciado<\/td><\/tr><tr><td>Automa\u00e7\u00e3o e sensores<\/td><td>Comodidade + control sobre o consumo<\/td><\/tr><\/tbody><\/table><\/figure>\n\n\n\n<hr class=\"wp-block-separator has-alpha-channel-opacity\"\/>\n\n\n\n<a href=\"https:\/\/1truenote.com\/en\/cadeira-eames-como-usar-na-decoracao\/\" style=\"text-decoration: none;\">\n  <div style=\"display: flex; justify-content: space-between; align-items: center; background: #d44a00; padding: 12px 20px; color: white; font-family: Arial, sans-serif;\">\n    <strong style=\"color: black;\">READ ALSO:<\/strong>\n    <span style=\"margin-left: 8px; flex: 1;\">Cadeira Eames<\/span>\n    <div style=\"background: #f2802f; padding: 8px 12px; border-radius: 2px; margin-left: 10px;\">\n      <span style=\"color: white; font-weight: bold;\">\u27a4<\/span>\n    <\/div>\n  <\/div>\n<\/a>\n\n\n\n<hr class=\"wp-block-separator has-alpha-channel-opacity\"\/>\n\n\n\n<h2 id='\ud83c\udfa5-quer-ver-tudo-em-a\u00e7\u00e3o'  class=\"wp-block-heading\">\ud83c\udfa5 Quer ver tudo em a\u00e7\u00e3o?<\/h2>\n\n\n\n<p>\ud83d\udcf9 Assista a este v\u00eddeo: <em>Ilumina\u00e7\u00e3o residencial sustent\u00e1vel para cada ambiente da casa<\/em> (busque por v\u00eddeo no YouTube da categoria \u201cilumina\u00e7\u00e3o sustent\u00e1vel\u201d). Ele traz exemplos visuais e passo a passo para cada c\u00f4modo!<\/p>\n\n\n\n<figure class=\"wp-block-embed aligncenter is-type-video is-provider-youtube wp-block-embed-youtube wp-embed-aspect-16-9 wp-has-aspect-ratio\"><div class=\"wp-block-embed__wrapper\">\n<iframe title=\"Como fazer uma ilumina\u00e7\u00e3o sustent\u00e1vel para o quarto | Dica de Reforma | Maur\u00edcio Arruda\" width=\"720\" height=\"405\" src=\"https:\/\/www.youtube.com\/embed\/D1jprDpgZbk?feature=oembed\" frameborder=\"0\" allow=\"accelerometer; autoplay; clipboard-write; encrypted-media; gyroscope; picture-in-picture; web-share\" referrerpolicy=\"strict-origin-when-cross-origin\" allowfullscreen><\/iframe>\n<\/div><\/figure>\n\n\n\n<hr class=\"wp-block-separator has-alpha-channel-opacity\"\/>\n\n\n\n<h2 id='ilumine-a-casa-com-consci\u00eancia'  class=\"wp-block-heading\">Ilumine a casa com consci\u00eancia<\/h2>\n\n\n\n<p>A <strong>ilumina\u00e7\u00e3o residencial sustent\u00e1vel<\/strong> \u00e9 mais do que economia de luz \u2014 \u00e9 sobre criar um lar bonito, saud\u00e1vel e conectado com o planeta. Com luz natural, LEDs, planejamento por zonas e automa\u00e7\u00e3o, voc\u00ea transforma sua casa (e o mundo ao seu redor).<\/p>\n\n\n\n<p>Comece com uma l\u00e2mpada LED aqui, um sensor ali. Cada gesto conta.<\/p>\n\n\n\n<p>\u2728 Quer ajuda para planejar a ilumina\u00e7\u00e3o da sua casa? Gostou da ilumina\u00e7\u00e3o residencial sustent\u00e1vel? Posso criar um mini-guia personalizado, \u00e9 s\u00f3 me pedir!<\/p>\n\n\n\n<hr class=\"wp-block-separator has-alpha-channel-opacity\"\/>\n\n\n\n<a href=\"https:\/\/1truenote.com\/en\/cadeira-eames-como-usar-na-decoracao\/\" style=\"text-decoration: none;\">\n  <div style=\"display: flex; justify-content: space-between; align-items: center; background: #d44a00; padding: 12px 20px; color: white; font-family: Arial, sans-serif;\">\n    <strong style=\"color: black;\">READ ALSO:<\/strong>\n    <span style=\"margin-left: 8px; flex: 1;\">Cadeira Eames<\/span>\n    <div style=\"background: #f2802f; padding: 8px 12px; border-radius: 2px; margin-left: 10px;\">\n      <span style=\"color: white; font-weight: bold;\">\u27a4<\/span>\n    <\/div>\n  <\/div>\n<\/a>\n\n\n\n\n<hr class=\"wp-block-separator has-alpha-channel-opacity\"\/>\n\n\n\n<h2 id='faq-tirando-suas-d\u00favidas-sobre-ilumina\u00e7\u00e3o-residencial-sustent\u00e1vel'  class=\"wp-block-heading\">FAQ \u2013 Tirando suas d\u00favidas sobre ilumina\u00e7\u00e3o residencial sustent\u00e1vel<\/h2>\n\n\n<div id=\"rank-math-faq\" class=\"rank-math-block\">\n<div class=\"rank-math-list\">\n<div id=\"faq-question-1753277135094\" class=\"rank-math-list-item\">\n<h3 id='vale-trocar-todas-as-l\u00e2mpadas-por-led'  class=\"rank-math-question\">Vale trocar todas as l\u00e2mpadas por LED?<\/h3>\n<div class=\"rank-math-answer\">\n\n<p>Sim! LEDs consomem menos e duram muito mais. A troca por l\u00e2mpadas eficientes \u00e9 a mudan\u00e7a com maior impacto sustent\u00e1vel.<\/p>\n\n<\/div>\n<\/div>\n<div id=\"faq-question-1753277136322\" class=\"rank-math-list-item\">\n<h3 id='como-harmonizar-luz-quente-e-fria'  class=\"rank-math-question\">Como harmonizar luz quente e fria?<\/h3>\n<div class=\"rank-math-answer\">\n\n<p>Use luz fria (4000\u20116000\u202fK) em \u00e1reas de tarefa (cozinha, escrit\u00f3rio) e luz quente (2700\u20113000\u202fK) para criar atmosfera aconchegante na sala e nos quartos.<\/p>\n\n<\/div>\n<\/div>\n<div id=\"faq-question-1753277136886\" class=\"rank-math-list-item\">\n<h3 id='posso-instalar-sensores-em-casa-mesmo-sem-reforma'  class=\"rank-math-question\">Posso instalar sensores em casa mesmo sem reforma?<\/h3>\n<div class=\"rank-math-answer\">\n\n<p>Claro! Existem solu\u00e7\u00f5es sem fio, com pilhas ou energia solar, que podem ser fixadas em qualquer ambiente.<\/p>\n\n<\/div>\n<\/div>\n<div id=\"faq-question-1753277138104\" class=\"rank-math-list-item\">\n<h3 id='as-lumin\u00e1rias-led-embutidas-s\u00e3o-sustent\u00e1veis'  class=\"rank-math-question\">As lumin\u00e1rias LED embutidas s\u00e3o sustent\u00e1veis?<\/h3>\n<div class=\"rank-math-answer\">\n\n<p>Sim! Elas s\u00e3o eficientes, dur\u00e1veis e consomem pouca energia. S\u00f3 garanta que sejam de baixo consumo e extra\u00edveis em caso de reparo.<\/p>\n\n<\/div>\n<\/div>\n<div id=\"faq-question-1753277178494\" class=\"rank-math-list-item\">\n<h3 id='como-descartar-l\u00e2mpadas-corretamente'  class=\"rank-math-question\">Como descartar l\u00e2mpadas corretamente?<\/h3>\n<div class=\"rank-math-answer\">\n\n<p>Leve em pontos de coleta espec\u00edficos em supermercados, lojas de materiais de constru\u00e7\u00e3o ou centros de reciclagem \u2014 nunca jogue no lixo comum.<\/p>\n\n<\/div>\n<\/div>\n<\/div>\n<\/div>\n\n\n<figure class=\"wp-block-image aligncenter size-large\"><img data-recalc-dims=\"1\" decoding=\"async\" width=\"1024\" height=\"683\" src=\"https:\/\/i0.wp.com\/1truenote.com\/wp-content\/uploads\/2025\/07\/ChatGPT-Image-23-de-jul.-de-2025-10_56_31.png?resize=1024%2C683&#038;ssl=1\" alt=\"ilumina\u00e7\u00e3o residencial sustent\u00e1vel\" class=\"wp-image-3855\" srcset=\"https:\/\/i0.wp.com\/1truenote.com\/wp-content\/uploads\/2025\/07\/ChatGPT-Image-23-de-jul.-de-2025-10_56_31.png?resize=1024%2C683&amp;ssl=1 1024w, https:\/\/i0.wp.com\/1truenote.com\/wp-content\/uploads\/2025\/07\/ChatGPT-Image-23-de-jul.-de-2025-10_56_31.png?resize=300%2C200&amp;ssl=1 300w, https:\/\/i0.wp.com\/1truenote.com\/wp-content\/uploads\/2025\/07\/ChatGPT-Image-23-de-jul.-de-2025-10_56_31.png?resize=768%2C512&amp;ssl=1 768w, https:\/\/i0.wp.com\/1truenote.com\/wp-content\/uploads\/2025\/07\/ChatGPT-Image-23-de-jul.-de-2025-10_56_31.png?resize=18%2C12&amp;ssl=1 18w, https:\/\/i0.wp.com\/1truenote.com\/wp-content\/uploads\/2025\/07\/ChatGPT-Image-23-de-jul.-de-2025-10_56_31.png?resize=150%2C100&amp;ssl=1 150w, https:\/\/i0.wp.com\/1truenote.com\/wp-content\/uploads\/2025\/07\/ChatGPT-Image-23-de-jul.-de-2025-10_56_31.png?w=1536&amp;ssl=1 1536w\" sizes=\"(max-width: 1024px) 100vw, 1024px\" \/><\/figure>","protected":false},"excerpt":{"rendered":"<p>Ilumina\u00e7\u00e3o residencial sustent\u00e1vel. Voc\u00ea j\u00e1 pensou que a luz da sua casa pode ser bonita, funcional e amiga do planeta?&#8230;<\/p>","protected":false},"author":1,"featured_media":3855,"comment_status":"open","ping_status":"open","sticky":false,"template":"","format":"standard","meta":{"_kad_post_transparent":"","_kad_post_title":"","_kad_post_layout":"","_kad_post_sidebar_id":"","_kad_post_content_style":"","_kad_post_vertical_padding":"","_kad_post_feature":"","_kad_post_feature_position":"","_kad_post_header":false,"_kad_post_footer":false,"_kad_post_classname":"","footnotes":"","jetpack_publicize_message":"Ilumina\u00e7\u00e3o residencial sustent\u00e1vel. Voc\u00ea j\u00e1 pensou que a luz da sua casa pode ser bonita, funcional e amiga do planeta? A ilumina\u00e7\u00e3o residencial sustent\u00e1vel une est\u00e9tica, bem-estar e economia, tudo de um jeito f\u00e1cil de aplicar no dia a dia \u2014 sem precisar reformar a casa inteira.\n\n#carvalhoconsultoriabrasil #truenote #decor #decoracao #sala #iluminacao #luz #sustatavel","jetpack_publicize_feature_enabled":true,"jetpack_social_post_already_shared":true,"jetpack_social_options":{"image_generator_settings":{"template":"highway","default_image_id":0,"enabled":false},"version":2}},"categories":[16,1],"tags":[13,14],"class_list":["post-3853","post","type-post","status-publish","format-standard","has-post-thumbnail","hentry","category-casa-e-jardim","category-novidades","tag-minimalista","tag-interiores-inovadores"],"jetpack_publicize_connections":[],"jetpack_featured_media_url":"https:\/\/i0.wp.com\/1truenote.com\/wp-content\/uploads\/2025\/07\/ChatGPT-Image-23-de-jul.-de-2025-10_56_31.png?fit=1536%2C1024&ssl=1","jetpack_sharing_enabled":true,"_links":{"self":[{"href":"https:\/\/1truenote.com\/en\/wp-json\/wp\/v2\/posts\/3853","targetHints":{"allow":["GET"]}}],"collection":[{"href":"https:\/\/1truenote.com\/en\/wp-json\/wp\/v2\/posts"}],"about":[{"href":"https:\/\/1truenote.com\/en\/wp-json\/wp\/v2\/types\/post"}],"author":[{"embeddable":true,"href":"https:\/\/1truenote.com\/en\/wp-json\/wp\/v2\/users\/1"}],"replies":[{"embeddable":true,"href":"https:\/\/1truenote.com\/en\/wp-json\/wp\/v2\/comments?post=3853"}],"version-history":[{"count":1,"href":"https:\/\/1truenote.com\/en\/wp-json\/wp\/v2\/posts\/3853\/revisions"}],"predecessor-version":[{"id":3856,"href":"https:\/\/1truenote.com\/en\/wp-json\/wp\/v2\/posts\/3853\/revisions\/3856"}],"wp:featuredmedia":[{"embeddable":true,"href":"https:\/\/1truenote.com\/en\/wp-json\/wp\/v2\/media\/3855"}],"wp:attachment":[{"href":"https:\/\/1truenote.com\/en\/wp-json\/wp\/v2\/media?parent=3853"}],"wp:term":[{"taxonomy":"category","embeddable":true,"href":"https:\/\/1truenote.com\/en\/wp-json\/wp\/v2\/categories?post=3853"},{"taxonomy":"post_tag","embeddable":true,"href":"https:\/\/1truenote.com\/en\/wp-json\/wp\/v2\/tags?post=3853"}],"curies":[{"name":"wp","href":"https:\/\/api.w.org\/{rel}","templated":true}]}}