{"id":3850,"date":"2025-07-22T16:00:00","date_gmt":"2025-07-22T19:00:00","guid":{"rendered":"https:\/\/1truenote.com\/?p=3850"},"modified":"2025-09-26T12:51:48","modified_gmt":"2025-09-26T15:51:48","slug":"cadeira-eames-como-usar-na-decoracao","status":"publish","type":"post","link":"https:\/\/1truenote.com\/en\/cadeira-eames-como-usar-na-decoracao\/","title":{"rendered":"Cadeira Eames: Um cl\u00e1ssico do design que nunca sai de cena"},"content":{"rendered":"<p>Cadeira Eames. Voc\u00ea pode at\u00e9 n\u00e3o conhecer o nome, mas com certeza j\u00e1 viu por a\u00ed. A cadeira Eames, com seu assento curvo e base elegante, conquistou casas, caf\u00e9s, escrit\u00f3rios e ateli\u00eas no mundo todo. E o motivo \u00e9 simples: Ela \u00e9 um \u00edcone que une beleza, funcionalidade e hist\u00f3ria.<\/p>\n\n\n\n<p>Quer saber como usar esse cl\u00e1ssico no seu d\u00e9cor? Ent\u00e3o vem que eu te conto tudo \u2014 com ideias que cabem em qualquer estilo de casa (e de vida).<\/p>\n\n\n\n<hr class=\"wp-block-separator has-alpha-channel-opacity\"\/>\n\n\n\n<h2 id='a-origem-de-um-\u00edcone-do-design-cadeira-eames'  class=\"wp-block-heading\">A origem de um \u00edcone do design &#8211; Cadeira Eames<\/h2>\n\n\n\n<p>A cadeira Eames foi criada em 1951 pelo casal Charles e Ray Eames, dois nomes que revolucionaram o design moderno. A proposta era ousada para a \u00e9poca: uma cadeira ergon\u00f4mica, acess\u00edvel e produzida com materiais inovadores, como a fibra de vidro moldada.<\/p>\n\n\n\n<p>Deu t\u00e3o certo que, mesmo depois de 70 anos, ela segue atual \u2014 em diferentes vers\u00f5es, cores e acabamentos.<\/p>\n\n\n\n<hr class=\"wp-block-separator has-alpha-channel-opacity\"\/>\n\n\n\n<h2 id='por-que-a-cadeira-eames-virou-queridinha-da-decora\u00e7\u00e3o'  class=\"wp-block-heading\">Por que a cadeira Eames virou queridinha da decora\u00e7\u00e3o?<\/h2>\n\n\n\n<p>A resposta \u00e9 simples: ela vai bem com tudo.<\/p>\n\n\n\n<ul class=\"wp-block-list\">\n<li>Combina com ambientes modernos, r\u00fasticos e at\u00e9 cl\u00e1ssicos<\/li>\n\n\n\n<li>\u00c9 confort\u00e1vel para sentar por horas (perfeita para home office ou jantar com amigos)<\/li>\n\n\n\n<li>Tem vers\u00f5es com ou sem bra\u00e7os, base de madeira ou metal, estofada ou lisa<\/li>\n<\/ul>\n\n\n\n<p>E mais: voc\u00ea encontra modelos inspirados por um \u00f3timo custo-benef\u00edcio \u2014 uma forma de trazer design para o dia a dia sem estourar o or\u00e7amento.<\/p>\n\n\n\n<hr class=\"wp-block-separator has-alpha-channel-opacity\"\/>\n\n\n\n<h2 id='onde-usar-a-cadeira-eames-inspira\u00e7\u00f5es-pr\u00e1ticas-e-estilosas'  class=\"wp-block-heading\">Onde usar a cadeira Eames? Inspira\u00e7\u00f5es pr\u00e1ticas e estilosas<\/h2>\n\n\n\n<h3 id='1-sala-de-jantar-com-charme-atemporal'  class=\"wp-block-heading\">1. Sala de jantar com charme atemporal<\/h3>\n\n\n\n<p>Combine cadeiras Eames brancas ou transparentes com uma mesa de madeira ou m\u00e1rmore. O contraste de materiais cria um visual leve e sofisticado.<\/p>\n\n\n\n<h3 id='2-escrit\u00f3rio-com-design-inteligente'  class=\"wp-block-heading\">2. Escrit\u00f3rio com design inteligente<\/h3>\n\n\n\n<p>No home office, aposte na vers\u00e3o com bra\u00e7os e estofado. Al\u00e9m de estilosa, ela garante conforto em longas jornadas de trabalho.<\/p>\n\n\n\n<h3 id='3-quarto-com-toque-criativo'  class=\"wp-block-heading\">3. Quarto com toque criativo<\/h3>\n\n\n\n<p>Na penteadeira ou na escrivaninha do quarto, a Eames entra como elemento funcional e decorativo. Tons pastel ficam lindos nesse ambiente.<\/p>\n\n\n\n<figure class=\"wp-block-image aligncenter size-medium\"><a href=\"https:\/\/chat.whatsapp.com\/KJBkp5LFJVRIvmt5X3hSEh\" target=\"_blank\" rel=\"noopener\"><img data-recalc-dims=\"1\" fetchpriority=\"high\" decoding=\"async\" width=\"200\" height=\"300\" src=\"https:\/\/i0.wp.com\/1truenote.com\/wp-content\/uploads\/2025\/06\/ChatGPT-Image-3-de-jun.-de-2025-19_04_53.png?resize=200%2C300&#038;ssl=1\" alt=\"chamada banner advetorial whats\" class=\"wp-image-2683\" srcset=\"https:\/\/i0.wp.com\/1truenote.com\/wp-content\/uploads\/2025\/06\/ChatGPT-Image-3-de-jun.-de-2025-19_04_53.png?resize=200%2C300&amp;ssl=1 200w, https:\/\/i0.wp.com\/1truenote.com\/wp-content\/uploads\/2025\/06\/ChatGPT-Image-3-de-jun.-de-2025-19_04_53.png?resize=683%2C1024&amp;ssl=1 683w, https:\/\/i0.wp.com\/1truenote.com\/wp-content\/uploads\/2025\/06\/ChatGPT-Image-3-de-jun.-de-2025-19_04_53.png?resize=768%2C1152&amp;ssl=1 768w, https:\/\/i0.wp.com\/1truenote.com\/wp-content\/uploads\/2025\/06\/ChatGPT-Image-3-de-jun.-de-2025-19_04_53.png?resize=150%2C225&amp;ssl=1 150w, https:\/\/i0.wp.com\/1truenote.com\/wp-content\/uploads\/2025\/06\/ChatGPT-Image-3-de-jun.-de-2025-19_04_53.png?w=1024&amp;ssl=1 1024w\" sizes=\"(max-width: 200px) 100vw, 200px\" \/><\/a><\/figure>\n\n\n\n<h3 id='4-varanda-que-vira-cantinho-de-caf\u00e9'  class=\"wp-block-heading\">4. Varanda que vira cantinho de caf\u00e9<\/h3>\n\n\n\n<p>J\u00e1 pensou em usar duas cadeiras Eames com uma mesinha na varanda? Um charme s\u00f3 \u2014 e ideal para espa\u00e7os pequenos.<\/p>\n\n\n\n<h3 id='5-cozinha-com-estilo-retr\u00f4'  class=\"wp-block-heading\">5. Cozinha com estilo retr\u00f4<\/h3>\n\n\n\n<p>Modelos coloridos \u2014 como amarelo, azul ou verde-menta \u2014 d\u00e3o um toque divertido \u00e0 bancada ou \u00e0 mesa da cozinha.<\/p>\n\n\n\n<hr class=\"wp-block-separator has-alpha-channel-opacity\"\/>\n\n\n\n<a href=\"https:\/\/1truenote.com\/en\/varanda-pequena-decorada-transforme-seu-espaco\/\" style=\"text-decoration: none;\">\n  <div style=\"display: flex; justify-content: space-between; align-items: center; background: #d44a00; padding: 12px 20px; color: white; font-family: Arial, sans-serif;\">\n    <strong style=\"color: black;\">READ ALSO:<\/strong>\n    <span style=\"margin-left: 8px; flex: 1;\">Como transformar uma varanda<\/span>\n    <div style=\"background: #f2802f; padding: 8px 12px; border-radius: 2px; margin-left: 10px;\">\n      <span style=\"color: white; font-weight: bold;\">\u27a4<\/span>\n    <\/div>\n  <\/div>\n<\/a>\n\n\n\n<hr class=\"wp-block-separator has-alpha-channel-opacity\"\/>\n\n\n\n<h2 id='tabela-pr\u00e1tica-onde-e-como-usar-sua-eames'  class=\"wp-block-heading\">Tabela pr\u00e1tica: Onde e como usar sua Eames<\/h2>\n\n\n\n<figure class=\"wp-block-table\"><table class=\"has-fixed-layout\"><thead><tr><th>Ambiente<\/th><th>Modelo Ideal<\/th><th>Dica Extra<\/th><\/tr><\/thead><tbody><tr><td>Sala de jantar<\/td><td>Sem bra\u00e7os, base de madeira<\/td><td>Aposte em cores neutras ou mix de tons<\/td><\/tr><tr><td>Home office<\/td><td>Com bra\u00e7os e estofada<\/td><td>Prefira modelos ergon\u00f4micos<\/td><\/tr><tr><td>Quarto<\/td><td>Compacta, em cor suave<\/td><td>Use com mesa de estudos ou penteadeira<\/td><\/tr><tr><td>Varanda<\/td><td>Pl\u00e1stica ou colorida<\/td><td>Combine com plantas e luz suave<\/td><\/tr><tr><td>Cozinha<\/td><td>Colorida, base met\u00e1lica<\/td><td>Crie contraste com o piso ou arm\u00e1rios<\/td><\/tr><\/tbody><\/table><\/figure>\n\n\n\n<hr class=\"wp-block-separator has-alpha-channel-opacity\"\/>\n\n\n<div class=\"hostinger-affiliate-block-wrap\">\n            <div class=\"hostinger-affiliate-block-list-simple\">\n            <div class=\"hostinger-affiliate-block-list-simple__image\">\n                                        <a href=\"https:\/\/www.amazon.com.br\/dp\/B07TDFK6ZF?tag=joaopedro047-20\" target=\"_blank\" rel=\"sponsored noopener noreferrer\">\n                            <img decoding=\"async\" src=\"https:\/\/m.media-amazon.com\/images\/I\/31C-q2H-dKL.jpg\" alt=\"Conjunto 02 Cadeiras Eames Wood Leda Design - Nude\">\n                        <\/a>\n                                <\/div>\n            <div class=\"hostinger-affiliate-block-list-simple__product-data\">\n                <div class=\"hostinger-affiliate-block-list-simple__product-info\">\n                                            <div class=\"hostinger-affiliate-block-list-simple__bestseller-label\">\n                                                        Bestseller #1                        <\/div>\n                                            <div class=\"hostinger-affiliate-block-list-simple__product-title\">\n                        <a href=\"https:\/\/www.amazon.com.br\/dp\/B07TDFK6ZF?tag=joaopedro047-20\" target=\"_blank\" rel=\"sponsored noopener noreferrer\">\n                            <h3 id='conjunto-02-cadeiras-eames-wood-leda-design-nude'>\n                                Conjunto 02 Cadeiras Eames Wood Leda Design &#8211; Nude                            <\/h3>\n                        <\/a>\n                    <\/div>\n                    <div class=\"hostinger-affiliate-block-list-simple__product-pricing\">\n                                                    <div class=\"hostinger-affiliate-block-list-simple__product-price\">\n                                R$347,98                            <\/div>\n                                                <\/div>\n                <\/div>\n                <div class=\"hostinger-affiliate-block-list-simple__product-actions\">\n                    <div>\n                        <a href=\"https:\/\/www.amazon.com.br\/dp\/B07TDFK6ZF?tag=joaopedro047-20\" class=\"hostinger-affiliate-block-list-simple__product-amazon-button\" target=\"_blank\" rel=\"sponsored noopener noreferrer\">\n    Buy on Amazon<\/a>\n                    <\/div>\n                <\/div>\n            <\/div>\n        <\/div>\n                <div class=\"hostinger-affiliate-block-list-simple\">\n            <div class=\"hostinger-affiliate-block-list-simple__image\">\n                                        <a href=\"https:\/\/www.amazon.com.br\/dp\/B0B7KB3R23?tag=joaopedro047-20\" target=\"_blank\" rel=\"sponsored noopener noreferrer\">\n                            <img decoding=\"async\" src=\"https:\/\/m.media-amazon.com\/images\/I\/31Y2LU1c6YL.jpg\" alt=\"Cadeira Eames Azul Bic - Base de Madeira Natural\">\n                        <\/a>\n                                <\/div>\n            <div class=\"hostinger-affiliate-block-list-simple__product-data\">\n                <div class=\"hostinger-affiliate-block-list-simple__product-info\">\n                                            <div class=\"hostinger-affiliate-block-list-simple__bestseller-label\">\n                                                        Bestseller #2                        <\/div>\n                                            <div class=\"hostinger-affiliate-block-list-simple__product-title\">\n                        <a href=\"https:\/\/www.amazon.com.br\/dp\/B0B7KB3R23?tag=joaopedro047-20\" target=\"_blank\" rel=\"sponsored noopener noreferrer\">\n                            <h3 id='cadeira-eames-azul-bic-base-de-madeira-natural'>\n                                Cadeira Eames Azul Bic &#8211; Base de Madeira Natural                            <\/h3>\n                        <\/a>\n                    <\/div>\n                    <div class=\"hostinger-affiliate-block-list-simple__product-pricing\">\n                                                    <div class=\"hostinger-affiliate-block-list-simple__product-price\">\n                                R$119,90                            <\/div>\n                                                <\/div>\n                <\/div>\n                <div class=\"hostinger-affiliate-block-list-simple__product-actions\">\n                    <div>\n                        <a href=\"https:\/\/www.amazon.com.br\/dp\/B0B7KB3R23?tag=joaopedro047-20\" class=\"hostinger-affiliate-block-list-simple__product-amazon-button\" target=\"_blank\" rel=\"sponsored noopener noreferrer\">\n    Buy on Amazon<\/a>\n                    <\/div>\n                <\/div>\n            <\/div>\n        <\/div>\n                <div class=\"hostinger-affiliate-block-list-simple\">\n            <div class=\"hostinger-affiliate-block-list-simple__image\">\n                                        <a href=\"https:\/\/www.amazon.com.br\/dp\/B0B8T56WRG?tag=joaopedro047-20\" target=\"_blank\" rel=\"sponsored noopener noreferrer\">\n                            <img decoding=\"async\" src=\"https:\/\/m.media-amazon.com\/images\/I\/31JshQScqTL.jpg\" alt=\"CADEIRA EAMES DSW INJETADO CX 1 - PP PRETO\">\n                        <\/a>\n                                <\/div>\n            <div class=\"hostinger-affiliate-block-list-simple__product-data\">\n                <div class=\"hostinger-affiliate-block-list-simple__product-info\">\n                                            <div class=\"hostinger-affiliate-block-list-simple__bestseller-label\">\n                                                        Bestseller #3                        <\/div>\n                                            <div class=\"hostinger-affiliate-block-list-simple__product-title\">\n                        <a href=\"https:\/\/www.amazon.com.br\/dp\/B0B8T56WRG?tag=joaopedro047-20\" target=\"_blank\" rel=\"sponsored noopener noreferrer\">\n                            <h3 id='cadeira-eames-dsw-injetado-cx-1-pp-preto'>\n                                CADEIRA EAMES DSW INJETADO CX 1 &#8211; PP PRETO                            <\/h3>\n                        <\/a>\n                    <\/div>\n                    <div class=\"hostinger-affiliate-block-list-simple__product-pricing\">\n                                                    <div class=\"hostinger-affiliate-block-list-simple__product-price\">\n                                R$114,90                            <\/div>\n                                                <\/div>\n                <\/div>\n                <div class=\"hostinger-affiliate-block-list-simple__product-actions\">\n                    <div>\n                        <a href=\"https:\/\/www.amazon.com.br\/dp\/B0B8T56WRG?tag=joaopedro047-20\" class=\"hostinger-affiliate-block-list-simple__product-amazon-button\" target=\"_blank\" rel=\"sponsored noopener noreferrer\">\n    Buy on Amazon<\/a>\n                    <\/div>\n                <\/div>\n            <\/div>\n        <\/div>\n                <div class=\"hostinger-affiliate-block-list-simple\">\n            <div class=\"hostinger-affiliate-block-list-simple__image\">\n                                        <a href=\"https:\/\/www.amazon.com.br\/dp\/B0CF3K24D8?tag=joaopedro047-20\" target=\"_blank\" rel=\"sponsored noopener noreferrer\">\n                            <img decoding=\"async\" src=\"https:\/\/m.media-amazon.com\/images\/I\/31QLj56WvbL.jpg\" alt=\"Loft7, Cadeira Leda Eames jantar cozinha com assento estofado\">\n                        <\/a>\n                                <\/div>\n            <div class=\"hostinger-affiliate-block-list-simple__product-data\">\n                <div class=\"hostinger-affiliate-block-list-simple__product-info\">\n                                            <div class=\"hostinger-affiliate-block-list-simple__bestseller-label\">\n                                                        Bestseller #4                        <\/div>\n                                            <div class=\"hostinger-affiliate-block-list-simple__product-title\">\n                        <a href=\"https:\/\/www.amazon.com.br\/dp\/B0CF3K24D8?tag=joaopedro047-20\" target=\"_blank\" rel=\"sponsored noopener noreferrer\">\n                            <h3 id='loft7-cadeira-leda-eames-jantar-cozinha-com-assento-estofado'>\n                                Loft7, Cadeira Leda Eames jantar cozinha com assento estofado                            <\/h3>\n                        <\/a>\n                    <\/div>\n                    <div class=\"hostinger-affiliate-block-list-simple__product-pricing\">\n                                                    <div class=\"hostinger-affiliate-block-list-simple__product-price\">\n                                R$178,19                            <\/div>\n                                                <\/div>\n                <\/div>\n                <div class=\"hostinger-affiliate-block-list-simple__product-actions\">\n                    <div>\n                        <a href=\"https:\/\/www.amazon.com.br\/dp\/B0CF3K24D8?tag=joaopedro047-20\" class=\"hostinger-affiliate-block-list-simple__product-amazon-button\" target=\"_blank\" rel=\"sponsored noopener noreferrer\">\n    Buy on Amazon<\/a>\n                    <\/div>\n                <\/div>\n            <\/div>\n        <\/div>\n                <div class=\"hostinger-affiliate-block-list-simple\">\n            <div class=\"hostinger-affiliate-block-list-simple__image\">\n                                        <a href=\"https:\/\/www.amazon.com.br\/dp\/B0DCLP4H2F?tag=joaopedro047-20\" target=\"_blank\" rel=\"sponsored noopener noreferrer\">\n                            <img decoding=\"async\" src=\"https:\/\/m.media-amazon.com\/images\/I\/31h4clEOvmL.jpg\" alt=\"Cadeira Charles Eames Eiffel DSW com p\u00e9s de madeira clara\">\n                        <\/a>\n                                <\/div>\n            <div class=\"hostinger-affiliate-block-list-simple__product-data\">\n                <div class=\"hostinger-affiliate-block-list-simple__product-info\">\n                                            <div class=\"hostinger-affiliate-block-list-simple__bestseller-label\">\n                                                        Bestseller #5                        <\/div>\n                                            <div class=\"hostinger-affiliate-block-list-simple__product-title\">\n                        <a href=\"https:\/\/www.amazon.com.br\/dp\/B0DCLP4H2F?tag=joaopedro047-20\" target=\"_blank\" rel=\"sponsored noopener noreferrer\">\n                            <h3 id='cadeira-charles-eames-eiffel-dsw-com-p\u00e9s-de-madeira-clara'>\n                                Cadeira Charles Eames Eiffel DSW com p\u00e9s de madeira clara                            <\/h3>\n                        <\/a>\n                    <\/div>\n                    <div class=\"hostinger-affiliate-block-list-simple__product-pricing\">\n                                                    <div class=\"hostinger-affiliate-block-list-simple__product-price\">\n                                R$142,49                            <\/div>\n                                                <\/div>\n                <\/div>\n                <div class=\"hostinger-affiliate-block-list-simple__product-actions\">\n                    <div>\n                        <a href=\"https:\/\/www.amazon.com.br\/dp\/B0DCLP4H2F?tag=joaopedro047-20\" class=\"hostinger-affiliate-block-list-simple__product-amazon-button\" target=\"_blank\" rel=\"sponsored noopener noreferrer\">\n    Buy on Amazon<\/a>\n                    <\/div>\n                <\/div>\n            <\/div>\n        <\/div>\n                <div class=\"hostinger-affiliate-block-list-simple\">\n            <div class=\"hostinger-affiliate-block-list-simple__image\">\n                                        <a href=\"https:\/\/www.amazon.com.br\/dp\/B0BGQMBBWP?tag=joaopedro047-20\" target=\"_blank\" rel=\"sponsored noopener noreferrer\">\n                            <img decoding=\"async\" src=\"https:\/\/m.media-amazon.com\/images\/I\/317yzysz2KL.jpg\" alt=\"CADEIRA EAMES DSW INJETADO CX 1 - PP ROSA\">\n                        <\/a>\n                                <\/div>\n            <div class=\"hostinger-affiliate-block-list-simple__product-data\">\n                <div class=\"hostinger-affiliate-block-list-simple__product-info\">\n                                            <div class=\"hostinger-affiliate-block-list-simple__bestseller-label\">\n                                                        Bestseller #6                        <\/div>\n                                            <div class=\"hostinger-affiliate-block-list-simple__product-title\">\n                        <a href=\"https:\/\/www.amazon.com.br\/dp\/B0BGQMBBWP?tag=joaopedro047-20\" target=\"_blank\" rel=\"sponsored noopener noreferrer\">\n                            <h3 id='cadeira-eames-dsw-injetado-cx-1-pp-rosa'>\n                                CADEIRA EAMES DSW INJETADO CX 1 &#8211; PP ROSA                            <\/h3>\n                        <\/a>\n                    <\/div>\n                    <div class=\"hostinger-affiliate-block-list-simple__product-pricing\">\n                                                    <div class=\"hostinger-affiliate-block-list-simple__product-price\">\n                                R$119,90                            <\/div>\n                                                <\/div>\n                <\/div>\n                <div class=\"hostinger-affiliate-block-list-simple__product-actions\">\n                    <div>\n                        <a href=\"https:\/\/www.amazon.com.br\/dp\/B0BGQMBBWP?tag=joaopedro047-20\" class=\"hostinger-affiliate-block-list-simple__product-amazon-button\" target=\"_blank\" rel=\"sponsored noopener noreferrer\">\n    Buy on Amazon<\/a>\n                    <\/div>\n                <\/div>\n            <\/div>\n        <\/div>\n                <div class=\"hostinger-affiliate-block-list-simple\">\n            <div class=\"hostinger-affiliate-block-list-simple__image\">\n                                        <a href=\"https:\/\/www.amazon.com.br\/dp\/B0BGQMHY1H?tag=joaopedro047-20\" target=\"_blank\" rel=\"sponsored noopener noreferrer\">\n                            <img decoding=\"async\" src=\"https:\/\/m.media-amazon.com\/images\/I\/31TE+jHS-sL.jpg\" alt=\"CADEIRA EAMES DSW INJETADO CX 1 - PP FENDI\">\n                        <\/a>\n                                <\/div>\n            <div class=\"hostinger-affiliate-block-list-simple__product-data\">\n                <div class=\"hostinger-affiliate-block-list-simple__product-info\">\n                                            <div class=\"hostinger-affiliate-block-list-simple__bestseller-label\">\n                                                        Bestseller #7                        <\/div>\n                                            <div class=\"hostinger-affiliate-block-list-simple__product-title\">\n                        <a href=\"https:\/\/www.amazon.com.br\/dp\/B0BGQMHY1H?tag=joaopedro047-20\" target=\"_blank\" rel=\"sponsored noopener noreferrer\">\n                            <h3 id='cadeira-eames-dsw-injetado-cx-1-pp-fendi'>\n                                CADEIRA EAMES DSW INJETADO CX 1 &#8211; PP FENDI                            <\/h3>\n                        <\/a>\n                    <\/div>\n                    <div class=\"hostinger-affiliate-block-list-simple__product-pricing\">\n                                            <\/div>\n                <\/div>\n                <div class=\"hostinger-affiliate-block-list-simple__product-actions\">\n                    <div>\n                        <a href=\"https:\/\/www.amazon.com.br\/dp\/B0BGQMHY1H?tag=joaopedro047-20\" class=\"hostinger-affiliate-block-list-simple__product-amazon-button\" target=\"_blank\" rel=\"sponsored noopener noreferrer\">\n    Buy on Amazon<\/a>\n                    <\/div>\n                <\/div>\n            <\/div>\n        <\/div>\n        <\/div>\n\n\n\n<h2 id='muito-mais-que-uma-cadeira-bonita'  class=\"wp-block-heading\">Muito mais que uma cadeira bonita<\/h2>\n\n\n\n<p>Mais do que um objeto de desejo, a <strong>cadeira Eames<\/strong> \u00e9 uma pe\u00e7a cheia de significado. Ela traz hist\u00f3ria, design atemporal e versatilidade para dentro de casa. Seja na sala, no quarto, na varanda ou no escrit\u00f3rio, ela se encaixa com estilo e personalidade.<\/p>\n\n\n\n<p>\u2728 E o melhor: Ela conversa com seu jeito de viver \u2014 simples assim.<\/p>\n\n\n\n<p>Gostou de cadeira Eames? Que tal escolher a sua e transformar aquele cantinho da casa?<\/p>\n\n\n\n<hr class=\"wp-block-separator has-alpha-channel-opacity\"\/>\n\n\n\n<a href=\"https:\/\/1truenote.com\/en\/varanda-pequena-decorada-transforme-seu-espaco\/\" style=\"text-decoration: none;\">\n  <div style=\"display: flex; justify-content: space-between; align-items: center; background: #d44a00; padding: 12px 20px; color: white; font-family: Arial, sans-serif;\">\n    <strong style=\"color: black;\">READ ALSO:<\/strong>\n    <span style=\"margin-left: 8px; flex: 1;\">Como transformar uma varanda<\/span>\n    <div style=\"background: #f2802f; padding: 8px 12px; border-radius: 2px; margin-left: 10px;\">\n      <span style=\"color: white; font-weight: bold;\">\u27a4<\/span>\n    <\/div>\n  <\/div>\n<\/a>\n\n\n\n\n<hr class=\"wp-block-separator has-alpha-channel-opacity\"\/>\n\n\n\n<h2 id='faq-d\u00favidas-comuns-sobre-a-cadeira-eames'  class=\"wp-block-heading\">FAQ \u2013 D\u00favidas comuns sobre a cadeira Eames<\/h2>\n\n\n<div id=\"rank-math-faq\" class=\"rank-math-block\">\n<div class=\"rank-math-list\">\n<div id=\"faq-question-1753202567230\" class=\"rank-math-list-item\">\n<h3 id='a-cadeira-eames-\u00e9-confort\u00e1vel'  class=\"rank-math-question\">A cadeira Eames \u00e9 confort\u00e1vel?<\/h3>\n<div class=\"rank-math-answer\">\n\n<p>Sim! Mesmo sem estofado, o formato anat\u00f4mico do assento garante conforto \u2014 e h\u00e1 vers\u00f5es acolchoadas para quem busca mais maciez.<\/p>\n\n<\/div>\n<\/div>\n<div id=\"faq-question-1753202568067\" class=\"rank-math-list-item\">\n<h3 id='ela-\u00e9-resistente-para-uso-di\u00e1rio'  class=\"rank-math-question\">Ela \u00e9 resistente para uso di\u00e1rio?<\/h3>\n<div class=\"rank-math-answer\">\n\n<p>Muito. Os materiais usados (pl\u00e1stico, polipropileno ou fibra de vidro) s\u00e3o dur\u00e1veis e f\u00e1ceis de limpar.<\/p>\n\n<\/div>\n<\/div>\n<div id=\"faq-question-1753202568891\" class=\"rank-math-list-item\">\n<h3 id='posso-misturar-eames-com-outros-modelos'  class=\"rank-math-question\">Posso misturar Eames com outros modelos?<\/h3>\n<div class=\"rank-math-answer\">\n\n<p>Claro! O mix de cadeiras diferentes est\u00e1 super em alta. A Eames funciona bem com estilos r\u00fasticos, escandinavos ou contempor\u00e2neos.<\/p>\n\n<\/div>\n<\/div>\n<div id=\"faq-question-1753202569547\" class=\"rank-math-list-item\">\n<h3 id='onde-comprar-vers\u00f5es-acess\u00edveis'  class=\"rank-math-question\">Onde comprar vers\u00f5es acess\u00edveis?<\/h3>\n<div class=\"rank-math-answer\">\n\n<p>Hoje \u00e9 f\u00e1cil encontrar vers\u00f5es inspiradas em e-commerces e lojas de m\u00f3veis por valores acess\u00edveis, mantendo o visual original.<\/p>\n\n<\/div>\n<\/div>\n<div id=\"faq-question-1753202599306\" class=\"rank-math-list-item\">\n<h3 id='cabe-em-ambientes-pequenos'  class=\"rank-math-question\">Cabe em ambientes pequenos?<\/h3>\n<div class=\"rank-math-answer\">\n\n<p>Sim. A estrutura leve e a variedade de cores fazem dela uma \u00f3tima op\u00e7\u00e3o para otimizar espa\u00e7os compactos.<\/p>\n\n<\/div>\n<\/div>\n<\/div>\n<\/div>\n\n\n<figure class=\"wp-block-image aligncenter size-large\"><img data-recalc-dims=\"1\" decoding=\"async\" width=\"1024\" height=\"683\" src=\"https:\/\/i0.wp.com\/1truenote.com\/wp-content\/uploads\/2025\/07\/ChatGPT-Image-22-de-jul.-de-2025-14_07_03.png?resize=1024%2C683&#038;ssl=1\" alt=\"cadeira Eames\" class=\"wp-image-3851\" srcset=\"https:\/\/i0.wp.com\/1truenote.com\/wp-content\/uploads\/2025\/07\/ChatGPT-Image-22-de-jul.-de-2025-14_07_03.png?resize=1024%2C683&amp;ssl=1 1024w, https:\/\/i0.wp.com\/1truenote.com\/wp-content\/uploads\/2025\/07\/ChatGPT-Image-22-de-jul.-de-2025-14_07_03.png?resize=300%2C200&amp;ssl=1 300w, https:\/\/i0.wp.com\/1truenote.com\/wp-content\/uploads\/2025\/07\/ChatGPT-Image-22-de-jul.-de-2025-14_07_03.png?resize=768%2C512&amp;ssl=1 768w, https:\/\/i0.wp.com\/1truenote.com\/wp-content\/uploads\/2025\/07\/ChatGPT-Image-22-de-jul.-de-2025-14_07_03.png?resize=18%2C12&amp;ssl=1 18w, https:\/\/i0.wp.com\/1truenote.com\/wp-content\/uploads\/2025\/07\/ChatGPT-Image-22-de-jul.-de-2025-14_07_03.png?resize=150%2C100&amp;ssl=1 150w, https:\/\/i0.wp.com\/1truenote.com\/wp-content\/uploads\/2025\/07\/ChatGPT-Image-22-de-jul.-de-2025-14_07_03.png?w=1536&amp;ssl=1 1536w\" sizes=\"(max-width: 1024px) 100vw, 1024px\" \/><\/figure>","protected":false},"excerpt":{"rendered":"<p>Cadeira Eames. Voc\u00ea pode at\u00e9 n\u00e3o conhecer o nome, mas com certeza j\u00e1 viu por a\u00ed. A cadeira Eames, com&#8230;<\/p>","protected":false},"author":1,"featured_media":3851,"comment_status":"open","ping_status":"open","sticky":false,"template":"","format":"standard","meta":{"_kad_post_transparent":"","_kad_post_title":"","_kad_post_layout":"","_kad_post_sidebar_id":"","_kad_post_content_style":"","_kad_post_vertical_padding":"","_kad_post_feature":"","_kad_post_feature_position":"","_kad_post_header":false,"_kad_post_footer":false,"_kad_post_classname":"","footnotes":"","jetpack_publicize_message":"Cadeira Eames. Voc\u00ea pode at\u00e9 n\u00e3o conhecer o nome, mas com certeza j\u00e1 viu por a\u00ed. A cadeira Eames, com seu assento curvo e base elegante, conquistou casas, caf\u00e9s, escrit\u00f3rios e ateli\u00eas no mundo todo. E o motivo \u00e9 simples: Ela \u00e9 um \u00edcone que une beleza, funcionalidade e hist\u00f3ria.\n\n#carvalhoconsultoriabrasil #truenote #decor #decoracao #cadeira #cadeiraeames #eames","jetpack_publicize_feature_enabled":true,"jetpack_social_post_already_shared":true,"jetpack_social_options":{"image_generator_settings":{"template":"highway","default_image_id":0,"enabled":false},"version":2}},"categories":[16,1],"tags":[13,14,23],"class_list":["post-3850","post","type-post","status-publish","format-standard","has-post-thumbnail","hentry","category-casa-e-jardim","category-novidades","tag-minimalista","tag-interiores-inovadores","tag-produtos"],"jetpack_publicize_connections":[],"jetpack_featured_media_url":"https:\/\/i0.wp.com\/1truenote.com\/wp-content\/uploads\/2025\/07\/ChatGPT-Image-22-de-jul.-de-2025-14_07_03.png?fit=1536%2C1024&ssl=1","jetpack_sharing_enabled":true,"_links":{"self":[{"href":"https:\/\/1truenote.com\/en\/wp-json\/wp\/v2\/posts\/3850","targetHints":{"allow":["GET"]}}],"collection":[{"href":"https:\/\/1truenote.com\/en\/wp-json\/wp\/v2\/posts"}],"about":[{"href":"https:\/\/1truenote.com\/en\/wp-json\/wp\/v2\/types\/post"}],"author":[{"embeddable":true,"href":"https:\/\/1truenote.com\/en\/wp-json\/wp\/v2\/users\/1"}],"replies":[{"embeddable":true,"href":"https:\/\/1truenote.com\/en\/wp-json\/wp\/v2\/comments?post=3850"}],"version-history":[{"count":1,"href":"https:\/\/1truenote.com\/en\/wp-json\/wp\/v2\/posts\/3850\/revisions"}],"predecessor-version":[{"id":3852,"href":"https:\/\/1truenote.com\/en\/wp-json\/wp\/v2\/posts\/3850\/revisions\/3852"}],"wp:featuredmedia":[{"embeddable":true,"href":"https:\/\/1truenote.com\/en\/wp-json\/wp\/v2\/media\/3851"}],"wp:attachment":[{"href":"https:\/\/1truenote.com\/en\/wp-json\/wp\/v2\/media?parent=3850"}],"wp:term":[{"taxonomy":"category","embeddable":true,"href":"https:\/\/1truenote.com\/en\/wp-json\/wp\/v2\/categories?post=3850"},{"taxonomy":"post_tag","embeddable":true,"href":"https:\/\/1truenote.com\/en\/wp-json\/wp\/v2\/tags?post=3850"}],"curies":[{"name":"wp","href":"https:\/\/api.w.org\/{rel}","templated":true}]}}