{"id":3847,"date":"2025-07-22T14:00:00","date_gmt":"2025-07-22T17:00:00","guid":{"rendered":"https:\/\/1truenote.com\/?p=3847"},"modified":"2025-07-22T11:40:52","modified_gmt":"2025-07-22T14:40:52","slug":"horta-em-apartamento-guia-pratico","status":"publish","type":"post","link":"https:\/\/1truenote.com\/en\/horta-em-apartamento-guia-pratico\/","title":{"rendered":"Horta em apartamento: Transforme seu cantinho em um jardim urbano"},"content":{"rendered":"<p>Horta em apartamento. J\u00e1 pensou em colher temperos fresquinhos ali mesmo, no seu apartamento? Montar uma <strong>horta em apartamento<\/strong> \u00e9 uma ideia saborosa, terap\u00eautica e super pr\u00e1tica \u2014 e voc\u00ea pode fazer isso sem precisar de quintal, varanda grande ou reforma.<\/p>\n\n\n\n<p>Neste guia, vou te mostrar como iniciar uma hortinha, cuidar com carinho e aproveitar os benef\u00edcios no dia a dia. Vem comigo!<\/p>\n\n\n\n<hr class=\"wp-block-separator has-alpha-channel-opacity\"\/>\n\n\n\n<h2 id='\ud83c\udf1e-escolha-o-lugar-ideal-para-sua-horta'  class=\"wp-block-heading\">\ud83c\udf1e Escolha o lugar ideal para sua horta<\/h2>\n\n\n\n<p>O sucesso da sua horta come\u00e7a pelo local. Procure por:<\/p>\n\n\n\n<ul class=\"wp-block-list\">\n<li><strong>Luz natural<\/strong>: janelas ou varanda com pelo menos 4 horas de sol por dia<\/li>\n\n\n\n<li><strong>Ventila\u00e7\u00e3o<\/strong>: evita fungos e mant\u00e9m as plantas saud\u00e1veis<\/li>\n\n\n\n<li><strong>Acesso f\u00e1cil<\/strong>: perto de onde voc\u00ea passa o dia, para cuidar com mais frequ\u00eancia<\/li>\n<\/ul>\n\n\n\n<p>Mesmo sem varanda, escolher uma bancada pr\u00f3xima a uma janela j\u00e1 pode ser suficiente.<\/p>\n\n\n\n<hr class=\"wp-block-separator has-alpha-channel-opacity\"\/>\n\n\n\n<h2 id='\ud83c\udf31-vasos-e-substratos-o-base-do-cultivo'  class=\"wp-block-heading\">\ud83c\udf31 Vasos e substratos: O base do cultivo<\/h2>\n\n\n\n<p>Vasos certos fazem toda a diferen\u00e7a:<\/p>\n\n\n\n<ul class=\"wp-block-list\">\n<li><strong>Com furos e drenagem<\/strong>: evitem encharcar as ra\u00edzes<\/li>\n\n\n\n<li><strong>Autoirrig\u00e1veis ou com camada de argila<\/strong>: ajudam na reten\u00e7\u00e3o de umidade<\/li>\n\n\n\n<li><strong>Mistura ideal<\/strong>: 1 parte de terra vegetal, 1 parte de areia, 1 parte de composto org\u00e2nico garante nutri\u00e7\u00e3o equilibrada<\/li>\n<\/ul>\n\n\n\n<p>\u2728 Um truque que funciona bem: iniciar com brotos, que crescem r\u00e1pido e s\u00e3o mais f\u00e1ceis de monitorar.<\/p>\n\n\n\n<hr class=\"wp-block-separator has-alpha-channel-opacity\"\/>\n\n\n\n<h2 id='\ud83c\udf3f-estruturas-inteligentes-aproveite-cada-cent\u00edmetro'  class=\"wp-block-heading\">\ud83c\udf3f Estruturas inteligentes: Aproveite cada cent\u00edmetro<\/h2>\n\n\n\n<p>Em apartamentos, o espa\u00e7o \u00e9 valioso \u2014 por isso, use estruturas verticais ou suspensas:<\/p>\n\n\n\n<ul class=\"wp-block-list\">\n<li><strong>Horta vertical em treli\u00e7a ou palete<\/strong><\/li>\n\n\n\n<li><strong>Suportes suspensos ou prateleiras na parede<\/strong><\/li>\n\n\n\n<li><strong>Caixotes empilh\u00e1veis<\/strong><\/li>\n\n\n\n<li><strong>Mini estufa na varanda<\/strong> \u2014 pr\u00e1tica e charmosa<\/li>\n<\/ul>\n\n\n\n<p>Essas solu\u00e7\u00f5es otimizam o espa\u00e7o e d\u00e3o um toque decorativo incr\u00edvel.<\/p>\n\n\n\n<hr class=\"wp-block-separator has-alpha-channel-opacity\"\/>\n\n\n\n<figure class=\"wp-block-image aligncenter size-medium\"><a href=\"https:\/\/chat.whatsapp.com\/KJBkp5LFJVRIvmt5X3hSEh\" target=\"_blank\" rel=\"noopener\"><img data-recalc-dims=\"1\" fetchpriority=\"high\" decoding=\"async\" width=\"200\" height=\"300\" src=\"https:\/\/i0.wp.com\/1truenote.com\/wp-content\/uploads\/2025\/06\/ChatGPT-Image-3-de-jun.-de-2025-19_04_53.png?resize=200%2C300&#038;ssl=1\" alt=\"chamada banner advetorial whats\" class=\"wp-image-2683\" srcset=\"https:\/\/i0.wp.com\/1truenote.com\/wp-content\/uploads\/2025\/06\/ChatGPT-Image-3-de-jun.-de-2025-19_04_53.png?resize=200%2C300&amp;ssl=1 200w, https:\/\/i0.wp.com\/1truenote.com\/wp-content\/uploads\/2025\/06\/ChatGPT-Image-3-de-jun.-de-2025-19_04_53.png?resize=683%2C1024&amp;ssl=1 683w, https:\/\/i0.wp.com\/1truenote.com\/wp-content\/uploads\/2025\/06\/ChatGPT-Image-3-de-jun.-de-2025-19_04_53.png?resize=768%2C1152&amp;ssl=1 768w, https:\/\/i0.wp.com\/1truenote.com\/wp-content\/uploads\/2025\/06\/ChatGPT-Image-3-de-jun.-de-2025-19_04_53.png?resize=150%2C225&amp;ssl=1 150w, https:\/\/i0.wp.com\/1truenote.com\/wp-content\/uploads\/2025\/06\/ChatGPT-Image-3-de-jun.-de-2025-19_04_53.png?w=1024&amp;ssl=1 1024w\" sizes=\"(max-width: 200px) 100vw, 200px\" \/><\/a><\/figure>\n\n\n\n<hr class=\"wp-block-separator has-alpha-channel-opacity\"\/>\n\n\n\n<h2 id='\ud83c\udf45-o-que-plantar-escolha-certeira-para-espa\u00e7os-pequenos'  class=\"wp-block-heading\">\ud83c\udf45 O que plantar: Escolha certeira para espa\u00e7os pequenos<\/h2>\n\n\n\n<p>Algumas hortali\u00e7as se d\u00e3o melhor em vasos compactos:<\/p>\n\n\n\n<ul class=\"wp-block-list\">\n<li><strong>Ervas<\/strong>: manjeric\u00e3o, hortel\u00e3, alecrim, tomilho, cebolinha<\/li>\n\n\n\n<li><strong>Folhas<\/strong>: alface, r\u00facula, espinafre<\/li>\n\n\n\n<li><strong>Brotos e microverdes<\/strong>: altamente nutritivos e crescem r\u00e1pido<\/li>\n<\/ul>\n\n\n\n<p>Com plantas de crescimento r\u00e1pido, voc\u00ea j\u00e1 sente o cheirinho e o sabor no prato em poucas semanas.<\/p>\n\n\n\n<hr class=\"wp-block-separator has-alpha-channel-opacity\"\/>\n\n\n\n<h2 id='\ud83d\udca7-cuidados-que-fazem-a-diferen\u00e7a'  class=\"wp-block-heading\">\ud83d\udca7 Cuidados que fazem a diferen\u00e7a<\/h2>\n\n\n\n<p>Para manter sua horta saud\u00e1vel:<\/p>\n\n\n\n<ul class=\"wp-block-list\">\n<li>Regue quando o solo estiver seco \u2014 evite encharcar<\/li>\n\n\n\n<li>Use substrato com boa drenagem<\/li>\n\n\n\n<li>Fa\u00e7a aduba\u00e7\u00f5es a cada 30\u201340 dias com composto ou org\u00e2nico<\/li>\n\n\n\n<li>Verifique folhas e caules regularmente \u2014 remo\u00e7\u00e3o de folhas danificadas evita pragas<\/li>\n<\/ul>\n\n\n\n<p>\u00c9 um cuidado di\u00e1rio, mas muito recompensador.<\/p>\n\n\n\n<hr class=\"wp-block-separator has-alpha-channel-opacity\"\/>\n\n\n\n<a href=\"https:\/\/1truenote.com\/en\/projeto-de-construcao-etapas-e-dicas\/\" style=\"text-decoration: none;\">\n  <div style=\"display: flex; justify-content: space-between; align-items: center; background: #d44a00; padding: 12px 20px; color: white; font-family: Arial, sans-serif;\">\n    <strong style=\"color: black;\">READ ALSO:<\/strong>\n    <span style=\"margin-left: 8px; flex: 1;\">Os segredos do projeto de constru\u00e7\u00e3o<\/span>\n    <div style=\"background: #f2802f; padding: 8px 12px; border-radius: 2px; margin-left: 10px;\">\n      <span style=\"color: white; font-weight: bold;\">\u27a4<\/span>\n    <\/div>\n  <\/div>\n<\/a>\n\n\n\n<hr class=\"wp-block-separator has-alpha-channel-opacity\"\/>\n\n\n\n<h2 id='\ud83c\udf1f-tabela-guia-pr\u00e1tico-para-sua-horta-em-apartamento'  class=\"wp-block-heading\">\ud83c\udf1f Tabela: Guia pr\u00e1tico para sua horta em apartamento<\/h2>\n\n\n\n<figure class=\"wp-block-table\"><table class=\"has-fixed-layout\"><thead><tr><th>Etapa<\/th><th>O que fazer<\/th><\/tr><\/thead><tbody><tr><td>Local<\/td><td>Escolher lugar com sol, ventila\u00e7\u00e3o e f\u00e1cil acesso<\/td><\/tr><tr><td>Vasos\/substrato<\/td><td>Usar drenagem, vasinhos autoirrig\u00e1veis e terra rica<\/td><\/tr><tr><td>Estrutura<\/td><td>Optar por verticaliza\u00e7\u00e3o (treli\u00e7a, prateleiras)<\/td><\/tr><tr><td>Plantas ideais<\/td><td>Manjeric\u00e3o, hortel\u00e3, cebolinha, alface, microverdes<\/td><\/tr><tr><td>Cuidados di\u00e1rios<\/td><td>Regar, adubar, cortar folhas, monitorar pragas<\/td><\/tr><\/tbody><\/table><\/figure>\n\n\n\n<hr class=\"wp-block-separator has-alpha-channel-opacity\"\/>\n\n\n\n<h2 id='\ud83d\ude80-comece-r\u00e1pido-mini-horta-em-3-passos'  class=\"wp-block-heading\">\ud83d\ude80 Comece r\u00e1pido: Mini horta em 3 passos<\/h2>\n\n\n\n<ol class=\"wp-block-list\">\n<li>Escolha 3 plantas para seu in\u00edcio (ex: manjeric\u00e3o, cebolinha e r\u00facula)<\/li>\n\n\n\n<li>Plante brotos em vasos com substrato preparado<\/li>\n\n\n\n<li>Escolha um local com sol e coloque perto da janela ou varanda<\/li>\n<\/ol>\n\n\n\n<p>Simples assim! Em pouco tempo, voc\u00ea ver\u00e1 o verde crescendo e sentir\u00e1 o cheirinho de hortali\u00e7as fresquinhas no ar.<\/p>\n\n\n\n<hr class=\"wp-block-separator has-alpha-channel-opacity\"\/>\n\n\n\n<figure class=\"wp-block-image aligncenter size-large\"><img data-recalc-dims=\"1\" decoding=\"async\" width=\"1024\" height=\"683\" src=\"https:\/\/i0.wp.com\/1truenote.com\/wp-content\/uploads\/2025\/06\/ChatGPT-Image-5-de-jun.-de-2025-17_49_26.png?resize=1024%2C683&#038;ssl=1\" alt=\"jardim vertical para samambaias\" class=\"wp-image-2757\" srcset=\"https:\/\/i0.wp.com\/1truenote.com\/wp-content\/uploads\/2025\/06\/ChatGPT-Image-5-de-jun.-de-2025-17_49_26.png?resize=1024%2C683&amp;ssl=1 1024w, https:\/\/i0.wp.com\/1truenote.com\/wp-content\/uploads\/2025\/06\/ChatGPT-Image-5-de-jun.-de-2025-17_49_26.png?resize=300%2C200&amp;ssl=1 300w, https:\/\/i0.wp.com\/1truenote.com\/wp-content\/uploads\/2025\/06\/ChatGPT-Image-5-de-jun.-de-2025-17_49_26.png?resize=768%2C512&amp;ssl=1 768w, https:\/\/i0.wp.com\/1truenote.com\/wp-content\/uploads\/2025\/06\/ChatGPT-Image-5-de-jun.-de-2025-17_49_26.png?resize=150%2C100&amp;ssl=1 150w, https:\/\/i0.wp.com\/1truenote.com\/wp-content\/uploads\/2025\/06\/ChatGPT-Image-5-de-jun.-de-2025-17_49_26.png?w=1536&amp;ssl=1 1536w\" sizes=\"(max-width: 1024px) 100vw, 1024px\" \/><\/figure>\n\n\n\n<hr class=\"wp-block-separator has-alpha-channel-opacity\"\/>\n\n\n\n<h2 id='o-prazer-de-colher-em-casa-na-horta-em-apartamento'  class=\"wp-block-heading\">O prazer de colher em casa na horta em apartamento<\/h2>\n\n\n\n<p>Ter uma <strong>horta em apartamento<\/strong> \u00e9 mais do que economizar \u2014 \u00e9 conectar-se com a natureza, reduzir o estresse e embelezar o lar com verde e sabor. Cada folha colhida ser\u00e1 um pedacinho do seu esfor\u00e7o, do seu carinho, do seu estilo de vida.<\/p>\n\n\n\n<p>Comece pequena, aprenda com cada mudinha e celebre cada colherada fresca que voc\u00ea colher. Gostou de horta em apartamento? Vai por mim: O sabor \u00e9 melhor quando vem da sua pr\u00f3pria horta. \ud83d\ude09<\/p>\n\n\n\n<hr class=\"wp-block-separator has-alpha-channel-opacity\"\/>\n\n\n\n<a href=\"https:\/\/1truenote.com\/en\/projeto-de-construcao-etapas-e-dicas\/\" style=\"text-decoration: none;\">\n  <div style=\"display: flex; justify-content: space-between; align-items: center; background: #d44a00; padding: 12px 20px; color: white; font-family: Arial, sans-serif;\">\n    <strong style=\"color: black;\">READ ALSO:<\/strong>\n    <span style=\"margin-left: 8px; flex: 1;\">Os segredos do projeto de constru\u00e7\u00e3o<\/span>\n    <div style=\"background: #f2802f; padding: 8px 12px; border-radius: 2px; margin-left: 10px;\">\n      <span style=\"color: white; font-weight: bold;\">\u27a4<\/span>\n    <\/div>\n  <\/div>\n<\/a>\n\n\n\n\n<hr class=\"wp-block-separator has-alpha-channel-opacity\"\/>\n\n\n\n<h2 id='faq-perguntas-comuns-sobre-horta-em-apartamento'  class=\"wp-block-heading\">FAQ \u2013 Perguntas comuns sobre horta em apartamento<\/h2>\n\n\n<div id=\"rank-math-faq\" class=\"rank-math-block\">\n<div class=\"rank-math-list\">\n<div id=\"faq-question-1753194220006\" class=\"rank-math-list-item\">\n<h3 id='preciso-de-varanda-para-ter-horta'  class=\"rank-math-question\">Preciso de varanda para ter horta?<\/h3>\n<div class=\"rank-math-answer\">\n\n<p>N\u00e3o! Uma bancada perto da janela com boa luz tamb\u00e9m funciona bem.<\/p>\n\n<\/div>\n<\/div>\n<div id=\"faq-question-1753194221145\" class=\"rank-math-list-item\">\n<h3 id='melhor-come\u00e7ar-com-sementes-ou-mudas'  class=\"rank-math-question\">Melhor come\u00e7ar com sementes ou mudas?<\/h3>\n<div class=\"rank-math-answer\">\n\n<p>Mudas s\u00e3o mais f\u00e1ceis e crescem r\u00e1pido \u2014 ideais para iniciantes<\/p>\n\n<\/div>\n<\/div>\n<div id=\"faq-question-1753194222009\" class=\"rank-math-list-item\">\n<h3 id='com-que-frequ\u00eancia-regar'  class=\"rank-math-question\">Com que frequ\u00eancia regar?<\/h3>\n<div class=\"rank-math-answer\">\n\n<p>Quando o solo estiver seco. Para ervas, 2 a 3 vezes por semana costuma bastar.<\/p>\n\n<\/div>\n<\/div>\n<div id=\"faq-question-1753194222617\" class=\"rank-math-list-item\">\n<h3 id='quanto-custa-montar-uma-mini-horta'  class=\"rank-math-question\">Quanto custa montar uma mini horta?<\/h3>\n<div class=\"rank-math-answer\">\n\n<p>Com utens\u00edlios b\u00e1sicos e vasos simples, voc\u00ea pode come\u00e7ar gastando menos de R$\u202f100.<\/p>\n\n<\/div>\n<\/div>\n<div id=\"faq-question-1753194262041\" class=\"rank-math-list-item\">\n<h3 id='plantas-precisam-de-muito-adubo'  class=\"rank-math-question\">Plantas precisam de muito adubo?<\/h3>\n<div class=\"rank-math-answer\">\n\n<p>Adubo org\u00e2nico ou composto mensal garante crescimento saud\u00e1vel e saboroso.<\/p>\n\n<\/div>\n<\/div>\n<\/div>\n<\/div>\n\n\n<figure class=\"wp-block-image aligncenter size-large\"><img data-recalc-dims=\"1\" decoding=\"async\" width=\"1024\" height=\"683\" src=\"https:\/\/i0.wp.com\/1truenote.com\/wp-content\/uploads\/2025\/07\/ChatGPT-Image-22-de-jul.-de-2025-11_38_24.png?resize=1024%2C683&#038;ssl=1\" alt=\"Horta em apartamento\" class=\"wp-image-3848\" srcset=\"https:\/\/i0.wp.com\/1truenote.com\/wp-content\/uploads\/2025\/07\/ChatGPT-Image-22-de-jul.-de-2025-11_38_24.png?resize=1024%2C683&amp;ssl=1 1024w, https:\/\/i0.wp.com\/1truenote.com\/wp-content\/uploads\/2025\/07\/ChatGPT-Image-22-de-jul.-de-2025-11_38_24.png?resize=300%2C200&amp;ssl=1 300w, https:\/\/i0.wp.com\/1truenote.com\/wp-content\/uploads\/2025\/07\/ChatGPT-Image-22-de-jul.-de-2025-11_38_24.png?resize=768%2C512&amp;ssl=1 768w, https:\/\/i0.wp.com\/1truenote.com\/wp-content\/uploads\/2025\/07\/ChatGPT-Image-22-de-jul.-de-2025-11_38_24.png?resize=18%2C12&amp;ssl=1 18w, https:\/\/i0.wp.com\/1truenote.com\/wp-content\/uploads\/2025\/07\/ChatGPT-Image-22-de-jul.-de-2025-11_38_24.png?resize=150%2C100&amp;ssl=1 150w, https:\/\/i0.wp.com\/1truenote.com\/wp-content\/uploads\/2025\/07\/ChatGPT-Image-22-de-jul.-de-2025-11_38_24.png?w=1536&amp;ssl=1 1536w\" sizes=\"(max-width: 1024px) 100vw, 1024px\" \/><\/figure>","protected":false},"excerpt":{"rendered":"<p>Horta em apartamento. J\u00e1 pensou em colher temperos fresquinhos ali mesmo, no seu apartamento? Montar uma horta em apartamento \u00e9&#8230;<\/p>","protected":false},"author":1,"featured_media":3848,"comment_status":"open","ping_status":"open","sticky":false,"template":"","format":"standard","meta":{"_kad_post_transparent":"","_kad_post_title":"","_kad_post_layout":"","_kad_post_sidebar_id":"","_kad_post_content_style":"","_kad_post_vertical_padding":"","_kad_post_feature":"","_kad_post_feature_position":"","_kad_post_header":false,"_kad_post_footer":false,"_kad_post_classname":"","footnotes":"","jetpack_publicize_message":"Horta em apartamento. J\u00e1 pensou em colher temperos fresquinhos ali mesmo, no seu apartamento? Montar uma horta em apartamento \u00e9 uma ideia saborosa, terap\u00eautica e super pr\u00e1tica \u2014 e voc\u00ea pode fazer isso sem precisar de quintal, varanda grande ou reforma.\n\n#carvalhoconsultoriabrasil #truenote #decor #decoracao #plantas #planta #horta #vertical #hortavertical #vaso","jetpack_publicize_feature_enabled":true,"jetpack_social_post_already_shared":true,"jetpack_social_options":{"image_generator_settings":{"template":"highway","default_image_id":0,"enabled":false},"version":2}},"categories":[16,1],"tags":[13,14,29,33],"class_list":["post-3847","post","type-post","status-publish","format-standard","has-post-thumbnail","hentry","category-casa-e-jardim","category-novidades","tag-minimalista","tag-interiores-inovadores","tag-jardim","tag-plantas"],"jetpack_publicize_connections":[],"jetpack_featured_media_url":"https:\/\/i0.wp.com\/1truenote.com\/wp-content\/uploads\/2025\/07\/ChatGPT-Image-22-de-jul.-de-2025-11_38_24.png?fit=1536%2C1024&ssl=1","jetpack_sharing_enabled":true,"_links":{"self":[{"href":"https:\/\/1truenote.com\/en\/wp-json\/wp\/v2\/posts\/3847","targetHints":{"allow":["GET"]}}],"collection":[{"href":"https:\/\/1truenote.com\/en\/wp-json\/wp\/v2\/posts"}],"about":[{"href":"https:\/\/1truenote.com\/en\/wp-json\/wp\/v2\/types\/post"}],"author":[{"embeddable":true,"href":"https:\/\/1truenote.com\/en\/wp-json\/wp\/v2\/users\/1"}],"replies":[{"embeddable":true,"href":"https:\/\/1truenote.com\/en\/wp-json\/wp\/v2\/comments?post=3847"}],"version-history":[{"count":1,"href":"https:\/\/1truenote.com\/en\/wp-json\/wp\/v2\/posts\/3847\/revisions"}],"predecessor-version":[{"id":3849,"href":"https:\/\/1truenote.com\/en\/wp-json\/wp\/v2\/posts\/3847\/revisions\/3849"}],"wp:featuredmedia":[{"embeddable":true,"href":"https:\/\/1truenote.com\/en\/wp-json\/wp\/v2\/media\/3848"}],"wp:attachment":[{"href":"https:\/\/1truenote.com\/en\/wp-json\/wp\/v2\/media?parent=3847"}],"wp:term":[{"taxonomy":"category","embeddable":true,"href":"https:\/\/1truenote.com\/en\/wp-json\/wp\/v2\/categories?post=3847"},{"taxonomy":"post_tag","embeddable":true,"href":"https:\/\/1truenote.com\/en\/wp-json\/wp\/v2\/tags?post=3847"}],"curies":[{"name":"wp","href":"https:\/\/api.w.org\/{rel}","templated":true}]}}