{"id":3844,"date":"2025-07-22T12:00:00","date_gmt":"2025-07-22T15:00:00","guid":{"rendered":"https:\/\/1truenote.com\/?p=3844"},"modified":"2025-09-27T17:41:51","modified_gmt":"2025-09-27T20:41:51","slug":"varanda-pequena-decorada-transforme-seu-espaco","status":"publish","type":"post","link":"https:\/\/1truenote.com\/en\/varanda-pequena-decorada-transforme-seu-espaco\/","title":{"rendered":"Como transformar uma varanda pequena em um ref\u00fagio encantador \ud83c\udf3f"},"content":{"rendered":"<p>Varanda pequena decorada. Sabe aquele pedacinho da casa que parece esquecido? Pois \u00e9, a varanda pequena pode se transformar em um dos espa\u00e7os mais aconchegantes do seu lar \u2014 sem precisar de reforma, sem gastar horrores e sem complica\u00e7\u00e3o.<\/p>\n\n\n\n<p>Com alguns toques simples, d\u00e1 pra criar um cantinho de descanso, leitura, caf\u00e9 da manh\u00e3 ou at\u00e9 uma mini-horta. Aqui, a gente te mostra como dar nova vida \u00e0 sua varanda pequena com ideias criativas e acess\u00edveis. Bora de varanda pequena decorada!?<\/p>\n\n\n\n<hr class=\"wp-block-separator has-alpha-channel-opacity\"\/>\n\n\n\n<h2 id='defina-o-prop\u00f3sito-da-sua-varanda'  class=\"wp-block-heading\">Defina o prop\u00f3sito da sua varanda<\/h2>\n\n\n\n<p>Antes de sair decorando, pense: O que voc\u00ea mais quer ali?<\/p>\n\n\n\n<ul class=\"wp-block-list\">\n<li>Um espa\u00e7o de relaxamento?<\/li>\n\n\n\n<li>Um lugar pra tomar caf\u00e9 ao sol?<\/li>\n\n\n\n<li>Um canto verde com plantas e ervas?<\/li>\n<\/ul>\n\n\n\n<p>Saber o seu objetivo vai guiar todas as pr\u00f3ximas escolhas \u2014 do piso aos m\u00f3veis.<\/p>\n\n\n\n<hr class=\"wp-block-separator has-alpha-channel-opacity\"\/>\n\n\n\n<h2 id='m\u00f3veis-certos-fazem-toda-a-diferen\u00e7a'  class=\"wp-block-heading\">M\u00f3veis certos fazem toda a diferen\u00e7a<\/h2>\n\n\n\n<p>Quando o espa\u00e7o \u00e9 pequeno, cada cent\u00edmetro conta. Por isso, escolha m\u00f3veis:<\/p>\n\n\n\n<ul class=\"wp-block-list\">\n<li>Dobr\u00e1veis ou empilh\u00e1veis<\/li>\n\n\n\n<li>Que tenham dupla fun\u00e7\u00e3o (ex: banco com ba\u00fa)<\/li>\n\n\n\n<li>Compactos, mas confort\u00e1veis<\/li>\n<\/ul>\n\n\n\n<p>\u2728 Um par de cadeiras, uma mesinha e pronto: J\u00e1 d\u00e1 pra curtir um momento delicioso ao ar livre.<\/p>\n\n\n\n<hr class=\"wp-block-separator has-alpha-channel-opacity\"\/>\n\n\n\n<h2 id='verde-\u00e9-vida-e-muda-o-astral'  class=\"wp-block-heading\">Verde \u00e9 vida (e muda o astral)<\/h2>\n\n\n\n<p>As plantas s\u00e3o o grande segredo para deixar a varanda com cara de casa viva e bem cuidada.<\/p>\n\n\n\n<p>Dicas pr\u00e1ticas:<\/p>\n\n\n\n<ul class=\"wp-block-list\">\n<li>Aposte em jardineiras na grade<\/li>\n\n\n\n<li>Use suportes verticais pra liberar o ch\u00e3o<\/li>\n\n\n\n<li>Cultive temperos como manjeric\u00e3o, alecrim e hortel\u00e3<\/li>\n<\/ul>\n\n\n\n<p>\ud83c\udf3f At\u00e9 duas ou tr\u00eas plantas j\u00e1 criam um efeito encantador.<\/p>\n\n\n\n<hr class=\"wp-block-separator has-alpha-channel-opacity\"\/>\n\n\n\n<h2 id='luz-e-piso-o-toque-final'  class=\"wp-block-heading\">Luz e piso: O toque final<\/h2>\n\n\n\n<p>Ilumina\u00e7\u00e3o suave transforma qualquer espa\u00e7o. E o piso certo ajuda a deixar tudo mais acolhedor.<\/p>\n\n\n\n<p><strong>Ideias f\u00e1ceis de aplicar:<\/strong><\/p>\n\n\n\n<ul class=\"wp-block-list\">\n<li>Fios de luz tipo gambiarra<\/li>\n\n\n\n<li>Lanternas solares ou lumin\u00e1rias de parede<\/li>\n\n\n\n<li>Deck de madeira modular ou tapete externo de sisal<\/li>\n<\/ul>\n\n\n\n<p>\ud83d\udd6f Um simples cord\u00e3o de luz j\u00e1 muda o clima \u00e0 noite muda sua varanda pequena decorada.<\/p>\n\n\n\n<hr class=\"wp-block-separator has-alpha-channel-opacity\"\/>\n\n\n\n<h2 id='detalhes-que-trazem-aconchego'  class=\"wp-block-heading\">Detalhes que trazem aconchego<\/h2>\n\n\n\n<p>A decora\u00e7\u00e3o vai al\u00e9m dos m\u00f3veis. Os acess\u00f3rios certos s\u00e3o os que d\u00e3o o toque de afeto.<\/p>\n\n\n\n<ul class=\"wp-block-list\">\n<li>Almofadas coloridas<\/li>\n\n\n\n<li>Mantas para o friozinho<\/li>\n\n\n\n<li>Quadros, velas ou incensos<\/li>\n\n\n\n<li>Tapete bonito e resistente<\/li>\n<\/ul>\n\n\n\n<p>Esses pequenos elementos transformam a varanda pequena decorada em um lugar onde voc\u00ea realmente quer estar.<\/p>\n\n\n\n<hr class=\"wp-block-separator has-alpha-channel-opacity\"\/>\n\n\n\n<figure class=\"wp-block-image aligncenter size-medium\"><a href=\"https:\/\/chat.whatsapp.com\/KJBkp5LFJVRIvmt5X3hSEh\" target=\"_blank\" rel=\"noopener\"><img data-recalc-dims=\"1\" fetchpriority=\"high\" decoding=\"async\" width=\"200\" height=\"300\" src=\"https:\/\/i0.wp.com\/1truenote.com\/wp-content\/uploads\/2025\/06\/ChatGPT-Image-3-de-jun.-de-2025-19_04_53.png?resize=200%2C300&#038;ssl=1\" alt=\"chamada banner advetorial whats\" class=\"wp-image-2683\" srcset=\"https:\/\/i0.wp.com\/1truenote.com\/wp-content\/uploads\/2025\/06\/ChatGPT-Image-3-de-jun.-de-2025-19_04_53.png?resize=200%2C300&amp;ssl=1 200w, https:\/\/i0.wp.com\/1truenote.com\/wp-content\/uploads\/2025\/06\/ChatGPT-Image-3-de-jun.-de-2025-19_04_53.png?resize=683%2C1024&amp;ssl=1 683w, https:\/\/i0.wp.com\/1truenote.com\/wp-content\/uploads\/2025\/06\/ChatGPT-Image-3-de-jun.-de-2025-19_04_53.png?resize=768%2C1152&amp;ssl=1 768w, https:\/\/i0.wp.com\/1truenote.com\/wp-content\/uploads\/2025\/06\/ChatGPT-Image-3-de-jun.-de-2025-19_04_53.png?resize=150%2C225&amp;ssl=1 150w, https:\/\/i0.wp.com\/1truenote.com\/wp-content\/uploads\/2025\/06\/ChatGPT-Image-3-de-jun.-de-2025-19_04_53.png?w=1024&amp;ssl=1 1024w\" sizes=\"(max-width: 200px) 100vw, 200px\" \/><\/a><\/figure>\n\n\n\n<hr class=\"wp-block-separator has-alpha-channel-opacity\"\/>\n\n\n\n<h2 id='tabela-pr\u00e1tica-ideias-para-decorar-sua-varanda-pequena'  class=\"wp-block-heading\">Tabela pr\u00e1tica: Ideias para decorar sua varanda pequena<\/h2>\n\n\n\n<figure class=\"wp-block-table\"><table class=\"has-fixed-layout\"><thead><tr><th>Elemento<\/th><th>Sugest\u00e3o simples<\/th><\/tr><\/thead><tbody><tr><td>Mesa e cadeiras<\/td><td>Dobr\u00e1veis, de madeira clara ou ferro leve<\/td><\/tr><tr><td>Plantas<\/td><td>Samambaia, jiboia, suculentas, temperos<\/td><\/tr><tr><td>Lighting<\/td><td>Luz quente, cord\u00e3o de LED, lanternas<\/td><\/tr><tr><td>Piso<\/td><td>Deck modular, tapete externo ou pedras decorativas<\/td><\/tr><tr><td>Acess\u00f3rios<\/td><td>Almofadas, mantas, objetos pessoais<\/td><\/tr><\/tbody><\/table><\/figure>\n\n\n\n<hr class=\"wp-block-separator has-alpha-channel-opacity\"\/>\n\n\n\n<a href=\"https:\/\/1truenote.com\/en\/parede-geometrica-na-decoracao-dicas-e-inspiracoes\/\" style=\"text-decoration: none;\">\n  <div style=\"display: flex; justify-content: space-between; align-items: center; background: #d44a00; padding: 12px 20px; color: white; font-family: Arial, sans-serif;\">\n    <strong style=\"color: black;\">READ ALSO:<\/strong>\n    <span style=\"margin-left: 8px; flex: 1;\">Como usar paredes geom\u00e9tricas<\/span>\n    <div style=\"background: #f2802f; padding: 8px 12px; border-radius: 2px; margin-left: 10px;\">\n      <span style=\"color: white; font-weight: bold;\">\u27a4<\/span>\n    <\/div>\n  <\/div>\n<\/a>\n\n\n\n<hr class=\"wp-block-separator has-alpha-channel-opacity\"\/>\n\n\n\n<h2 id='o-seu-ref\u00fagio-est\u00e1-logo-ali-na-varanda-pequena-decorada'  class=\"wp-block-heading\">O seu ref\u00fagio est\u00e1 logo ali na varanda pequena decorada<\/h2>\n\n\n\n<p>Transformar uma varanda pequena em um espa\u00e7o gostoso e cheio de charme n\u00e3o \u00e9 dif\u00edcil. Com escolhas inteligentes, um pouquinho de criatividade e aquele toque pessoal, voc\u00ea pode criar um ambiente que te acolhe, inspira e vira parte da sua rotina.<\/p>\n\n\n\n<p>\u2728 Comece devagar, do seu jeito. Um vasinho aqui, uma luzinha ali\u2026 e logo a m\u00e1gica acontece.<\/p>\n\n\n\n<p>E o mais bonito disso tudo? \u00c9 que voc\u00ea n\u00e3o precisa de grandes reformas nem de or\u00e7amento alto. \u00c0s vezes, tudo o que falta \u00e9 aquele empurr\u00e3ozinho para olhar pra esse espa\u00e7o com mais carinho. Pode ser o cantinho do caf\u00e9, o lugar da leitura ou s\u00f3 o seu momento de respirar fundo.<\/p>\n\n\n\n<p>Sua varanda merece mais do que ser s\u00f3 um corredor com vista. Ela pode ser aquele lugar que te acalma no fim do dia, que recebe amigos com charme ou que te lembra de cuidar mais de voc\u00ea.<\/p>\n\n\n\n<p>Ent\u00e3o, que tal separar um tempinho nesse fim de semana e come\u00e7ar? Mesmo um pequeno gesto j\u00e1 muda tudo. Gostou de varanda pequena decorada?<\/p>\n\n\n\n<p>\ud83d\udc9a Depois me conta como ficou sua varanda pequena decorada\u2014 vou adorar saber!<\/p>\n\n\n\n<hr class=\"wp-block-separator has-alpha-channel-opacity\"\/>\n\n\n\n<a href=\"https:\/\/1truenote.com\/en\/parede-geometrica-na-decoracao-dicas-e-inspiracoes\/\" style=\"text-decoration: none;\">\n  <div style=\"display: flex; justify-content: space-between; align-items: center; background: #d44a00; padding: 12px 20px; color: white; font-family: Arial, sans-serif;\">\n    <strong style=\"color: black;\">READ ALSO:<\/strong>\n    <span style=\"margin-left: 8px; flex: 1;\">Como usar paredes geom\u00e9tricas<\/span>\n    <div style=\"background: #f2802f; padding: 8px 12px; border-radius: 2px; margin-left: 10px;\">\n      <span style=\"color: white; font-weight: bold;\">\u27a4<\/span>\n    <\/div>\n  <\/div>\n<\/a>\n\n\n\n\n<hr class=\"wp-block-separator has-alpha-channel-opacity\"\/>\n\n\n\n<h2 id='faq-d\u00favidas-sobre-transforma\u00e7\u00e3o-de-varanda-pequena-decorada'  class=\"wp-block-heading\">FAQ \u2013 D\u00favidas sobre transforma\u00e7\u00e3o de varanda pequena decorada<\/h2>\n\n\n<div id=\"rank-math-faq\" class=\"rank-math-block\">\n<div class=\"rank-math-list\">\n<div id=\"faq-question-1753192193087\" class=\"rank-math-list-item\">\n<h3 id='varanda-pequena-pode-virar-varanda-gourmet'  class=\"rank-math-question\">Varanda pequena pode virar varanda gourmet?<\/h3>\n<div class=\"rank-math-answer\">\n\n<p>Sim! Usando m\u00f3veis retr\u00e1teis, carrinho m\u00f3vel e revestimentos pr\u00e1ticos como granito, porcelanato ou azulejos.<\/p>\n\n<\/div>\n<\/div>\n<div id=\"faq-question-1753192194145\" class=\"rank-math-list-item\">\n<h3 id='qual-o-melhor-piso-para-varanda-pequena'  class=\"rank-math-question\">Qual o melhor piso para varanda pequena?<\/h3>\n<div class=\"rank-math-answer\">\n\n<p>Opte por deck modular (madeira), porcelanato antiderrapante ou pedras decorativas \u2014 f\u00e1ceis de instalar e limpinhos.<\/p>\n\n<\/div>\n<\/div>\n<div id=\"faq-question-1753192195353\" class=\"rank-math-list-item\">\n<h3 id='como-proteger-a-varanda-dos-elementos'  class=\"rank-math-question\">Como proteger a varanda dos elementos?<\/h3>\n<div class=\"rank-math-answer\">\n\n<p>Use m\u00f3veis resistentes, caprichados em ilumina\u00e7\u00e3o solar e cubra plantas\/vasos em dias de chuva. Para m\u00f3veis expostos, prefira tecidos \u201coutdoor\u201d.<\/p>\n\n<\/div>\n<\/div>\n<div id=\"faq-question-1753192196002\" class=\"rank-math-list-item\">\n<h3 id='vale-mobiliar-toda-a-varanda'  class=\"rank-math-question\">Vale mobiliar toda a varanda?<\/h3>\n<div class=\"rank-math-answer\">\n\n<p>N\u00e3o precisa! Melhor priorizar uma ou duas funcionalidades, como mini lounge ou cantinho gourmer, para n\u00e3o sobrecarregar.<\/p>\n\n<\/div>\n<\/div>\n<div id=\"faq-question-1753192230577\" class=\"rank-math-list-item\">\n<h3 id='varanda-pequena-precisa-de-rede-ou-poltrona'  class=\"rank-math-question\">Varanda pequena precisa de rede ou poltrona?<\/h3>\n<div class=\"rank-math-answer\">\n\n<p>S\u00e3o \u00f3timas ideia: adicionam conforto sem ocupar muito espa\u00e7o \u2014 teste antes o tamanho certo antes de comprar.<\/p>\n\n<\/div>\n<\/div>\n<\/div>\n<\/div>\n\n\n<figure class=\"wp-block-image aligncenter size-large\"><img data-recalc-dims=\"1\" decoding=\"async\" width=\"1024\" height=\"683\" src=\"https:\/\/i0.wp.com\/1truenote.com\/wp-content\/uploads\/2025\/07\/ChatGPT-Image-22-de-jul.-de-2025-11_10_50.png?resize=1024%2C683&#038;ssl=1\" alt=\"Varanda pequena decorada\" class=\"wp-image-3845\" srcset=\"https:\/\/i0.wp.com\/1truenote.com\/wp-content\/uploads\/2025\/07\/ChatGPT-Image-22-de-jul.-de-2025-11_10_50.png?resize=1024%2C683&amp;ssl=1 1024w, https:\/\/i0.wp.com\/1truenote.com\/wp-content\/uploads\/2025\/07\/ChatGPT-Image-22-de-jul.-de-2025-11_10_50.png?resize=300%2C200&amp;ssl=1 300w, https:\/\/i0.wp.com\/1truenote.com\/wp-content\/uploads\/2025\/07\/ChatGPT-Image-22-de-jul.-de-2025-11_10_50.png?resize=768%2C512&amp;ssl=1 768w, https:\/\/i0.wp.com\/1truenote.com\/wp-content\/uploads\/2025\/07\/ChatGPT-Image-22-de-jul.-de-2025-11_10_50.png?resize=18%2C12&amp;ssl=1 18w, https:\/\/i0.wp.com\/1truenote.com\/wp-content\/uploads\/2025\/07\/ChatGPT-Image-22-de-jul.-de-2025-11_10_50.png?resize=150%2C100&amp;ssl=1 150w, https:\/\/i0.wp.com\/1truenote.com\/wp-content\/uploads\/2025\/07\/ChatGPT-Image-22-de-jul.-de-2025-11_10_50.png?w=1536&amp;ssl=1 1536w\" sizes=\"(max-width: 1024px) 100vw, 1024px\" \/><\/figure>","protected":false},"excerpt":{"rendered":"<p>Varanda pequena decorada. Sabe aquele pedacinho da casa que parece esquecido? Pois \u00e9, a varanda pequena pode se transformar em&#8230;<\/p>","protected":false},"author":1,"featured_media":3845,"comment_status":"open","ping_status":"open","sticky":false,"template":"","format":"standard","meta":{"_kad_post_transparent":"","_kad_post_title":"","_kad_post_layout":"","_kad_post_sidebar_id":"","_kad_post_content_style":"","_kad_post_vertical_padding":"","_kad_post_feature":"","_kad_post_feature_position":"","_kad_post_header":false,"_kad_post_footer":false,"_kad_post_classname":"","footnotes":"","jetpack_publicize_message":"Varanda decorada. Sabe aquele pedacinho da casa que parece esquecido? Pois \u00e9, a varanda pequena pode se transformar em um dos espa\u00e7os mais aconchegantes do seu lar \u2014 sem precisar de reforma, sem gastar horrores e sem complica\u00e7\u00e3o.\n\n#carvalhoconsultoriabrasil #truenote #decor #decoracao #varanda #sacada","jetpack_publicize_feature_enabled":true,"jetpack_social_post_already_shared":true,"jetpack_social_options":{"image_generator_settings":{"template":"highway","default_image_id":0,"enabled":false},"version":2}},"categories":[16],"tags":[14,12],"class_list":["post-3844","post","type-post","status-publish","format-standard","has-post-thumbnail","hentry","category-casa-e-jardim","tag-interiores-inovadores","tag-projetos-inovadores"],"jetpack_publicize_connections":[],"jetpack_featured_media_url":"https:\/\/i0.wp.com\/1truenote.com\/wp-content\/uploads\/2025\/07\/ChatGPT-Image-22-de-jul.-de-2025-11_10_50.png?fit=1536%2C1024&ssl=1","jetpack_sharing_enabled":true,"_links":{"self":[{"href":"https:\/\/1truenote.com\/en\/wp-json\/wp\/v2\/posts\/3844","targetHints":{"allow":["GET"]}}],"collection":[{"href":"https:\/\/1truenote.com\/en\/wp-json\/wp\/v2\/posts"}],"about":[{"href":"https:\/\/1truenote.com\/en\/wp-json\/wp\/v2\/types\/post"}],"author":[{"embeddable":true,"href":"https:\/\/1truenote.com\/en\/wp-json\/wp\/v2\/users\/1"}],"replies":[{"embeddable":true,"href":"https:\/\/1truenote.com\/en\/wp-json\/wp\/v2\/comments?post=3844"}],"version-history":[{"count":1,"href":"https:\/\/1truenote.com\/en\/wp-json\/wp\/v2\/posts\/3844\/revisions"}],"predecessor-version":[{"id":3846,"href":"https:\/\/1truenote.com\/en\/wp-json\/wp\/v2\/posts\/3844\/revisions\/3846"}],"wp:featuredmedia":[{"embeddable":true,"href":"https:\/\/1truenote.com\/en\/wp-json\/wp\/v2\/media\/3845"}],"wp:attachment":[{"href":"https:\/\/1truenote.com\/en\/wp-json\/wp\/v2\/media?parent=3844"}],"wp:term":[{"taxonomy":"category","embeddable":true,"href":"https:\/\/1truenote.com\/en\/wp-json\/wp\/v2\/categories?post=3844"},{"taxonomy":"post_tag","embeddable":true,"href":"https:\/\/1truenote.com\/en\/wp-json\/wp\/v2\/tags?post=3844"}],"curies":[{"name":"wp","href":"https:\/\/api.w.org\/{rel}","templated":true}]}}