{"id":3841,"date":"2025-07-21T20:00:00","date_gmt":"2025-07-21T23:00:00","guid":{"rendered":"https:\/\/1truenote.com\/?p=3841"},"modified":"2025-09-26T12:52:01","modified_gmt":"2025-09-26T15:52:01","slug":"parede-geometrica-na-decoracao-dicas-e-inspiracoes","status":"publish","type":"post","link":"https:\/\/1truenote.com\/en\/parede-geometrica-na-decoracao-dicas-e-inspiracoes\/","title":{"rendered":"Como usar paredes geom\u00e9tricas e murais para transformar sua sala"},"content":{"rendered":"<p>Parede geom\u00e9trica na decora\u00e7\u00e3o. Sabe aquele momento em que voc\u00ea entra na sala e sente algo diferente? Isso pode estar nas cores vivas, nos formatos ousados ou at\u00e9 na personalidade que uma parede pode trazer.<\/p>\n\n\n\n<p>Nossas imagens mostram salas com <strong>parede geom\u00e9trica na decora\u00e7\u00e3o em tons terrosos, mostarda, laranja e azul<\/strong>, criando um ponto focal lindo e moderno. Aqui vai um guia cheio de ideias, dicas pr\u00e1ticas, e sugest\u00f5es f\u00e1ceis de aplicar no seu lar \u2014 mesmo sem ser designer!<\/p>\n\n\n\n<hr class=\"wp-block-separator has-alpha-channel-opacity\"\/>\n\n\n\n<h2 id='\ud83c\udfa8-por-que-apostar-em-parede-geom\u00e9trica-na-decora\u00e7\u00e3o-ou-mural'  class=\"wp-block-heading\">\ud83c\udfa8 Por que apostar em parede geom\u00e9trica na decora\u00e7\u00e3o ou mural<\/h2>\n\n\n\n<p>J\u00e1 falamos com designers que juram: \u201cUma parede bem pensada faz toda a diferen\u00e7a.\u201d Com cores e formas, voc\u00ea:<\/p>\n\n\n\n<ul class=\"wp-block-list\">\n<li>Destaca a sala sem precisar de m\u00f3veis novos<\/li>\n\n\n\n<li>Cria um ambiente aconchegante e personalizado<\/li>\n\n\n\n<li>D\u00e1 um toque de arte, sem mist\u00e9rio ou bagun\u00e7a<\/li>\n<\/ul>\n\n\n\n<p>Se voc\u00ea ama o estilo das imagens, esses passos v\u00e3o ajudar a transformar sua sala com criatividade e personalidade.<\/p>\n\n\n\n<hr class=\"wp-block-separator has-alpha-channel-opacity\"\/>\n\n\n\n<h2 id='formas-e-combina\u00e7\u00f5es-que-funcionam'  class=\"wp-block-heading\">Formas e combina\u00e7\u00f5es que funcionam<\/h2>\n\n\n\n<ol class=\"wp-block-list\">\n<li><strong>Geometria em meia-parede<\/strong><br>Linhas limpas, ret\u00e2ngulos e arcos suaves trazem impacto sem pesar. Combine a cor forte com branco ou tom neutro, como nas imagens de sala claret e azul petr\u00f3leo.<\/li>\n\n\n\n<li><strong>Mural art\u00edstico com arcos<\/strong><br>Use curvas para criar um mural envolvente em tons terrosos, como mostarda e terracota \u2014 o efeito \u00e9 moderno e sofisticado.<\/li>\n\n\n\n<li><strong>Pintura geom\u00e9trica total<\/strong><br>Linha reta no teto, parede e canto \u2014 all-over design que transforma o ambiente em obra de arte viva.<\/li>\n\n\n\n<li><strong>Setoriza\u00e7\u00e3o com cor bloqueada<\/strong><br>Divida o espa\u00e7o com duas cores paralelas ou perpendiculares (o famoso color-block). \u00d3timo para delimitar \u00e1reas sem usar m\u00f3veis.<\/li>\n<\/ol>\n\n\n\n<hr class=\"wp-block-separator has-alpha-channel-opacity\"\/>\n\n\n\n<h2 id='\u2702\ufe0f-como-fazer-em-casa-o-passo-a-passo'  class=\"wp-block-heading\">\u2702\ufe0f Como fazer em casa: O passo a passo<\/h2>\n\n\n\n<ol class=\"wp-block-list\">\n<li>Escolha sua paleta: Inspire-se nas imagens e selecione 2\u20113 tons complementares.<\/li>\n\n\n\n<li>Marque linhas com l\u00e1pis e fita azul (blue tape), garantindo simetria.<\/li>\n\n\n\n<li>Pinte a base (tom mais claro) e espere secar completamente.<\/li>\n\n\n\n<li>Pinte as formas geom\u00e9tricas ou arcos com o tom mais escuro.<\/li>\n\n\n\n<li>Retire a fita com cuidado e revise pequenos erros com pincel fino.<\/li>\n<\/ol>\n\n\n\n<p><em>\ud83d\udcd0 Dica: Prepare moldes de papel\u00e3o para curvas, garantindo precis\u00e3o.<\/em><\/p>\n\n\n\n<hr class=\"wp-block-separator has-alpha-channel-opacity\"\/>\n\n\n\n<figure class=\"wp-block-image aligncenter size-medium\"><a href=\"https:\/\/chat.whatsapp.com\/KJBkp5LFJVRIvmt5X3hSEh\" target=\"_blank\" rel=\"noopener\"><img data-recalc-dims=\"1\" fetchpriority=\"high\" decoding=\"async\" width=\"200\" height=\"300\" src=\"https:\/\/i0.wp.com\/1truenote.com\/wp-content\/uploads\/2025\/06\/ChatGPT-Image-3-de-jun.-de-2025-19_04_53.png?resize=200%2C300&#038;ssl=1\" alt=\"chamada banner advetorial whats\" class=\"wp-image-2683\" srcset=\"https:\/\/i0.wp.com\/1truenote.com\/wp-content\/uploads\/2025\/06\/ChatGPT-Image-3-de-jun.-de-2025-19_04_53.png?resize=200%2C300&amp;ssl=1 200w, https:\/\/i0.wp.com\/1truenote.com\/wp-content\/uploads\/2025\/06\/ChatGPT-Image-3-de-jun.-de-2025-19_04_53.png?resize=683%2C1024&amp;ssl=1 683w, https:\/\/i0.wp.com\/1truenote.com\/wp-content\/uploads\/2025\/06\/ChatGPT-Image-3-de-jun.-de-2025-19_04_53.png?resize=768%2C1152&amp;ssl=1 768w, https:\/\/i0.wp.com\/1truenote.com\/wp-content\/uploads\/2025\/06\/ChatGPT-Image-3-de-jun.-de-2025-19_04_53.png?resize=150%2C225&amp;ssl=1 150w, https:\/\/i0.wp.com\/1truenote.com\/wp-content\/uploads\/2025\/06\/ChatGPT-Image-3-de-jun.-de-2025-19_04_53.png?w=1024&amp;ssl=1 1024w\" sizes=\"(max-width: 200px) 100vw, 200px\" \/><\/a><\/figure>\n\n\n\n<hr class=\"wp-block-separator has-alpha-channel-opacity\"\/>\n\n\n\n<h2 id='tabela-de-parede-geom\u00e9trica-na-decora\u00e7\u00e3o-escolha-de-estilo-mat\u00e9ria-prima-e-efeito'  class=\"wp-block-heading\">Tabela de parede geom\u00e9trica na decora\u00e7\u00e3o: Escolha de estilo, mat\u00e9ria-prima e efeito<\/h2>\n\n\n\n<figure class=\"wp-block-table\"><table class=\"has-fixed-layout\"><thead><tr><th>Estilo<\/th><th>Materiais\/tinta<\/th><th>Efeito visual<\/th><\/tr><\/thead><tbody><tr><td>Paredes cheias de curvas<\/td><td>Tinta fosca em camadas<\/td><td>Art\u00edstico, moderno, aconchegante<\/td><\/tr><tr><td>Geometria m\u00ednima meia-parede<\/td><td>Tintas contrastantes, fita azul<\/td><td>Elegante, sutil, vers\u00e1til<\/td><\/tr><tr><td>Faixas e color-block<\/td><td>Tintas complementares<\/td><td>Delimita\u00e7\u00e3o visual, foco por \u00e1rea<\/td><\/tr><tr><td>Detalhe no teto + parede<\/td><td>Mesma cor no forro + parede<\/td><td>Amplia, unifica o ambiente<\/td><\/tr><\/tbody><\/table><\/figure>\n\n\n\n<hr class=\"wp-block-separator has-alpha-channel-opacity\"\/>\n\n\n\n<a href=\"https:\/\/1truenote.com\/en\/modelo-de-cozinha-ideal-para-seu-estilo-de-vida\/\" style=\"text-decoration: none;\">\n  <div style=\"display: flex; justify-content: space-between; align-items: center; background: #d44a00; padding: 12px 20px; color: white; font-family: Arial, sans-serif;\">\n    <strong style=\"color: black;\">READ ALSO:<\/strong>\n    <span style=\"margin-left: 8px; flex: 1;\">Descubra qual modelo de cozinha \u00e9 ideal<\/span>\n    <div style=\"background: #f2802f; padding: 8px 12px; border-radius: 2px; margin-left: 10px;\">\n      <span style=\"color: white; font-weight: bold;\">\u27a4<\/span>\n    <\/div>\n  <\/div>\n<\/a>\n\n\n\n<hr class=\"wp-block-separator has-alpha-channel-opacity\"\/>\n\n\n\n<h2 id='\ud83c\udf1f-valorizando-seu-espa\u00e7o-com-detalhes'  class=\"wp-block-heading\">\ud83c\udf1f Valorizando seu espa\u00e7o com detalhes<\/h2>\n\n\n\n<ul class=\"wp-block-list\">\n<li>Luz pontual: Pendentes ou arandelas ressaltam o design geom\u00e9trico<\/li>\n\n\n\n<li>M\u00f3veis e tapete neutros: Equilibram o ambiente e destacam a parede<\/li>\n\n\n\n<li>Plantas e detalhes naturais: Deixam o espa\u00e7o livre de aspectos \u201cpesados\u201d<\/li>\n<\/ul>\n\n\n\n<hr class=\"wp-block-separator has-alpha-channel-opacity\"\/>\n\n\n\n<h2 id='parede-geom\u00e9trica-na-decora\u00e7\u00e3o'  class=\"wp-block-heading\">Parede geom\u00e9trica na decora\u00e7\u00e3o<\/h2>\n\n\n\n<p>Investir em uma <strong>parede geom\u00e9trica na decora\u00e7\u00e3o<\/strong> \u00e9 transformar uma sala comum em um ambiente cheio de vida \u2014 e o melhor: Sem gastar muito. Com formas, cores e planejamento simples, o seu espa\u00e7o pode ficar com cara de revista, mas com <em>achat<\/em> dos afetos di\u00e1rios. Gostou parede geom\u00e9trica na decora\u00e7\u00e3o?<\/p>\n\n\n\n<p>\u2728 Parede geom\u00e9trica na decora\u00e7\u00e3o: Experimente, se surpreenda e conte pra gente como ficou seu cantinho. Gostou de parede geom\u00e9trica na decora\u00e7\u00e3o?<\/p>\n\n\n\n<hr class=\"wp-block-separator has-alpha-channel-opacity\"\/>\n\n\n\n<a href=\"https:\/\/1truenote.com\/en\/modelo-de-cozinha-ideal-para-seu-estilo-de-vida\/\" style=\"text-decoration: none;\">\n  <div style=\"display: flex; justify-content: space-between; align-items: center; background: #d44a00; padding: 12px 20px; color: white; font-family: Arial, sans-serif;\">\n    <strong style=\"color: black;\">READ ALSO:<\/strong>\n    <span style=\"margin-left: 8px; flex: 1;\">Descubra qual modelo de cozinha \u00e9 ideal<\/span>\n    <div style=\"background: #f2802f; padding: 8px 12px; border-radius: 2px; margin-left: 10px;\">\n      <span style=\"color: white; font-weight: bold;\">\u27a4<\/span>\n    <\/div>\n  <\/div>\n<\/a>\n\n\n\n\n<hr class=\"wp-block-separator has-alpha-channel-opacity\"\/>\n\n\n\n<h2 id='faq-sobre-parede-geom\u00e9trica-na-decora\u00e7\u00e3o'  class=\"wp-block-heading\">FAQ &#8211; Sobre parede geom\u00e9trica na decora\u00e7\u00e3o<\/h2>\n\n\n<div id=\"rank-math-faq\" class=\"rank-math-block\">\n<div class=\"rank-math-list\">\n<div id=\"faq-question-1753125987130\" class=\"rank-math-list-item\">\n<h3 id='perdi-com-naturalidade-do-espa\u00e7o-como-pintar-curvas'  class=\"rank-math-question\">Perdi com naturalidade do espa\u00e7o. Como pintar curvas?<\/h3>\n<div class=\"rank-math-answer\">\n\n<p>Fa\u00e7a moldes de papel\u00e3o e certifique-se de pintar partes com base seca antes de aplicar o segundo tom.<\/p>\n\n<\/div>\n<\/div>\n<div id=\"faq-question-1753125988368\" class=\"rank-math-list-item\">\n<h3 id='posso-usar-esse-estilo-em-apartamento-alugado'  class=\"rank-math-question\">Posso usar esse estilo em apartamento alugado?<\/h3>\n<div class=\"rank-math-answer\">\n\n<p>Sim! Use tintas remov\u00edveis ou escolha uma parede f\u00e1cil de repintar na sa\u00edda.<\/p>\n\n<\/div>\n<\/div>\n<div id=\"faq-question-1753125989255\" class=\"rank-math-list-item\">\n<h3 id='quais-as-melhores-cores-para-sala-pequena'  class=\"rank-math-question\">Quais as melhores cores para sala pequena?<\/h3>\n<div class=\"rank-math-answer\">\n\n<p>Azul petr\u00f3leo + mostarda criam profundidade, sem escurecer demais o ambiente.<\/p>\n\n<\/div>\n<\/div>\n<div id=\"faq-question-1753125990159\" class=\"rank-math-list-item\">\n<h3 id='como-pintar-curvas-sem-errar-o-tra\u00e7o'  class=\"rank-math-question\">Como pintar curvas sem errar o tra\u00e7o?<\/h3>\n<div class=\"rank-math-answer\">\n\n<p>O segredo est\u00e1 no molde! Corte a forma desejada em papel\u00e3o ou acetato, fixe levemente na parede e use l\u00e1pis para marcar. Depois, v\u00e1 com calma na hora de preencher, come\u00e7ando pelo contorno com um pincel pequeno.<\/p>\n\n<\/div>\n<\/div>\n<div id=\"faq-question-1753125990935\" class=\"rank-math-list-item\">\n<h3 id='esse-tipo-de-pintura-combina-com-qualquer-tipo-de-sala'  class=\"rank-math-question\">Esse tipo de pintura combina com qualquer tipo de sala?<\/h3>\n<div class=\"rank-math-answer\">\n\n<p>Sim! O truque \u00e9 adaptar o tamanho e a paleta ao estilo do ambiente. Em salas menores, prefira formas mais suaves e tons claros. J\u00e1 em espa\u00e7os amplos, d\u00e1 para ousar mais nas cores e no contraste.<\/p>\n\n<\/div>\n<\/div>\n<div id=\"faq-question-1753126040473\" class=\"rank-math-list-item\">\n<h3 id='posso-usar-parede-geom\u00e9trica-em-apartamento-alugado'  class=\"rank-math-question\">Posso usar parede geom\u00e9trica em apartamento alugado?<\/h3>\n<div class=\"rank-math-answer\">\n\n<p>Pode sim! D\u00ea prefer\u00eancia a tintas lav\u00e1veis ou de f\u00e1cil cobertura (tons past\u00e9is ajudam nisso). E se quiser algo 100% revers\u00edvel, adesivos vin\u00edlicos ou pap\u00e9is de parede remov\u00edveis s\u00e3o \u00f3timos aliados.<\/p>\n\n<\/div>\n<\/div>\n<div id=\"faq-question-1753126041523\" class=\"rank-math-list-item\">\n<h3 id='qual-a-melhor-parede-para-aplicar-esse-tipo-de-arte'  class=\"rank-math-question\">Qual a melhor parede para aplicar esse tipo de arte?<\/h3>\n<div class=\"rank-math-answer\">\n\n<p>Geralmente, a parede atr\u00e1s do sof\u00e1 ou da TV \u00e9 a mais indicada, pois funciona como \u201cponto focal\u201d da sala. Mas em quartos ou escrit\u00f3rios, a cabeceira e o fundo da escrivaninha tamb\u00e9m s\u00e3o boas op\u00e7\u00f5es.<\/p>\n\n<\/div>\n<\/div>\n<div id=\"faq-question-1753126068931\" class=\"rank-math-list-item\">\n<h3 id='\u00e9-preciso-contratar-um-profissional'  class=\"rank-math-question\">\u00c9 preciso contratar um profissional?<\/h3>\n<div class=\"rank-math-answer\">\n\n<p>N\u00e3o necessariamente! Esse tipo de pintura \u00e9 totalmente poss\u00edvel de fazer em casa, com materiais simples e um pouco de paci\u00eancia. Mas se voc\u00ea quiser um acabamento impec\u00e1vel ou uma arte mais complexa, pode valer a pena contar com ajuda especializada.<\/p>\n\n<\/div>\n<\/div>\n<div id=\"faq-question-1753126075696\" class=\"rank-math-list-item\">\n<h3 id='posso-misturar-formas-geom\u00e9tricas-diferentes-na-mesma-parede'  class=\"rank-math-question\">Posso misturar formas geom\u00e9tricas diferentes na mesma parede?<\/h3>\n<div class=\"rank-math-answer\">\n\n<p>Pode sim, e fica super estiloso! S\u00f3 fique atenta ao equil\u00edbrio: misture formas grandes com menores, e mantenha uma paleta de at\u00e9 3 cores para n\u00e3o sobrecarregar o visual.<\/p>\n\n<\/div>\n<\/div>\n<div id=\"faq-question-1753126105261\" class=\"rank-math-list-item\">\n<h3 id='d\u00e1-para-usar-esse-estilo-em-outras-partes-da-casa'  class=\"rank-math-question\">D\u00e1 para usar esse estilo em outras partes da casa?<\/h3>\n<div class=\"rank-math-answer\">\n\n<p>Com certeza! Quartos, corredores, halls de entrada e at\u00e9 a parede da mesa de jantar podem ganhar destaque com murais ou desenhos geom\u00e9tricos. O c\u00e9u \u00e9 o limite!<\/p>\n\n<\/div>\n<\/div>\n<div id=\"faq-question-1753126110160\" class=\"rank-math-list-item\">\n<h3 id='quais-cores-est\u00e3o-em-alta-para-esse-tipo-de-pintura'  class=\"rank-math-question\">Quais cores est\u00e3o em alta para esse tipo de pintura?<\/h3>\n<div class=\"rank-math-answer\">\n\n<p>Os tons terrosos, mostarda, azul petr\u00f3leo, verde oliva e off-white seguem como favoritos. Mas tamb\u00e9m vale se jogar em paletas vibrantes, como coral, pink ou verde-menta \u2014 o importante \u00e9 ter a ver com voc\u00ea e sua casa.<\/p>\n\n<\/div>\n<\/div>\n<\/div>\n<\/div>\n\n\n<figure class=\"wp-block-image aligncenter size-large\"><img data-recalc-dims=\"1\" decoding=\"async\" width=\"1024\" height=\"683\" src=\"https:\/\/i0.wp.com\/1truenote.com\/wp-content\/uploads\/2025\/07\/ChatGPT-Image-21-de-jul.-de-2025-16_42_00.png?resize=1024%2C683&#038;ssl=1\" alt=\"parede geom\u00e9trica na decora\u00e7\u00e3o\" class=\"wp-image-3842\" srcset=\"https:\/\/i0.wp.com\/1truenote.com\/wp-content\/uploads\/2025\/07\/ChatGPT-Image-21-de-jul.-de-2025-16_42_00.png?resize=1024%2C683&amp;ssl=1 1024w, https:\/\/i0.wp.com\/1truenote.com\/wp-content\/uploads\/2025\/07\/ChatGPT-Image-21-de-jul.-de-2025-16_42_00.png?resize=300%2C200&amp;ssl=1 300w, https:\/\/i0.wp.com\/1truenote.com\/wp-content\/uploads\/2025\/07\/ChatGPT-Image-21-de-jul.-de-2025-16_42_00.png?resize=768%2C512&amp;ssl=1 768w, https:\/\/i0.wp.com\/1truenote.com\/wp-content\/uploads\/2025\/07\/ChatGPT-Image-21-de-jul.-de-2025-16_42_00.png?resize=18%2C12&amp;ssl=1 18w, https:\/\/i0.wp.com\/1truenote.com\/wp-content\/uploads\/2025\/07\/ChatGPT-Image-21-de-jul.-de-2025-16_42_00.png?resize=150%2C100&amp;ssl=1 150w, https:\/\/i0.wp.com\/1truenote.com\/wp-content\/uploads\/2025\/07\/ChatGPT-Image-21-de-jul.-de-2025-16_42_00.png?w=1536&amp;ssl=1 1536w\" sizes=\"(max-width: 1024px) 100vw, 1024px\" \/><\/figure>","protected":false},"excerpt":{"rendered":"<p>Parede geom\u00e9trica na decora\u00e7\u00e3o. Sabe aquele momento em que voc\u00ea entra na sala e sente algo diferente? Isso pode estar&#8230;<\/p>","protected":false},"author":1,"featured_media":3842,"comment_status":"open","ping_status":"open","sticky":false,"template":"","format":"standard","meta":{"_kad_post_transparent":"","_kad_post_title":"","_kad_post_layout":"","_kad_post_sidebar_id":"","_kad_post_content_style":"","_kad_post_vertical_padding":"","_kad_post_feature":"","_kad_post_feature_position":"","_kad_post_header":false,"_kad_post_footer":false,"_kad_post_classname":"","footnotes":"","jetpack_publicize_message":"Parede geom\u00e9trica na decora\u00e7\u00e3o. Sabe aquele momento em que voc\u00ea entra na sala e sente algo diferente? Isso pode estar nas cores vivas, nos formatos ousados ou at\u00e9 na personalidade que uma parede pode trazer.\n\n#carvalhoconsultoriabrasil #truenote #decor #decoracao #sala #parede #cor","jetpack_publicize_feature_enabled":true,"jetpack_social_post_already_shared":true,"jetpack_social_options":{"image_generator_settings":{"template":"highway","default_image_id":0,"enabled":false},"version":2}},"categories":[16,1],"tags":[13,14,12],"class_list":["post-3841","post","type-post","status-publish","format-standard","has-post-thumbnail","hentry","category-casa-e-jardim","category-novidades","tag-minimalista","tag-interiores-inovadores","tag-projetos-inovadores"],"jetpack_publicize_connections":[],"jetpack_featured_media_url":"https:\/\/i0.wp.com\/1truenote.com\/wp-content\/uploads\/2025\/07\/ChatGPT-Image-21-de-jul.-de-2025-16_42_00.png?fit=1536%2C1024&ssl=1","jetpack_sharing_enabled":true,"_links":{"self":[{"href":"https:\/\/1truenote.com\/en\/wp-json\/wp\/v2\/posts\/3841","targetHints":{"allow":["GET"]}}],"collection":[{"href":"https:\/\/1truenote.com\/en\/wp-json\/wp\/v2\/posts"}],"about":[{"href":"https:\/\/1truenote.com\/en\/wp-json\/wp\/v2\/types\/post"}],"author":[{"embeddable":true,"href":"https:\/\/1truenote.com\/en\/wp-json\/wp\/v2\/users\/1"}],"replies":[{"embeddable":true,"href":"https:\/\/1truenote.com\/en\/wp-json\/wp\/v2\/comments?post=3841"}],"version-history":[{"count":1,"href":"https:\/\/1truenote.com\/en\/wp-json\/wp\/v2\/posts\/3841\/revisions"}],"predecessor-version":[{"id":3843,"href":"https:\/\/1truenote.com\/en\/wp-json\/wp\/v2\/posts\/3841\/revisions\/3843"}],"wp:featuredmedia":[{"embeddable":true,"href":"https:\/\/1truenote.com\/en\/wp-json\/wp\/v2\/media\/3842"}],"wp:attachment":[{"href":"https:\/\/1truenote.com\/en\/wp-json\/wp\/v2\/media?parent=3841"}],"wp:term":[{"taxonomy":"category","embeddable":true,"href":"https:\/\/1truenote.com\/en\/wp-json\/wp\/v2\/categories?post=3841"},{"taxonomy":"post_tag","embeddable":true,"href":"https:\/\/1truenote.com\/en\/wp-json\/wp\/v2\/tags?post=3841"}],"curies":[{"name":"wp","href":"https:\/\/api.w.org\/{rel}","templated":true}]}}