{"id":3837,"date":"2025-07-21T18:00:00","date_gmt":"2025-07-21T21:00:00","guid":{"rendered":"https:\/\/1truenote.com\/?p=3837"},"modified":"2025-07-21T15:51:06","modified_gmt":"2025-07-21T18:51:06","slug":"cafe-da-manha-na-microcasa","status":"publish","type":"post","link":"https:\/\/1truenote.com\/en\/cafe-da-manha-na-microcasa\/","title":{"rendered":"Comece o dia com leveza: Ideias para um caf\u00e9 da manh\u00e3 ao ar livre na sua microcasa"},"content":{"rendered":"<p>Caf\u00e9 da manh\u00e3 na microcasa. Voc\u00ea j\u00e1 teve a sensa\u00e7\u00e3o de que o dia tem outro ritmo quando come\u00e7a com calma? Um caf\u00e9 da manh\u00e3 ao ar livre, cercado de plantas e luz suave, pode parecer um detalhe \u2014 mas muda tudo. Ainda mais se for na sua pr\u00f3pria varanda, naquela microcasa aconchegante que \u00e9 s\u00f3 sua.<\/p>\n\n\n\n<p>Aqui, a gente te mostra como pequenos gestos criam grandes momentos. Mesmo num espa\u00e7o compacto, d\u00e1 pra montar um cantinho cheio de charme, afeto e sabor.<\/p>\n\n\n\n<hr class=\"wp-block-separator has-alpha-channel-opacity\"\/>\n\n\n\n<h2 id='\u2600\ufe0f-um-ritual-simples-que-muda-o-dia-no-caf\u00e9-da-manh\u00e3-na-microcasa'  class=\"wp-block-heading\">\u2600\ufe0f Um ritual simples que muda o dia no caf\u00e9 da manh\u00e3 na microcasa<\/h2>\n\n\n\n<p>N\u00e3o precisa de luxo. Uma mesa de madeira clara, um par de cadeiras confort\u00e1veis, um buqu\u00ea de flores frescas no centro\u2026 e pronto: O cen\u00e1rio est\u00e1 montado.<\/p>\n\n\n\n<p>\u2728 <em>Comece com o que voc\u00ea tem<\/em>:<\/p>\n\n\n\n<ul class=\"wp-block-list\">\n<li>Uma toalha de mesa bonita<\/li>\n\n\n\n<li>Um jogo americano de tecido<\/li>\n\n\n\n<li>X\u00edcaras que voc\u00ea ama<\/li>\n\n\n\n<li>Um vasinho com flor do quintal<\/li>\n<\/ul>\n\n\n\n<p>A ideia \u00e9 transformar a primeira refei\u00e7\u00e3o do dia em um momento seu. Sem pressa, sem distra\u00e7\u00f5es \u2014 s\u00f3 presen\u00e7a.<\/p>\n\n\n\n<hr class=\"wp-block-separator has-alpha-channel-opacity\"\/>\n\n\n\n<h2 id='\ud83c\udf4a-o-card\u00e1pio-que-abra\u00e7a'  class=\"wp-block-heading\">\ud83c\udf4a O card\u00e1pio que abra\u00e7a<\/h2>\n\n\n\n<p>Quer deixar tudo ainda mais especial? Monte um caf\u00e9 da manh\u00e3 simples, mas cheio de carinho. Aqui vai uma sugest\u00e3o:<\/p>\n\n\n\n<ul class=\"wp-block-list\">\n<li>P\u00e3ozinho fresco ou croissant<\/li>\n\n\n\n<li>Frutas vermelhas (framboesa, amora, morango)<\/li>\n\n\n\n<li>Suco de laranja natural<\/li>\n\n\n\n<li>Caf\u00e9 preto ou ch\u00e1 de ervas<\/li>\n\n\n\n<li>Uma fatia de bolo caseiro (opcional, mas irresist\u00edvel \ud83d\ude0b)<\/li>\n<\/ul>\n\n\n\n<p>\ud83c\udf3f <em>Dica:<\/em> prepare tudo na noite anterior e deixe s\u00f3 pra montar de manh\u00e3.<\/p>\n\n\n\n<hr class=\"wp-block-separator has-alpha-channel-opacity\"\/>\n\n\n\n<h2 id='\ud83c\udf3f-microcasa-com-alma-grande'  class=\"wp-block-heading\">\ud83c\udf3f Microcasa com alma grande<\/h2>\n\n\n\n<p>Microcasa n\u00e3o significa menos vida. Pelo contr\u00e1rio: ela te convida a valorizar cada metro quadrado, cada cantinho de sol, cada refei\u00e7\u00e3o sob a brisa leve da manh\u00e3.<\/p>\n\n\n\n<p><strong>Pequenos gestos que ampliam o bem-estar:<\/strong><\/p>\n\n\n\n<ul class=\"wp-block-list\">\n<li>Cultivar plantas na varanda<\/li>\n\n\n\n<li>Usar madeira clara e tons neutros<\/li>\n\n\n\n<li>Deixar a luz natural entrar com cortinas leves<\/li>\n\n\n\n<li>Apostar em m\u00f3veis multifuncionais e acolhedores<\/li>\n<\/ul>\n\n\n\n<p>\ud83e\udeb4 <em>Uma varanda pequena com plantas e uma mesinha j\u00e1 muda tudo.<\/em><\/p>\n\n\n\n<hr class=\"wp-block-separator has-alpha-channel-opacity\"\/>\n\n\n\n<figure class=\"wp-block-image aligncenter size-medium\"><a href=\"https:\/\/chat.whatsapp.com\/KJBkp5LFJVRIvmt5X3hSEh\" target=\"_blank\" rel=\"noopener\"><img data-recalc-dims=\"1\" fetchpriority=\"high\" decoding=\"async\" width=\"200\" height=\"300\" src=\"https:\/\/i0.wp.com\/1truenote.com\/wp-content\/uploads\/2025\/06\/ChatGPT-Image-3-de-jun.-de-2025-19_04_53.png?resize=200%2C300&#038;ssl=1\" alt=\"chamada banner advetorial whats\" class=\"wp-image-2683\" srcset=\"https:\/\/i0.wp.com\/1truenote.com\/wp-content\/uploads\/2025\/06\/ChatGPT-Image-3-de-jun.-de-2025-19_04_53.png?resize=200%2C300&amp;ssl=1 200w, https:\/\/i0.wp.com\/1truenote.com\/wp-content\/uploads\/2025\/06\/ChatGPT-Image-3-de-jun.-de-2025-19_04_53.png?resize=683%2C1024&amp;ssl=1 683w, https:\/\/i0.wp.com\/1truenote.com\/wp-content\/uploads\/2025\/06\/ChatGPT-Image-3-de-jun.-de-2025-19_04_53.png?resize=768%2C1152&amp;ssl=1 768w, https:\/\/i0.wp.com\/1truenote.com\/wp-content\/uploads\/2025\/06\/ChatGPT-Image-3-de-jun.-de-2025-19_04_53.png?resize=150%2C225&amp;ssl=1 150w, https:\/\/i0.wp.com\/1truenote.com\/wp-content\/uploads\/2025\/06\/ChatGPT-Image-3-de-jun.-de-2025-19_04_53.png?w=1024&amp;ssl=1 1024w\" sizes=\"(max-width: 200px) 100vw, 200px\" \/><\/a><\/figure>\n\n\n\n<hr class=\"wp-block-separator has-alpha-channel-opacity\"\/>\n\n\n\n<h2 id='tabela-como-montar-um-caf\u00e9-da-manh\u00e3-na-microcasa-ao-ar-livre'  class=\"wp-block-heading\">Tabela: Como montar um caf\u00e9 da manh\u00e3 na microcasa ao ar livre<\/h2>\n\n\n\n<figure class=\"wp-block-table\"><table class=\"has-fixed-layout\"><thead><tr><th>Elemento<\/th><th>Sugest\u00e3o pr\u00e1tica<\/th><\/tr><\/thead><tbody><tr><td>Table<\/td><td>Redonda, de madeira ou metal, com 2 lugares<\/td><\/tr><tr><td>Cadeiras<\/td><td>Confort\u00e1veis, com apoio para as costas<\/td><\/tr><tr><td>Lighting<\/td><td>Natural, preferencialmente pela manh\u00e3<\/td><\/tr><tr><td>Plantas decorativas<\/td><td>Samambaia, lavanda, jasmim ou mini-hortinha<\/td><\/tr><tr><td>Detalhes afetivos<\/td><td>Vaso com flores, guardanapo de pano, lou\u00e7a<\/td><\/tr><\/tbody><\/table><\/figure>\n\n\n\n<hr class=\"wp-block-separator has-alpha-channel-opacity\"\/>\n\n\n\n<a href=\"https:\/\/1truenote.com\/en\/varanda-com-pergolado-ideias-para-transformar\/\" style=\"text-decoration: none;\">\n  <div style=\"display: flex; justify-content: space-between; align-items: center; background: #d44a00; padding: 12px 20px; color: white; font-family: Arial, sans-serif;\">\n    <strong style=\"color: black;\">READ ALSO:<\/strong>\n    <span style=\"margin-left: 8px; flex: 1;\">Ideias de varandas<\/span>\n    <div style=\"background: #f2802f; padding: 8px 12px; border-radius: 2px; margin-left: 10px;\">\n      <span style=\"color: white; font-weight: bold;\">\u27a4<\/span>\n    <\/div>\n  <\/div>\n<\/a>\n\n\n\n<hr class=\"wp-block-separator has-alpha-channel-opacity\"\/>\n\n\n\n<h2 id='\ud83c\udfa5-v\u00eddeo-inspira\u00e7\u00e3o-um-caf\u00e9-da-manh\u00e3-na-microcasa-leve-na-varanda'  class=\"wp-block-heading\">\ud83c\udfa5 V\u00eddeo inspira\u00e7\u00e3o: Um caf\u00e9 da manh\u00e3 na microcasa leve na varanda<\/h2>\n\n\n\n<p>\ud83d\udcf9 Veja no YouTube: <a href=\"https:\/\/www.youtube.com\/shorts\/iL8y-Clag3g\" data-type=\"link\" data-id=\"https:\/\/www.youtube.com\/shorts\/iL8y-Clag3g\" target=\"_blank\" rel=\"noopener\">Como montar um caf\u00e9 da manh\u00e3 na microcasa perfeito na sua varanda<\/a><\/p>\n\n\n\n<figure class=\"wp-block-embed aligncenter is-type-video is-provider-youtube wp-block-embed-youtube wp-embed-aspect-16-9 wp-has-aspect-ratio\"><div class=\"wp-block-embed__wrapper\">\n<iframe title=\"AQUELE CAF\u00c9 DA MANH\u00c3 NA SUA VARANDA EM GRAMADO \ud83e\udd70\" width=\"720\" height=\"405\" src=\"https:\/\/www.youtube.com\/embed\/iL8y-Clag3g?feature=oembed\" frameborder=\"0\" allow=\"accelerometer; autoplay; clipboard-write; encrypted-media; gyroscope; picture-in-picture; web-share\" referrerpolicy=\"strict-origin-when-cross-origin\" allowfullscreen><\/iframe>\n<\/div><\/figure>\n\n\n\n<p><em>O v\u00eddeo mostra ideias simples e lindas para transformar sua rotina matinal com mais leveza e conex\u00e3o com o presente.<\/em><\/p>\n\n\n\n<hr class=\"wp-block-separator has-alpha-channel-opacity\"\/>\n\n\n\n<h2 id='finalize-o-momento-com-presen\u00e7a'  class=\"wp-block-heading\">Finalize o momento com presen\u00e7a<\/h2>\n\n\n\n<p>Sente. Respire. Observe o verde, o c\u00e9u, o vapor do caf\u00e9 subindo devagar. Esque\u00e7a o celular por 15 minutinhos. Esse pequeno ritual, repetido algumas vezes por semana, muda sua energia, sua disposi\u00e7\u00e3o \u2014 e at\u00e9 sua criatividade. Gostou de caf\u00e9 da manh\u00e3 na microcasa?<\/p>\n\n\n\n<p>E o mais bonito disso tudo? \u00c9 que voc\u00ea n\u00e3o precisa esperar por uma ocasi\u00e3o especial para viver esse momento. Ele pode (e deve!) acontecer numa ter\u00e7a-feira comum, com p\u00e3o amanhecido, suco natural e o som dos passarinhos ao fundo. O que importa \u00e9 a inten\u00e7\u00e3o: pausar, respirar e come\u00e7ar o dia com um carinho s\u00f3 seu. Porque quando a gente cuida desses pequenos rituais, a vida inteira fica mais gostosa de viver. Gostou de caf\u00e9 da manh\u00e3 na microcasa?<\/p>\n\n\n\n<p>\u2728 <em>A beleza mora nos detalhes. No sil\u00eancio da manh\u00e3. No sol batendo na madeira. Na primeira mordida. No aroma do caf\u00e9.<\/em><\/p>\n\n\n\n<hr class=\"wp-block-separator has-alpha-channel-opacity\"\/>\n\n\n\n<a href=\"https:\/\/1truenote.com\/en\/varanda-com-pergolado-ideias-para-transformar\/\" style=\"text-decoration: none;\">\n  <div style=\"display: flex; justify-content: space-between; align-items: center; background: #d44a00; padding: 12px 20px; color: white; font-family: Arial, sans-serif;\">\n    <strong style=\"color: black;\">READ ALSO:<\/strong>\n    <span style=\"margin-left: 8px; flex: 1;\">Ideias de varandas<\/span>\n    <div style=\"background: #f2802f; padding: 8px 12px; border-radius: 2px; margin-left: 10px;\">\n      <span style=\"color: white; font-weight: bold;\">\u27a4<\/span>\n    <\/div>\n  <\/div>\n<\/a>\n\n\n\n\n<hr class=\"wp-block-separator has-alpha-channel-opacity\"\/>\n\n\n\n<h2 id='faq-d\u00favidas-sobre-criar-um-caf\u00e9-da-manh\u00e3-especial-ao-ar-livre'  class=\"wp-block-heading\">FAQ \u2013 D\u00favidas sobre criar um caf\u00e9 da manh\u00e3 especial ao ar livre<\/h2>\n\n\n<div id=\"rank-math-faq\" class=\"rank-math-block\">\n<div class=\"rank-math-list\">\n<div id=\"faq-question-1753123062296\" class=\"rank-math-list-item\">\n<h3 id='preciso-de-muito-espa\u00e7o-para-fazer-isso'  class=\"rank-math-question\">Preciso de muito espa\u00e7o para fazer isso?<\/h3>\n<div class=\"rank-math-answer\">\n\n<p>Nada disso! Uma mesinha com duas cadeiras j\u00e1 \u00e9 o suficiente. O segredo est\u00e1 no carinho com os detalhes.<\/p>\n\n<\/div>\n<\/div>\n<div id=\"faq-question-1753123064119\" class=\"rank-math-list-item\">\n<h3 id='e-se-minha-varanda-n\u00e3o-pega-sol'  class=\"rank-math-question\">E se minha varanda n\u00e3o pega sol?<\/h3>\n<div class=\"rank-math-answer\">\n\n<p>Aposte em ilumina\u00e7\u00e3o indireta e plantas que gostam de sombra, como jib\u00f3ia e pacov\u00e1. O importante \u00e9 o clima acolhedor.<\/p>\n\n<\/div>\n<\/div>\n<div id=\"faq-question-1753123065311\" class=\"rank-math-list-item\">\n<h3 id='d\u00e1-pra-montar-um-cantinho-assim-dentro-de-casa'  class=\"rank-math-question\">D\u00e1 pra montar um cantinho assim dentro de casa?<\/h3>\n<div class=\"rank-math-answer\">\n\n<p>Claro! Uma mesa pr\u00f3xima \u00e0 janela com boa luz natural j\u00e1 traz a sensa\u00e7\u00e3o de aconchego.<\/p>\n\n<\/div>\n<\/div>\n<div id=\"faq-question-1753123095526\" class=\"rank-math-list-item\">\n<h3 id='como-manter-a-rotina-mesmo-em-dias-corridos'  class=\"rank-math-question\">Como manter a rotina mesmo em dias corridos?<\/h3>\n<div class=\"rank-math-answer\">\n\n<p>Deixe tudo pr\u00e9-preparado \u00e0 noite e acorde 20 minutinhos mais cedo. Vale muito a pena.<\/p>\n\n<\/div>\n<\/div>\n<\/div>\n<\/div>\n\n\n<figure class=\"wp-block-image aligncenter size-large\"><img data-recalc-dims=\"1\" decoding=\"async\" width=\"1024\" height=\"683\" src=\"https:\/\/i0.wp.com\/1truenote.com\/wp-content\/uploads\/2025\/07\/ChatGPT-Image-21-de-jul.-de-2025-15_49_11.png?resize=1024%2C683&#038;ssl=1\" alt=\"caf\u00e9 da manh\u00e3 na microcasa\" class=\"wp-image-3839\" srcset=\"https:\/\/i0.wp.com\/1truenote.com\/wp-content\/uploads\/2025\/07\/ChatGPT-Image-21-de-jul.-de-2025-15_49_11.png?resize=1024%2C683&amp;ssl=1 1024w, https:\/\/i0.wp.com\/1truenote.com\/wp-content\/uploads\/2025\/07\/ChatGPT-Image-21-de-jul.-de-2025-15_49_11.png?resize=300%2C200&amp;ssl=1 300w, https:\/\/i0.wp.com\/1truenote.com\/wp-content\/uploads\/2025\/07\/ChatGPT-Image-21-de-jul.-de-2025-15_49_11.png?resize=768%2C512&amp;ssl=1 768w, https:\/\/i0.wp.com\/1truenote.com\/wp-content\/uploads\/2025\/07\/ChatGPT-Image-21-de-jul.-de-2025-15_49_11.png?resize=18%2C12&amp;ssl=1 18w, https:\/\/i0.wp.com\/1truenote.com\/wp-content\/uploads\/2025\/07\/ChatGPT-Image-21-de-jul.-de-2025-15_49_11.png?resize=150%2C100&amp;ssl=1 150w, https:\/\/i0.wp.com\/1truenote.com\/wp-content\/uploads\/2025\/07\/ChatGPT-Image-21-de-jul.-de-2025-15_49_11.png?w=1536&amp;ssl=1 1536w\" sizes=\"(max-width: 1024px) 100vw, 1024px\" \/><\/figure>","protected":false},"excerpt":{"rendered":"<p>Caf\u00e9 da manh\u00e3 na microcasa. Voc\u00ea j\u00e1 teve a sensa\u00e7\u00e3o de que o dia tem outro ritmo quando come\u00e7a com&#8230;<\/p>","protected":false},"author":1,"featured_media":3839,"comment_status":"open","ping_status":"open","sticky":false,"template":"","format":"standard","meta":{"_kad_post_transparent":"","_kad_post_title":"","_kad_post_layout":"","_kad_post_sidebar_id":"","_kad_post_content_style":"","_kad_post_vertical_padding":"","_kad_post_feature":"","_kad_post_feature_position":"","_kad_post_header":false,"_kad_post_footer":false,"_kad_post_classname":"","footnotes":"","jetpack_publicize_message":"Caf\u00e9 da manh\u00e3 na microcasa. Voc\u00ea j\u00e1 teve a sensa\u00e7\u00e3o de que o dia tem outro ritmo quando come\u00e7a com calma? Um caf\u00e9 da manh\u00e3 ao ar livre, cercado de plantas e luz suave, pode parecer um detalhe \u2014 mas muda tudo. Ainda mais se for na sua pr\u00f3pria varanda, naquela microcasa aconchegante que \u00e9 s\u00f3 sua.\n\n#carvalhoconsultoriabrasil #truenote #decor #decoracao #microcasa #cafedamanha","jetpack_publicize_feature_enabled":true,"jetpack_social_post_already_shared":true,"jetpack_social_options":{"image_generator_settings":{"template":"highway","default_image_id":0,"enabled":false},"version":2}},"categories":[9,16],"tags":[11,29,33],"class_list":["post-3837","post","type-post","status-publish","format-standard","has-post-thumbnail","hentry","category-lazer","category-casa-e-jardim","tag-conforto-noturno","tag-jardim","tag-plantas"],"jetpack_publicize_connections":[],"jetpack_featured_media_url":"https:\/\/i0.wp.com\/1truenote.com\/wp-content\/uploads\/2025\/07\/ChatGPT-Image-21-de-jul.-de-2025-15_49_11.png?fit=1536%2C1024&ssl=1","jetpack_sharing_enabled":true,"_links":{"self":[{"href":"https:\/\/1truenote.com\/en\/wp-json\/wp\/v2\/posts\/3837","targetHints":{"allow":["GET"]}}],"collection":[{"href":"https:\/\/1truenote.com\/en\/wp-json\/wp\/v2\/posts"}],"about":[{"href":"https:\/\/1truenote.com\/en\/wp-json\/wp\/v2\/types\/post"}],"author":[{"embeddable":true,"href":"https:\/\/1truenote.com\/en\/wp-json\/wp\/v2\/users\/1"}],"replies":[{"embeddable":true,"href":"https:\/\/1truenote.com\/en\/wp-json\/wp\/v2\/comments?post=3837"}],"version-history":[{"count":1,"href":"https:\/\/1truenote.com\/en\/wp-json\/wp\/v2\/posts\/3837\/revisions"}],"predecessor-version":[{"id":3840,"href":"https:\/\/1truenote.com\/en\/wp-json\/wp\/v2\/posts\/3837\/revisions\/3840"}],"wp:featuredmedia":[{"embeddable":true,"href":"https:\/\/1truenote.com\/en\/wp-json\/wp\/v2\/media\/3839"}],"wp:attachment":[{"href":"https:\/\/1truenote.com\/en\/wp-json\/wp\/v2\/media?parent=3837"}],"wp:term":[{"taxonomy":"category","embeddable":true,"href":"https:\/\/1truenote.com\/en\/wp-json\/wp\/v2\/categories?post=3837"},{"taxonomy":"post_tag","embeddable":true,"href":"https:\/\/1truenote.com\/en\/wp-json\/wp\/v2\/tags?post=3837"}],"curies":[{"name":"wp","href":"https:\/\/api.w.org\/{rel}","templated":true}]}}