{"id":3833,"date":"2025-07-21T16:00:00","date_gmt":"2025-07-21T19:00:00","guid":{"rendered":"https:\/\/1truenote.com\/?p=3833"},"modified":"2025-07-21T15:32:33","modified_gmt":"2025-07-21T18:32:33","slug":"home-office-funcional-como-criar-espaco","status":"publish","type":"post","link":"https:\/\/1truenote.com\/en\/home-office-funcional-como-criar-espaco\/","title":{"rendered":"Home office funcional: Transforme seu canto em um espa\u00e7o produtivo e acolhedor"},"content":{"rendered":"<p><strong>Home office funcional<\/strong>. Trabalhar de casa tem suas del\u00edcias \u2014 o caf\u00e9 fresquinho, o conforto da pr\u00f3pria casa, o chinelo no lugar do sapato social. Mas tamb\u00e9m traz desafios, n\u00e9? Quem nunca come\u00e7ou o dia empolgado e terminou atolado em distra\u00e7\u00f5es, sentado de mau jeito numa cadeira da sala?<\/p>\n\n\n\n<p>\u00c9 a\u00ed que entra o <strong>home office funcional<\/strong>: Um espa\u00e7o que vai muito al\u00e9m da est\u00e9tica bonita do Pinterest. Ele precisa ser pr\u00e1tico, ergon\u00f4mico e, principalmente, inspirador \u2014 porque produtividade e bem-estar andam juntinhos.<\/p>\n\n\n\n<p>Se voc\u00ea quer montar (ou ajustar) o seu home office, aqui vai um guia leve, realista e cheio de solu\u00e7\u00f5es que cabem na vida real.<\/p>\n\n\n\n<hr class=\"wp-block-separator has-alpha-channel-opacity\"\/>\n\n\n\n<h2 id='escolha-o-lugar-certo-para-seu-home-office-funcional'  class=\"wp-block-heading\">Escolha o lugar certo para seu home office funcional<\/h2>\n\n\n\n<p>Antes de pensar em m\u00f3veis ou decora\u00e7\u00e3o, escolha o <strong>canto certo da casa<\/strong>. Pode ser um quarto extra, um pedacinho da sala ou at\u00e9 um espa\u00e7o sob a escada.<\/p>\n\n\n\n<p><strong>Dicas para acertar:<\/strong><\/p>\n\n\n\n<ul class=\"wp-block-list\">\n<li>D\u00ea prefer\u00eancia a locais com boa entrada de luz natural<\/li>\n\n\n\n<li>Evite \u00e1reas de muita circula\u00e7\u00e3o (tipo corredor ou cozinha)<\/li>\n\n\n\n<li>Use biombos, estantes ou cortinas para delimitar o espa\u00e7o<\/li>\n<\/ul>\n\n\n\n<p>\u2728 <em>Spoiler: N\u00e3o precisa ser grande. Precisa ser seu.<\/em><\/p>\n\n\n\n<hr class=\"wp-block-separator has-alpha-channel-opacity\"\/>\n\n\n\n<h2 id='m\u00f3veis-certos-=-conforto-o-dia-todo'  class=\"wp-block-heading\">M\u00f3veis certos = Conforto o dia todo<\/h2>\n\n\n\n<p>Sim, a cadeira da cozinha at\u00e9 quebra um galho, mas o seu corpo sente. Um home office funcional exige <strong>mobili\u00e1rio ergon\u00f4mico<\/strong>, mesmo que simples.<\/p>\n\n\n\n<p><strong>O que n\u00e3o pode faltar:<\/strong><\/p>\n\n\n\n<ul class=\"wp-block-list\">\n<li>Cadeira com encosto ajust\u00e1vel e apoio lombar<\/li>\n\n\n\n<li>Mesa com altura entre 70 e 75 cm<\/li>\n\n\n\n<li>Apoio para os p\u00e9s (pode improvisar com uma caixa firme)<\/li>\n<\/ul>\n\n\n\n<p>\ud83e\ude91 <em>Dica: Cadeiras gamer nem sempre s\u00e3o ideais. Prefira modelos feitos para escrit\u00f3rio.<\/em><\/p>\n\n\n\n<hr class=\"wp-block-separator has-alpha-channel-opacity\"\/>\n\n\n\n<h2 id='ilumina\u00e7\u00e3o-mais-importante-do-que-parece'  class=\"wp-block-heading\">Ilumina\u00e7\u00e3o: Mais importante do que parece<\/h2>\n\n\n\n<p>J\u00e1 notou como a luz interfere no seu humor e foco? Num home office funcional, a ilumina\u00e7\u00e3o \u00e9 quase uma ferramenta de produtividade.<\/p>\n\n\n\n<p><strong>Como acertar na luz:<\/strong><\/p>\n\n\n\n<ul class=\"wp-block-list\">\n<li>Use luz natural durante o dia, de prefer\u00eancia lateral<\/li>\n\n\n\n<li>\u00c0 noite, combine luz branca difusa com lumin\u00e1ria de mesa<\/li>\n\n\n\n<li>Evite reflexo direto na tela do computador<\/li>\n<\/ul>\n\n\n\n<p>\ud83d\udca1 <em>Prefira l\u00e2mpadas LED de temperatura neutra (4000K a 5000K).<\/em><\/p>\n\n\n\n<hr class=\"wp-block-separator has-alpha-channel-opacity\"\/>\n\n\n\n<h2 id='organiza\u00e7\u00e3o-visual-o-segredo-silencioso-da-produtividade'  class=\"wp-block-heading\">Organiza\u00e7\u00e3o visual: O segredo silencioso da produtividade<\/h2>\n\n\n\n<p>Quando o ambiente est\u00e1 visualmente organizado, sua mente respira melhor. E isso impacta direto na sua produtividade.<\/p>\n\n\n\n<p><strong>Checklist para manter tudo no lugar:<\/strong><\/p>\n\n\n\n<ul class=\"wp-block-list\">\n<li>Um organizador de mesa (ou uma bandeja bonita)<\/li>\n\n\n\n<li>Caixas ou gaveteiros com etiquetas<\/li>\n\n\n\n<li>Prateleiras leves com objetos \u00fateis + decorativos<\/li>\n<\/ul>\n\n\n\n<p>\ud83d\udccc <em>Uma parede com quadro de recados ou planner semanal ajuda muito a manter o foco.<\/em><\/p>\n\n\n\n<hr class=\"wp-block-separator has-alpha-channel-opacity\"\/>\n\n\n\n<figure class=\"wp-block-image aligncenter size-medium\"><a href=\"https:\/\/chat.whatsapp.com\/KJBkp5LFJVRIvmt5X3hSEh\" target=\"_blank\" rel=\"noopener\"><img data-recalc-dims=\"1\" fetchpriority=\"high\" decoding=\"async\" width=\"200\" height=\"300\" src=\"https:\/\/i0.wp.com\/1truenote.com\/wp-content\/uploads\/2025\/06\/ChatGPT-Image-3-de-jun.-de-2025-19_04_53.png?resize=200%2C300&#038;ssl=1\" alt=\"chamada banner advetorial whats\" class=\"wp-image-2683\" srcset=\"https:\/\/i0.wp.com\/1truenote.com\/wp-content\/uploads\/2025\/06\/ChatGPT-Image-3-de-jun.-de-2025-19_04_53.png?resize=200%2C300&amp;ssl=1 200w, https:\/\/i0.wp.com\/1truenote.com\/wp-content\/uploads\/2025\/06\/ChatGPT-Image-3-de-jun.-de-2025-19_04_53.png?resize=683%2C1024&amp;ssl=1 683w, https:\/\/i0.wp.com\/1truenote.com\/wp-content\/uploads\/2025\/06\/ChatGPT-Image-3-de-jun.-de-2025-19_04_53.png?resize=768%2C1152&amp;ssl=1 768w, https:\/\/i0.wp.com\/1truenote.com\/wp-content\/uploads\/2025\/06\/ChatGPT-Image-3-de-jun.-de-2025-19_04_53.png?resize=150%2C225&amp;ssl=1 150w, https:\/\/i0.wp.com\/1truenote.com\/wp-content\/uploads\/2025\/06\/ChatGPT-Image-3-de-jun.-de-2025-19_04_53.png?w=1024&amp;ssl=1 1024w\" sizes=\"(max-width: 200px) 100vw, 200px\" \/><\/a><\/figure>\n\n\n\n<hr class=\"wp-block-separator has-alpha-channel-opacity\"\/>\n\n\n\n<h2 id='tabela-elementos-essenciais-de-um-home-office-funcional'  class=\"wp-block-heading\">Tabela: Elementos essenciais de um home office funcional<\/h2>\n\n\n\n<figure class=\"wp-block-table\"><table class=\"has-fixed-layout\"><thead><tr><th>Elemento<\/th><th>O que considerar<\/th><\/tr><\/thead><tbody><tr><td>Espa\u00e7o<\/td><td>Iluminado, com privacidade e pouco ru\u00eddo<\/td><\/tr><tr><td>Chair<\/td><td>Ergon\u00f4mica, ajust\u00e1vel, com encosto firme<\/td><\/tr><tr><td>Table<\/td><td>Altura correta, espa\u00e7o para notebook + materiais<\/td><\/tr><tr><td>Lighting<\/td><td>Luz natural + lumin\u00e1ria com LED neutro<\/td><\/tr><tr><td>Organization<\/td><td>Itens b\u00e1sicos vis\u00edveis, o restante armazenado<\/td><\/tr><tr><td>Clima<\/td><td>Plantinhas, quadros, aroma leve e sua personalidade<\/td><\/tr><\/tbody><\/table><\/figure>\n\n\n\n<hr class=\"wp-block-separator has-alpha-channel-opacity\"\/>\n\n\n\n<a href=\"https:\/\/1truenote.com\/en\/projeto-de-construcao-etapas-e-dicas\/\" style=\"text-decoration: none;\">\n  <div style=\"display: flex; justify-content: space-between; align-items: center; background: #d44a00; padding: 12px 20px; color: white; font-family: Arial, sans-serif;\">\n    <strong style=\"color: black;\">READ ALSO:<\/strong>\n    <span style=\"margin-left: 8px; flex: 1;\">Os segredos do projeto de constru\u00e7\u00e3o<\/span>\n    <div style=\"background: #f2802f; padding: 8px 12px; border-radius: 2px; margin-left: 10px;\">\n      <span style=\"color: white; font-weight: bold;\">\u27a4<\/span>\n    <\/div>\n  <\/div>\n<\/a>\n\n\n\n<hr class=\"wp-block-separator has-alpha-channel-opacity\"\/>\n\n\n\n<h2 id='um-toque-pessoal-faz-toda-a-diferen\u00e7a'  class=\"wp-block-heading\">Um toque pessoal faz toda a diferen\u00e7a<\/h2>\n\n\n\n<p>Quer que seu home office funcione de verdade? Ent\u00e3o fa\u00e7a ele ter a sua cara. Um quadrinho, uma plantinha, uma caneca favorita \u2014 tudo isso ajuda a tornar o ambiente mais gostoso e motivador.<\/p>\n\n\n\n<p><strong>Inspira\u00e7\u00f5es r\u00e1pidas:<\/strong><\/p>\n\n\n\n<ul class=\"wp-block-list\">\n<li>Vasinho de suculenta na mesa<\/li>\n\n\n\n<li>Foto ou frase inspiradora na parede<\/li>\n\n\n\n<li>Lumin\u00e1ria com design criativo<\/li>\n<\/ul>\n\n\n\n<p>\ud83c\udfa8 <em>Quando o ambiente te acolhe, o trabalho flui melhor.<\/em><\/p>\n\n\n\n<hr class=\"wp-block-separator has-alpha-channel-opacity\"\/>\n\n\n\n<h2 id='veja-tamb\u00e9m-v\u00eddeo-com-ideias-criativas-de-home-office'  class=\"wp-block-heading\">Veja tamb\u00e9m: v\u00eddeo com ideias criativas de home office<\/h2>\n\n\n\n<p>\ud83d\udcf9 Assista: <a href=\"https:\/\/www.youtube.com\/shorts\/y1Cxo0-3vTE\" data-type=\"link\" data-id=\"https:\/\/www.youtube.com\/shorts\/y1Cxo0-3vTE\" target=\"_blank\" rel=\"noopener\">Ideias para montar um home office funcional e bonito<\/a><\/p>\n\n\n\n<figure class=\"wp-block-embed aligncenter is-type-video is-provider-youtube wp-block-embed-youtube wp-embed-aspect-16-9 wp-has-aspect-ratio\"><div class=\"wp-block-embed__wrapper\">\n<iframe title=\"Achadinhos perfeitos para o cantinho de home office e estudos \u2728\" width=\"720\" height=\"405\" src=\"https:\/\/www.youtube.com\/embed\/y1Cxo0-3vTE?feature=oembed\" frameborder=\"0\" allow=\"accelerometer; autoplay; clipboard-write; encrypted-media; gyroscope; picture-in-picture; web-share\" referrerpolicy=\"strict-origin-when-cross-origin\" allowfullscreen><\/iframe>\n<\/div><\/figure>\n\n\n\n<p><em>O v\u00eddeo traz sugest\u00f5es visuais incr\u00edveis para quem quer montar um espa\u00e7o pr\u00e1tico e cheio de estilo.<\/em><\/p>\n\n\n\n<hr class=\"wp-block-separator has-alpha-channel-opacity\"\/>\n\n\n\n<h2 id='seu-home-office-precisa-funcionar-para-voc\u00ea'  class=\"wp-block-heading\">Seu home office precisa funcionar para voc\u00ea<\/h2>\n\n\n\n<p>No fim do dia, um <strong>home office funcional<\/strong> n\u00e3o \u00e9 sobre seguir regras r\u00edgidas. \u00c9 sobre criar um espa\u00e7o que respeite a sua rotina, o seu corpo e o seu jeito de trabalhar. A est\u00e9tica vem, claro. Mas o conforto e a praticidade precisam vir primeiro.<\/p>\n\n\n\n<p>\u2728 Comece simples, ajuste aos poucos e lembre-se: O melhor home office \u00e9 aquele em que voc\u00ea se sente bem de verdade.<\/p>\n\n\n\n<p>\ud83d\udd14 Curtiu as dicas? Salva esse post e manda pra aquela amiga que vive reclamando do home office improvisado!<\/p>\n\n\n\n<hr class=\"wp-block-separator has-alpha-channel-opacity\"\/>\n\n\n\n<a href=\"https:\/\/1truenote.com\/en\/projeto-de-construcao-etapas-e-dicas\/\" style=\"text-decoration: none;\">\n  <div style=\"display: flex; justify-content: space-between; align-items: center; background: #d44a00; padding: 12px 20px; color: white; font-family: Arial, sans-serif;\">\n    <strong style=\"color: black;\">READ ALSO:<\/strong>\n    <span style=\"margin-left: 8px; flex: 1;\">Os segredos do projeto de constru\u00e7\u00e3o<\/span>\n    <div style=\"background: #f2802f; padding: 8px 12px; border-radius: 2px; margin-left: 10px;\">\n      <span style=\"color: white; font-weight: bold;\">\u27a4<\/span>\n    <\/div>\n  <\/div>\n<\/a>\n\n\n\n\n<hr class=\"wp-block-separator has-alpha-channel-opacity\"\/>\n\n\n\n<h2 id='faq-d\u00favidas-comuns-sobre-home-office-funcional'  class=\"wp-block-heading\">FAQ \u2013 D\u00favidas comuns sobre home office funcional<\/h2>\n\n\n<div id=\"rank-math-faq\" class=\"rank-math-block\">\n<div class=\"rank-math-list\">\n<div id=\"faq-question-1753122189845\" class=\"rank-math-list-item\">\n<h3 id='posso-montar-um-home-office-funcional-em-um-espa\u00e7o-pequeno'  class=\"rank-math-question\">Posso montar um home office funcional em um espa\u00e7o pequeno?<\/h3>\n<div class=\"rank-math-answer\">\n\n<p>Sim! At\u00e9 1,5 m\u00b2 pode ser suficiente. O segredo est\u00e1 na organiza\u00e7\u00e3o vertical e no uso inteligente dos m\u00f3veis.<\/p>\n\n<\/div>\n<\/div>\n<div id=\"faq-question-1753122191091\" class=\"rank-math-list-item\">\n<h3 id='como-evitar-distra\u00e7\u00f5es-no-home-office'  class=\"rank-math-question\">Como evitar distra\u00e7\u00f5es no home office?<\/h3>\n<div class=\"rank-math-answer\">\n\n<p>Defina hor\u00e1rios, crie limites com quem mora com voc\u00ea e tire do campo de vis\u00e3o objetos que roubam sua aten\u00e7\u00e3o (tipo celular e TV).<\/p>\n\n<\/div>\n<\/div>\n<div id=\"faq-question-1753122191661\" class=\"rank-math-list-item\">\n<h3 id='qual-o-melhor-tipo-de-cadeira-para-home-office'  class=\"rank-math-question\">Qual o melhor tipo de cadeira para home office?<\/h3>\n<div class=\"rank-math-answer\">\n\n<p>Modelos ergon\u00f4micos com encosto ajust\u00e1vel, apoio de bra\u00e7o e regulagem de altura s\u00e3o ideais. Fuja das cadeiras est\u00e9ticas, mas desconfort\u00e1veis.<\/p>\n\n<\/div>\n<\/div>\n<div id=\"faq-question-1753122217974\" class=\"rank-math-list-item\">\n<h3 id='vale-investir-em-decora\u00e7\u00e3o'  class=\"rank-math-question\">Vale investir em decora\u00e7\u00e3o?<\/h3>\n<div class=\"rank-math-answer\">\n\n<p>Com certeza! Itens visuais como quadros, plantas e objetos pessoais aumentam o bem-estar e a produtividade.<\/p>\n\n<\/div>\n<\/div>\n<div id=\"faq-question-1753122233331\" class=\"rank-math-list-item\">\n<h3 id='luz-branca-ou-amarela-no-home-office'  class=\"rank-math-question\">Luz branca ou amarela no home office?<\/h3>\n<div class=\"rank-math-answer\">\n\n<p>A luz neutra (entre 4000K e 5000K) \u00e9 a mais recomendada para foco e conforto visual.<\/p>\n\n<\/div>\n<\/div>\n<\/div>\n<\/div>\n\n\n<figure class=\"wp-block-image aligncenter size-large\"><img data-recalc-dims=\"1\" decoding=\"async\" width=\"1024\" height=\"683\" src=\"https:\/\/i0.wp.com\/1truenote.com\/wp-content\/uploads\/2025\/07\/ChatGPT-Image-21-de-jul.-de-2025-15_31_53.png?resize=1024%2C683&#038;ssl=1\" alt=\"Home office funcional\" class=\"wp-image-3834\" srcset=\"https:\/\/i0.wp.com\/1truenote.com\/wp-content\/uploads\/2025\/07\/ChatGPT-Image-21-de-jul.-de-2025-15_31_53.png?resize=1024%2C683&amp;ssl=1 1024w, https:\/\/i0.wp.com\/1truenote.com\/wp-content\/uploads\/2025\/07\/ChatGPT-Image-21-de-jul.-de-2025-15_31_53.png?resize=300%2C200&amp;ssl=1 300w, https:\/\/i0.wp.com\/1truenote.com\/wp-content\/uploads\/2025\/07\/ChatGPT-Image-21-de-jul.-de-2025-15_31_53.png?resize=768%2C512&amp;ssl=1 768w, https:\/\/i0.wp.com\/1truenote.com\/wp-content\/uploads\/2025\/07\/ChatGPT-Image-21-de-jul.-de-2025-15_31_53.png?resize=18%2C12&amp;ssl=1 18w, https:\/\/i0.wp.com\/1truenote.com\/wp-content\/uploads\/2025\/07\/ChatGPT-Image-21-de-jul.-de-2025-15_31_53.png?resize=150%2C100&amp;ssl=1 150w, https:\/\/i0.wp.com\/1truenote.com\/wp-content\/uploads\/2025\/07\/ChatGPT-Image-21-de-jul.-de-2025-15_31_53.png?w=1536&amp;ssl=1 1536w\" sizes=\"(max-width: 1024px) 100vw, 1024px\" \/><\/figure>","protected":false},"excerpt":{"rendered":"<p>Home office funcional. Trabalhar de casa tem suas del\u00edcias \u2014 o caf\u00e9 fresquinho, o conforto da pr\u00f3pria casa, o chinelo&#8230;<\/p>","protected":false},"author":1,"featured_media":3834,"comment_status":"open","ping_status":"open","sticky":false,"template":"","format":"standard","meta":{"_kad_post_transparent":"","_kad_post_title":"","_kad_post_layout":"","_kad_post_sidebar_id":"","_kad_post_content_style":"","_kad_post_vertical_padding":"","_kad_post_feature":"","_kad_post_feature_position":"","_kad_post_header":false,"_kad_post_footer":false,"_kad_post_classname":"","footnotes":"","jetpack_publicize_message":"Home office funcional. Trabalhar de casa tem suas del\u00edcias \u2014 o caf\u00e9 fresquinho, o conforto da pr\u00f3pria casa, o chinelo no lugar do sapato social. Mas tamb\u00e9m traz desafios, n\u00e9? Quem nunca come\u00e7ou o dia empolgado e terminou atolado em distra\u00e7\u00f5es, sentado de mau jeito numa cadeira da sala?\n\n#carvalhoconsultoriabrasil #truenote #decor #decoracao #home #homeoffice","jetpack_publicize_feature_enabled":true,"jetpack_social_post_already_shared":true,"jetpack_social_options":{"image_generator_settings":{"template":"highway","default_image_id":0,"enabled":false},"version":2}},"categories":[16,1],"tags":[13,14,12],"class_list":["post-3833","post","type-post","status-publish","format-standard","has-post-thumbnail","hentry","category-casa-e-jardim","category-novidades","tag-minimalista","tag-interiores-inovadores","tag-projetos-inovadores"],"jetpack_publicize_connections":[],"jetpack_featured_media_url":"https:\/\/i0.wp.com\/1truenote.com\/wp-content\/uploads\/2025\/07\/ChatGPT-Image-21-de-jul.-de-2025-15_31_53.png?fit=1536%2C1024&ssl=1","jetpack_sharing_enabled":true,"_links":{"self":[{"href":"https:\/\/1truenote.com\/en\/wp-json\/wp\/v2\/posts\/3833","targetHints":{"allow":["GET"]}}],"collection":[{"href":"https:\/\/1truenote.com\/en\/wp-json\/wp\/v2\/posts"}],"about":[{"href":"https:\/\/1truenote.com\/en\/wp-json\/wp\/v2\/types\/post"}],"author":[{"embeddable":true,"href":"https:\/\/1truenote.com\/en\/wp-json\/wp\/v2\/users\/1"}],"replies":[{"embeddable":true,"href":"https:\/\/1truenote.com\/en\/wp-json\/wp\/v2\/comments?post=3833"}],"version-history":[{"count":1,"href":"https:\/\/1truenote.com\/en\/wp-json\/wp\/v2\/posts\/3833\/revisions"}],"predecessor-version":[{"id":3836,"href":"https:\/\/1truenote.com\/en\/wp-json\/wp\/v2\/posts\/3833\/revisions\/3836"}],"wp:featuredmedia":[{"embeddable":true,"href":"https:\/\/1truenote.com\/en\/wp-json\/wp\/v2\/media\/3834"}],"wp:attachment":[{"href":"https:\/\/1truenote.com\/en\/wp-json\/wp\/v2\/media?parent=3833"}],"wp:term":[{"taxonomy":"category","embeddable":true,"href":"https:\/\/1truenote.com\/en\/wp-json\/wp\/v2\/categories?post=3833"},{"taxonomy":"post_tag","embeddable":true,"href":"https:\/\/1truenote.com\/en\/wp-json\/wp\/v2\/tags?post=3833"}],"curies":[{"name":"wp","href":"https:\/\/api.w.org\/{rel}","templated":true}]}}