{"id":3826,"date":"2025-07-18T14:00:00","date_gmt":"2025-07-18T17:00:00","guid":{"rendered":"https:\/\/1truenote.com\/?p=3826"},"modified":"2025-07-18T11:55:59","modified_gmt":"2025-07-18T14:55:59","slug":"varanda-com-pergolado-ideias-para-transformar","status":"publish","type":"post","link":"https:\/\/1truenote.com\/en\/varanda-com-pergolado-ideias-para-transformar\/","title":{"rendered":"Ideias de varandas com pergolado que s\u00e3o puro charme"},"content":{"rendered":"<p>Varanda com pergolado. Sabe aquele cantinho da casa que tem tudo para virar o seu ref\u00fagio favorito? Pois \u00e9, com um bom pergolado, algumas plantas e um toque de criatividade, at\u00e9 o menor espa\u00e7o pode se transformar em uma varanda dos sonhos. E o melhor: Sem precisar de grandes reformas.<\/p>\n\n\n\n<p>Se voc\u00ea anda desejando um cantinho para relaxar com estilo, d\u00e1 s\u00f3 uma olhada nessas inspira\u00e7\u00f5es reais que s\u00e3o de suspirar!<\/p>\n\n\n\n<hr class=\"wp-block-separator has-alpha-channel-opacity\"\/>\n\n\n\n<h2 id='\ud83c\udf3f-1-varanda-com-pergolado-minimalismo-acolhedor-com-toque-natural'  class=\"wp-block-heading\">\ud83c\udf3f 1. Varanda com pergolado: Minimalismo acolhedor com toque natural<\/h2>\n\n\n\n<p>A primeira imagem traz uma proposta leve e elegante. A combina\u00e7\u00e3o de <strong>pergolado em madeira clara<\/strong>, poltronas de corda, almofadas neutras e <strong>plantas estrat\u00e9gicas<\/strong> cria um ambiente super aconchegante, ideal para leitura, ch\u00e1 da tarde ou um papo gostoso ao fim do dia.<\/p>\n\n\n\n<p>\u2728 <em>O detalhe que faz diferen\u00e7a:<\/em> O cesto de vime na parede, que refor\u00e7a o toque r\u00fastico com charme!<\/p>\n\n\n\n<p><strong>Dicas para copiar:<\/strong><\/p>\n\n\n\n<ul class=\"wp-block-list\">\n<li>Escolha cores neutras (bege, branco, verde-oliva)<\/li>\n\n\n\n<li>Use ilumina\u00e7\u00e3o quente com arandelas para o clima ficar mais acolhedor<\/li>\n\n\n\n<li>Prefira m\u00f3veis em madeira, corda ou fibras naturais<\/li>\n<\/ul>\n\n\n\n<hr class=\"wp-block-separator has-alpha-channel-opacity\"\/>\n\n\n\n<h2 id='\ud83e\uddfa-2-estilo-boho-com-toque-rom\u00e2ntico'  class=\"wp-block-heading\">\ud83e\uddfa 2. Estilo boho com toque rom\u00e2ntico<\/h2>\n\n\n\n<p>A segunda imagem \u00e9 um verdadeiro convite ao descanso. O espa\u00e7o traz um <strong>sof\u00e1 em L de fibras naturais<\/strong>, almofadas com listras sutis, lumin\u00e1rias pendentes e at\u00e9 um <strong>tapete de sisal redondo<\/strong>, que adiciona textura ao ch\u00e3o de pedras brancas.<\/p>\n\n\n\n<p>Sem falar na treli\u00e7a com folhagens que refor\u00e7a a ideia de ref\u00fagio verde dentro de casa!<\/p>\n\n\n\n<p><strong>Copie sem medo:<\/strong><\/p>\n\n\n\n<ul class=\"wp-block-list\">\n<li>Use cord\u00f5es de luz para um toque intimista \u00e0 noite<\/li>\n\n\n\n<li>Mescle vasos com plantas pendentes e folhagens verticais<\/li>\n\n\n\n<li>Aposte em tapetes naturais para aquecer o ambiente<\/li>\n<\/ul>\n\n\n\n<hr class=\"wp-block-separator has-alpha-channel-opacity\"\/>\n\n\n\n<h2 id='\ud83c\udf8b-3-verde-vertical-e-est\u00e9tica-zen'  class=\"wp-block-heading\">\ud83c\udf8b 3. Verde vertical e est\u00e9tica zen<\/h2>\n\n\n\n<p>A terceira imagem inspira quem gosta de natureza e ambientes mais modernos. Aqui, o pergolado se une ao paisagismo vertical com <strong>bambu e pedras no ch\u00e3o<\/strong>, criando um clima leve e quase zen. As cadeiras em fibra com estrutura met\u00e1lica garantem conforto e estilo.<\/p>\n\n\n\n<p>\u2728 <em>O que amamos:<\/em> A simetria do espa\u00e7o e o contraste entre as pedras e o verde das plantas.<\/p>\n\n\n\n<p><strong>Sugest\u00f5es para replicar:<\/strong><\/p>\n\n\n\n<ul class=\"wp-block-list\">\n<li>Escolha plantas altas como bambu-moss\u00f4 ou pleomele<\/li>\n\n\n\n<li>Use piso de pedrinhas com blocos de concreto para criar caminho<\/li>\n\n\n\n<li>Aposte na combina\u00e7\u00e3o de tons naturais com preto ou cinza claro<\/li>\n<\/ul>\n\n\n\n<hr class=\"wp-block-separator has-alpha-channel-opacity\"\/>\n\n\n\n<figure class=\"wp-block-image aligncenter size-medium\"><a href=\"https:\/\/chat.whatsapp.com\/KJBkp5LFJVRIvmt5X3hSEh\" target=\"_blank\" rel=\"noopener\"><img data-recalc-dims=\"1\" fetchpriority=\"high\" decoding=\"async\" width=\"200\" height=\"300\" src=\"https:\/\/i0.wp.com\/1truenote.com\/wp-content\/uploads\/2025\/06\/ChatGPT-Image-3-de-jun.-de-2025-19_04_53.png?resize=200%2C300&#038;ssl=1\" alt=\"chamada banner advetorial whats\" class=\"wp-image-2683\" srcset=\"https:\/\/i0.wp.com\/1truenote.com\/wp-content\/uploads\/2025\/06\/ChatGPT-Image-3-de-jun.-de-2025-19_04_53.png?resize=200%2C300&amp;ssl=1 200w, https:\/\/i0.wp.com\/1truenote.com\/wp-content\/uploads\/2025\/06\/ChatGPT-Image-3-de-jun.-de-2025-19_04_53.png?resize=683%2C1024&amp;ssl=1 683w, https:\/\/i0.wp.com\/1truenote.com\/wp-content\/uploads\/2025\/06\/ChatGPT-Image-3-de-jun.-de-2025-19_04_53.png?resize=768%2C1152&amp;ssl=1 768w, https:\/\/i0.wp.com\/1truenote.com\/wp-content\/uploads\/2025\/06\/ChatGPT-Image-3-de-jun.-de-2025-19_04_53.png?resize=150%2C225&amp;ssl=1 150w, https:\/\/i0.wp.com\/1truenote.com\/wp-content\/uploads\/2025\/06\/ChatGPT-Image-3-de-jun.-de-2025-19_04_53.png?w=1024&amp;ssl=1 1024w\" sizes=\"(max-width: 200px) 100vw, 200px\" \/><\/a><\/figure>\n\n\n\n<hr class=\"wp-block-separator has-alpha-channel-opacity\"\/>\n\n\n\n<h2 id='\ud83d\udcdd-tabela-materiais-ideais-para-varandas-com-pergolado'  class=\"wp-block-heading\">\ud83d\udcdd Tabela: Materiais ideais para varandas com pergolado<\/h2>\n\n\n\n<figure class=\"wp-block-table\"><table class=\"has-fixed-layout\"><thead><tr><th>Elemento<\/th><th>Op\u00e7\u00f5es Recomendadas<\/th><\/tr><\/thead><tbody><tr><td>Pergolado<\/td><td>Madeira pinus, eucalipto, cumaru ou ripado<\/td><\/tr><tr><td>Mobili\u00e1rio<\/td><td>Rattan sint\u00e9tico, madeira natural, corda<\/td><\/tr><tr><td>Piso<\/td><td>Pedra, deck modular, grama sint\u00e9tica<\/td><\/tr><tr><td>Plantas<\/td><td>Bambu, lavanda, samambaia, trepadeiras<\/td><\/tr><tr><td>Lighting<\/td><td>Arandelas, cord\u00e3o de luz, pendentes r\u00fasticos<\/td><\/tr><\/tbody><\/table><\/figure>\n\n\n\n<hr class=\"wp-block-separator has-alpha-channel-opacity\"\/>\n\n\n\n<a href=\"https:\/\/1truenote.com\/en\/transformacao-de-casa-dicas-criativas\/\" style=\"text-decoration: none;\">\n  <div style=\"display: flex; justify-content: space-between; align-items: center; background: #d44a00; padding: 12px 20px; color: white; font-family: Arial, sans-serif;\">\n    <strong style=\"color: black;\">READ ALSO:<\/strong>\n    <span style=\"margin-left: 8px; flex: 1;\">Descubra como pequenas mudan\u00e7as podem transformar sua casa \u2013 e seu dia!<\/span>\n    <div style=\"background: #f2802f; padding: 8px 12px; border-radius: 2px; margin-left: 10px;\">\n      <span style=\"color: white; font-weight: bold;\">\u27a4<\/span>\n    <\/div>\n  <\/div>\n<\/a>\n\n\n\n<hr class=\"wp-block-separator has-alpha-channel-opacity\"\/>\n\n\n\n<h2 id='\ud83d\udca1-extra-v\u00eddeo-com-ideias-de-varanda-com-pergolado'  class=\"wp-block-heading\">\ud83d\udca1 Extra: V\u00eddeo com ideias de varanda com pergolado<\/h2>\n\n\n\n<p>\ud83d\udcf9 Assista: <a href=\"https:\/\/www.youtube.com\/watch?v=x-bAlZlxpvc&amp;pp=ygUzNyBpZGVpYXMgcGFyYSB0cmFuc2Zvcm1hciBzdWEgdmFyYW5kYSBjb20gcGVyZ29sYWRv0gcJCc0JAYcqIYzv\" data-type=\"link\" data-id=\"https:\/\/www.youtube.com\/watch?v=x-bAlZlxpvc&amp;pp=ygUzNyBpZGVpYXMgcGFyYSB0cmFuc2Zvcm1hciBzdWEgdmFyYW5kYSBjb20gcGVyZ29sYWRv0gcJCc0JAYcqIYzv\" target=\"_blank\" rel=\"noopener\">30 ideias para transformar sua varanda com pergolado<\/a><\/p>\n\n\n\n<figure class=\"wp-block-embed aligncenter is-type-video is-provider-youtube wp-block-embed-youtube wp-embed-aspect-16-9 wp-has-aspect-ratio\"><div class=\"wp-block-embed__wrapper\">\n<iframe title=\"30 ideias incr\u00edveis de PERGOLADOS DE MADEIRA para transformar sua \u00e1rea externa !\" width=\"720\" height=\"405\" src=\"https:\/\/www.youtube.com\/embed\/x-bAlZlxpvc?feature=oembed\" frameborder=\"0\" allow=\"accelerometer; autoplay; clipboard-write; encrypted-media; gyroscope; picture-in-picture; web-share\" referrerpolicy=\"strict-origin-when-cross-origin\" allowfullscreen><\/iframe>\n<\/div><\/figure>\n\n\n\n<p>O v\u00eddeo traz inspira\u00e7\u00f5es visuais e pr\u00e1ticas para montar o seu cantinho de bem-estar com estilo e sem gastar uma fortuna.<\/p>\n\n\n\n<hr class=\"wp-block-separator has-alpha-channel-opacity\"\/>\n\n\n\n<h2 id='\ud83c\udf31-o-segredo-est\u00e1-nos-detalhes-e-no-afeto'  class=\"wp-block-heading\">\ud83c\udf31 O segredo est\u00e1 nos detalhes (e no afeto)<\/h2>\n\n\n\n<p>Ter uma varanda com pergolado vai muito al\u00e9m de est\u00e9tica \u2014 \u00e9 sobre criar um cantinho com alma, que abrace a gente no fim do dia. Seja com cordas, madeira, vasos ou almofadas, o importante \u00e9 que tenha a sua cara.<\/p>\n\n\n\n<p>Comece aos poucos, com o que voc\u00ea j\u00e1 tem. Uma planta aqui, uma lumin\u00e1ria ali\u2026 e quando perceber, j\u00e1 vai estar tomando caf\u00e9 no seu novo ref\u00fagio favorito.<\/p>\n\n\n\n<p>\u2728 Curtiu as ideias de varanda com pergolado? Salva esse post e manda pra aquela amiga que t\u00e1 querendo transformar a varanda!<\/p>\n\n\n\n<hr class=\"wp-block-separator has-alpha-channel-opacity\"\/>\n\n\n\n<a href=\"https:\/\/1truenote.com\/en\/transformacao-de-casa-dicas-criativas\/\" style=\"text-decoration: none;\">\n  <div style=\"display: flex; justify-content: space-between; align-items: center; background: #d44a00; padding: 12px 20px; color: white; font-family: Arial, sans-serif;\">\n    <strong style=\"color: black;\">READ ALSO:<\/strong>\n    <span style=\"margin-left: 8px; flex: 1;\">Descubra como pequenas mudan\u00e7as podem transformar sua casa \u2013 e seu dia!<\/span>\n    <div style=\"background: #f2802f; padding: 8px 12px; border-radius: 2px; margin-left: 10px;\">\n      <span style=\"color: white; font-weight: bold;\">\u27a4<\/span>\n    <\/div>\n  <\/div>\n<\/a>\n\n\n\n\n<hr class=\"wp-block-separator has-alpha-channel-opacity\"\/>\n\n\n\n<h2 id='faq-d\u00favidas-sobre-varanda-com-pergolado'  class=\"wp-block-heading\">FAQ \u2013 D\u00favidas sobre varanda com pergolado<\/h2>\n\n\n<div id=\"rank-math-faq\" class=\"rank-math-block\">\n<div class=\"rank-math-list\">\n<div id=\"faq-question-1752849398761\" class=\"rank-math-list-item\">\n<h3 id='qual-o-melhor-tipo-de-pergolado-para-varanda-pequena'  class=\"rank-math-question\">Qual o melhor tipo de pergolado para varanda pequena?<\/h3>\n<div class=\"rank-math-answer\">\n\n<p>O de madeira clara ou ripado \u00e9 o mais indicado. Ele traz leveza e combina bem com espa\u00e7os compactos.<\/p>\n\n<\/div>\n<\/div>\n<div id=\"faq-question-1752849399620\" class=\"rank-math-list-item\">\n<h3 id='precisa-de-cobertura-no-pergolado'  class=\"rank-math-question\">Precisa de cobertura no pergolado?<\/h3>\n<div class=\"rank-math-answer\">\n\n<p>Depende da fun\u00e7\u00e3o. Se quiser proteger da chuva, use vidro ou policarbonato. Se for apenas decorativo, pode deixar aberto ou usar treli\u00e7as com plantas.<\/p>\n\n<\/div>\n<\/div>\n<div id=\"faq-question-1752849400537\" class=\"rank-math-list-item\">\n<h3 id='d\u00e1-pra-usar-grama-sint\u00e9tica-na-varanda'  class=\"rank-math-question\">D\u00e1 pra usar grama sint\u00e9tica na varanda?<\/h3>\n<div class=\"rank-math-answer\">\n\n<p>Sim! Ela \u00e9 pr\u00e1tica, f\u00e1cil de manter e traz sensa\u00e7\u00e3o de natureza. Combine com pedras e madeiras para um visual mais org\u00e2nico.<\/p>\n\n<\/div>\n<\/div>\n<div id=\"faq-question-1752849433808\" class=\"rank-math-list-item\">\n<h3 id='que-plantas-s\u00e3o-ideais-para-varandas-com-pouco-sol'  class=\"rank-math-question\">Que plantas s\u00e3o ideais para varandas com pouco sol?<\/h3>\n<div class=\"rank-math-answer\">\n\n<p>Samambaia, zamioculca, maranta e pacov\u00e1 v\u00e3o super bem em meia sombra.<\/p>\n\n<\/div>\n<\/div>\n<div id=\"faq-question-1752849443068\" class=\"rank-math-list-item\">\n<h3 id='como-iluminar-sem-gastar-muito'  class=\"rank-math-question\">Como iluminar sem gastar muito?<\/h3>\n<div class=\"rank-math-answer\">\n\n<p>Use arandelas solares, cord\u00f5es de LED e lumin\u00e1rias port\u00e1teis. Fica lindo e econ\u00f4mico.<\/p>\n\n<\/div>\n<\/div>\n<\/div>\n<\/div>\n\n\n<figure class=\"wp-block-image aligncenter size-large\"><img data-recalc-dims=\"1\" decoding=\"async\" width=\"1024\" height=\"683\" src=\"https:\/\/i0.wp.com\/1truenote.com\/wp-content\/uploads\/2025\/07\/ChatGPT-Image-18-de-jul.-de-2025-11_49_58.png?resize=1024%2C683&#038;ssl=1\" alt=\"varanda com pergolado\" class=\"wp-image-3828\" srcset=\"https:\/\/i0.wp.com\/1truenote.com\/wp-content\/uploads\/2025\/07\/ChatGPT-Image-18-de-jul.-de-2025-11_49_58.png?resize=1024%2C683&amp;ssl=1 1024w, https:\/\/i0.wp.com\/1truenote.com\/wp-content\/uploads\/2025\/07\/ChatGPT-Image-18-de-jul.-de-2025-11_49_58.png?resize=300%2C200&amp;ssl=1 300w, https:\/\/i0.wp.com\/1truenote.com\/wp-content\/uploads\/2025\/07\/ChatGPT-Image-18-de-jul.-de-2025-11_49_58.png?resize=768%2C512&amp;ssl=1 768w, https:\/\/i0.wp.com\/1truenote.com\/wp-content\/uploads\/2025\/07\/ChatGPT-Image-18-de-jul.-de-2025-11_49_58.png?resize=18%2C12&amp;ssl=1 18w, https:\/\/i0.wp.com\/1truenote.com\/wp-content\/uploads\/2025\/07\/ChatGPT-Image-18-de-jul.-de-2025-11_49_58.png?resize=150%2C100&amp;ssl=1 150w, https:\/\/i0.wp.com\/1truenote.com\/wp-content\/uploads\/2025\/07\/ChatGPT-Image-18-de-jul.-de-2025-11_49_58.png?w=1536&amp;ssl=1 1536w\" sizes=\"(max-width: 1024px) 100vw, 1024px\" \/><\/figure>","protected":false},"excerpt":{"rendered":"<p>Varanda com pergolado. Sabe aquele cantinho da casa que tem tudo para virar o seu ref\u00fagio favorito? Pois \u00e9, com&#8230;<\/p>","protected":false},"author":1,"featured_media":3828,"comment_status":"open","ping_status":"open","sticky":false,"template":"","format":"standard","meta":{"_kad_post_transparent":"","_kad_post_title":"","_kad_post_layout":"","_kad_post_sidebar_id":"","_kad_post_content_style":"","_kad_post_vertical_padding":"","_kad_post_feature":"","_kad_post_feature_position":"","_kad_post_header":false,"_kad_post_footer":false,"_kad_post_classname":"","footnotes":"","jetpack_publicize_message":"Varanda com pergolado. Sabe aquele cantinho da casa que tem tudo para virar o seu ref\u00fagio favorito? Pois \u00e9, com um bom pergolado, algumas plantas e um toque de criatividade, at\u00e9 o menor espa\u00e7o pode se transformar em uma varanda dos sonhos. E o melhor: Sem precisar de grandes reformas.\n\n#carvalhoconsultoriabrasil #truenote #decor #decoracao #varanda #pergolado #sacada #planta","jetpack_publicize_feature_enabled":true,"jetpack_social_post_already_shared":true,"jetpack_social_options":{"image_generator_settings":{"template":"highway","default_image_id":0,"enabled":false},"version":2}},"categories":[16,1],"tags":[13,14,12],"class_list":["post-3826","post","type-post","status-publish","format-standard","has-post-thumbnail","hentry","category-casa-e-jardim","category-novidades","tag-minimalista","tag-interiores-inovadores","tag-projetos-inovadores"],"jetpack_publicize_connections":[],"jetpack_featured_media_url":"https:\/\/i0.wp.com\/1truenote.com\/wp-content\/uploads\/2025\/07\/ChatGPT-Image-18-de-jul.-de-2025-11_49_58.png?fit=1536%2C1024&ssl=1","jetpack_sharing_enabled":true,"_links":{"self":[{"href":"https:\/\/1truenote.com\/en\/wp-json\/wp\/v2\/posts\/3826","targetHints":{"allow":["GET"]}}],"collection":[{"href":"https:\/\/1truenote.com\/en\/wp-json\/wp\/v2\/posts"}],"about":[{"href":"https:\/\/1truenote.com\/en\/wp-json\/wp\/v2\/types\/post"}],"author":[{"embeddable":true,"href":"https:\/\/1truenote.com\/en\/wp-json\/wp\/v2\/users\/1"}],"replies":[{"embeddable":true,"href":"https:\/\/1truenote.com\/en\/wp-json\/wp\/v2\/comments?post=3826"}],"version-history":[{"count":1,"href":"https:\/\/1truenote.com\/en\/wp-json\/wp\/v2\/posts\/3826\/revisions"}],"predecessor-version":[{"id":3829,"href":"https:\/\/1truenote.com\/en\/wp-json\/wp\/v2\/posts\/3826\/revisions\/3829"}],"wp:featuredmedia":[{"embeddable":true,"href":"https:\/\/1truenote.com\/en\/wp-json\/wp\/v2\/media\/3828"}],"wp:attachment":[{"href":"https:\/\/1truenote.com\/en\/wp-json\/wp\/v2\/media?parent=3826"}],"wp:term":[{"taxonomy":"category","embeddable":true,"href":"https:\/\/1truenote.com\/en\/wp-json\/wp\/v2\/categories?post=3826"},{"taxonomy":"post_tag","embeddable":true,"href":"https:\/\/1truenote.com\/en\/wp-json\/wp\/v2\/tags?post=3826"}],"curies":[{"name":"wp","href":"https:\/\/api.w.org\/{rel}","templated":true}]}}