{"id":3822,"date":"2025-07-18T12:00:00","date_gmt":"2025-07-18T15:00:00","guid":{"rendered":"https:\/\/1truenote.com\/?p=3822"},"modified":"2025-07-18T11:16:48","modified_gmt":"2025-07-18T14:16:48","slug":"modelo-de-cozinha-ideal-para-seu-estilo-de-vida","status":"publish","type":"post","link":"https:\/\/1truenote.com\/en\/modelo-de-cozinha-ideal-para-seu-estilo-de-vida\/","title":{"rendered":"Descubra qual modelo de cozinha \u00e9 ideal para o seu jeito de viver"},"content":{"rendered":"<p>Modelo de cozinha. Planejar a cozinha dos sonhos n\u00e3o \u00e9 s\u00f3 quest\u00e3o de espa\u00e7o \u2014 \u00e9 sobre estilo de vida. Afinal, a cozinha \u00e9 mais do que um lugar para preparar refei\u00e7\u00f5es: \u00c9 onde a gente se re\u00fane, troca risadas e vive momentos deliciosos. E a boa not\u00edcia? Tem um modelo perfeito para cada rotina, seja voc\u00ea o chef da casa ou f\u00e3 de comida por delivery.<\/p>\n\n\n\n<p>Neste guia pr\u00e1tico, a gente te ajuda a descobrir qual modelo de cozinha tem tudo a ver com o seu dia a dia. Bora escolher?<\/p>\n\n\n\n<hr class=\"wp-block-separator has-alpha-channel-opacity\"\/>\n\n\n\n<h2 id='modelo-de-cozinha-em-l-funcionalidade-para-espa\u00e7os-menores'  class=\"wp-block-heading\">Modelo de cozinha em L: Funcionalidade para espa\u00e7os menores<\/h2>\n\n\n\n<p>Se voc\u00ea quer aproveitar bem cada cantinho sem perder em charme, a cozinha em L \u00e9 a pedida certa. Ela contorna duas paredes e libera a circula\u00e7\u00e3o, o que deixa tudo mais fluido \u2014 mesmo nos espa\u00e7os pequenos.<\/p>\n\n\n\n<p>\u2728 Dica de ouro: Use uma das bancadas como apoio para refei\u00e7\u00f5es r\u00e1pidas ou at\u00e9 como home office improvisado.<\/p>\n\n\n\n<p><strong>Vantagens da cozinha em L:<\/strong><\/p>\n\n\n\n<ul class=\"wp-block-list\">\n<li>Aproveitamento inteligente dos cantos<\/li>\n\n\n\n<li>\u00d3tima para ambientes integrados<\/li>\n\n\n\n<li>Permite boa separa\u00e7\u00e3o do \u201ctri\u00e2ngulo funcional\u201d (pia, fog\u00e3o e geladeira)<\/li>\n<\/ul>\n\n\n\n<figure class=\"wp-block-table\"><table class=\"has-fixed-layout\"><thead><tr><th>Ideal para quem&#8230;<\/th><th>Possui cozinha pequena ou m\u00e9dia e quer fluidez<\/th><\/tr><\/thead><tbody><tr><td>Estilo que combina bem<\/td><td>Minimalista, industrial ou escandinavo<\/td><\/tr><\/tbody><\/table><\/figure>\n\n\n\n<hr class=\"wp-block-separator has-alpha-channel-opacity\"\/>\n\n\n\n<h2 id='cozinha-em-u-espa\u00e7o-de-sobra-e-praticidade'  class=\"wp-block-heading\">Cozinha em U: Espa\u00e7o de sobra e praticidade<\/h2>\n\n\n\n<p>Agora, se voc\u00ea ama cozinhar ou costuma receber visitas em casa, a cozinha em U pode ser o seu match perfeito. Ela envolve o ambiente em tr\u00eas lados, proporcionando mais bancadas e \u00e1rea de armazenamento.<\/p>\n\n\n\n<p>Essa disposi\u00e7\u00e3o reduz deslocamentos e facilita a din\u00e2mica durante o preparo das refei\u00e7\u00f5es.<\/p>\n\n\n\n<p><strong>Dicas para acertar no projeto:<\/strong><\/p>\n\n\n\n<ul class=\"wp-block-list\">\n<li>Prefira tons claros se o espa\u00e7o for pequeno<\/li>\n\n\n\n<li>Use prateleiras abertas para deixar tudo \u00e0 m\u00e3o e ainda decorar<\/li>\n<\/ul>\n\n\n\n<figure class=\"wp-block-table\"><table class=\"has-fixed-layout\"><thead><tr><th>Ponto forte<\/th><th>\u00c1rea de trabalho generosa e organizada<\/th><\/tr><\/thead><tbody><tr><td>Combina com<\/td><td>Fam\u00edlias grandes, quem cozinha com frequ\u00eancia<\/td><\/tr><\/tbody><\/table><\/figure>\n\n\n\n<hr class=\"wp-block-separator has-alpha-channel-opacity\"\/>\n\n\n\n<figure class=\"wp-block-image aligncenter size-medium\"><a href=\"https:\/\/chat.whatsapp.com\/KJBkp5LFJVRIvmt5X3hSEh\" target=\"_blank\" rel=\"noopener\"><img data-recalc-dims=\"1\" fetchpriority=\"high\" decoding=\"async\" width=\"200\" height=\"300\" src=\"https:\/\/i0.wp.com\/1truenote.com\/wp-content\/uploads\/2025\/06\/ChatGPT-Image-3-de-jun.-de-2025-19_04_53.png?resize=200%2C300&#038;ssl=1\" alt=\"chamada banner advetorial whats\" class=\"wp-image-2683\" srcset=\"https:\/\/i0.wp.com\/1truenote.com\/wp-content\/uploads\/2025\/06\/ChatGPT-Image-3-de-jun.-de-2025-19_04_53.png?resize=200%2C300&amp;ssl=1 200w, https:\/\/i0.wp.com\/1truenote.com\/wp-content\/uploads\/2025\/06\/ChatGPT-Image-3-de-jun.-de-2025-19_04_53.png?resize=683%2C1024&amp;ssl=1 683w, https:\/\/i0.wp.com\/1truenote.com\/wp-content\/uploads\/2025\/06\/ChatGPT-Image-3-de-jun.-de-2025-19_04_53.png?resize=768%2C1152&amp;ssl=1 768w, https:\/\/i0.wp.com\/1truenote.com\/wp-content\/uploads\/2025\/06\/ChatGPT-Image-3-de-jun.-de-2025-19_04_53.png?resize=150%2C225&amp;ssl=1 150w, https:\/\/i0.wp.com\/1truenote.com\/wp-content\/uploads\/2025\/06\/ChatGPT-Image-3-de-jun.-de-2025-19_04_53.png?w=1024&amp;ssl=1 1024w\" sizes=\"(max-width: 200px) 100vw, 200px\" \/><\/a><\/figure>\n\n\n\n<hr class=\"wp-block-separator has-alpha-channel-opacity\"\/>\n\n\n\n<h2 id='cozinha-linear-perfeita-para-espa\u00e7os-compactos'  class=\"wp-block-heading\">Cozinha Linear: Perfeita para espa\u00e7os compactos<\/h2>\n\n\n\n<p>A cozinha linear, tamb\u00e9m conhecida como de uma parede s\u00f3, \u00e9 super pr\u00e1tica. Ideal para studios, apartamentos pequenos ou cozinhas integradas \u00e0 sala.<\/p>\n\n\n\n<p>Nesse modelo, tudo fica alinhado na mesma parede, o que pede um planejamento cuidadoso, principalmente em rela\u00e7\u00e3o \u00e0 altura dos arm\u00e1rios e \u00e0 escolha dos eletros.<\/p>\n\n\n\n<p>\u2728 Dica esperta: aposte em eletrodom\u00e9sticos embutidos para manter o visual clean.<\/p>\n\n\n\n<figure class=\"wp-block-table\"><table class=\"has-fixed-layout\"><thead><tr><th>Melhor op\u00e7\u00e3o para<\/th><th>Quem mora sozinho ou em casal, com pouco espa\u00e7o dispon\u00edvel<\/th><\/tr><\/thead><tbody><tr><td>Estilo ideal<\/td><td>Moderno, clean ou contempor\u00e2neo<\/td><\/tr><\/tbody><\/table><\/figure>\n\n\n\n<hr class=\"wp-block-separator has-alpha-channel-opacity\"\/>\n\n\n\n<a href=\"https:\/\/1truenote.com\/en\/quarto-de-casal-decoracao-dicas-inspiracoes\/\" style=\"text-decoration: none;\">\n  <div style=\"display: flex; justify-content: space-between; align-items: center; background: #d44a00; padding: 12px 20px; color: white; font-family: Arial, sans-serif;\">\n    <strong style=\"color: black;\">READ ALSO:<\/strong>\n    <span style=\"margin-left: 8px; flex: 1;\">Quarto de casal aconchegante<\/span>\n    <div style=\"background: #f2802f; padding: 8px 12px; border-radius: 2px; margin-left: 10px;\">\n      <span style=\"color: white; font-weight: bold;\">\u27a4<\/span>\n    <\/div>\n  <\/div>\n<\/a>\n\n\n\n<hr class=\"wp-block-separator has-alpha-channel-opacity\"\/>\n\n\n\n<h2 id='cozinha-com-ilha-o-toque-moderno-que-virou-desejo'  class=\"wp-block-heading\">Cozinha com ilha: O toque moderno que virou desejo<\/h2>\n\n\n\n<p>Sabe aquelas cozinhas que viram cen\u00e1rio de revista? Muitas vezes, o segredo est\u00e1 na ilha central. Al\u00e9m de linda, ela \u00e9 pr\u00e1tica: Pode servir como apoio para refei\u00e7\u00f5es, esta\u00e7\u00e3o de preparo ou at\u00e9 espa\u00e7o de socializa\u00e7\u00e3o.<\/p>\n\n\n\n<p>Ah, e se o espa\u00e7o n\u00e3o comporta uma ilha no centro, vale apostar na pen\u00ednsula \u2014 que \u00e9 acoplada \u00e0 parede e oferece benef\u00edcios parecidos.<\/p>\n\n\n\n<p>\ud83d\udcf9 <strong>Veja neste v\u00eddeo<\/strong>: <a class=\"\" href=\"https:\/\/www.youtube.com\/watch?v=3lfDdKRK2fg\" target=\"_blank\" rel=\"noopener\">50 ideias de modelo de cozinha com ilha para se inspirar<\/a><\/p>\n\n\n\n<figure class=\"wp-block-embed aligncenter is-type-video is-provider-youtube wp-block-embed-youtube wp-embed-aspect-16-9 wp-has-aspect-ratio\"><div class=\"wp-block-embed__wrapper\">\n<iframe title=\"50 MODELOS DE COZINHAS COM ILHA LINDAS EM 2023 #cozinha #decoracaointeriores #casas\" width=\"720\" height=\"405\" src=\"https:\/\/www.youtube.com\/embed\/jyxFqSkjwqE?feature=oembed\" frameborder=\"0\" allow=\"accelerometer; autoplay; clipboard-write; encrypted-media; gyroscope; picture-in-picture; web-share\" referrerpolicy=\"strict-origin-when-cross-origin\" allowfullscreen><\/iframe>\n<\/div><\/figure>\n\n\n\n<p><strong>Fica incr\u00edvel com:<\/strong><\/p>\n\n\n\n<ul class=\"wp-block-list\">\n<li>Bancadas de pedra ou madeira natural<\/li>\n\n\n\n<li>Pendentes decorativos acima da ilha<\/li>\n<\/ul>\n\n\n\n<figure class=\"wp-block-table\"><table class=\"has-fixed-layout\"><thead><tr><th>Combina com quem<\/th><th>Ama design contempor\u00e2neo e costuma receber amigos<\/th><\/tr><\/thead><tbody><tr><td>Espa\u00e7o necess\u00e1rio m\u00ednimo<\/td><td>Cerca de 12 m\u00b2 (para circula\u00e7\u00e3o confort\u00e1vel)<\/td><\/tr><\/tbody><\/table><\/figure>\n\n\n\n<hr class=\"wp-block-separator has-alpha-channel-opacity\"\/>\n\n\n\n<h2 id='tend\u00eancias-para-deixar-sua-cozinha-ainda-mais-incr\u00edvel'  class=\"wp-block-heading\">Tend\u00eancias para deixar sua cozinha ainda mais incr\u00edvel<\/h2>\n\n\n\n<p>Quer deixar sua cozinha atual sem perder o aconchego? Ent\u00e3o vale ficar de olho nessas tend\u00eancias:<\/p>\n\n\n\n<ul class=\"wp-block-list\">\n<li><strong>Tons suaves e naturais<\/strong>: beges, verdes-menta e terrosos est\u00e3o em alta<\/li>\n\n\n\n<li><strong>Acabamentos foscos<\/strong>: especialmente em arm\u00e1rios e bancadas<\/li>\n\n\n\n<li><strong>Ilumina\u00e7\u00e3o estrat\u00e9gica<\/strong>: spots embutidos e pendentes deixam o clima acolhedor<\/li>\n\n\n\n<li><strong>Materiais naturais<\/strong>: madeira, pedra e fibras ganham destaque<\/li>\n\n\n\n<li><strong>Mistura de estilos<\/strong>: o r\u00fastico-chique tem ganhado cada vez mais espa\u00e7o<\/li>\n<\/ul>\n\n\n\n<hr class=\"wp-block-separator has-alpha-channel-opacity\"\/>\n\n\n\n<h2 id='escolha-com-o-cora\u00e7\u00e3o-e-o-seu-jeito-de-viver'  class=\"wp-block-heading\">Escolha com o cora\u00e7\u00e3o e o seu jeito de viver<\/h2>\n\n\n\n<p>Modelo de cozinha&#8230; No fim das contas, o melhor modelo de cozinha \u00e9 aquele que se encaixa no seu estilo de vida. Se voc\u00ea ama cozinhar, precisa de espa\u00e7o e funcionalidade. Se prefere praticidade, um layout compacto pode ser mais interessante. E se a cozinha \u00e9 o ponto de encontro da casa, investir em conforto e beleza vale cada centavo.<\/p>\n\n\n\n<p>Gostou de modelo de cozinha? Ent\u00e3o, antes de decidir, se pergunte: Como eu uso minha cozinha hoje e como eu gostaria de us\u00e1-la?<\/p>\n\n\n\n<p>\ud83d\udd14 Salve este post e compartilhe com quem tamb\u00e9m est\u00e1 planejando a cozinha dos sonhos!<\/p>\n\n\n\n<hr class=\"wp-block-separator has-alpha-channel-opacity\"\/>\n\n\n\n<a href=\"https:\/\/1truenote.com\/en\/quarto-de-casal-decoracao-dicas-inspiracoes\/\" style=\"text-decoration: none;\">\n  <div style=\"display: flex; justify-content: space-between; align-items: center; background: #d44a00; padding: 12px 20px; color: white; font-family: Arial, sans-serif;\">\n    <strong style=\"color: black;\">READ ALSO:<\/strong>\n    <span style=\"margin-left: 8px; flex: 1;\">Quarto de casal aconchegante<\/span>\n    <div style=\"background: #f2802f; padding: 8px 12px; border-radius: 2px; margin-left: 10px;\">\n      <span style=\"color: white; font-weight: bold;\">\u27a4<\/span>\n    <\/div>\n  <\/div>\n<\/a>\n\n\n\n\n<hr class=\"wp-block-separator has-alpha-channel-opacity\"\/>\n\n\n\n<h2 id='faq-d\u00favidas-mais-comuns-sobre-modelo-de-cozinha'  class=\"wp-block-heading\">FAQ \u2013 D\u00favidas mais comuns sobre modelo de cozinha<\/h2>\n\n\n<div id=\"rank-math-faq\" class=\"rank-math-block\">\n<div class=\"rank-math-list\">\n<div id=\"faq-question-1752847022807\" class=\"rank-math-list-item\">\n<h3 id='qual-modelo-de-cozinha-\u00e9-ideal-para-cozinhas-pequenas'  class=\"rank-math-question\">Qual modelo de cozinha \u00e9 ideal para cozinhas pequenas?<\/h3>\n<div class=\"rank-math-answer\">\n\n<p>A cozinha em L ou linear s\u00e3o as mais indicadas, pois aproveitam melhor o espa\u00e7o dispon\u00edvel.<\/p>\n\n<\/div>\n<\/div>\n<div id=\"faq-question-1752847023960\" class=\"rank-math-list-item\">\n<h3 id='posso-ter-uma-cozinha-com-ilha-mesmo-com-espa\u00e7o-limitado'  class=\"rank-math-question\">Posso ter uma cozinha com ilha mesmo com espa\u00e7o limitado?<\/h3>\n<div class=\"rank-math-answer\">\n\n<p>Sim, desde que haja no m\u00ednimo 90 cm de circula\u00e7\u00e3o ao redor. Em espa\u00e7os mais apertados, considere uma pen\u00ednsula.<\/p>\n\n<\/div>\n<\/div>\n<div id=\"faq-question-1752847025244\" class=\"rank-math-list-item\">\n<h3 id='como-escolher-o-melhor-modelo-para-minha-casa'  class=\"rank-math-question\">Como escolher o melhor modelo para minha casa?<\/h3>\n<div class=\"rank-math-answer\">\n\n<p>Pense na sua rotina, na quantidade de pessoas que usam a cozinha e no espa\u00e7o dispon\u00edvel. Isso ajuda a definir o formato mais funcional.<\/p>\n\n<\/div>\n<\/div>\n<div id=\"faq-question-1752847056133\" class=\"rank-math-list-item\">\n<h3 id='cozinha-em-u-deixa-o-ambiente-apertado'  class=\"rank-math-question\">Cozinha em U deixa o ambiente apertado?<\/h3>\n<div class=\"rank-math-answer\">\n\n<p>Se bem planejada, n\u00e3o! Use cores claras, arm\u00e1rios suspensos e uma boa ilumina\u00e7\u00e3o para garantir leveza.<\/p>\n\n<\/div>\n<\/div>\n<div id=\"faq-question-1752847066501\" class=\"rank-math-list-item\">\n<h3 id='d\u00e1-para-misturar-estilos-na-cozinha'  class=\"rank-math-question\">D\u00e1 para misturar estilos na cozinha?<\/h3>\n<div class=\"rank-math-answer\">\n\n<p>Com certeza! Misturar o r\u00fastico com o moderno, por exemplo, pode trazer um resultado \u00fanico e cheio de personalidade.<\/p>\n\n<\/div>\n<\/div>\n<\/div>\n<\/div>\n\n\n<figure class=\"wp-block-image aligncenter size-full\"><img data-recalc-dims=\"1\" decoding=\"async\" width=\"1024\" height=\"1024\" src=\"https:\/\/i0.wp.com\/1truenote.com\/wp-content\/uploads\/2025\/07\/ChatGPT-Image-18-de-jul.-de-2025-11_16_00.png?resize=1024%2C1024&#038;ssl=1\" alt=\"modelo de cozinha\" class=\"wp-image-3824\" srcset=\"https:\/\/i0.wp.com\/1truenote.com\/wp-content\/uploads\/2025\/07\/ChatGPT-Image-18-de-jul.-de-2025-11_16_00.png?w=1024&amp;ssl=1 1024w, https:\/\/i0.wp.com\/1truenote.com\/wp-content\/uploads\/2025\/07\/ChatGPT-Image-18-de-jul.-de-2025-11_16_00.png?resize=300%2C300&amp;ssl=1 300w, https:\/\/i0.wp.com\/1truenote.com\/wp-content\/uploads\/2025\/07\/ChatGPT-Image-18-de-jul.-de-2025-11_16_00.png?resize=150%2C150&amp;ssl=1 150w, https:\/\/i0.wp.com\/1truenote.com\/wp-content\/uploads\/2025\/07\/ChatGPT-Image-18-de-jul.-de-2025-11_16_00.png?resize=768%2C768&amp;ssl=1 768w, https:\/\/i0.wp.com\/1truenote.com\/wp-content\/uploads\/2025\/07\/ChatGPT-Image-18-de-jul.-de-2025-11_16_00.png?resize=12%2C12&amp;ssl=1 12w, https:\/\/i0.wp.com\/1truenote.com\/wp-content\/uploads\/2025\/07\/ChatGPT-Image-18-de-jul.-de-2025-11_16_00.png?resize=96%2C96&amp;ssl=1 96w\" sizes=\"(max-width: 1024px) 100vw, 1024px\" \/><\/figure>","protected":false},"excerpt":{"rendered":"<p>Modelo de cozinha. Planejar a cozinha dos sonhos n\u00e3o \u00e9 s\u00f3 quest\u00e3o de espa\u00e7o \u2014 \u00e9 sobre estilo de vida&#8230;.<\/p>","protected":false},"author":1,"featured_media":3824,"comment_status":"open","ping_status":"open","sticky":false,"template":"","format":"standard","meta":{"_kad_post_transparent":"","_kad_post_title":"","_kad_post_layout":"","_kad_post_sidebar_id":"","_kad_post_content_style":"","_kad_post_vertical_padding":"","_kad_post_feature":"","_kad_post_feature_position":"","_kad_post_header":false,"_kad_post_footer":false,"_kad_post_classname":"","footnotes":"","jetpack_publicize_message":"Modelo de cozinha. Planejar a cozinha dos sonhos n\u00e3o \u00e9 s\u00f3 quest\u00e3o de espa\u00e7o \u2014 \u00e9 sobre estilo de vida. Afinal, a cozinha \u00e9 mais do que um lugar para preparar refei\u00e7\u00f5es: \u00c9 onde a gente se re\u00fane, troca risadas e vive momentos deliciosos. E a boa not\u00edcia? Tem um modelo perfeito para cada rotina, seja voc\u00ea o chef da casa ou f\u00e3 de comida por delivery.\n\n#carvalhoconsultoriabrasil #truenote #decor #decoracao #cozinha #sonho #azul #cozinhalinda #cozinhaazul","jetpack_publicize_feature_enabled":true,"jetpack_social_post_already_shared":true,"jetpack_social_options":{"image_generator_settings":{"template":"highway","default_image_id":0,"enabled":false},"version":2}},"categories":[16],"tags":[14,12],"class_list":["post-3822","post","type-post","status-publish","format-standard","has-post-thumbnail","hentry","category-casa-e-jardim","tag-interiores-inovadores","tag-projetos-inovadores"],"jetpack_publicize_connections":[],"jetpack_featured_media_url":"https:\/\/i0.wp.com\/1truenote.com\/wp-content\/uploads\/2025\/07\/ChatGPT-Image-18-de-jul.-de-2025-11_16_00.png?fit=1024%2C1024&ssl=1","jetpack_sharing_enabled":true,"_links":{"self":[{"href":"https:\/\/1truenote.com\/en\/wp-json\/wp\/v2\/posts\/3822","targetHints":{"allow":["GET"]}}],"collection":[{"href":"https:\/\/1truenote.com\/en\/wp-json\/wp\/v2\/posts"}],"about":[{"href":"https:\/\/1truenote.com\/en\/wp-json\/wp\/v2\/types\/post"}],"author":[{"embeddable":true,"href":"https:\/\/1truenote.com\/en\/wp-json\/wp\/v2\/users\/1"}],"replies":[{"embeddable":true,"href":"https:\/\/1truenote.com\/en\/wp-json\/wp\/v2\/comments?post=3822"}],"version-history":[{"count":1,"href":"https:\/\/1truenote.com\/en\/wp-json\/wp\/v2\/posts\/3822\/revisions"}],"predecessor-version":[{"id":3825,"href":"https:\/\/1truenote.com\/en\/wp-json\/wp\/v2\/posts\/3822\/revisions\/3825"}],"wp:featuredmedia":[{"embeddable":true,"href":"https:\/\/1truenote.com\/en\/wp-json\/wp\/v2\/media\/3824"}],"wp:attachment":[{"href":"https:\/\/1truenote.com\/en\/wp-json\/wp\/v2\/media?parent=3822"}],"wp:term":[{"taxonomy":"category","embeddable":true,"href":"https:\/\/1truenote.com\/en\/wp-json\/wp\/v2\/categories?post=3822"},{"taxonomy":"post_tag","embeddable":true,"href":"https:\/\/1truenote.com\/en\/wp-json\/wp\/v2\/tags?post=3822"}],"curies":[{"name":"wp","href":"https:\/\/api.w.org\/{rel}","templated":true}]}}