{"id":3707,"date":"2025-07-15T16:00:00","date_gmt":"2025-07-15T19:00:00","guid":{"rendered":"https:\/\/1truenote.com\/?p=3707"},"modified":"2025-07-15T15:20:34","modified_gmt":"2025-07-15T18:20:34","slug":"cabeceira-de-cama-diy","status":"publish","type":"post","link":"https:\/\/1truenote.com\/en\/cabeceira-de-cama-diy\/","title":{"rendered":"DIY headboards: Beautiful and easy ideas to renovate your bedroom on a budget"},"content":{"rendered":"<p>Sabe aquele toque especial que faz toda diferen\u00e7a no quarto? Pois \u00e9, a cabeceira de cama DIY pode transformar o ambiente, trazer personalidade e ainda economizar uma boa grana. E n\u00e3o precisa ser expert em marcenaria n\u00e3o, viu? D\u00e1 para criar modelos incr\u00edveis usando criatividade, materiais simples e at\u00e9 reaproveitando o que voc\u00ea j\u00e1 tem em casa.<\/p>\n\n\n\n<p>Hoje vou te mostrar inspira\u00e7\u00f5es maravilhosas para voc\u00ea colocar a m\u00e3o na massa \u2013 desde cabeceiras boho at\u00e9 vers\u00f5es modernas e coloridas. Pronta para deixar seu quarto com cara de Pinterest?<\/p>\n\n\n\n<h2 id='por-que-investir-em-uma-cabeceira-de-cama-diy'  class=\"wp-block-heading\">Por que investir em uma cabeceira de cama DIY?<\/h2>\n\n\n\n<p>Al\u00e9m de dar aquele \u201cup\u201d no visual do quarto, fazer sua pr\u00f3pria cabeceira tem v\u00e1rios benef\u00edcios:<\/p>\n\n\n\n<ul class=\"wp-block-list\">\n<li><strong>Economia:<\/strong> voc\u00ea gasta muito menos do que comprando pronta;<\/li>\n\n\n\n<li><strong>Exclusividade:<\/strong> ningu\u00e9m vai ter uma igual \u00e0 sua;<\/li>\n\n\n\n<li><strong>Personaliza\u00e7\u00e3o:<\/strong> escolha as cores, texturas e formatos que t\u00eam tudo a ver com voc\u00ea;<\/li>\n\n\n\n<li><strong>Satisfa\u00e7\u00e3o:<\/strong> n\u00e3o tem sensa\u00e7\u00e3o melhor do que ver um cantinho lindo feito com suas pr\u00f3prias m\u00e3os.<\/li>\n<\/ul>\n\n\n\n<p>E olha, mesmo que voc\u00ea n\u00e3o seja expert em DIY, tem op\u00e7\u00e3o para todos os n\u00edveis de habilidade!<\/p>\n\n\n\n<h2 id='5-inspira\u00e7\u00f5es-de-cabeceira-de-cama-diy-para-copiar-j\u00e1'  class=\"wp-block-heading\">5 inspira\u00e7\u00f5es de cabeceira de cama DIY para copiar j\u00e1<\/h2>\n\n\n\n<p>Vamos \u00e0s ideias pr\u00e1ticas e reais? Separei sugest\u00f5es que aparecem muito nas tend\u00eancias de decora\u00e7\u00e3o e funcionam tanto para quartos de casal quanto de solteiro.<\/p>\n\n\n\n<h3 id='1-cabeceira-com-tecido-e-macram\u00ea-visual-boho-e-aconchegante'  class=\"wp-block-heading\">1. Cabeceira com tecido e macram\u00ea: Visual boho e aconchegante<\/h3>\n\n\n\n<p>Um dos jeitos mais simples de criar uma cabeceira marcante \u00e9 apostar em tecidos naturais ou tramas artesanais, como o macram\u00ea. Sabe aquelas tape\u00e7arias com desenho de arco-\u00edris ou tramas geom\u00e9tricas? Ficam lindas fixadas acima da cama.<\/p>\n\n\n\n<p><em><strong>Dica de amiga:<\/strong> Para um efeito elegante, escolha tons neutros ou terrosos. Combine com pendentes de luz e almofadas em diferentes texturas.<\/em><\/p>\n\n\n\n<hr class=\"wp-block-separator has-alpha-channel-opacity\"\/>\n\n\n\n<h3 id='2-palha-vime-ou-rattan-toque-artesanal-e-natural'  class=\"wp-block-heading\">2. Palha, vime ou rattan: Toque artesanal e natural<\/h3>\n\n\n\n<p>As cabeceiras feitas com discos de palha ou placas de rattan est\u00e3o super em alta! D\u00e1 para encontrar pe\u00e7as prontas para colar na parede ou at\u00e9 reaproveitar bandejas e sousplats. O resultado \u00e9 super fresh, leve e combina com plantas, paredes coloridas e at\u00e9 papel de parede estampado.<\/p>\n\n\n\n<ul class=\"wp-block-list\">\n<li>Voc\u00ea pode montar o desenho em \u201cescamas\u201d, como na foto, ou fazer pain\u00e9is mais retos.<\/li>\n\n\n\n<li>Aposte em cores vibrantes para destacar ainda mais a cabeceira!<\/li>\n<\/ul>\n\n\n\n<hr class=\"wp-block-separator has-alpha-channel-opacity\"\/>\n\n\n\n<h3 id='3-estofada-e-minimalista-conforto-e-eleg\u00e2ncia'  class=\"wp-block-heading\">3. Estofada e minimalista: Conforto e eleg\u00e2ncia<\/h3>\n\n\n\n<p>Se voc\u00ea prefere algo mais sofisticado, aposte em uma cabeceira estofada feita com placas de MDF e tecido de sua prefer\u00eancia.<br>\u00c9 s\u00f3 fixar na parede (ou no estrado), encapar com espuma e tecido \u2013 veludo, linho ou suede s\u00e3o op\u00e7\u00f5es que d\u00e3o aquele toque chique.<\/p>\n\n\n\n<p><em><strong>Dica r\u00e1pida:<\/strong> Cores neutras, como verde musgo, bege ou cinza, trazem aconchego. Se quiser, adicione luzes de LED ou pendentes modernos ao lado.<\/em><\/p>\n\n\n\n<hr class=\"wp-block-separator has-alpha-channel-opacity\"\/>\n\n\n\n<figure class=\"wp-block-image aligncenter size-medium\"><a href=\"https:\/\/chat.whatsapp.com\/KJBkp5LFJVRIvmt5X3hSEh\" target=\"_blank\" rel=\"noopener\"><img data-recalc-dims=\"1\" fetchpriority=\"high\" decoding=\"async\" width=\"200\" height=\"300\" src=\"https:\/\/i0.wp.com\/1truenote.com\/wp-content\/uploads\/2025\/06\/ChatGPT-Image-3-de-jun.-de-2025-19_04_53.png?resize=200%2C300&#038;ssl=1\" alt=\"chamada banner advetorial whats\" class=\"wp-image-2683\" srcset=\"https:\/\/i0.wp.com\/1truenote.com\/wp-content\/uploads\/2025\/06\/ChatGPT-Image-3-de-jun.-de-2025-19_04_53.png?resize=200%2C300&amp;ssl=1 200w, https:\/\/i0.wp.com\/1truenote.com\/wp-content\/uploads\/2025\/06\/ChatGPT-Image-3-de-jun.-de-2025-19_04_53.png?resize=683%2C1024&amp;ssl=1 683w, https:\/\/i0.wp.com\/1truenote.com\/wp-content\/uploads\/2025\/06\/ChatGPT-Image-3-de-jun.-de-2025-19_04_53.png?resize=768%2C1152&amp;ssl=1 768w, https:\/\/i0.wp.com\/1truenote.com\/wp-content\/uploads\/2025\/06\/ChatGPT-Image-3-de-jun.-de-2025-19_04_53.png?resize=150%2C225&amp;ssl=1 150w, https:\/\/i0.wp.com\/1truenote.com\/wp-content\/uploads\/2025\/06\/ChatGPT-Image-3-de-jun.-de-2025-19_04_53.png?w=1024&amp;ssl=1 1024w\" sizes=\"(max-width: 200px) 100vw, 200px\" \/><\/a><\/figure>\n\n\n\n<hr class=\"wp-block-separator has-alpha-channel-opacity\"\/>\n\n\n\n<h3 id='4-pain\u00e9is-coloridos-e-quadros-arte-na-cabeceira'  class=\"wp-block-heading\">4. Pain\u00e9is coloridos e quadros: Arte na cabeceira<\/h3>\n\n\n\n<p>J\u00e1 pensou em transformar quadros ou placas de tecido estampado na sua cabeceira? Basta montar uma composi\u00e7\u00e3o de molduras ou pain\u00e9is logo acima da cama, criando um \u201cmural\u201d criativo, colorido e totalmente personalizado. \u00d3tima ideia para quem ama arte, estampas ou quer incluir mem\u00f3rias afetivas no quarto.<\/p>\n\n\n\n<hr class=\"wp-block-separator has-alpha-channel-opacity\"\/>\n\n\n\n<h3 id='5-prateleira-com-decora\u00e7\u00e3o-vers\u00e1til-e-funcional'  class=\"wp-block-heading\">5. Prateleira com decora\u00e7\u00e3o: Vers\u00e1til e funcional<\/h3>\n\n\n\n<p>Se seu quarto \u00e9 pequeno, que tal uma prateleira acima da cama com plantinhas, livros, quadrinhos ou objetos DIY? Al\u00e9m de servir como cabeceira visual, ainda libera espa\u00e7o para decorar e organizar sem ocupar metros quadrados preciosos.<\/p>\n\n\n\n<hr class=\"wp-block-separator has-alpha-channel-opacity\"\/>\n\n\n\n<figure class=\"wp-block-image aligncenter size-large\"><img data-recalc-dims=\"1\" decoding=\"async\" width=\"1024\" height=\"683\" src=\"https:\/\/i0.wp.com\/1truenote.com\/wp-content\/uploads\/2025\/07\/ChatGPT-Image-8-de-jul.-de-2025-11_18_53.png?resize=1024%2C683&#038;ssl=1\" alt=\"guarda-roupa com espelho\" class=\"wp-image-3628\" srcset=\"https:\/\/i0.wp.com\/1truenote.com\/wp-content\/uploads\/2025\/07\/ChatGPT-Image-8-de-jul.-de-2025-11_18_53.png?resize=1024%2C683&amp;ssl=1 1024w, https:\/\/i0.wp.com\/1truenote.com\/wp-content\/uploads\/2025\/07\/ChatGPT-Image-8-de-jul.-de-2025-11_18_53.png?resize=300%2C200&amp;ssl=1 300w, https:\/\/i0.wp.com\/1truenote.com\/wp-content\/uploads\/2025\/07\/ChatGPT-Image-8-de-jul.-de-2025-11_18_53.png?resize=768%2C512&amp;ssl=1 768w, https:\/\/i0.wp.com\/1truenote.com\/wp-content\/uploads\/2025\/07\/ChatGPT-Image-8-de-jul.-de-2025-11_18_53.png?resize=150%2C100&amp;ssl=1 150w, https:\/\/i0.wp.com\/1truenote.com\/wp-content\/uploads\/2025\/07\/ChatGPT-Image-8-de-jul.-de-2025-11_18_53.png?w=1536&amp;ssl=1 1536w\" sizes=\"(max-width: 1024px) 100vw, 1024px\" \/><\/figure>\n\n\n\n<hr class=\"wp-block-separator has-alpha-channel-opacity\"\/>\n\n\n\n<h2 id='tabela-r\u00e1pida-materiais-e-n\u00edveis-de-dificuldade'  class=\"wp-block-heading\">Tabela r\u00e1pida: Materiais e n\u00edveis de dificuldade<\/h2>\n\n\n\n<figure class=\"wp-block-table\"><table class=\"has-fixed-layout\"><thead><tr><th>Modelo<\/th><th>Material base<\/th><th>N\u00edvel DIY<\/th><th>Tempo m\u00e9dio<\/th><\/tr><\/thead><tbody><tr><td>Macram\u00ea ou tecido<\/td><td>Bast\u00e3o, fio, pano<\/td><td>F\u00e1cil<\/td><td>1h a 2h<\/td><\/tr><tr><td>Palha\/rattan\/vime<\/td><td>Discos ou placas<\/td><td>F\u00e1cil\/M\u00e9dio<\/td><td>1h a 3h<\/td><\/tr><tr><td>Estofada (MDF+tecido)<\/td><td>MDF, espuma<\/td><td>M\u00e9dio<\/td><td>3h a 4h<\/td><\/tr><tr><td>Pain\u00e9is\/quadros<\/td><td>Molduras, tecidos<\/td><td>F\u00e1cil<\/td><td>1h<\/td><\/tr><tr><td>Prateleira decorativa<\/td><td>Madeira, suportes<\/td><td>F\u00e1cil<\/td><td>1h<\/td><\/tr><\/tbody><\/table><\/figure>\n\n\n\n<hr class=\"wp-block-separator has-alpha-channel-opacity\"\/>\n\n\n\n<a href=\"https:\/\/1truenote.com\/en\/10-dicas-cozinha-planejada-barata\/\" style=\"text-decoration: none;\">\n  <div style=\"display: flex; justify-content: space-between; align-items: center; background: #d44a00; padding: 12px 20px; color: white; font-family: Arial, sans-serif;\">\n    <strong style=\"color: black;\">READ ALSO:<\/strong>\n    <span style=\"margin-left: 8px; flex: 1;\">10 Dicas para ter uma cozinha<\/span>\n    <div style=\"background: #f2802f; padding: 8px 12px; border-radius: 2px; margin-left: 10px;\">\n      <span style=\"color: white; font-weight: bold;\">\u27a4<\/span>\n    <\/div>\n  <\/div>\n<\/a>\n\n\n\n<hr class=\"wp-block-separator has-alpha-channel-opacity\"\/>\n\n\n\n<h2 id='inspire-se-no-youtube-cabeceira-de-cama-diy'  class=\"wp-block-heading\">Inspire-se no YouTube &#8211; Cabeceira de cama DIY<\/h2>\n\n\n\n<p>Quer ver o passo a passo? Olha s\u00f3 esse v\u00eddeo super did\u00e1tico para voc\u00ea come\u00e7ar j\u00e1:<br><a href=\"https:\/\/www.youtube.com\/shorts\/d_9sqyXihAc\" target=\"_blank\" rel=\"noopener\">Como fazer cabeceira de cama DIY<\/a><a class=\"\" href=\"https:\/\/www.youtube.com\/results?search_query=cabeceira+de+cama+diy\" target=\"_blank\" rel=\"noopener\"> \u2013 Tutorial completo<\/a><\/p>\n\n\n\n<figure class=\"wp-block-embed aligncenter is-type-video is-provider-youtube wp-block-embed-youtube wp-embed-aspect-16-9 wp-has-aspect-ratio\"><div class=\"wp-block-embed__wrapper\">\n<iframe title=\"DIY: Cabeceira dos sonhos f\u00e1cil e barata\" width=\"720\" height=\"405\" src=\"https:\/\/www.youtube.com\/embed\/d_9sqyXihAc?feature=oembed\" frameborder=\"0\" allow=\"accelerometer; autoplay; clipboard-write; encrypted-media; gyroscope; picture-in-picture; web-share\" referrerpolicy=\"strict-origin-when-cross-origin\" allowfullscreen><\/iframe>\n<\/div><\/figure>\n\n\n\n<hr class=\"wp-block-separator has-alpha-channel-opacity\"\/>\n\n\n\n<h2 id='dica-extra-como-escolher-o-modelo-perfeito'  class=\"wp-block-heading\">Dica extra: Como escolher o modelo perfeito<\/h2>\n\n\n\n<ul class=\"wp-block-list\">\n<li>Pense no estilo do quarto (boho, moderno, retr\u00f4, escandinavo\u2026)<\/li>\n\n\n\n<li>Me\u00e7a a largura da cama para n\u00e3o errar no tamanho<\/li>\n\n\n\n<li>Use cores que combinem com sua roupa de cama e parede<\/li>\n\n\n\n<li>Aproveite para incluir objetos afetivos, como lembran\u00e7as de viagem ou fotos<\/li>\n<\/ul>\n\n\n\n<hr class=\"wp-block-separator has-alpha-channel-opacity\"\/>\n\n\n\n<h2 id='coloque-sua-personalidade-no-quarto-cabeceira-de-cama-diy'  class=\"wp-block-heading\">Coloque sua personalidade no quarto! Cabeceira de cama DIY!<\/h2>\n\n\n\n<p>Viu como \u00e9 f\u00e1cil renovar o visual do quarto sem gastar muito? Uma cabeceira de cama DIY transforma totalmente o ambiente e ainda rende aquela dose de orgulho toda vez que voc\u00ea olhar para ela. Escolha seu modelo favorito, solte a criatividade e depois conta pra gente como ficou! Gostou de cabeceira de cama DIY? Curta e compartilhe!<\/p>\n\n\n\n<hr class=\"wp-block-separator has-alpha-channel-opacity\"\/>\n\n\n\n<a href=\"https:\/\/1truenote.com\/en\/10-dicas-cozinha-planejada-barata\/\" style=\"text-decoration: none;\">\n  <div style=\"display: flex; justify-content: space-between; align-items: center; background: #d44a00; padding: 12px 20px; color: white; font-family: Arial, sans-serif;\">\n    <strong style=\"color: black;\">READ ALSO:<\/strong>\n    <span style=\"margin-left: 8px; flex: 1;\">10 Dicas para ter uma cozinha<\/span>\n    <div style=\"background: #f2802f; padding: 8px 12px; border-radius: 2px; margin-left: 10px;\">\n      <span style=\"color: white; font-weight: bold;\">\u27a4<\/span>\n    <\/div>\n  <\/div>\n<\/a>\n\n\n\n\n<hr class=\"wp-block-separator has-alpha-channel-opacity\"\/>\n\n\n\n<h2 id='faq-d\u00favidas-frequentes-sobre-cabeceira-de-cama-diy'  class=\"wp-block-heading\">FAQ: D\u00favidas frequentes sobre cabeceira de cama DIY<\/h2>\n\n\n<div id=\"rank-math-faq\" class=\"rank-math-block\">\n<div class=\"rank-math-list\">\n<div id=\"faq-question-1752602661935\" class=\"rank-math-list-item\">\n<h3 id='cabeceira-diy-\u00e9-segura-para-crian\u00e7as'  class=\"rank-math-question\">Cabeceira DIY \u00e9 segura para crian\u00e7as?<\/h3>\n<div class=\"rank-math-answer\">\n\n<p>Sim! Basta fixar bem na parede e escolher materiais leves. Para modelos de palha, prefira colagem ou parafusos firmes.<\/p>\n\n<\/div>\n<\/div>\n<div id=\"faq-question-1752602662866\" class=\"rank-math-list-item\">\n<h3 id='posso-usar-fita-dupla-face'  class=\"rank-math-question\">Posso usar fita dupla face?<\/h3>\n<div class=\"rank-math-answer\">\n\n<p>Para cabeceiras leves (tecido, palha, macram\u00ea), pode sim! Mas se o material for pesado, prefira buchas e parafusos.<\/p>\n\n<\/div>\n<\/div>\n<div id=\"faq-question-1752602664380\" class=\"rank-math-list-item\">\n<h3 id='e-se-eu-quiser-trocar-a-cor-depois'  class=\"rank-math-question\">E se eu quiser trocar a cor depois?<\/h3>\n<div class=\"rank-math-answer\">\n\n<p>Super poss\u00edvel! Use capas para cabeceiras estofadas ou pinte\/adicione tecidos novos nos outros modelos.<\/p>\n\n<\/div>\n<\/div>\n<div id=\"faq-question-1752602665222\" class=\"rank-math-list-item\">\n<h3 id='qual-material-dura-mais'  class=\"rank-math-question\">Qual material dura mais?<\/h3>\n<div class=\"rank-math-answer\">\n\n<p>MDF e madeira s\u00e3o os mais resistentes. Tecidos precisam de limpeza frequente para evitar poeira.<\/p>\n\n<\/div>\n<\/div>\n<\/div>\n<\/div>\n\n\n<figure class=\"wp-block-image aligncenter size-large\"><img data-recalc-dims=\"1\" decoding=\"async\" width=\"1024\" height=\"683\" src=\"https:\/\/i0.wp.com\/1truenote.com\/wp-content\/uploads\/2025\/07\/ChatGPT-Image-15-de-jul.-de-2025-15_19_47.png?resize=1024%2C683&#038;ssl=1\" alt=\"cabeceira de cama DIY\" class=\"wp-image-3708\" srcset=\"https:\/\/i0.wp.com\/1truenote.com\/wp-content\/uploads\/2025\/07\/ChatGPT-Image-15-de-jul.-de-2025-15_19_47.png?resize=1024%2C683&amp;ssl=1 1024w, https:\/\/i0.wp.com\/1truenote.com\/wp-content\/uploads\/2025\/07\/ChatGPT-Image-15-de-jul.-de-2025-15_19_47.png?resize=300%2C200&amp;ssl=1 300w, https:\/\/i0.wp.com\/1truenote.com\/wp-content\/uploads\/2025\/07\/ChatGPT-Image-15-de-jul.-de-2025-15_19_47.png?resize=768%2C512&amp;ssl=1 768w, https:\/\/i0.wp.com\/1truenote.com\/wp-content\/uploads\/2025\/07\/ChatGPT-Image-15-de-jul.-de-2025-15_19_47.png?resize=150%2C100&amp;ssl=1 150w, https:\/\/i0.wp.com\/1truenote.com\/wp-content\/uploads\/2025\/07\/ChatGPT-Image-15-de-jul.-de-2025-15_19_47.png?w=1536&amp;ssl=1 1536w\" sizes=\"(max-width: 1024px) 100vw, 1024px\" \/><\/figure>","protected":false},"excerpt":{"rendered":"<p>Do you know that special touch that makes all the difference in the bedroom? Well, a DIY headboard can transform...<\/p>","protected":false},"author":1,"featured_media":3708,"comment_status":"open","ping_status":"open","sticky":false,"template":"","format":"standard","meta":{"_kad_post_transparent":"","_kad_post_title":"","_kad_post_layout":"","_kad_post_sidebar_id":"","_kad_post_content_style":"","_kad_post_vertical_padding":"","_kad_post_feature":"","_kad_post_feature_position":"","_kad_post_header":false,"_kad_post_footer":false,"_kad_post_classname":"","footnotes":"","jetpack_publicize_message":"","jetpack_publicize_feature_enabled":false,"jetpack_social_post_already_shared":true,"jetpack_social_options":{"image_generator_settings":{"template":"highway","default_image_id":0,"enabled":false},"version":2}},"categories":[16,9],"tags":[13,14,12],"class_list":["post-3707","post","type-post","status-publish","format-standard","has-post-thumbnail","hentry","category-casa-e-jardim","category-lazer","tag-minimalista","tag-interiores-inovadores","tag-projetos-inovadores"],"jetpack_publicize_connections":[],"jetpack_featured_media_url":"https:\/\/i0.wp.com\/1truenote.com\/wp-content\/uploads\/2025\/07\/ChatGPT-Image-15-de-jul.-de-2025-15_19_47.png?fit=1536%2C1024&ssl=1","jetpack_sharing_enabled":true,"_links":{"self":[{"href":"https:\/\/1truenote.com\/en\/wp-json\/wp\/v2\/posts\/3707","targetHints":{"allow":["GET"]}}],"collection":[{"href":"https:\/\/1truenote.com\/en\/wp-json\/wp\/v2\/posts"}],"about":[{"href":"https:\/\/1truenote.com\/en\/wp-json\/wp\/v2\/types\/post"}],"author":[{"embeddable":true,"href":"https:\/\/1truenote.com\/en\/wp-json\/wp\/v2\/users\/1"}],"replies":[{"embeddable":true,"href":"https:\/\/1truenote.com\/en\/wp-json\/wp\/v2\/comments?post=3707"}],"version-history":[{"count":1,"href":"https:\/\/1truenote.com\/en\/wp-json\/wp\/v2\/posts\/3707\/revisions"}],"predecessor-version":[{"id":3710,"href":"https:\/\/1truenote.com\/en\/wp-json\/wp\/v2\/posts\/3707\/revisions\/3710"}],"wp:featuredmedia":[{"embeddable":true,"href":"https:\/\/1truenote.com\/en\/wp-json\/wp\/v2\/media\/3708"}],"wp:attachment":[{"href":"https:\/\/1truenote.com\/en\/wp-json\/wp\/v2\/media?parent=3707"}],"wp:term":[{"taxonomy":"category","embeddable":true,"href":"https:\/\/1truenote.com\/en\/wp-json\/wp\/v2\/categories?post=3707"},{"taxonomy":"post_tag","embeddable":true,"href":"https:\/\/1truenote.com\/en\/wp-json\/wp\/v2\/tags?post=3707"}],"curies":[{"name":"wp","href":"https:\/\/api.w.org\/{rel}","templated":true}]}}