{"id":3690,"date":"2025-07-14T16:00:00","date_gmt":"2025-07-14T19:00:00","guid":{"rendered":"https:\/\/1truenote.com\/?p=3690"},"modified":"2025-07-14T15:11:38","modified_gmt":"2025-07-14T18:11:38","slug":"estante-na-sala-dicas-beneficios-decoracao","status":"publish","type":"post","link":"https:\/\/1truenote.com\/en\/estante-na-sala-dicas-beneficios-decoracao\/","title":{"rendered":"Descubra as vantagens de ter uma estante na sala e transforme seu espa\u00e7o"},"content":{"rendered":"<p>Estante na sala. J\u00e1 percebeu como uma estante pode mudar completamente a energia da sala? N\u00e3o \u00e9 exagero! Quem j\u00e1 teve aquele cantinho especial cheio de livros, plantinhas e objetos que contam hist\u00f3rias sabe: Estante na sala \u00e9 muito mais do que um m\u00f3vel.<\/p>\n\n\n\n<p>\u00c9 puro charme, organiza\u00e7\u00e3o e personalidade \u2013 tudo junto e misturado. Vem descobrir como esse item pode transformar o seu espa\u00e7o, mesmo se a sala for compacta ou o or\u00e7amento estiver curto!<\/p>\n\n\n\n<hr class=\"wp-block-separator has-alpha-channel-opacity\"\/>\n\n\n\n<h2 id='por-que-ter-uma-estante-na-sala-faz-tanta-diferen\u00e7a'  class=\"wp-block-heading\">Por que ter uma estante na sala faz tanta diferen\u00e7a?<\/h2>\n\n\n\n<p>A estante para sala \u00e9 aquele tipo de m\u00f3vel coringa que se adapta a qualquer tamanho de ambiente. Seja para guardar livros, expor objetos decorativos, colocar plantas ou at\u00e9 abrigar a TV, ela sempre encontra uma fun\u00e7\u00e3o (ou v\u00e1rias!).<\/p>\n\n\n\n<p>O mais legal \u00e9 que, diferente de um m\u00f3vel comum, a estante pode se tornar o grande destaque da decora\u00e7\u00e3o e refletir o estilo dos moradores com detalhes \u00fanicos.<\/p>\n\n\n\n<p>Se sua sala \u00e9 pequena, aposte em estantes mais abertas, que deixam o visual leve e n\u00e3o pesam no ambiente. J\u00e1 em espa\u00e7os maiores, vale se jogar nos modelos robustos, com nichos fechados, portas ou pain\u00e9is ripados \u2013 aquele toque de eleg\u00e2ncia que todo mundo nota de cara.<\/p>\n\n\n\n<hr class=\"wp-block-separator has-alpha-channel-opacity\"\/>\n\n\n\n<h2 id='como-escolher-o-modelo-ideal-de-estante-para-sua-sala'  class=\"wp-block-heading\">Como escolher o modelo ideal de estante para sua sala<\/h2>\n\n\n\n<p>Escolher a estante perfeita \u00e9 quase como montar um quebra-cabe\u00e7a: cada detalhe faz diferen\u00e7a no resultado final. Olha s\u00f3 algumas dicas para acertar sem erro:<\/p>\n\n\n\n<ul class=\"wp-block-list\">\n<li><strong>Madeira natural<\/strong>: super atemporal, aquece o ambiente e combina com estilos escandinavo, r\u00fastico ou boho.<\/li>\n\n\n\n<li><strong>Metal ou vidro<\/strong>: ideal para decora\u00e7\u00f5es modernas, industriais e minimalistas.<\/li>\n\n\n\n<li><strong>Estantes assim\u00e9tricas ou moduladas<\/strong>: perfeitas para quem curte inova\u00e7\u00e3o e gosta de mudar a cara da sala de tempos em tempos.<\/li>\n\n\n\n<li><strong>Modelos suspensos ou sob medida<\/strong>: aproveitam espa\u00e7os que ningu\u00e9m usa, como debaixo da escada ou paredes estreitas.<\/li>\n\n\n\n<li><strong>Com nichos e portas<\/strong>: para quem n\u00e3o abre m\u00e3o de organiza\u00e7\u00e3o, d\u00e1 pra guardar tudo, do aparelho da TV aos jogos de tabuleiro!<\/li>\n<\/ul>\n\n\n\n<p><strong>Dica extra:<\/strong> N\u00e3o existe certo ou errado! O segredo est\u00e1 em adaptar o m\u00f3vel ao que faz sentido para sua rotina e deixar espa\u00e7o para a criatividade.<\/p>\n\n\n\n<hr class=\"wp-block-separator has-alpha-channel-opacity\"\/>\n\n\n\n<h2 id='onde-posicionar-a-estante-e-ideias-para-deixar-o-visual-incr\u00edvel'  class=\"wp-block-heading\">Onde posicionar a estante e ideias para deixar o visual incr\u00edvel<\/h2>\n\n\n\n<p>A estante pode ocupar a parede toda, separar ambientes integrados (tipo sala e home office) ou ser aquele m\u00f3vel multifuncional: barzinho, biblioteca, espa\u00e7o para fotos de viagem e at\u00e9 suporte de TV.<\/p>\n\n\n\n<p>Veja algumas sugest\u00f5es de onde usar a estante:<\/p>\n\n\n\n<ul class=\"wp-block-list\">\n<li>Na parede atr\u00e1s do sof\u00e1, como fundo para quadros, lumin\u00e1rias e objetos afetivos.<\/li>\n\n\n\n<li>Como divis\u00f3ria sutil em ambientes integrados, criando sensa\u00e7\u00e3o de \u201cdois em um\u201d sem fechar o espa\u00e7o.<\/li>\n\n\n\n<li>Debaixo da escada, aproveitando um canto esquecido.<\/li>\n\n\n\n<li>Na lateral da sala, compondo com poltronas, mesinhas ou um cantinho de leitura aconchegante.<\/li>\n<\/ul>\n\n\n\n<hr class=\"wp-block-separator has-alpha-channel-opacity\"\/>\n\n\n\n<figure class=\"wp-block-image aligncenter size-medium\"><a href=\"https:\/\/chat.whatsapp.com\/KJBkp5LFJVRIvmt5X3hSEh\" target=\"_blank\" rel=\"noopener\"><img data-recalc-dims=\"1\" fetchpriority=\"high\" decoding=\"async\" width=\"200\" height=\"300\" src=\"https:\/\/i0.wp.com\/1truenote.com\/wp-content\/uploads\/2025\/06\/ChatGPT-Image-3-de-jun.-de-2025-19_04_53.png?resize=200%2C300&#038;ssl=1\" alt=\"chamada banner advetorial whats\" class=\"wp-image-2683\" srcset=\"https:\/\/i0.wp.com\/1truenote.com\/wp-content\/uploads\/2025\/06\/ChatGPT-Image-3-de-jun.-de-2025-19_04_53.png?resize=200%2C300&amp;ssl=1 200w, https:\/\/i0.wp.com\/1truenote.com\/wp-content\/uploads\/2025\/06\/ChatGPT-Image-3-de-jun.-de-2025-19_04_53.png?resize=683%2C1024&amp;ssl=1 683w, https:\/\/i0.wp.com\/1truenote.com\/wp-content\/uploads\/2025\/06\/ChatGPT-Image-3-de-jun.-de-2025-19_04_53.png?resize=768%2C1152&amp;ssl=1 768w, https:\/\/i0.wp.com\/1truenote.com\/wp-content\/uploads\/2025\/06\/ChatGPT-Image-3-de-jun.-de-2025-19_04_53.png?resize=150%2C225&amp;ssl=1 150w, https:\/\/i0.wp.com\/1truenote.com\/wp-content\/uploads\/2025\/06\/ChatGPT-Image-3-de-jun.-de-2025-19_04_53.png?w=1024&amp;ssl=1 1024w\" sizes=\"(max-width: 200px) 100vw, 200px\" \/><\/a><\/figure>\n\n\n\n<hr class=\"wp-block-separator has-alpha-channel-opacity\"\/>\n\n\n\n<p><strong>Tabela: Tipos de estante x Fun\u00e7\u00e3o<\/strong><\/p>\n\n\n\n<figure class=\"wp-block-table\"><table class=\"has-fixed-layout\"><thead><tr><th>Tipo de Estante<\/th><th>Ideal Para&#8230;<\/th><th>Vantagem Extra<\/th><\/tr><\/thead><tbody><tr><td>Estante aberta<\/td><td>Sala pequena<\/td><td>Visual leve e arejado<\/td><\/tr><tr><td>Com portas ou gavetas<\/td><td>Quem precisa de organiza\u00e7\u00e3o<\/td><td>Esconde itens do dia a dia<\/td><\/tr><tr><td>Estante para TV<\/td><td>Espa\u00e7os integrados<\/td><td>Multifuncionalidade<\/td><\/tr><tr><td>Sob medida\/suspensa<\/td><td>Aproveitar paredes e v\u00e3os<\/td><td>Solu\u00e7\u00e3o personalizada<\/td><\/tr><\/tbody><\/table><\/figure>\n\n\n\n<hr class=\"wp-block-separator has-alpha-channel-opacity\"\/>\n\n\n\n<a href=\"https:\/\/1truenote.com\/en\/decoracao-praiana-dicas-casa-refugio\/\" style=\"text-decoration: none;\">\n  <div style=\"display: flex; justify-content: space-between; align-items: center; background: #d44a00; padding: 12px 20px; color: white; font-family: Arial, sans-serif;\">\n    <strong style=\"color: black;\">READ ALSO:<\/strong>\n    <span style=\"margin-left: 8px; flex: 1;\">Como transformar qualquer casa em um ref\u00fagio<\/span>\n    <div style=\"background: #f2802f; padding: 8px 12px; border-radius: 2px; margin-left: 10px;\">\n      <span style=\"color: white; font-weight: bold;\">\u27a4<\/span>\n    <\/div>\n  <\/div>\n<\/a>\n\n\n\n<hr class=\"wp-block-separator has-alpha-channel-opacity\"\/>\n\n\n\n<h2 id='como-decorar-a-estante-e-criar-um-cen\u00e1rio-cheio-de-personalidade'  class=\"wp-block-heading\">Como decorar a estante e criar um cen\u00e1rio cheio de personalidade<\/h2>\n\n\n\n<p>A estante \u00e9 tipo um palco para suas mem\u00f3rias e paix\u00f5es. Misture livros, vasos, quadros apoiados, esculturas, lembran\u00e7as de viagem, caixas organizadoras e at\u00e9 velas arom\u00e1ticas. O segredo \u00e9 brincar com alturas, cores e texturas para deixar o visual din\u00e2mico, mas sem excesso de informa\u00e7\u00e3o.<\/p>\n\n\n\n<p>Se gosta de plantas, intercale folhagens (samambaia, jiboia, suculentas) com objetos decorativos. Livros podem ficar em p\u00e9 ou empilhados, criando \u201cdegraus\u201d visuais. E vale at\u00e9 deixar um espa\u00e7o para aquela ta\u00e7a de vinho ou um cantinho do caf\u00e9!<\/p>\n\n\n\n<hr class=\"wp-block-separator has-alpha-channel-opacity\"\/>\n\n\n\n<h2 id='3-dicas-r\u00e1pidas-para-deixar-a-estante-mais-bonita-e-funcional'  class=\"wp-block-heading\">3 dicas r\u00e1pidas para deixar a estante mais bonita e funcional<\/h2>\n\n\n\n<ul class=\"wp-block-list\">\n<li><strong>Organize por cor ou tamanho<\/strong>: isso d\u00e1 um efeito visual muito bacana e moderno.<\/li>\n\n\n\n<li><strong>Deixe respiros<\/strong>: evite entulhar demais os nichos, o visual fica mais leve.<\/li>\n\n\n\n<li><strong>Troque a decora\u00e7\u00e3o de tempos em tempos<\/strong>: assim a estante nunca enjoa e sempre reflete a fase da sua vida!<\/li>\n<\/ul>\n\n\n\n<hr class=\"wp-block-separator has-alpha-channel-opacity\"\/>\n\n\n\n<h2 id='v\u00eddeo-para-se-inspirar-como-montar-e-decorar-estante-na-sala'  class=\"wp-block-heading\">V\u00eddeo para se inspirar: Como montar e decorar estante na sala<\/h2>\n\n\n\n<p>\ud83c\udfa5 <a href=\"https:\/\/www.youtube.com\/shorts\/4_qr0GN7WsU\" data-type=\"link\" data-id=\"https:\/\/www.youtube.com\/shorts\/4_qr0GN7WsU\" target=\"_blank\" rel=\"noopener\">Assista aqui um v\u00eddeo de inspira\u00e7\u00e3o estante na sala no YouTube<\/a><br><em>Dica: Procure por \u201ccomo decorar estante de sala\u201d e veja ideias reais aplicadas!<\/em><\/p>\n\n\n\n<figure class=\"wp-block-embed aligncenter is-type-video is-provider-youtube wp-block-embed-youtube wp-embed-aspect-16-9 wp-has-aspect-ratio\"><div class=\"wp-block-embed__wrapper\">\n<iframe title=\"Estante com nichos iluminados com LED - Biblos #moveisplanejados #estante #decora\u00e7\u00e3o #saladeestar\" width=\"720\" height=\"405\" src=\"https:\/\/www.youtube.com\/embed\/4_qr0GN7WsU?feature=oembed\" frameborder=\"0\" allow=\"accelerometer; autoplay; clipboard-write; encrypted-media; gyroscope; picture-in-picture; web-share\" referrerpolicy=\"strict-origin-when-cross-origin\" allowfullscreen><\/iframe>\n<\/div><\/figure>\n\n\n\n<hr class=\"wp-block-separator has-alpha-channel-opacity\"\/>\n\n\n\n<h2 id='sua-sala-com-mais-vida-organiza\u00e7\u00e3o-e-afeto-estante-na-sala'  class=\"wp-block-heading\">Sua sala com mais vida, organiza\u00e7\u00e3o e afeto &#8211; estante na sala<\/h2>\n\n\n\n<p>Estante na sala. Ter uma estante na sala vai muito al\u00e9m de organizar livros ou objetos: \u00e9 uma maneira de trazer mais beleza, praticidade e, principalmente, hist\u00f3ria para o ambiente. Experimente criar o seu cantinho especial \u2013 vale come\u00e7ar aos poucos, testando disposi\u00e7\u00f5es e trocando os itens de lugar at\u00e9 encontrar a composi\u00e7\u00e3o que tem a sua cara.<\/p>\n\n\n\n<p>Aproveita e conta pra gente: qual estilo de estante combina mais com voc\u00ea? J\u00e1 pensou em mudar a decora\u00e7\u00e3o da sala s\u00f3 com esse m\u00f3vel? Gostou de estante na sala? Se curtir essas dicas, compartilhe com quem ama uma casa cheia de personalidade e acompanhe o blog para mais ideias pr\u00e1ticas!<\/p>\n\n\n\n<hr class=\"wp-block-separator has-alpha-channel-opacity\"\/>\n\n\n\n<a href=\"https:\/\/1truenote.com\/en\/decoracao-praiana-dicas-casa-refugio\/\" style=\"text-decoration: none;\">\n  <div style=\"display: flex; justify-content: space-between; align-items: center; background: #d44a00; padding: 12px 20px; color: white; font-family: Arial, sans-serif;\">\n    <strong style=\"color: black;\">READ ALSO:<\/strong>\n    <span style=\"margin-left: 8px; flex: 1;\">Como transformar qualquer casa em um ref\u00fagio<\/span>\n    <div style=\"background: #f2802f; padding: 8px 12px; border-radius: 2px; margin-left: 10px;\">\n      <span style=\"color: white; font-weight: bold;\">\u27a4<\/span>\n    <\/div>\n  <\/div>\n<\/a>\n\n\n\n\n<hr class=\"wp-block-separator has-alpha-channel-opacity\"\/>\n\n\n\n<h2 id='faq-principais-d\u00favidas-sobre-estante-na-sala'  class=\"wp-block-heading\">FAQ: Principais d\u00favidas sobre estante na sala<\/h2>\n\n\n<div id=\"rank-math-faq\" class=\"rank-math-block\">\n<div class=\"rank-math-list\">\n<div id=\"faq-question-1752516008291\" class=\"rank-math-list-item\">\n<h3 id='qual-o-melhor-material-para-estante-de-sala'  class=\"rank-math-question\">Qual o melhor material para estante de sala?<\/h3>\n<div class=\"rank-math-answer\">\n\n<p>Depende do seu estilo! Madeira \u00e9 cl\u00e1ssica e aconchegante, metal e vidro s\u00e3o mais modernos.<\/p>\n\n<\/div>\n<\/div>\n<div id=\"faq-question-1752516009410\" class=\"rank-math-list-item\">\n<h3 id='posso-usar-estante-em-sala-pequena'  class=\"rank-math-question\">Posso usar estante em sala pequena?<\/h3>\n<div class=\"rank-math-answer\">\n\n<p>Sim! Prefira modelos abertos e compactos para n\u00e3o pesar visualmente.<\/p>\n\n<\/div>\n<\/div>\n<div id=\"faq-question-1752516010817\" class=\"rank-math-list-item\">\n<h3 id='como-evitar-que-a-estante-fique-bagun\u00e7ada'  class=\"rank-math-question\">Como evitar que a estante fique bagun\u00e7ada?<\/h3>\n<div class=\"rank-math-answer\">\n\n<p>Invista em caixas organizadoras e mantenha s\u00f3 o essencial \u00e0 mostra.<\/p>\n\n<\/div>\n<\/div>\n<div id=\"faq-question-1752516012495\" class=\"rank-math-list-item\">\n<h3 id='a-estante-pode-substituir-o-rack-da-tv'  class=\"rank-math-question\">A estante pode substituir o rack da TV?<\/h3>\n<div class=\"rank-math-answer\">\n\n<p>Claro! Muitos projetos j\u00e1 unem as duas fun\u00e7\u00f5es em um m\u00f3vel s\u00f3.<\/p>\n\n<\/div>\n<\/div>\n<div id=\"faq-question-1752516052642\" class=\"rank-math-list-item\">\n<h3 id='o-que-colocar-na-estante-para-deix\u00e1-la-personalizada'  class=\"rank-math-question\">O que colocar na estante para deix\u00e1-la personalizada?<\/h3>\n<div class=\"rank-math-answer\">\n\n<p>Livros, plantas, quadros, objetos de viagem, lembran\u00e7as e itens que contam a sua hist\u00f3ria.<\/p>\n\n<\/div>\n<\/div>\n<\/div>\n<\/div>\n\n\n<figure class=\"wp-block-image aligncenter size-large\"><img data-recalc-dims=\"1\" decoding=\"async\" width=\"1024\" height=\"683\" src=\"https:\/\/i0.wp.com\/1truenote.com\/wp-content\/uploads\/2025\/07\/ChatGPT-Image-14-de-jul.-de-2025-15_07_11.png?resize=1024%2C683&#038;ssl=1\" alt=\"estante na sala\" class=\"wp-image-3691\" srcset=\"https:\/\/i0.wp.com\/1truenote.com\/wp-content\/uploads\/2025\/07\/ChatGPT-Image-14-de-jul.-de-2025-15_07_11.png?resize=1024%2C683&amp;ssl=1 1024w, https:\/\/i0.wp.com\/1truenote.com\/wp-content\/uploads\/2025\/07\/ChatGPT-Image-14-de-jul.-de-2025-15_07_11.png?resize=300%2C200&amp;ssl=1 300w, https:\/\/i0.wp.com\/1truenote.com\/wp-content\/uploads\/2025\/07\/ChatGPT-Image-14-de-jul.-de-2025-15_07_11.png?resize=768%2C512&amp;ssl=1 768w, https:\/\/i0.wp.com\/1truenote.com\/wp-content\/uploads\/2025\/07\/ChatGPT-Image-14-de-jul.-de-2025-15_07_11.png?resize=150%2C100&amp;ssl=1 150w, https:\/\/i0.wp.com\/1truenote.com\/wp-content\/uploads\/2025\/07\/ChatGPT-Image-14-de-jul.-de-2025-15_07_11.png?w=1536&amp;ssl=1 1536w\" sizes=\"(max-width: 1024px) 100vw, 1024px\" \/><\/figure>","protected":false},"excerpt":{"rendered":"<p>Estante na sala. J\u00e1 percebeu como uma estante pode mudar completamente a energia da sala? N\u00e3o \u00e9 exagero! Quem j\u00e1&#8230;<\/p>","protected":false},"author":1,"featured_media":3691,"comment_status":"open","ping_status":"open","sticky":false,"template":"","format":"standard","meta":{"_kad_post_transparent":"","_kad_post_title":"","_kad_post_layout":"","_kad_post_sidebar_id":"","_kad_post_content_style":"","_kad_post_vertical_padding":"","_kad_post_feature":"","_kad_post_feature_position":"","_kad_post_header":false,"_kad_post_footer":false,"_kad_post_classname":"","footnotes":"","jetpack_publicize_message":"","jetpack_publicize_feature_enabled":false,"jetpack_social_post_already_shared":true,"jetpack_social_options":{"image_generator_settings":{"template":"highway","default_image_id":0,"enabled":false},"version":2}},"categories":[16],"tags":[13,14,12],"class_list":["post-3690","post","type-post","status-publish","format-standard","has-post-thumbnail","hentry","category-casa-e-jardim","tag-minimalista","tag-interiores-inovadores","tag-projetos-inovadores"],"jetpack_publicize_connections":[],"jetpack_featured_media_url":"https:\/\/i0.wp.com\/1truenote.com\/wp-content\/uploads\/2025\/07\/ChatGPT-Image-14-de-jul.-de-2025-15_07_11.png?fit=1536%2C1024&ssl=1","jetpack_sharing_enabled":true,"_links":{"self":[{"href":"https:\/\/1truenote.com\/en\/wp-json\/wp\/v2\/posts\/3690","targetHints":{"allow":["GET"]}}],"collection":[{"href":"https:\/\/1truenote.com\/en\/wp-json\/wp\/v2\/posts"}],"about":[{"href":"https:\/\/1truenote.com\/en\/wp-json\/wp\/v2\/types\/post"}],"author":[{"embeddable":true,"href":"https:\/\/1truenote.com\/en\/wp-json\/wp\/v2\/users\/1"}],"replies":[{"embeddable":true,"href":"https:\/\/1truenote.com\/en\/wp-json\/wp\/v2\/comments?post=3690"}],"version-history":[{"count":1,"href":"https:\/\/1truenote.com\/en\/wp-json\/wp\/v2\/posts\/3690\/revisions"}],"predecessor-version":[{"id":3693,"href":"https:\/\/1truenote.com\/en\/wp-json\/wp\/v2\/posts\/3690\/revisions\/3693"}],"wp:featuredmedia":[{"embeddable":true,"href":"https:\/\/1truenote.com\/en\/wp-json\/wp\/v2\/media\/3691"}],"wp:attachment":[{"href":"https:\/\/1truenote.com\/en\/wp-json\/wp\/v2\/media?parent=3690"}],"wp:term":[{"taxonomy":"category","embeddable":true,"href":"https:\/\/1truenote.com\/en\/wp-json\/wp\/v2\/categories?post=3690"},{"taxonomy":"post_tag","embeddable":true,"href":"https:\/\/1truenote.com\/en\/wp-json\/wp\/v2\/tags?post=3690"}],"curies":[{"name":"wp","href":"https:\/\/api.w.org\/{rel}","templated":true}]}}