{"id":3687,"date":"2025-07-14T14:00:00","date_gmt":"2025-07-14T17:00:00","guid":{"rendered":"https:\/\/1truenote.com\/?p=3687"},"modified":"2025-07-14T13:50:34","modified_gmt":"2025-07-14T16:50:34","slug":"decoracao-praiana-dicas-casa-refugio","status":"publish","type":"post","link":"https:\/\/1truenote.com\/en\/decoracao-praiana-dicas-casa-refugio\/","title":{"rendered":"Como transformar qualquer casa em um ref\u00fagio \u00e0 beira-mar com decora\u00e7\u00e3o praiana \ud83c\udf0a\u2728"},"content":{"rendered":"<p>Decora\u00e7\u00e3o praiana. Sabe aquela sensa\u00e7\u00e3o deliciosa de relaxar ouvindo o barulhinho do mar, sentindo a brisa fresca e se apaixonando por tons de azul?<\/p>\n\n\n\n<p>Pois \u00e9, n\u00e3o precisa ter uma casa na praia pra trazer esse clima leve e cheio de charme para o seu lar. Com algumas ideias certeiras de decora\u00e7\u00e3o praiana, d\u00e1 pra transformar qualquer espa\u00e7o \u2013 at\u00e9 o apartamento na cidade \u2013 em um verdadeiro ref\u00fagio de f\u00e9rias.<\/p>\n\n\n\n<hr class=\"wp-block-separator has-alpha-channel-opacity\"\/>\n\n\n\n<h2 id='o-segredo-est\u00e1-nas-cores-e-nos-materiais-naturais'  class=\"wp-block-heading\">O segredo est\u00e1 nas cores e nos materiais naturais<\/h2>\n\n\n\n<p>A decora\u00e7\u00e3o praiana \u00e9 conhecida pelo uso generoso de azuis, brancos, beges e tons clarinhos. A ideia \u00e9 remeter \u00e0 areia, ao c\u00e9u e ao mar, criando uma atmosfera de paz. As paredes em tons suaves, m\u00f3veis de madeira clara e tecidos naturais, como linho e algod\u00e3o, fazem toda diferen\u00e7a. E n\u00e3o precisa exagerar: uma almofada listrada ou um tapete em tom de areia j\u00e1 mudam tudo.<\/p>\n\n\n\n<ul class=\"wp-block-list\">\n<li><strong>Cores principais:<\/strong> azul, branco, bege, verde-\u00e1gua e off-white<\/li>\n\n\n\n<li><strong>Materiais que remetem \u00e0 praia:<\/strong> madeira de demoli\u00e7\u00e3o, rattan, palha, corda, sisal<\/li>\n<\/ul>\n\n\n\n<hr class=\"wp-block-separator has-alpha-channel-opacity\"\/>\n\n\n\n<h2 id='aposte-em-texturas-listras-e-detalhes-que-contam-hist\u00f3rias'  class=\"wp-block-heading\">Aposte em texturas, listras e detalhes que contam hist\u00f3rias<\/h2>\n\n\n\n<p>J\u00e1 reparou como as casas de praia vivem cheias de pe\u00e7as com hist\u00f3rias? Conchas, estrelas do mar, quadros de paisagens mar\u00edtimas e at\u00e9 aquele cesto de fibra que veio das f\u00e9rias na Bahia. Use e abuse desses elementos \u2013 eles d\u00e3o personalidade e aproximam voc\u00ea desse clima leve de ver\u00e3o o ano todo.<\/p>\n\n\n\n<p>Dica de amiga: listras nunca saem de moda na decora\u00e7\u00e3o praiana! Seja em almofadas, tapetes ou mesmo nas paredes, elas d\u00e3o um toque n\u00e1utico superchique.<\/p>\n\n\n\n<hr class=\"wp-block-separator has-alpha-channel-opacity\"\/>\n\n\n\n<h2 id='inspire-se-com-ambientes-praianos-sala-quarto-e-at\u00e9-o-banheiro'  class=\"wp-block-heading\">Inspire-se com ambientes praianos: Sala, quarto e at\u00e9 o banheiro!<\/h2>\n\n\n\n<ul class=\"wp-block-list\">\n<li><strong>Sala:<\/strong> Invista em sof\u00e1s claros, muitas almofadas estampadas e quadros com paisagens do mar. Uma mesinha de centro de madeira e vasos com plantas deixam tudo mais aconchegante.<\/li>\n\n\n\n<li><strong>Sala de jantar:<\/strong> Misture cadeiras brancas com bancos estofados em azul, monte uma mesa posta com guardanapos de tecido, lou\u00e7as simples e um vasinho verde no centro.<\/li>\n\n\n\n<li><strong>Quarto:<\/strong> Paredes azuladas, cabeceira de madeira r\u00fastica e roupa de cama em branco e azul j\u00e1 criam o clima. Complete com quadros de conchas ou estrelas do mar e pronto, imposs\u00edvel n\u00e3o relaxar!<\/li>\n\n\n\n<li><strong>Banheiro:<\/strong> Listras nas paredes, cestos de fibras naturais e acess\u00f3rios em tons de areia d\u00e3o aquele ar de SPA praiano at\u00e9 no banheiro mais compacto.<\/li>\n<\/ul>\n\n\n\n<hr class=\"wp-block-separator has-alpha-channel-opacity\"\/>\n\n\n\n<figure class=\"wp-block-image aligncenter size-medium\"><a href=\"https:\/\/chat.whatsapp.com\/KJBkp5LFJVRIvmt5X3hSEh\" target=\"_blank\" rel=\"noopener\"><img data-recalc-dims=\"1\" fetchpriority=\"high\" decoding=\"async\" width=\"200\" height=\"300\" src=\"https:\/\/i0.wp.com\/1truenote.com\/wp-content\/uploads\/2025\/06\/ChatGPT-Image-3-de-jun.-de-2025-19_04_53.png?resize=200%2C300&#038;ssl=1\" alt=\"chamada banner advetorial whats\" class=\"wp-image-2683\" style=\"object-fit:cover\" srcset=\"https:\/\/i0.wp.com\/1truenote.com\/wp-content\/uploads\/2025\/06\/ChatGPT-Image-3-de-jun.-de-2025-19_04_53.png?resize=200%2C300&amp;ssl=1 200w, https:\/\/i0.wp.com\/1truenote.com\/wp-content\/uploads\/2025\/06\/ChatGPT-Image-3-de-jun.-de-2025-19_04_53.png?resize=683%2C1024&amp;ssl=1 683w, https:\/\/i0.wp.com\/1truenote.com\/wp-content\/uploads\/2025\/06\/ChatGPT-Image-3-de-jun.-de-2025-19_04_53.png?resize=768%2C1152&amp;ssl=1 768w, https:\/\/i0.wp.com\/1truenote.com\/wp-content\/uploads\/2025\/06\/ChatGPT-Image-3-de-jun.-de-2025-19_04_53.png?resize=150%2C225&amp;ssl=1 150w, https:\/\/i0.wp.com\/1truenote.com\/wp-content\/uploads\/2025\/06\/ChatGPT-Image-3-de-jun.-de-2025-19_04_53.png?w=1024&amp;ssl=1 1024w\" sizes=\"(max-width: 200px) 100vw, 200px\" \/><\/a><\/figure>\n\n\n\n<hr class=\"wp-block-separator has-alpha-channel-opacity\"\/>\n\n\n\n<h2 id='detalhes-que-n\u00e3o-podem-faltar-na-decora\u00e7\u00e3o-praiana'  class=\"wp-block-heading\">Detalhes que n\u00e3o podem faltar na decora\u00e7\u00e3o praiana<\/h2>\n\n\n\n<ul class=\"wp-block-list\">\n<li><strong>Elementos n\u00e1uticos:<\/strong> cordas, \u00e2ncoras, barcos em miniatura<\/li>\n\n\n\n<li><strong>Objetos de fibras naturais:<\/strong> cestos, abajures, tapetes<\/li>\n\n\n\n<li><strong>Plantas f\u00e1ceis de cuidar:<\/strong> suculentas, zamioculca, r\u00e1fia<\/li>\n\n\n\n<li><strong>Artesanato local:<\/strong> quadros de areia, esculturas de madeira, cer\u00e2micas<\/li>\n<\/ul>\n\n\n\n<hr class=\"wp-block-separator has-alpha-channel-opacity\"\/>\n\n\n\n<a href=\"https:\/\/1truenote.com\/en\/decoracao-com-quadros-dicas\/\" style=\"text-decoration: none;\">\n  <div style=\"display: flex; justify-content: space-between; align-items: center; background: #d44a00; padding: 12px 20px; color: white; font-family: Arial, sans-serif;\">\n    <strong style=\"color: black;\">READ ALSO:<\/strong>\n    <span style=\"margin-left: 8px; flex: 1;\">7 Truques de decora\u00e7\u00e3o com quadros <\/span>\n    <div style=\"background: #f2802f; padding: 8px 12px; border-radius: 2px; margin-left: 10px;\">\n      <span style=\"color: white; font-weight: bold;\">\u27a4<\/span>\n    <\/div>\n  <\/div>\n<\/a>\n\n\n\n<hr class=\"wp-block-separator has-alpha-channel-opacity\"\/>\n\n\n\n<h2 id='dicas-pr\u00e1ticas-para-uma-casa-com-clima-de-praia'  class=\"wp-block-heading\">Dicas pr\u00e1ticas para uma casa com clima de praia<\/h2>\n\n\n\n<ul class=\"wp-block-list\">\n<li>Use cortinas leves para deixar a luz natural entrar;<\/li>\n\n\n\n<li>Troque capas de almofada para variar as estampas sem gastar muito;<\/li>\n\n\n\n<li>Aposte em m\u00f3veis vers\u00e1teis, como bancos que viram mesas de apoio;<\/li>\n\n\n\n<li>Misture tons de azul \u2013 do turquesa ao marinho \u2013 para trazer profundidade;<\/li>\n\n\n\n<li>Aposte em tapetes e mantas que imitam tramas de redes de pesca.<\/li>\n<\/ul>\n\n\n\n<h3 id='tabela-r\u00e1pida-como-montar-um-ambiente-praiano-em-casa'  class=\"wp-block-heading\">Tabela r\u00e1pida: Como montar um ambiente praiano em casa<\/h3>\n\n\n\n<figure class=\"wp-block-table\"><table class=\"has-fixed-layout\"><thead><tr><th>Ambiente<\/th><th>Cores-chave<\/th><th>Materiais<\/th><th>Decora\u00e7\u00e3o extra<\/th><\/tr><\/thead><tbody><tr><td>Sala<\/td><td>Branco, azul<\/td><td>Madeira, linho<\/td><td>Almofadas listradas<\/td><\/tr><tr><td>Quarto<\/td><td>Azul claro, areia<\/td><td>Palha, algod\u00e3o<\/td><td>Estrela do mar na parede<\/td><\/tr><tr><td>Banheiro<\/td><td>Branco, azul-mar<\/td><td>Cer\u00e2mica, corda<\/td><td>Cestos de fibras<\/td><\/tr><tr><td>Varanda<\/td><td>Verde-\u00e1gua, bege<\/td><td>Rattan, sisal<\/td><td>Plantas tropicais<\/td><\/tr><\/tbody><\/table><\/figure>\n\n\n\n<hr class=\"wp-block-separator has-alpha-channel-opacity\"\/>\n\n\n\n<h2 id='v\u00eddeo-recomendado-tour-pela-casa-de-praia-dos-sonhos'  class=\"wp-block-heading\"><a class=\"\" href=\"https:\/\/www.youtube.com\/watch?v=suaurl\" target=\"_blank\" rel=\"noopener\">V\u00eddeo recomendado: Tour pela casa de praia dos sonhos!<\/a><\/h2>\n\n\n\n<p><em>(Troque pelo v\u00eddeo que voc\u00ea achar mais inspirador no YouTube!)<\/em><\/p>\n\n\n\n<hr class=\"wp-block-separator has-alpha-channel-opacity\"\/>\n\n\n\n<h3 id='sua-casa-seu-para\u00edso-particular'  class=\"wp-block-heading\">Sua casa, seu para\u00edso particular<\/h3>\n\n\n\n<p>No fim das contas, decorar com inspira\u00e7\u00e3o praiana \u00e9 muito mais do que encher o ambiente de conchas. \u00c9 criar uma atmosfera leve, fresca e cheia de boas lembran\u00e7as \u2013 como aquele p\u00f4r do sol inesquec\u00edvel ou um fim de semana com os amigos \u00e0 beira-mar. Fa\u00e7a sua casa ser esse abra\u00e7o de ver\u00e3o, todos os dias do ano!<\/p>\n\n\n\n<hr class=\"wp-block-separator has-alpha-channel-opacity\"\/>\n\n\n\n<a href=\"https:\/\/1truenote.com\/en\/decoracao-com-quadros-dicas\/\" style=\"text-decoration: none;\">\n  <div style=\"display: flex; justify-content: space-between; align-items: center; background: #d44a00; padding: 12px 20px; color: white; font-family: Arial, sans-serif;\">\n    <strong style=\"color: black;\">READ ALSO:<\/strong>\n    <span style=\"margin-left: 8px; flex: 1;\">7 Truques de decora\u00e7\u00e3o com quadros <\/span>\n    <div style=\"background: #f2802f; padding: 8px 12px; border-radius: 2px; margin-left: 10px;\">\n      <span style=\"color: white; font-weight: bold;\">\u27a4<\/span>\n    <\/div>\n  <\/div>\n<\/a>\n\n\n\n\n<hr class=\"wp-block-separator has-alpha-channel-opacity\"\/>\n\n\n\n<h2 id='d\u00favidas-frequentes-sobre-decora\u00e7\u00e3o-praiana'  class=\"wp-block-heading\">D\u00favidas frequentes sobre decora\u00e7\u00e3o praiana<\/h2>\n\n\n<div id=\"rank-math-faq\" class=\"rank-math-block\">\n<div class=\"rank-math-list\">\n<div id=\"faq-question-1752510478393\" class=\"rank-math-list-item\">\n<h3 id='como-n\u00e3o-deixar-o-ambiente-caricato'  class=\"rank-math-question\">Como n\u00e3o deixar o ambiente caricato?<\/h3>\n<div class=\"rank-math-answer\">\n\n<p>Fuja do excesso de objetos tem\u00e1ticos. Prefira detalhes sutis, como uma bandeja de conchas ou um quadro bonito do mar.<\/p>\n\n<\/div>\n<\/div>\n<div id=\"faq-question-1752510479807\" class=\"rank-math-list-item\">\n<h3 id='d\u00e1-para-fazer-decora\u00e7\u00e3o-praiana-em-apartamento-pequeno'  class=\"rank-math-question\">D\u00e1 para fazer decora\u00e7\u00e3o praiana em apartamento pequeno?<\/h3>\n<div class=\"rank-math-answer\">\n\n<p>Com certeza! \u00c9 s\u00f3 investir em paleta de cores claras, tecidos leves e algumas pe\u00e7as naturais. Pequenos toques j\u00e1 mudam o clima.<\/p>\n\n<\/div>\n<\/div>\n<div id=\"faq-question-1752510480567\" class=\"rank-math-list-item\">\n<h3 id='quais-plantas-combinam'  class=\"rank-math-question\">Quais plantas combinam?<\/h3>\n<div class=\"rank-math-answer\">\n\n<p>Suculentas, palmeiras, brom\u00e9lias e at\u00e9 ramos secos de folhas largas v\u00e3o bem em qualquer espa\u00e7o com estilo praia.<\/p>\n\n<\/div>\n<\/div>\n<\/div>\n<\/div>\n\n\n<figure class=\"wp-block-image aligncenter size-large\"><img data-recalc-dims=\"1\" decoding=\"async\" width=\"1024\" height=\"683\" src=\"https:\/\/i0.wp.com\/1truenote.com\/wp-content\/uploads\/2025\/07\/ChatGPT-Image-14-de-jul.-de-2025-13_48_19.png?resize=1024%2C683&#038;ssl=1\" alt=\"decora\u00e7\u00e3o praiana\" class=\"wp-image-3688\" srcset=\"https:\/\/i0.wp.com\/1truenote.com\/wp-content\/uploads\/2025\/07\/ChatGPT-Image-14-de-jul.-de-2025-13_48_19.png?resize=1024%2C683&amp;ssl=1 1024w, https:\/\/i0.wp.com\/1truenote.com\/wp-content\/uploads\/2025\/07\/ChatGPT-Image-14-de-jul.-de-2025-13_48_19.png?resize=300%2C200&amp;ssl=1 300w, https:\/\/i0.wp.com\/1truenote.com\/wp-content\/uploads\/2025\/07\/ChatGPT-Image-14-de-jul.-de-2025-13_48_19.png?resize=768%2C512&amp;ssl=1 768w, https:\/\/i0.wp.com\/1truenote.com\/wp-content\/uploads\/2025\/07\/ChatGPT-Image-14-de-jul.-de-2025-13_48_19.png?resize=150%2C100&amp;ssl=1 150w, https:\/\/i0.wp.com\/1truenote.com\/wp-content\/uploads\/2025\/07\/ChatGPT-Image-14-de-jul.-de-2025-13_48_19.png?w=1536&amp;ssl=1 1536w\" sizes=\"(max-width: 1024px) 100vw, 1024px\" \/><\/figure>","protected":false},"excerpt":{"rendered":"<p>Decora\u00e7\u00e3o praiana. Sabe aquela sensa\u00e7\u00e3o deliciosa de relaxar ouvindo o barulhinho do mar, sentindo a brisa fresca e se apaixonando&#8230;<\/p>","protected":false},"author":1,"featured_media":3688,"comment_status":"open","ping_status":"open","sticky":false,"template":"","format":"standard","meta":{"_kad_post_transparent":"","_kad_post_title":"","_kad_post_layout":"","_kad_post_sidebar_id":"","_kad_post_content_style":"","_kad_post_vertical_padding":"","_kad_post_feature":"","_kad_post_feature_position":"","_kad_post_header":false,"_kad_post_footer":false,"_kad_post_classname":"","footnotes":"","jetpack_publicize_message":"Decora\u00e7\u00e3o praiana. Sabe aquela sensa\u00e7\u00e3o deliciosa de relaxar ouvindo o barulhinho do mar, sentindo a brisa fresca e se apaixonando por tons de azul?\n\n#carvalhoconsultoriabrasil #truenote #decor #decoracao #sala #sacada #mar #praia #modapraia #decorpraia","jetpack_publicize_feature_enabled":true,"jetpack_social_post_already_shared":true,"jetpack_social_options":{"image_generator_settings":{"template":"highway","default_image_id":0,"enabled":false},"version":2}},"categories":[16,9],"tags":[13,14],"class_list":["post-3687","post","type-post","status-publish","format-standard","has-post-thumbnail","hentry","category-casa-e-jardim","category-lazer","tag-minimalista","tag-interiores-inovadores"],"jetpack_publicize_connections":[],"jetpack_featured_media_url":"https:\/\/i0.wp.com\/1truenote.com\/wp-content\/uploads\/2025\/07\/ChatGPT-Image-14-de-jul.-de-2025-13_48_19.png?fit=1536%2C1024&ssl=1","jetpack_sharing_enabled":true,"_links":{"self":[{"href":"https:\/\/1truenote.com\/en\/wp-json\/wp\/v2\/posts\/3687","targetHints":{"allow":["GET"]}}],"collection":[{"href":"https:\/\/1truenote.com\/en\/wp-json\/wp\/v2\/posts"}],"about":[{"href":"https:\/\/1truenote.com\/en\/wp-json\/wp\/v2\/types\/post"}],"author":[{"embeddable":true,"href":"https:\/\/1truenote.com\/en\/wp-json\/wp\/v2\/users\/1"}],"replies":[{"embeddable":true,"href":"https:\/\/1truenote.com\/en\/wp-json\/wp\/v2\/comments?post=3687"}],"version-history":[{"count":1,"href":"https:\/\/1truenote.com\/en\/wp-json\/wp\/v2\/posts\/3687\/revisions"}],"predecessor-version":[{"id":3689,"href":"https:\/\/1truenote.com\/en\/wp-json\/wp\/v2\/posts\/3687\/revisions\/3689"}],"wp:featuredmedia":[{"embeddable":true,"href":"https:\/\/1truenote.com\/en\/wp-json\/wp\/v2\/media\/3688"}],"wp:attachment":[{"href":"https:\/\/1truenote.com\/en\/wp-json\/wp\/v2\/media?parent=3687"}],"wp:term":[{"taxonomy":"category","embeddable":true,"href":"https:\/\/1truenote.com\/en\/wp-json\/wp\/v2\/categories?post=3687"},{"taxonomy":"post_tag","embeddable":true,"href":"https:\/\/1truenote.com\/en\/wp-json\/wp\/v2\/tags?post=3687"}],"curies":[{"name":"wp","href":"https:\/\/api.w.org\/{rel}","templated":true}]}}