{"id":3683,"date":"2025-07-14T12:00:00","date_gmt":"2025-07-14T15:00:00","guid":{"rendered":"https:\/\/1truenote.com\/?p=3683"},"modified":"2025-07-14T11:58:34","modified_gmt":"2025-07-14T14:58:34","slug":"decoracao-com-quadros-dicas","status":"publish","type":"post","link":"https:\/\/1truenote.com\/en\/decoracao-com-quadros-dicas\/","title":{"rendered":"7 Truques de decora\u00e7\u00e3o com quadros para transformar qualquer parede sem gastar muito"},"content":{"rendered":"<p>Decora\u00e7\u00e3o com quadros. Sabe aquele espa\u00e7o vazio na parede que parece estar pedindo por uma mudan\u00e7a? Pois \u00e9, voc\u00ea n\u00e3o est\u00e1 s\u00f3! Decorar com quadros virou tend\u00eancia justamente por ser acess\u00edvel, personaliz\u00e1vel e \u2014 olha s\u00f3 \u2014 n\u00e3o precisa de reforma nem grandes investimentos.<\/p>\n\n\n\n<p>Hoje quero dividir algumas dicas que funcionam de verdade pra quem est\u00e1 pensando em dar uma renovada na casa usando quadros, n\u00e3o importa o estilo, o tamanho ou o quanto voc\u00ea quer gastar. Pode ser aquele cantinho vazio na sala, uma parede esquecida no corredor ou at\u00e9 o quarto que sempre fica por \u00faltimo na lista de prioridades.<\/p>\n\n\n\n<p>O legal da decora\u00e7\u00e3o com quadros \u00e9 que eles conseguem transformar qualquer ambiente, trazendo cor, hist\u00f3rias e um pouco da sua personalidade pra dentro de casa. Vou mostrar como voc\u00ea pode misturar diferentes estilos, brincar com as composi\u00e7\u00f5es e escolher pe\u00e7as que realmente tenham a ver com voc\u00ea, sem precisar gastar uma fortuna.<\/p>\n\n\n\n<p>A ideia aqui \u00e9 te inspirar a criar uma galeria \u00fanica, cheia de mem\u00f3rias e do jeito que voc\u00ea gosta, pra quando olhar, sentir que ali tem um pouco de tudo o que faz sentido na sua vida.<\/p>\n\n\n\n<hr class=\"wp-block-separator has-alpha-channel-opacity\"\/>\n\n\n\n<h2 id='1-misture-tamanhos-e-molduras-para-um-efeito-din\u00e2mico-na-decora\u00e7\u00e3o-com-quadros'  class=\"wp-block-heading\">1. Misture tamanhos e molduras para um efeito din\u00e2mico na decora\u00e7\u00e3o com quadros<\/h2>\n\n\n\n<p>Nada de ficar preso a regras engessadas. O segredo das paredes mais interessantes \u00e9 misturar quadros grandes com pequenos, usar molduras diferentes e, se quiser, at\u00e9 mesclar p\u00f4steres com gravuras ou fotos da fam\u00edlia.<\/p>\n\n\n\n<hr class=\"wp-block-separator has-alpha-channel-opacity\"\/>\n\n\n\n<h2 id='2-aposte-no-layout-antes-de-furar'  class=\"wp-block-heading\">2. Aposte no layout \u201cantes de furar\u201d<\/h2>\n\n\n\n<p>Dica de ouro: Posicione os quadros no ch\u00e3o primeiro, brinque com as combina\u00e7\u00f5es e s\u00f3 depois comece a pendurar. D\u00e1 para marcar o lugar com fita crepe na parede, assim voc\u00ea n\u00e3o erra a m\u00e3o na hora de fixar.<\/p>\n\n\n\n<hr class=\"wp-block-separator has-alpha-channel-opacity\"\/>\n\n\n\n<h2 id='3-quadros-apoiados-tamb\u00e9m-valem'  class=\"wp-block-heading\">3. Quadros apoiados tamb\u00e9m valem!<\/h2>\n\n\n\n<p>Nem todo quadro precisa ir para a parede, viu? Apoie pe\u00e7as sobre m\u00f3veis, prateleiras ou at\u00e9 mesmo no ch\u00e3o. Isso cria uma vibe descolada e moderna \u2014 al\u00e9m de facilitar na hora de trocar de lugar quando der vontade.<\/p>\n\n\n\n<hr class=\"wp-block-separator has-alpha-channel-opacity\"\/>\n\n\n\n<h2 id='4-invista-em-kits-prontos-ou-fa\u00e7a-voc\u00ea-mesmo'  class=\"wp-block-heading\">4. Invista em kits prontos ou fa\u00e7a voc\u00ea mesmo<\/h2>\n\n\n\n<p>Se o or\u00e7amento est\u00e1 curto, kits de p\u00f4steres vendidos online resolvem rapidinho. Outra op\u00e7\u00e3o \u00e9 imprimir suas fotos ou frases favoritas e usar molduras simples, de lojas populares.<\/p>\n\n\n\n<hr class=\"wp-block-separator has-alpha-channel-opacity\"\/>\n\n\n\n<h2 id='5-destaque-com-ilumina\u00e7\u00e3o'  class=\"wp-block-heading\">5. Destaque com ilumina\u00e7\u00e3o<\/h2>\n\n\n\n<p>Uma lumin\u00e1ria direcionada ou fitas de LED podem valorizar (e muito!) a sua galeria. Iluminar bem um quadro muda a atmosfera do ambiente e d\u00e1 aquele toque de exposi\u00e7\u00e3o de arte na decora\u00e7\u00e3o com quadros.<\/p>\n\n\n\n<hr class=\"wp-block-separator has-alpha-channel-opacity\"\/>\n\n\n\n<figure class=\"wp-block-image aligncenter size-medium\"><a href=\"https:\/\/chat.whatsapp.com\/KJBkp5LFJVRIvmt5X3hSEh\" target=\"_blank\" rel=\"noopener\"><img data-recalc-dims=\"1\" fetchpriority=\"high\" decoding=\"async\" width=\"200\" height=\"300\" src=\"https:\/\/i0.wp.com\/1truenote.com\/wp-content\/uploads\/2025\/06\/ChatGPT-Image-3-de-jun.-de-2025-19_04_53.png?resize=200%2C300&#038;ssl=1\" alt=\"chamada banner advetorial whats\" class=\"wp-image-2683\" srcset=\"https:\/\/i0.wp.com\/1truenote.com\/wp-content\/uploads\/2025\/06\/ChatGPT-Image-3-de-jun.-de-2025-19_04_53.png?resize=200%2C300&amp;ssl=1 200w, https:\/\/i0.wp.com\/1truenote.com\/wp-content\/uploads\/2025\/06\/ChatGPT-Image-3-de-jun.-de-2025-19_04_53.png?resize=683%2C1024&amp;ssl=1 683w, https:\/\/i0.wp.com\/1truenote.com\/wp-content\/uploads\/2025\/06\/ChatGPT-Image-3-de-jun.-de-2025-19_04_53.png?resize=768%2C1152&amp;ssl=1 768w, https:\/\/i0.wp.com\/1truenote.com\/wp-content\/uploads\/2025\/06\/ChatGPT-Image-3-de-jun.-de-2025-19_04_53.png?resize=150%2C225&amp;ssl=1 150w, https:\/\/i0.wp.com\/1truenote.com\/wp-content\/uploads\/2025\/06\/ChatGPT-Image-3-de-jun.-de-2025-19_04_53.png?w=1024&amp;ssl=1 1024w\" sizes=\"(max-width: 200px) 100vw, 200px\" \/><\/a><\/figure>\n\n\n\n<hr class=\"wp-block-separator has-alpha-channel-opacity\"\/>\n\n\n\n<h2 id='6-use-quadros-em-lugares-inusitados'  class=\"wp-block-heading\">6. Use quadros em lugares inusitados<\/h2>\n\n\n\n<p>Banheiro, corredor, lavanderia\u2026 Por que n\u00e3o? Pequenos quadros em espa\u00e7os menos \u00f3bvios surpreendem e deixam cada cantinho da casa mais interessante na decora\u00e7\u00e3o com quadros.<\/p>\n\n\n\n<hr class=\"wp-block-separator has-alpha-channel-opacity\"\/>\n\n\n\n<h2 id='7-temas-que-contam-sua-hist\u00f3ria'  class=\"wp-block-heading\">7. Temas que contam sua hist\u00f3ria<\/h2>\n\n\n\n<p>Na decora\u00e7\u00e3o com quadros, mais do que seguir tend\u00eancias, escolha quadros que tenham a ver com voc\u00ea. Arte autoral, viagens, filmes, frases motivacionais ou at\u00e9 aquela ilustra\u00e7\u00e3o divertida \u2014 tudo vale quando tem significado.<\/p>\n\n\n\n<hr class=\"wp-block-separator has-alpha-channel-opacity\"\/>\n\n\n\n<a href=\"https:\/\/1truenote.com\/en\/cantinho-do-cafe-em-casa\/\" style=\"text-decoration: none;\">\n  <div style=\"display: flex; justify-content: space-between; align-items: center; background: #d44a00; padding: 12px 20px; color: white; font-family: Arial, sans-serif;\">\n    <strong style=\"color: black;\">READ ALSO:<\/strong>\n    <span style=\"margin-left: 8px; flex: 1;\">Cantinho do caf\u00e9 em casa<\/span>\n    <div style=\"background: #f2802f; padding: 8px 12px; border-radius: 2px; margin-left: 10px;\">\n      <span style=\"color: white; font-weight: bold;\">\u27a4<\/span>\n    <\/div>\n  <\/div>\n<\/a>\n\n\n\n<hr class=\"wp-block-separator has-alpha-channel-opacity\"\/>\n\n\n\n<h3 id='tabela-ideias-de-onde-usar-quadros-e-sugest\u00f5es-de-combina\u00e7\u00f5es'  class=\"wp-block-heading\">Tabela: Ideias de onde usar quadros e sugest\u00f5es de combina\u00e7\u00f5es<\/h3>\n\n\n\n<figure class=\"wp-block-table\"><table class=\"has-fixed-layout\"><thead><tr><th>Ambiente<\/th><th>Combina\u00e7\u00e3o de Quadros<\/th><th>Sugest\u00e3o de Moldura<\/th><\/tr><\/thead><tbody><tr><td>Sala de estar<\/td><td>Grande + m\u00e9dios + fotos<\/td><td>Madeira clara\/escura<\/td><\/tr><tr><td>Quarto<\/td><td>P\u00f4ster moderno + frase<\/td><td>Preta\/branca<\/td><\/tr><tr><td>Corredor<\/td><td>S\u00e9rie vertical de 3 ou 4<\/td><td>Minimalista<\/td><\/tr><tr><td>Banheiro<\/td><td>Pequenos coloridos<\/td><td>Acr\u00edlico<\/td><\/tr><tr><td>Home office<\/td><td>Gr\u00e1ficos + calend\u00e1rio<\/td><td>Met\u00e1lica<\/td><\/tr><\/tbody><\/table><\/figure>\n\n\n\n<hr class=\"wp-block-separator has-alpha-channel-opacity\"\/>\n\n\n\n<h3 id='v\u00eddeo-youtube-como-montar-uma-parede-de-quadros-do-zero'  class=\"wp-block-heading\">V\u00eddeo YouTube: \u201cComo montar uma parede de quadros do zero\u201d<\/h3>\n\n\n\n<blockquote class=\"wp-block-quote is-layout-flow wp-block-quote-is-layout-flow\">\n<p><a href=\"https:\/\/www.youtube.com\/watch?v=bXdEF9WYErc&amp;pp=ygUpQ29tbyBtb250YXIgdW1hIHBhcmVkZSBkZSBxdWFkcm9zIGRvIHplcm8%3D\" data-type=\"link\" data-id=\"https:\/\/www.youtube.com\/watch?v=bXdEF9WYErc&amp;pp=ygUpQ29tbyBtb250YXIgdW1hIHBhcmVkZSBkZSBxdWFkcm9zIGRvIHplcm8%3D\" target=\"_blank\" rel=\"noopener\">Assista aqui: Montando galeria de quadros em casa \u2013 truques e erros comuns<\/a> (5min)<\/p>\n\n\n\n<figure class=\"wp-block-embed aligncenter is-type-video is-provider-youtube wp-block-embed-youtube wp-embed-aspect-16-9 wp-has-aspect-ratio\"><div class=\"wp-block-embed__wrapper\">\n<iframe title=\"Como Montar uma Parede com Quadros! | Por Maryane Nunes\" width=\"720\" height=\"405\" src=\"https:\/\/www.youtube.com\/embed\/bXdEF9WYErc?feature=oembed\" frameborder=\"0\" allow=\"accelerometer; autoplay; clipboard-write; encrypted-media; gyroscope; picture-in-picture; web-share\" referrerpolicy=\"strict-origin-when-cross-origin\" allowfullscreen><\/iframe>\n<\/div><\/figure>\n<\/blockquote>\n\n\n\n<hr class=\"wp-block-separator has-alpha-channel-opacity\"\/>\n\n\n\n<h2 id='decora\u00e7\u00e3o-com-quadros'  class=\"wp-block-heading\">Decora\u00e7\u00e3o com quadros<\/h2>\n\n\n\n<p>Quadros s\u00e3o a forma mais simples e r\u00e1pida de transformar qualquer ambiente sem bagun\u00e7a e sem gastar muito. D\u00e1 para mudar sempre que bater aquele t\u00e9dio, testar novas composi\u00e7\u00f5es e at\u00e9 atualizar a decora\u00e7\u00e3o conforme as esta\u00e7\u00f5es.<\/p>\n\n\n\n<p>Se jogue nessas ideias, solte a criatividade e depois me conta: Qual parede da sua casa voc\u00ea vai transformar primeiro? Gostou da decora\u00e7\u00e3o com quadros? E, claro, se quiser mais dicas de decora\u00e7\u00e3o pr\u00e1tica, \u00e9 s\u00f3 pedir por aqui!<\/p>\n\n\n\n<hr class=\"wp-block-separator has-alpha-channel-opacity\"\/>\n\n\n\n<a href=\"https:\/\/1truenote.com\/en\/cantinho-do-cafe-em-casa\/\" style=\"text-decoration: none;\">\n  <div style=\"display: flex; justify-content: space-between; align-items: center; background: #d44a00; padding: 12px 20px; color: white; font-family: Arial, sans-serif;\">\n    <strong style=\"color: black;\">READ ALSO:<\/strong>\n    <span style=\"margin-left: 8px; flex: 1;\">Cantinho do caf\u00e9 em casa<\/span>\n    <div style=\"background: #f2802f; padding: 8px 12px; border-radius: 2px; margin-left: 10px;\">\n      <span style=\"color: white; font-weight: bold;\">\u27a4<\/span>\n    <\/div>\n  <\/div>\n<\/a>\n\n\n\n\n<hr class=\"wp-block-separator has-alpha-channel-opacity\"\/>\n\n\n\n<h2 id='faq-quest\u00f5es-sobre-decora\u00e7\u00e3o-com-quadros'  class=\"wp-block-heading\">FAQ &#8211; Quest\u00f5es sobre decora\u00e7\u00e3o com quadros<\/h2>\n\n\n<div id=\"rank-math-faq\" class=\"rank-math-block\">\n<div class=\"rank-math-list\">\n<div id=\"faq-question-1752504199199\" class=\"rank-math-list-item\">\n<h3 id='preciso-furar-a-parede-para-pendurar-quadros'  class=\"rank-math-question\">Preciso furar a parede para pendurar quadros?<\/h3>\n<div class=\"rank-math-answer\">\n\n<p>Nem sempre! Hoje existem fitas dupla face super resistentes ou ganchos autoadesivos. S\u00f3 cuidado com o peso do quadro.<\/p>\n\n<\/div>\n<\/div>\n<div id=\"faq-question-1752504200537\" class=\"rank-math-list-item\">\n<h3 id='posso-misturar-fotos-com-arte'  class=\"rank-math-question\">Posso misturar fotos com arte?<\/h3>\n<div class=\"rank-math-answer\">\n\n<p>Deve! Isso deixa a composi\u00e7\u00e3o mais original e com a sua cara.<\/p>\n\n<\/div>\n<\/div>\n<div id=\"faq-question-1752504201237\" class=\"rank-math-list-item\">\n<h3 id='como-saber-a-altura-ideal-para-pendurar'  class=\"rank-math-question\">Como saber a altura ideal para pendurar?<\/h3>\n<div class=\"rank-math-answer\">\n\n<p>O centro do quadro deve ficar na altura dos olhos \u2014 geralmente entre 1,50m e 1,60m do ch\u00e3o.<\/p>\n\n<\/div>\n<\/div>\n<\/div>\n<\/div>\n\n\n<figure class=\"wp-block-image aligncenter size-large\"><img data-recalc-dims=\"1\" decoding=\"async\" width=\"1024\" height=\"683\" src=\"https:\/\/i0.wp.com\/1truenote.com\/wp-content\/uploads\/2025\/07\/ChatGPT-Image-14-de-jul.-de-2025-11_55_59.png?resize=1024%2C683&#038;ssl=1\" alt=\"decora\u00e7\u00e3o com quadros\" class=\"wp-image-3685\" srcset=\"https:\/\/i0.wp.com\/1truenote.com\/wp-content\/uploads\/2025\/07\/ChatGPT-Image-14-de-jul.-de-2025-11_55_59.png?resize=1024%2C683&amp;ssl=1 1024w, https:\/\/i0.wp.com\/1truenote.com\/wp-content\/uploads\/2025\/07\/ChatGPT-Image-14-de-jul.-de-2025-11_55_59.png?resize=300%2C200&amp;ssl=1 300w, https:\/\/i0.wp.com\/1truenote.com\/wp-content\/uploads\/2025\/07\/ChatGPT-Image-14-de-jul.-de-2025-11_55_59.png?resize=768%2C512&amp;ssl=1 768w, https:\/\/i0.wp.com\/1truenote.com\/wp-content\/uploads\/2025\/07\/ChatGPT-Image-14-de-jul.-de-2025-11_55_59.png?resize=150%2C100&amp;ssl=1 150w, https:\/\/i0.wp.com\/1truenote.com\/wp-content\/uploads\/2025\/07\/ChatGPT-Image-14-de-jul.-de-2025-11_55_59.png?w=1536&amp;ssl=1 1536w\" sizes=\"(max-width: 1024px) 100vw, 1024px\" \/><\/figure>","protected":false},"excerpt":{"rendered":"<p>Decora\u00e7\u00e3o com quadros. Sabe aquele espa\u00e7o vazio na parede que parece estar pedindo por uma mudan\u00e7a? Pois \u00e9, voc\u00ea n\u00e3o&#8230;<\/p>","protected":false},"author":1,"featured_media":3685,"comment_status":"open","ping_status":"open","sticky":false,"template":"","format":"standard","meta":{"_kad_post_transparent":"","_kad_post_title":"","_kad_post_layout":"","_kad_post_sidebar_id":"","_kad_post_content_style":"","_kad_post_vertical_padding":"","_kad_post_feature":"","_kad_post_feature_position":"","_kad_post_header":false,"_kad_post_footer":false,"_kad_post_classname":"","footnotes":"","jetpack_publicize_message":"Decora\u00e7\u00e3o com quadros. Sabe aquele espa\u00e7o vazio na parede que parece estar pedindo por uma mudan\u00e7a? Pois \u00e9, voc\u00ea n\u00e3o est\u00e1 s\u00f3! Decorar com quadros virou tend\u00eancia justamente por ser acess\u00edvel, personaliz\u00e1vel e \u2014 olha s\u00f3 \u2014 n\u00e3o precisa de reforma nem grandes investimentos.\n\n#carvalhoconsultoriabrasil #truenote #decor #decoracao #quadros #sala","jetpack_publicize_feature_enabled":true,"jetpack_social_post_already_shared":true,"jetpack_social_options":{"image_generator_settings":{"template":"highway","default_image_id":0,"enabled":false},"version":2}},"categories":[16,1],"tags":[13,14],"class_list":["post-3683","post","type-post","status-publish","format-standard","has-post-thumbnail","hentry","category-casa-e-jardim","category-novidades","tag-minimalista","tag-interiores-inovadores"],"jetpack_publicize_connections":[],"jetpack_featured_media_url":"https:\/\/i0.wp.com\/1truenote.com\/wp-content\/uploads\/2025\/07\/ChatGPT-Image-14-de-jul.-de-2025-11_55_59.png?fit=1536%2C1024&ssl=1","jetpack_sharing_enabled":true,"_links":{"self":[{"href":"https:\/\/1truenote.com\/en\/wp-json\/wp\/v2\/posts\/3683","targetHints":{"allow":["GET"]}}],"collection":[{"href":"https:\/\/1truenote.com\/en\/wp-json\/wp\/v2\/posts"}],"about":[{"href":"https:\/\/1truenote.com\/en\/wp-json\/wp\/v2\/types\/post"}],"author":[{"embeddable":true,"href":"https:\/\/1truenote.com\/en\/wp-json\/wp\/v2\/users\/1"}],"replies":[{"embeddable":true,"href":"https:\/\/1truenote.com\/en\/wp-json\/wp\/v2\/comments?post=3683"}],"version-history":[{"count":1,"href":"https:\/\/1truenote.com\/en\/wp-json\/wp\/v2\/posts\/3683\/revisions"}],"predecessor-version":[{"id":3686,"href":"https:\/\/1truenote.com\/en\/wp-json\/wp\/v2\/posts\/3683\/revisions\/3686"}],"wp:featuredmedia":[{"embeddable":true,"href":"https:\/\/1truenote.com\/en\/wp-json\/wp\/v2\/media\/3685"}],"wp:attachment":[{"href":"https:\/\/1truenote.com\/en\/wp-json\/wp\/v2\/media?parent=3683"}],"wp:term":[{"taxonomy":"category","embeddable":true,"href":"https:\/\/1truenote.com\/en\/wp-json\/wp\/v2\/categories?post=3683"},{"taxonomy":"post_tag","embeddable":true,"href":"https:\/\/1truenote.com\/en\/wp-json\/wp\/v2\/tags?post=3683"}],"curies":[{"name":"wp","href":"https:\/\/api.w.org\/{rel}","templated":true}]}}