{"id":3679,"date":"2025-07-11T18:00:00","date_gmt":"2025-07-11T21:00:00","guid":{"rendered":"https:\/\/1truenote.com\/?p=3679"},"modified":"2025-09-26T12:53:00","modified_gmt":"2025-09-26T15:53:00","slug":"minicasas-para-comprar-na-amazon","status":"publish","type":"post","link":"https:\/\/1truenote.com\/en\/minicasas-para-comprar-na-amazon\/","title":{"rendered":"Top 5 minicasas para comprar na Amazon (tem at\u00e9 modelo com 3 quartos!)"},"content":{"rendered":"<p>Minicasas para comprar na Amazon. Voc\u00ea j\u00e1 imaginou morar em uma minicasa, dessas que parecem ter sa\u00eddo direto do Pinterest? Pois \u00e9! O que parecia distante agora est\u00e1 a apenas alguns cliques de dist\u00e2ncia: \u00e9 poss\u00edvel comprar modelos incr\u00edveis de minicasas prontas para morar direto na Amazon \u2014 inclusive com varanda, dois andares e at\u00e9 tr\u00eas quartos!<\/p>\n\n\n\n<p>Vem comigo conhecer os modelos mais legais e entender porque esse universo de casas compactas est\u00e1 conquistando tanta gente por aqui.<\/p>\n\n\n\n<hr class=\"wp-block-separator has-alpha-channel-opacity\"\/>\n\n\n\n<h2 id='minicasas-para-comprar-na-amazon-liberdade-com-charme-e-praticidade'  class=\"wp-block-heading\">Minicasas para comprar na Amazon: Liberdade com charme e praticidade<\/h2>\n\n\n\n<p>Em tempos em que o menos virou mais, as minicasas ganharam protagonismo entre quem busca uma vida mais simples, funcional e, claro, cheia de estilo. Seja para morar de vez, investir numa casa de campo ou at\u00e9 criar um espa\u00e7o de home office separado, as op\u00e7\u00f5es pr\u00e9-fabricadas da Amazon s\u00e3o um convite \u00e0 criatividade.<\/p>\n\n\n\n<p>Ah, e tem para todos os gostos: dobr\u00e1veis, expans\u00edveis, empilh\u00e1veis\u2026 Bora ver o TOP 5?<\/p>\n\n\n\n<hr class=\"wp-block-separator has-alpha-channel-opacity\"\/>\n\n\n\n<h2 id='1-minicasa-expans\u00edvel-de-3-quartos'  class=\"wp-block-heading\">1. Minicasa expans\u00edvel de 3 quartos<\/h2>\n\n\n\n<p>Quando pensamos em minicasas para comprar na Amazon, logo vem \u00e0 cabe\u00e7a algo compacto, n\u00e9? Mas aqui est\u00e1 a surpresa: esse modelo j\u00e1 chega com possibilidade de expandir at\u00e9 12 metros, conta com tr\u00eas quartos e pode ser montado em poucos dias! Perfeito para quem tem fam\u00edlia ou precisa de espa\u00e7o multiuso.<\/p>\n\n\n\n<ul class=\"wp-block-list\">\n<li><strong>Destaques:<\/strong> Estrutura resistente ao tempo, grandes janelas, ilumina\u00e7\u00e3o natural e possibilidade de personaliza\u00e7\u00e3o.<\/li>\n\n\n\n<li><strong>Pra quem \u00e9:<\/strong> Quem n\u00e3o abre m\u00e3o de conforto, mas quer praticidade na montagem.<\/li>\n<\/ul>\n\n\n    <div class=\"hostinger-affiliate-block-single-type\">\n                    <div class=\"hostinger-affiliate-block-single-type__image\">\n                <a href=\"https:\/\/www.amazon.com.br\/dp\/B0F82WW2J3?tag=joaopedro047-20\" target=\"_blank\" rel=\"nofollow noopener noreferrer\">\n                    <img decoding=\"async\" src=\"https:\/\/m.media-amazon.com\/images\/I\/51A0Efll5rL.jpg\" alt=\"Tiny House com design de luxo com 3 quartos 1 sala de estar 1 ban...\">\n                <\/a>\n            <\/div>\n                    <div class=\"hostinger-affiliate-block-single-type__product-data\">\n            <div class=\"hostinger-affiliate-block-single-type__product-title\">\n                <a href=\"https:\/\/www.amazon.com.br\/dp\/B0F82WW2J3?tag=joaopedro047-20\" target=\"_blank\" rel=\"nofollow noopener noreferrer\">\n                    <h3 id='tiny-house-com-design-de-luxo-com-3-quartos-1-sala-de-estar-1-ban'>\n                        Tiny House com design de luxo com 3 quartos 1 sala de estar 1 ban&#8230;                    <\/h3>\n                <\/a>\n            <\/div>\n                            <div class=\"hostinger-affiliate-block-single-type__product-description\">\n                            <ul>\n                                <li>Nota: Este produto pode ser personalizado em v\u00e1rios modelos e os pre\u00e7os listados n\u00e3o s\u00e3o finais. Para mais detalhes, dei&#8230;<\/li>\n                                        <li>Totalmente equipado para conforto: Projetado para Conveniee, cada casa dobr\u00e1vel vem com uma cozinha, banheiro com chuvei&#8230;<\/li>\n                                        <li>Perfeito para diversas necessidades: seja para fins residenciais, comerciais ou agr\u00edcolas, essas casas dobr\u00e1veis \u200b\u200bvers\u00e1&#8230;<\/li>\n                            <\/ul>\n                        <\/div>\n                            <div class=\"hostinger-affiliate-block-single-type__product-actions\">\n                                    <div class=\"hostinger-affiliate-block-single-type__product-price\">\n                        R$93.838,99                    <\/div>\n                                    <div class=\"hostinger-affiliate-block-single-type__product-button-wrap\">\n                    <a href=\"https:\/\/www.amazon.com.br\/dp\/B0F82WW2J3?tag=joaopedro047-20\" class=\"hostinger-affiliate-block-single-type__product-amazon-button\" target=\"_blank\" rel=\"nofollow noopener noreferrer\">\n    Buy on Amazon<\/a>\n                <\/div>\n\n            <\/div>\n        <\/div>\n    <\/div>\n    \n\n\n<hr class=\"wp-block-separator has-alpha-channel-opacity\"\/>\n\n\n\n<h2 id='2-minicasa-com-varanda-e-conceito-aberto'  class=\"wp-block-heading\">2. Minicasa com varanda e conceito aberto<\/h2>\n\n\n\n<p>Tem coisa mais gostosa do que uma varandinha para curtir o fim de tarde? Esse modelo j\u00e1 vem com varanda envolvente, sala integrada e cozinha compacta. O charme fica por conta dos detalhes em madeira e janelas amplas, que trazem aquela sensa\u00e7\u00e3o de \u201ccasa de campo\u201d mesmo em terrenos pequenos.<\/p>\n\n\n    <div class=\"hostinger-affiliate-block-single-type\">\n                    <div class=\"hostinger-affiliate-block-single-type__image\">\n                <a href=\"https:\/\/www.amazon.com.br\/dp\/B09YRD9S62?tag=joaopedro047-20\" target=\"_blank\" rel=\"nofollow noopener noreferrer\">\n                    <img decoding=\"async\" src=\"https:\/\/m.media-amazon.com\/images\/I\/51nPxLdDWnL.jpg\" alt=\"Architect Chin Casa de bambu tulipa\">\n                <\/a>\n            <\/div>\n                    <div class=\"hostinger-affiliate-block-single-type__product-data\">\n            <div class=\"hostinger-affiliate-block-single-type__product-title\">\n                <a href=\"https:\/\/www.amazon.com.br\/dp\/B09YRD9S62?tag=joaopedro047-20\" target=\"_blank\" rel=\"nofollow noopener noreferrer\">\n                    <h3 id='architect-chin-casa-de-bambu-tulipa'>\n                        Architect Chin Casa de bambu tulipa                    <\/h3>\n                <\/a>\n            <\/div>\n                            <div class=\"hostinger-affiliate-block-single-type__product-description\">\n                            <ul>\n                                <li>Tulip Bamboo House 81 cm x 122 cm, 768 SF. 1 cama loft, plantas de casa min\u00fasculas, plano de cabana, casa pequena, plant&#8230;<\/li>\n                            <\/ul>\n                        <\/div>\n                            <div class=\"hostinger-affiliate-block-single-type__product-actions\">\n                                    <div class=\"hostinger-affiliate-block-single-type__product-price\">\n                        R$930,34                    <\/div>\n                                    <div class=\"hostinger-affiliate-block-single-type__product-button-wrap\">\n                    <a href=\"https:\/\/www.amazon.com.br\/dp\/B09YRD9S62?tag=joaopedro047-20\" class=\"hostinger-affiliate-block-single-type__product-amazon-button\" target=\"_blank\" rel=\"nofollow noopener noreferrer\">\n    Buy on Amazon<\/a>\n                <\/div>\n\n            <\/div>\n        <\/div>\n    <\/div>\n    \n\n\n<hr class=\"wp-block-separator has-alpha-channel-opacity\"\/>\n\n\n\n<h2 id='3-casa-dobr\u00e1vel-port\u00e1til'  class=\"wp-block-heading\">3. Casa dobr\u00e1vel port\u00e1til<\/h2>\n\n\n\n<p>Para os n\u00f4mades de plant\u00e3o! Imagina uma casa que voc\u00ea desmonta, transporta e monta onde quiser? Essa op\u00e7\u00e3o dobr\u00e1vel tem cerca de 37m\u00b2, isolamento ac\u00fastico, estrutura refor\u00e7ada e v\u00e1rias op\u00e7\u00f5es de planta. \u00d3tima pedida para quem gosta de mudar de ares, montar um ateli\u00ea no quintal ou at\u00e9 usar como espa\u00e7o de h\u00f3spedes.<\/p>\n\n\n    <div class=\"hostinger-affiliate-block-single-type\">\n                    <div class=\"hostinger-affiliate-block-single-type__image\">\n                <a href=\"https:\/\/www.amazon.com.br\/dp\/B0F3J1LXDD?tag=joaopedro047-20\" target=\"_blank\" rel=\"nofollow noopener noreferrer\">\n                    <img decoding=\"async\" src=\"https:\/\/m.media-amazon.com\/images\/I\/61fKcQue22L.jpg\" alt=\"Recipiente dobr\u00e1vel de 3 m, 20 m, casa pr\u00e9-fabricada dobr\u00e1vel, ca...\">\n                <\/a>\n            <\/div>\n                    <div class=\"hostinger-affiliate-block-single-type__product-data\">\n            <div class=\"hostinger-affiliate-block-single-type__product-title\">\n                <a href=\"https:\/\/www.amazon.com.br\/dp\/B0F3J1LXDD?tag=joaopedro047-20\" target=\"_blank\" rel=\"nofollow noopener noreferrer\">\n                    <h3 id='recipiente-dobr\u00e1vel-de-3-m-20-m-casa-pr\u00e9-fabricada-dobr\u00e1vel-ca'>\n                        Recipiente dobr\u00e1vel de 3 m, 20 m, casa pr\u00e9-fabricada dobr\u00e1vel, ca&#8230;                    <\/h3>\n                <\/a>\n            <\/div>\n                            <div class=\"hostinger-affiliate-block-single-type__product-description\">\n                            <ul>\n                                <li>Observa\u00e7\u00e3o: Este produto pode ser personalizado em v\u00e1rios modelos e os pre\u00e7os listados n\u00e3o s\u00e3o finais. Para obter mais d&#8230;<\/li>\n                                        <li>Interiores personaliz\u00e1veis: cada casa dobr\u00e1vel oferece uma tela em branco para sua criatividade. Personalize o layout in&#8230;<\/li>\n                                        <li>Design que economiza espa\u00e7o: nossas casas dobr\u00e1veis pr\u00e9-fabricadas s\u00e3o projetadas para maximizar a efici\u00eancia do espa\u00e7o,&#8230;<\/li>\n                            <\/ul>\n                        <\/div>\n                            <div class=\"hostinger-affiliate-block-single-type__product-actions\">\n                                    <div class=\"hostinger-affiliate-block-single-type__product-price\">\n                        R$82.145,24                    <\/div>\n                                    <div class=\"hostinger-affiliate-block-single-type__product-button-wrap\">\n                    <a href=\"https:\/\/www.amazon.com.br\/dp\/B0F3J1LXDD?tag=joaopedro047-20\" class=\"hostinger-affiliate-block-single-type__product-amazon-button\" target=\"_blank\" rel=\"nofollow noopener noreferrer\">\n    Buy on Amazon<\/a>\n                <\/div>\n\n            <\/div>\n        <\/div>\n    <\/div>\n    \n\n\n<hr class=\"wp-block-separator has-alpha-channel-opacity\"\/>\n\n\n\n<h2 id='4-minicasa-empilh\u00e1vel-de-dois-andares'  class=\"wp-block-heading\">4. Minicasa empilh\u00e1vel de dois andares<\/h2>\n\n\n\n<p>Quer verticalizar? A solu\u00e7\u00e3o \u00e9 esse modelo empilh\u00e1vel, que permite criar dois andares com deck superior, escada em espiral e at\u00e9 energia solar! Visual moderno, \u00f3timo aproveitamento do terreno e muita personalidade.<\/p>\n\n\n    <div class=\"hostinger-affiliate-block-single-type\">\n                    <div class=\"hostinger-affiliate-block-single-type__image\">\n                <a href=\"https:\/\/www.amazon.com.br\/dp\/B0D5FFMBVB?tag=joaopedro047-20\" target=\"_blank\" rel=\"nofollow noopener noreferrer\">\n                    <img decoding=\"async\" src=\"https:\/\/m.media-amazon.com\/images\/I\/41xhcufyhWL.jpg\" alt=\"Casa de banho de dois andares totalmente equipada, 2 quartos, pr\u00e9...\">\n                <\/a>\n            <\/div>\n                    <div class=\"hostinger-affiliate-block-single-type__product-data\">\n            <div class=\"hostinger-affiliate-block-single-type__product-title\">\n                <a href=\"https:\/\/www.amazon.com.br\/dp\/B0D5FFMBVB?tag=joaopedro047-20\" target=\"_blank\" rel=\"nofollow noopener noreferrer\">\n                    <h3 id='casa-de-banho-de-dois-andares-totalmente-equipada-2-quartos-pr\u00e9'>\n                        Casa de banho de dois andares totalmente equipada, 2 quartos, pr\u00e9&#8230;                    <\/h3>\n                <\/a>\n            <\/div>\n                            <div class=\"hostinger-affiliate-block-single-type__product-description\">\n                            <ul>\n                                <li>**Caracter\u00edsticas perfeitas da casa de fam\u00edlia** _ Design expans\u00edvel de 20 p\u00e9s com espa\u00e7o suficiente para uma fam\u00edlia &#8211; &#8230;<\/li>\n                                        <li>**Caracter\u00edsticas b\u00e1sicas de vida**_ Mais \u00e1rea de estar do que casas dobr\u00e1veis padr\u00e3o. Janelas grandes padr\u00e3o para ampla&#8230;<\/li>\n                                        <li>** Estrutura**_ Janela deslizante de PVC com vidro duplo e portas de seguran\u00e7a feitas de alum\u00ednio de ponte quebrada. Sis&#8230;<\/li>\n                            <\/ul>\n                        <\/div>\n                            <div class=\"hostinger-affiliate-block-single-type__product-actions\">\n                                <div class=\"hostinger-affiliate-block-single-type__product-button-wrap\">\n                    <a href=\"https:\/\/www.amazon.com.br\/dp\/B0D5FFMBVB?tag=joaopedro047-20\" class=\"hostinger-affiliate-block-single-type__product-amazon-button\" target=\"_blank\" rel=\"nofollow noopener noreferrer\">\n    Buy on Amazon<\/a>\n                <\/div>\n\n            <\/div>\n        <\/div>\n    <\/div>\n    \n\n\n<hr class=\"wp-block-separator has-alpha-channel-opacity\"\/>\n\n\n\n<h2 id='5-minicasa-tiny-house-cl\u00e1ssica'  class=\"wp-block-heading\">5. Minicasa tiny house cl\u00e1ssica<\/h2>\n\n\n\n<p>E para quem n\u00e3o abre m\u00e3o daquele clima de ref\u00fagio, as minicasas \u201ctiny house\u201d com telhado inclinado e acabamentos em madeira clara s\u00e3o um sonho. Ideais para quem quer desacelerar, fugir da correria e curtir a natureza (ou at\u00e9 mesmo criar um AirBnb charmoso).<\/p>\n\n\n    <div class=\"hostinger-affiliate-block-single-type\">\n                    <div class=\"hostinger-affiliate-block-single-type__image\">\n                <a href=\"https:\/\/www.amazon.com.br\/dp\/B0DCYZY4GR?tag=joaopedro047-20\" target=\"_blank\" rel=\"nofollow noopener noreferrer\">\n                    <img decoding=\"async\" src=\"https:\/\/m.media-amazon.com\/images\/I\/51vtKNlIzUL.jpg\" alt=\"Casa pr\u00e9-fabricada modular de luxo de 6 m e 12 m - 3 quartos, cab...\">\n                <\/a>\n            <\/div>\n                    <div class=\"hostinger-affiliate-block-single-type__product-data\">\n            <div class=\"hostinger-affiliate-block-single-type__product-title\">\n                <a href=\"https:\/\/www.amazon.com.br\/dp\/B0DCYZY4GR?tag=joaopedro047-20\" target=\"_blank\" rel=\"nofollow noopener noreferrer\">\n                    <h3 id='casa-pr\u00e9-fabricada-modular-de-luxo-de-6-m-e-12-m-3-quartos-cab'>\n                        Casa pr\u00e9-fabricada modular de luxo de 6 m e 12 m &#8211; 3 quartos, cab&#8230;                    <\/h3>\n                <\/a>\n            <\/div>\n                            <div class=\"hostinger-affiliate-block-single-type__product-description\">\n                            <ul>\n                                <li>Op\u00e7\u00f5es personaliz\u00e1veis: Este produto est\u00e1 dispon\u00edvel em uma variedade de modelos para atender \u00e0s suas necessidades. Os p&#8230;<\/li>\n                                        <li>Observa\u00e7\u00e3o: as cores e configura\u00e7\u00f5es podem ser personalizadas de acordo com suas ideias. Como \u00e9 um produto grande person&#8230;<\/li>\n                                        <li>Design personalizado: esta pequena casa pr\u00e9-fabricada de 6 metros oferece personaliza\u00e7\u00e3o completa, com um layout projeta&#8230;<\/li>\n                            <\/ul>\n                        <\/div>\n                            <div class=\"hostinger-affiliate-block-single-type__product-actions\">\n                                <div class=\"hostinger-affiliate-block-single-type__product-button-wrap\">\n                    <a href=\"https:\/\/www.amazon.com.br\/dp\/B0DCYZY4GR?tag=joaopedro047-20\" class=\"hostinger-affiliate-block-single-type__product-amazon-button\" target=\"_blank\" rel=\"nofollow noopener noreferrer\">\n    Buy on Amazon<\/a>\n                <\/div>\n\n            <\/div>\n        <\/div>\n    <\/div>\n    \n\n\n<hr class=\"wp-block-separator has-alpha-channel-opacity\"\/>\n\n\n\n<figure class=\"wp-block-image aligncenter size-medium\"><a href=\"https:\/\/chat.whatsapp.com\/KJBkp5LFJVRIvmt5X3hSEh\" target=\"_blank\" rel=\"noopener\"><img data-recalc-dims=\"1\" fetchpriority=\"high\" decoding=\"async\" width=\"200\" height=\"300\" src=\"https:\/\/i0.wp.com\/1truenote.com\/wp-content\/uploads\/2025\/06\/ChatGPT-Image-3-de-jun.-de-2025-19_04_53.png?resize=200%2C300&#038;ssl=1\" alt=\"chamada banner advetorial whats\" class=\"wp-image-2683\" srcset=\"https:\/\/i0.wp.com\/1truenote.com\/wp-content\/uploads\/2025\/06\/ChatGPT-Image-3-de-jun.-de-2025-19_04_53.png?resize=200%2C300&amp;ssl=1 200w, https:\/\/i0.wp.com\/1truenote.com\/wp-content\/uploads\/2025\/06\/ChatGPT-Image-3-de-jun.-de-2025-19_04_53.png?resize=683%2C1024&amp;ssl=1 683w, https:\/\/i0.wp.com\/1truenote.com\/wp-content\/uploads\/2025\/06\/ChatGPT-Image-3-de-jun.-de-2025-19_04_53.png?resize=768%2C1152&amp;ssl=1 768w, https:\/\/i0.wp.com\/1truenote.com\/wp-content\/uploads\/2025\/06\/ChatGPT-Image-3-de-jun.-de-2025-19_04_53.png?resize=150%2C225&amp;ssl=1 150w, https:\/\/i0.wp.com\/1truenote.com\/wp-content\/uploads\/2025\/06\/ChatGPT-Image-3-de-jun.-de-2025-19_04_53.png?w=1024&amp;ssl=1 1024w\" sizes=\"(max-width: 200px) 100vw, 200px\" \/><\/a><\/figure>\n\n\n\n<hr class=\"wp-block-separator has-alpha-channel-opacity\"\/>\n\n\n\n<h3 id='tabela-comparativa-top-5-minicasas-para-comprar-na-amazon'  class=\"wp-block-heading\">Tabela comparativa: Top 5 minicasas para comprar na Amazon<\/h3>\n\n\n\n<figure class=\"wp-block-table\"><table class=\"has-fixed-layout\"><thead><tr><th>Modelo<\/th><th>Quartos<\/th><th>Varanda<\/th><th>Tipo<\/th><th>Diferencial<\/th><th>\u00c1rea (m\u00b2)<\/th><\/tr><\/thead><tbody><tr><td>Expans\u00edvel 3 quartos<\/td><td>3<\/td><td>Opcional<\/td><td>Modular<\/td><td>Expande at\u00e9 12m, montagem r\u00e1pida<\/td><td>28 a 36<\/td><\/tr><tr><td>Com varanda<\/td><td>2<\/td><td>Sim<\/td><td>Pronta-morar<\/td><td>Conceito aberto, integra\u00e7\u00e3o<\/td><td>24<\/td><\/tr><tr><td>Dobr\u00e1vel port\u00e1til<\/td><td>1 a 2<\/td><td>N\u00e3o<\/td><td>Dobr\u00e1vel<\/td><td>Transport\u00e1vel, isolamento<\/td><td>37<\/td><\/tr><tr><td>Empilh\u00e1vel 2 andares<\/td><td>2<\/td><td>Sim<\/td><td>Empilh\u00e1vel<\/td><td>Escada espiral, energia solar<\/td><td>36<\/td><\/tr><tr><td>Tiny house cl\u00e1ssica<\/td><td>1<\/td><td>Sim<\/td><td>Compacta<\/td><td>Estilo campestre, charmosa<\/td><td>18<\/td><\/tr><\/tbody><\/table><\/figure>\n\n\n\n<hr class=\"wp-block-separator has-alpha-channel-opacity\"\/>\n\n\n\n<a href=\"https:\/\/1truenote.com\/en\/hall-de-entrada-acolhedor-ideias\/\" style=\"text-decoration: none;\">\n  <div style=\"display: flex; justify-content: space-between; align-items: center; background: #d44a00; padding: 12px 20px; color: white; font-family: Arial, sans-serif;\">\n    <strong style=\"color: black;\">READ ALSO:<\/strong>\n    <span style=\"margin-left: 8px; flex: 1;\">Veja 10 ideias lindas<\/span>\n    <div style=\"background: #f2802f; padding: 8px 12px; border-radius: 2px; margin-left: 10px;\">\n      <span style=\"color: white; font-weight: bold;\">\u27a4<\/span>\n    <\/div>\n  <\/div>\n<\/a>\n\n\n\n<hr class=\"wp-block-separator has-alpha-channel-opacity\"\/>\n\n\n\n<h3 id='dicas-para-escolher-sua-minicasa-dos-sonhos'  class=\"wp-block-heading\">Dicas para escolher sua minicasa dos sonhos<\/h3>\n\n\n\n<ul class=\"wp-block-list\">\n<li>Pense no objetivo: moradia fixa, lazer ou investimento?<\/li>\n\n\n\n<li>Veja a possibilidade de personalizar ambientes (pain\u00e9is, varanda, \u00e1rea externa).<\/li>\n\n\n\n<li>Considere o terreno: algumas minicasas se adaptam melhor a terrenos planos.<\/li>\n\n\n\n<li>Confira se a entrega atende sua regi\u00e3o e se a estrutura aceita amplia\u00e7\u00f5es no futuro.<\/li>\n\n\n\n<li>Avalie as necessidades da sua fam\u00edlia \u2013 quantidade de quartos, banheiro, espa\u00e7o de circula\u00e7\u00e3o.<\/li>\n<\/ul>\n\n\n\n<hr class=\"wp-block-separator has-alpha-channel-opacity\"\/>\n\n\n\n<h3 id='v\u00eddeo-como-\u00e9-morar-em-uma-minicasa-youtube'  class=\"wp-block-heading\">V\u00eddeo: Como \u00e9 morar em uma minicasa? (YouTube)<\/h3>\n\n\n\n<blockquote class=\"wp-block-quote is-layout-flow wp-block-quote-is-layout-flow\">\n<p><a href=\"https:\/\/www.youtube.com\/watch?v=DgI18eugwp4&amp;pp=ygUeQ29tbyDDqSBtb3JhciBlbSB1bWEgbWluaWNhc2E_\" data-type=\"link\" data-id=\"https:\/\/www.youtube.com\/watch?v=nlReXGvUbnY&amp;pp=ygUeQ29tbyDDqSBtb3JhciBlbSB1bWEgbWluaWNhc2E_\" target=\"_blank\" rel=\"noopener\">Assista: Tour por uma tiny house completa!<\/a><\/p>\n\n\n\n<figure class=\"wp-block-embed aligncenter is-type-video is-provider-youtube wp-block-embed-youtube wp-embed-aspect-16-9 wp-has-aspect-ratio\"><div class=\"wp-block-embed__wrapper\">\n<iframe title=\"Mini Casa 18m\u00b2 - 4x4 + banheiro - Pequena e charmosa\" width=\"720\" height=\"405\" src=\"https:\/\/www.youtube.com\/embed\/DgI18eugwp4?feature=oembed\" frameborder=\"0\" allow=\"accelerometer; autoplay; clipboard-write; encrypted-media; gyroscope; picture-in-picture; web-share\" referrerpolicy=\"strict-origin-when-cross-origin\" allowfullscreen><\/iframe>\n<\/div><\/figure>\n<\/blockquote>\n\n\n\n<hr class=\"wp-block-separator has-alpha-channel-opacity\"\/>\n\n\n\n<h2 id='minicasas-para-comprar-na-amazon'  class=\"wp-block-heading\">Minicasas para comprar na Amazon<\/h2>\n\n\n\n<p>Minicasas para comprar na Amazon. Se voc\u00ea sonha com uma casa s\u00f3 sua, pr\u00e1tica, charmosa e que cabe no or\u00e7amento, as minicasas da Amazon podem ser o ponto de partida para uma nova vida. S\u00e3o solu\u00e7\u00f5es inteligentes, r\u00e1pidas de montar e perfeitas para quem quer morar bem sem complica\u00e7\u00e3o \u2014 e ainda por cima cheias de estilo!<\/p>\n\n\n\n<p>E a\u00ed, j\u00e1 imaginou qual desses modelos combina mais com voc\u00ea? Minicasas para comprar na Amazon? Se ainda est\u00e1 em d\u00favida, fa\u00e7a aquela lista de prioridades, converse com a fam\u00edlia e explore as op\u00e7\u00f5es dispon\u00edveis. E, claro, depois me conta: Qual seria o cen\u00e1rio dos seus sonhos com uma minicasa dessas? Aposto que inspira\u00e7\u00e3o n\u00e3o vai faltar!<\/p>\n\n\n\n<hr class=\"wp-block-separator has-alpha-channel-opacity\"\/>\n\n\n\n<a href=\"https:\/\/1truenote.com\/en\/hall-de-entrada-acolhedor-ideias\/\" style=\"text-decoration: none;\">\n  <div style=\"display: flex; justify-content: space-between; align-items: center; background: #d44a00; padding: 12px 20px; color: white; font-family: Arial, sans-serif;\">\n    <strong style=\"color: black;\">READ ALSO:<\/strong>\n    <span style=\"margin-left: 8px; flex: 1;\">Veja 10 ideias lindas<\/span>\n    <div style=\"background: #f2802f; padding: 8px 12px; border-radius: 2px; margin-left: 10px;\">\n      <span style=\"color: white; font-weight: bold;\">\u27a4<\/span>\n    <\/div>\n  <\/div>\n<\/a>\n\n\n\n\n<hr class=\"wp-block-separator has-alpha-channel-opacity\"\/>\n\n\n\n<h2 id='faq-perguntas-frequentes-sobre-minicasas-para-comprar-na-amazon'  class=\"wp-block-heading\">FAQ \u2013 Perguntas frequentes sobre minicasas para comprar na Amazon<\/h2>\n\n\n<div id=\"rank-math-faq\" class=\"rank-math-block\">\n<div class=\"rank-math-list\">\n<div id=\"faq-question-1752255141313\" class=\"rank-math-list-item\">\n<h3 id='minicasas-para-comprar-na-amazon-v\u00eam-prontas-para-morar'  class=\"rank-math-question\">Minicasas para comprar na Amazon v\u00eam prontas para morar?<\/h3>\n<div class=\"rank-math-answer\">\n\n<p>A maioria j\u00e1 chega pr\u00e9-fabricada, com estrutura pronta para montagem r\u00e1pida. Algumas v\u00eam at\u00e9 com instala\u00e7\u00f5es el\u00e9tricas e hidr\u00e1ulicas!<\/p>\n\n<\/div>\n<\/div>\n<div id=\"faq-question-1752255142512\" class=\"rank-math-list-item\">\n<h3 id='\u00e9-poss\u00edvel-financiar-uma-minicasa'  class=\"rank-math-question\">\u00c9 poss\u00edvel financiar uma minicasa?<\/h3>\n<div class=\"rank-math-answer\">\n\n<p>No Brasil, geralmente a compra \u00e9 \u00e0 vista ou via cart\u00e3o internacional, mas vale checar op\u00e7\u00f5es do vendedor.<\/p>\n\n<\/div>\n<\/div>\n<div id=\"faq-question-1752255143444\" class=\"rank-math-list-item\">\n<h3 id='essas-minicasas-resistem-ao-clima-brasileiro'  class=\"rank-math-question\">Essas minicasas resistem ao clima brasileiro?<\/h3>\n<div class=\"rank-math-answer\">\n\n<p>Sim, os modelos dispon\u00edveis s\u00e3o feitos para diferentes climas, com materiais resistentes a chuvas e ao calor.<\/p>\n\n<\/div>\n<\/div>\n<div id=\"faq-question-1752255144304\" class=\"rank-math-list-item\">\n<h3 id='possoliar-a-minicasa-depois'  class=\"rank-math-question\">Posso ampliar a minicasa depois?<\/h3>\n<div class=\"rank-math-answer\">\n\n<p>Muitos modelos s\u00e3o modulares e permitem expans\u00e3o, basta consultar as op\u00e7\u00f5es de cada fabricante.<\/p>\n\n<\/div>\n<\/div>\n<\/div>\n<\/div>\n\n\n<figure class=\"wp-block-image aligncenter size-large\"><img data-recalc-dims=\"1\" decoding=\"async\" width=\"1024\" height=\"683\" src=\"https:\/\/i0.wp.com\/1truenote.com\/wp-content\/uploads\/2025\/07\/ChatGPT-Image-11-de-jul.-de-2025-14_57_51.png?resize=1024%2C683&#038;ssl=1\" alt=\"minicasas para comprar na Amazon\" class=\"wp-image-3681\" srcset=\"https:\/\/i0.wp.com\/1truenote.com\/wp-content\/uploads\/2025\/07\/ChatGPT-Image-11-de-jul.-de-2025-14_57_51.png?resize=1024%2C683&amp;ssl=1 1024w, https:\/\/i0.wp.com\/1truenote.com\/wp-content\/uploads\/2025\/07\/ChatGPT-Image-11-de-jul.-de-2025-14_57_51.png?resize=300%2C200&amp;ssl=1 300w, https:\/\/i0.wp.com\/1truenote.com\/wp-content\/uploads\/2025\/07\/ChatGPT-Image-11-de-jul.-de-2025-14_57_51.png?resize=768%2C512&amp;ssl=1 768w, https:\/\/i0.wp.com\/1truenote.com\/wp-content\/uploads\/2025\/07\/ChatGPT-Image-11-de-jul.-de-2025-14_57_51.png?resize=150%2C100&amp;ssl=1 150w, https:\/\/i0.wp.com\/1truenote.com\/wp-content\/uploads\/2025\/07\/ChatGPT-Image-11-de-jul.-de-2025-14_57_51.png?w=1536&amp;ssl=1 1536w\" sizes=\"(max-width: 1024px) 100vw, 1024px\" \/><\/figure>","protected":false},"excerpt":{"rendered":"<p>Minicasas para comprar na Amazon. Voc\u00ea j\u00e1 imaginou morar em uma minicasa, dessas que parecem ter sa\u00eddo direto do Pinterest?&#8230;<\/p>","protected":false},"author":1,"featured_media":3681,"comment_status":"open","ping_status":"open","sticky":false,"template":"","format":"standard","meta":{"_kad_post_transparent":"","_kad_post_title":"","_kad_post_layout":"","_kad_post_sidebar_id":"","_kad_post_content_style":"","_kad_post_vertical_padding":"","_kad_post_feature":"","_kad_post_feature_position":"","_kad_post_header":false,"_kad_post_footer":false,"_kad_post_classname":"","footnotes":"","jetpack_publicize_message":"Minicasas para comprar na Amazon. Voc\u00ea j\u00e1 imaginou morar em uma minicasa, dessas que parecem ter sa\u00eddo direto do Pinterest? Pois \u00e9! O que parecia distante agora est\u00e1 a apenas alguns cliques de dist\u00e2ncia: \u00e9 poss\u00edvel comprar modelos incr\u00edveis de minicasas prontas para morar direto na Amazon \u2014 inclusive com varanda, dois andares e at\u00e9 tr\u00eas quartos!\n\n#carvalhoconsultoriabrasil #truenote #decor #decoracao #tinyhouse #minicasas #minicasa #casapequena","jetpack_publicize_feature_enabled":true,"jetpack_social_post_already_shared":true,"jetpack_social_options":{"image_generator_settings":{"template":"highway","default_image_id":0,"enabled":false},"version":2}},"categories":[16,1],"tags":[13,14,23,12],"class_list":["post-3679","post","type-post","status-publish","format-standard","has-post-thumbnail","hentry","category-casa-e-jardim","category-novidades","tag-minimalista","tag-interiores-inovadores","tag-produtos","tag-projetos-inovadores"],"jetpack_publicize_connections":[],"jetpack_featured_media_url":"https:\/\/i0.wp.com\/1truenote.com\/wp-content\/uploads\/2025\/07\/ChatGPT-Image-11-de-jul.-de-2025-14_57_51.png?fit=1536%2C1024&ssl=1","jetpack_sharing_enabled":true,"_links":{"self":[{"href":"https:\/\/1truenote.com\/en\/wp-json\/wp\/v2\/posts\/3679","targetHints":{"allow":["GET"]}}],"collection":[{"href":"https:\/\/1truenote.com\/en\/wp-json\/wp\/v2\/posts"}],"about":[{"href":"https:\/\/1truenote.com\/en\/wp-json\/wp\/v2\/types\/post"}],"author":[{"embeddable":true,"href":"https:\/\/1truenote.com\/en\/wp-json\/wp\/v2\/users\/1"}],"replies":[{"embeddable":true,"href":"https:\/\/1truenote.com\/en\/wp-json\/wp\/v2\/comments?post=3679"}],"version-history":[{"count":1,"href":"https:\/\/1truenote.com\/en\/wp-json\/wp\/v2\/posts\/3679\/revisions"}],"predecessor-version":[{"id":3682,"href":"https:\/\/1truenote.com\/en\/wp-json\/wp\/v2\/posts\/3679\/revisions\/3682"}],"wp:featuredmedia":[{"embeddable":true,"href":"https:\/\/1truenote.com\/en\/wp-json\/wp\/v2\/media\/3681"}],"wp:attachment":[{"href":"https:\/\/1truenote.com\/en\/wp-json\/wp\/v2\/media?parent=3679"}],"wp:term":[{"taxonomy":"category","embeddable":true,"href":"https:\/\/1truenote.com\/en\/wp-json\/wp\/v2\/categories?post=3679"},{"taxonomy":"post_tag","embeddable":true,"href":"https:\/\/1truenote.com\/en\/wp-json\/wp\/v2\/tags?post=3679"}],"curies":[{"name":"wp","href":"https:\/\/api.w.org\/{rel}","templated":true}]}}