{"id":3674,"date":"2025-07-11T16:00:00","date_gmt":"2025-07-11T19:00:00","guid":{"rendered":"https:\/\/1truenote.com\/?p=3674"},"modified":"2025-09-27T18:00:04","modified_gmt":"2025-09-27T21:00:04","slug":"cantinho-do-cafe-em-casa","status":"publish","type":"post","link":"https:\/\/1truenote.com\/en\/cantinho-do-cafe-em-casa\/","title":{"rendered":"Cantinho do caf\u00e9 em casa: Como montar um espa\u00e7o funcional e cheio de charme"},"content":{"rendered":"<p>Cantinho do caf\u00e9 em casa. Se tem uma tend\u00eancia que conquistou de vez o cora\u00e7\u00e3o dos brasileiros, \u00e9 o famoso \u201ccantinho do caf\u00e9\u201d. Sabe aquele espacinho da casa onde a gente pode preparar um caf\u00e9 gostoso, relaxar no meio da correria e receber amigos de um jeito aconchegante?<\/p>\n\n\n\n<p>Pois \u00e9! N\u00e3o importa se a sua casa \u00e9 enorme ou compacta \u2013 sempre d\u00e1 para encontrar um cantinho para esse ritual que traz aconchego e um toque especial ao dia a dia.<\/p>\n\n\n\n<p>Vou te mostrar como criar um cantinho do caf\u00e9 pr\u00e1tico, estiloso e com a sua cara, al\u00e9m de dicas, ideias e respostas para as d\u00favidas mais comuns. Vamos nessa?<\/p>\n\n\n\n<hr class=\"wp-block-separator has-alpha-channel-opacity\"\/>\n\n\n\n<h2 id='1-onde-montar-seu-cantinho-do-caf\u00e9-em-casa'  class=\"wp-block-heading\">1. Onde montar seu cantinho do caf\u00e9 em casa?<\/h2>\n\n\n\n<p>A primeira dica \u00e9: n\u00e3o precisa de muito espa\u00e7o! Pode ser um aparador na sala, uma bancada na cozinha, um carrinho multiuso ou at\u00e9 um espa\u00e7o adaptado no home office. O segredo \u00e9 pensar no local mais acess\u00edvel para voc\u00ea e para as visitas.<\/p>\n\n\n\n<ul class=\"wp-block-list\">\n<li>Sala de estar: ideal para receber amigos.<\/li>\n\n\n\n<li>Cozinha: pr\u00e1tico e funcional no dia a dia.<\/li>\n\n\n\n<li>Varanda gourmet: perfeito para curtir a vista e relaxar.<\/li>\n\n\n\n<li>Escrit\u00f3rio: para garantir energia durante o home office.<\/li>\n<\/ul>\n\n\n\n<hr class=\"wp-block-separator has-alpha-channel-opacity\"\/>\n\n\n\n<h2 id='2-o-que-n\u00e3o-pode-faltar-no-seu-cantinho-do-caf\u00e9'  class=\"wp-block-heading\">2. O que n\u00e3o pode faltar no seu cantinho do caf\u00e9?<\/h2>\n\n\n\n<p>Aqui vai uma listinha b\u00e1sica para montar um espa\u00e7o completo, do jeitinho que voc\u00ea merece:<\/p>\n\n\n\n<ul class=\"wp-block-list\">\n<li>Cafeteira (ou chaleira el\u00e9trica, se preferir ch\u00e1s)<\/li>\n\n\n\n<li>X\u00edcaras e canecas estilosas<\/li>\n\n\n\n<li>Potes para c\u00e1psulas, a\u00e7\u00facar, caf\u00e9 e biscoitos<\/li>\n\n\n\n<li>Bandeja ou cestinho organizador<\/li>\n\n\n\n<li>Colheres, guardanapos e filtros<\/li>\n\n\n\n<li>Decor: plantinhas, quadros e letreiros para dar personalidade<\/li>\n<\/ul>\n\n\n\n<p><em><strong>Dica de ouro:<\/strong> Se tiver pouco espa\u00e7o, aposte em prateleiras acima do aparador ou nichos nas paredes para organizar x\u00edcaras e potes.<\/em><\/p>\n\n\n\n<hr class=\"wp-block-separator has-alpha-channel-opacity\"\/>\n\n\n\n<h2 id='3-como-decorar-um-cantinho-do-caf\u00e9-cheio-de-charme'  class=\"wp-block-heading\">3. Como decorar um cantinho do caf\u00e9 cheio de charme?<\/h2>\n\n\n\n<p>Quando pensamos em cantinho do caf\u00e9, a decora\u00e7\u00e3o faz toda diferen\u00e7a! Vale investir em detalhes que v\u00e3o deixar tudo mais acolhedor e, claro, com a sua personalidade:<\/p>\n\n\n\n<ul class=\"wp-block-list\">\n<li>Quadros com frases divertidas sobre caf\u00e9<\/li>\n\n\n\n<li>Luzinhas ou spots direcion\u00e1veis para um clima aconchegante<\/li>\n\n\n\n<li>Potes de vidro, lou\u00e7as coloridas e bandejas de madeira<\/li>\n\n\n\n<li>Mini-plantas para trazer vida e frescor<\/li>\n\n\n\n<li>Tapetinho ou jogo americano para dar um acabamento especial<\/li>\n<\/ul>\n\n\n\n<hr class=\"wp-block-separator has-alpha-channel-opacity\"\/>\n\n\n\n<a href=\"https:\/\/1truenote.com\/en\/cortinas-para-sala-elegancia\/\" style=\"text-decoration: none;\">\n  <div style=\"display: flex; justify-content: space-between; align-items: center; background: #d44a00; padding: 12px 20px; color: white; font-family: Arial, sans-serif;\">\n    <strong style=\"color: black;\">READ ALSO:<\/strong>\n    <span style=\"margin-left: 8px; flex: 1;\">O segredo das salas sofisticadas<\/span>\n    <div style=\"background: #f2802f; padding: 8px 12px; border-radius: 2px; margin-left: 10px;\">\n      <span style=\"color: white; font-weight: bold;\">\u27a4<\/span>\n    <\/div>\n  <\/div>\n<\/a>\n\n\n\n<hr class=\"wp-block-separator has-alpha-channel-opacity\"\/>\n\n\n\n<h2 id='4-modelos-de-cantinho-do-caf\u00e9-para-se-inspirar'  class=\"wp-block-heading\">4. Modelos de cantinho do caf\u00e9 para se inspirar<\/h2>\n\n\n\n<figure class=\"wp-block-table\"><table class=\"has-fixed-layout\"><thead><tr><th>Modelo<\/th><th>Ideal para quem?<\/th><th>Estilo de decora\u00e7\u00e3o<\/th><\/tr><\/thead><tbody><tr><td>Aparador retr\u00f4<\/td><td>Amantes do vintage<\/td><td>Vintage\/moderno<\/td><\/tr><tr><td>Carrinho com rodinhas<\/td><td>Quem gosta de mobilidade<\/td><td>Vers\u00e1til\/industrial<\/td><\/tr><tr><td>Prateleira na parede<\/td><td>Pouco espa\u00e7o dispon\u00edvel<\/td><td>Minimalista\/clean<\/td><\/tr><tr><td>Cantinho tem\u00e1tico<\/td><td>Apaixonados por caf\u00e9 e detalhes<\/td><td>Divertido\/afetivo<\/td><\/tr><\/tbody><\/table><\/figure>\n\n\n\n<hr class=\"wp-block-separator has-alpha-channel-opacity\"\/>\n\n\n\n<figure class=\"wp-block-image aligncenter size-medium\"><a href=\"https:\/\/chat.whatsapp.com\/KJBkp5LFJVRIvmt5X3hSEh\" target=\"_blank\" rel=\"noopener\"><img data-recalc-dims=\"1\" fetchpriority=\"high\" decoding=\"async\" width=\"200\" height=\"300\" src=\"https:\/\/i0.wp.com\/1truenote.com\/wp-content\/uploads\/2025\/06\/ChatGPT-Image-3-de-jun.-de-2025-19_04_53.png?resize=200%2C300&#038;ssl=1\" alt=\"chamada banner advetorial whats\" class=\"wp-image-2683\" srcset=\"https:\/\/i0.wp.com\/1truenote.com\/wp-content\/uploads\/2025\/06\/ChatGPT-Image-3-de-jun.-de-2025-19_04_53.png?resize=200%2C300&amp;ssl=1 200w, https:\/\/i0.wp.com\/1truenote.com\/wp-content\/uploads\/2025\/06\/ChatGPT-Image-3-de-jun.-de-2025-19_04_53.png?resize=683%2C1024&amp;ssl=1 683w, https:\/\/i0.wp.com\/1truenote.com\/wp-content\/uploads\/2025\/06\/ChatGPT-Image-3-de-jun.-de-2025-19_04_53.png?resize=768%2C1152&amp;ssl=1 768w, https:\/\/i0.wp.com\/1truenote.com\/wp-content\/uploads\/2025\/06\/ChatGPT-Image-3-de-jun.-de-2025-19_04_53.png?resize=150%2C225&amp;ssl=1 150w, https:\/\/i0.wp.com\/1truenote.com\/wp-content\/uploads\/2025\/06\/ChatGPT-Image-3-de-jun.-de-2025-19_04_53.png?w=1024&amp;ssl=1 1024w\" sizes=\"(max-width: 200px) 100vw, 200px\" \/><\/a><\/figure>\n\n\n\n<hr class=\"wp-block-separator has-alpha-channel-opacity\"\/>\n\n\n\n<h2 id='5-dicas-r\u00e1pidas-para-facilitar-a-rotina'  class=\"wp-block-heading\">5. Dicas r\u00e1pidas para facilitar a rotina<\/h2>\n\n\n\n<ul class=\"wp-block-list\">\n<li>Mantenha tudo \u00e0 m\u00e3o: o que voc\u00ea usa diariamente, deixe mais perto.<\/li>\n\n\n\n<li>Organize as c\u00e1psulas e sach\u00eas por sabor para facilitar a escolha.<\/li>\n\n\n\n<li>Troque os enfeites de acordo com as esta\u00e7\u00f5es: Natal, P\u00e1scoa, etc.<\/li>\n\n\n\n<li>Tenha sempre um potinho com biscoitos ou docinhos para acompanhar o caf\u00e9.<\/li>\n<\/ul>\n\n\n\n<hr class=\"wp-block-separator has-alpha-channel-opacity\"\/>\n\n\n\n<h2 id='v\u00eddeo-inspira\u00e7\u00e3o-ideias-de-cantinho-do-caf\u00e9-para-todos-os-estilos'  class=\"wp-block-heading\">V\u00eddeo inspira\u00e7\u00e3o: Ideias de cantinho do caf\u00e9 para todos os estilos<\/h2>\n\n\n\n<blockquote class=\"wp-block-quote is-layout-flow wp-block-quote-is-layout-flow\">\n<p><a href=\"https:\/\/www.youtube.com\/watch?v=PbjblqlQ0FA&amp;pp=ygUmMjAgaWRlaWFzIGRlIGNhbnRpbmhvIGRvIGNhZsOpIGVtIGNhc2E%3D\" data-type=\"link\" data-id=\"https:\/\/www.youtube.com\/watch?v=PbjblqlQ0FA&amp;pp=ygUmMjAgaWRlaWFzIGRlIGNhbnRpbmhvIGRvIGNhZsOpIGVtIGNhc2E%3D\" target=\"_blank\" rel=\"noopener\">Assista no YouTube: 20 ideias de cantinho do caf\u00e9 em casa para voc\u00ea copiar<\/a><\/p>\n\n\n\n<figure class=\"wp-block-embed aligncenter is-type-video is-provider-youtube wp-block-embed-youtube wp-embed-aspect-16-9 wp-has-aspect-ratio\"><div class=\"wp-block-embed__wrapper\">\n<iframe title=\"20 IDEIAS LINDAS PARA ORGANIZAR UM CANTINHO DO CAF\u00c9\" width=\"720\" height=\"405\" src=\"https:\/\/www.youtube.com\/embed\/PbjblqlQ0FA?feature=oembed\" frameborder=\"0\" allow=\"accelerometer; autoplay; clipboard-write; encrypted-media; gyroscope; picture-in-picture; web-share\" referrerpolicy=\"strict-origin-when-cross-origin\" allowfullscreen><\/iframe>\n<\/div><\/figure>\n<\/blockquote>\n\n\n\n<hr class=\"wp-block-separator has-alpha-channel-opacity\"\/>\n\n\n\n<h2 id='cantinho-do-caf\u00e9-em-casa'  class=\"wp-block-heading\">Cantinho do caf\u00e9 em casa<\/h2>\n\n\n\n<p>Criar um cantinho do caf\u00e9 em casa \u00e9 mais do que montar um espa\u00e7o funcional: \u00c9 trazer aconchego, charme e, claro, sabor para o seu dia a dia. N\u00e3o precisa de muito investimento nem espa\u00e7o \u2013 s\u00f3 de um pouco de criatividade e de escolher os detalhes que fazem sentido para voc\u00ea. Seja com c\u00e1psulas ou coador tradicional, na companhia de amigos ou naquele momento s\u00f3 seu, o caf\u00e9 pode ser um ritual especial em qualquer rotina.<\/p>\n\n\n\n<p>Ent\u00e3o, que tal come\u00e7ar hoje mesmo seu cantinho do caf\u00e9 em casa? Escolha seu cantinho do caf\u00e9 em casa favorito, capriche nos detalhes e transforme o preparo do caf\u00e9 no melhor momento do seu lar. Se fizer o seu, volta aqui para contar como ficou \u2013 vou adorar saber!<\/p>\n\n\n\n<hr class=\"wp-block-separator has-alpha-channel-opacity\"\/>\n\n\n\n<a href=\"https:\/\/1truenote.com\/en\/cortinas-para-sala-elegancia\/\" style=\"text-decoration: none;\">\n  <div style=\"display: flex; justify-content: space-between; align-items: center; background: #d44a00; padding: 12px 20px; color: white; font-family: Arial, sans-serif;\">\n    <strong style=\"color: black;\">READ ALSO:<\/strong>\n    <span style=\"margin-left: 8px; flex: 1;\">O segredo das salas sofisticadas<\/span>\n    <div style=\"background: #f2802f; padding: 8px 12px; border-radius: 2px; margin-left: 10px;\">\n      <span style=\"color: white; font-weight: bold;\">\u27a4<\/span>\n    <\/div>\n  <\/div>\n<\/a>\n\n\n\n\n<hr class=\"wp-block-separator has-alpha-channel-opacity\"\/>\n\n\n\n<h2 id='faq-d\u00favidas-sobre-cantinho-do-caf\u00e9-em-casa'  class=\"wp-block-heading\">FAQ \u2013 D\u00favidas sobre cantinho do caf\u00e9 em casa<\/h2>\n\n\n<div id=\"rank-math-faq\" class=\"rank-math-block\">\n<div class=\"rank-math-list\">\n<div id=\"faq-question-1752245559603\" class=\"rank-math-list-item\">\n<h3 id='precisa-de-muito-espa\u00e7o-para-montar'  class=\"rank-math-question\">Precisa de muito espa\u00e7o para montar?<\/h3>\n<div class=\"rank-math-answer\">\n\n<p>Nada disso! Um aparador pequeno ou at\u00e9 uma prateleira j\u00e1 resolvem.<\/p>\n\n<\/div>\n<\/div>\n<div id=\"faq-question-1752245560700\" class=\"rank-math-list-item\">\n<h3 id='posso-montar-no-quarto'  class=\"rank-math-question\">Posso montar no quarto?<\/h3>\n<div class=\"rank-math-answer\">\n\n<p>Pode sim! Basta adaptar o espa\u00e7o e garantir praticidade para repor \u00e1gua e insumos.<\/p>\n\n<\/div>\n<\/div>\n<div id=\"faq-question-1752245561291\" class=\"rank-math-list-item\">\n<h3 id='como-deixar-o-cantinho-mais-instagram\u00e1vel'  class=\"rank-math-question\">Como deixar o cantinho mais \u201cinstagram\u00e1vel\u201d?<\/h3>\n<div class=\"rank-math-answer\">\n\n<p>Aposte em letreiros de LED, canecas diferentes, bandejas de madeira e plantinhas.<\/p>\n\n<\/div>\n<\/div>\n<\/div>\n<\/div>\n\n\n<figure class=\"wp-block-image aligncenter size-large\"><img data-recalc-dims=\"1\" decoding=\"async\" width=\"1024\" height=\"683\" src=\"https:\/\/i0.wp.com\/1truenote.com\/wp-content\/uploads\/2025\/07\/ChatGPT-Image-11-de-jul.-de-2025-12_00_38.png?resize=1024%2C683&#038;ssl=1\" alt=\"cantinho do caf\u00e9 em casa\" class=\"wp-image-3675\" srcset=\"https:\/\/i0.wp.com\/1truenote.com\/wp-content\/uploads\/2025\/07\/ChatGPT-Image-11-de-jul.-de-2025-12_00_38.png?resize=1024%2C683&amp;ssl=1 1024w, https:\/\/i0.wp.com\/1truenote.com\/wp-content\/uploads\/2025\/07\/ChatGPT-Image-11-de-jul.-de-2025-12_00_38.png?resize=300%2C200&amp;ssl=1 300w, https:\/\/i0.wp.com\/1truenote.com\/wp-content\/uploads\/2025\/07\/ChatGPT-Image-11-de-jul.-de-2025-12_00_38.png?resize=768%2C512&amp;ssl=1 768w, https:\/\/i0.wp.com\/1truenote.com\/wp-content\/uploads\/2025\/07\/ChatGPT-Image-11-de-jul.-de-2025-12_00_38.png?resize=150%2C100&amp;ssl=1 150w, https:\/\/i0.wp.com\/1truenote.com\/wp-content\/uploads\/2025\/07\/ChatGPT-Image-11-de-jul.-de-2025-12_00_38.png?w=1536&amp;ssl=1 1536w\" sizes=\"(max-width: 1024px) 100vw, 1024px\" \/><\/figure>","protected":false},"excerpt":{"rendered":"<p>Cantinho do caf\u00e9 em casa. Se tem uma tend\u00eancia que conquistou de vez o cora\u00e7\u00e3o dos brasileiros, \u00e9 o famoso&#8230;<\/p>","protected":false},"author":1,"featured_media":3675,"comment_status":"open","ping_status":"open","sticky":false,"template":"","format":"standard","meta":{"_kad_post_transparent":"","_kad_post_title":"","_kad_post_layout":"","_kad_post_sidebar_id":"","_kad_post_content_style":"","_kad_post_vertical_padding":"","_kad_post_feature":"","_kad_post_feature_position":"","_kad_post_header":false,"_kad_post_footer":false,"_kad_post_classname":"","footnotes":"","jetpack_publicize_message":"\nCantinho do caf\u00e9 em casa. Se tem uma tend\u00eancia que conquistou de vez o cora\u00e7\u00e3o dos brasileiros, \u00e9 o famoso \u201ccantinho do caf\u00e9\u201d. Sabe aquele espacinho da casa onde a gente pode preparar um caf\u00e9 gostoso, relaxar no meio da correria e receber amigos de um jeito aconchegante?\n\n#carvalhoconsultoriabrasil #truenote #decor #decoracao #cafe #cantinhodocafe #cantinho #aconchegante","jetpack_publicize_feature_enabled":true,"jetpack_social_post_already_shared":true,"jetpack_social_options":{"image_generator_settings":{"template":"highway","default_image_id":0,"enabled":false},"version":2}},"categories":[16],"tags":[13,14],"class_list":["post-3674","post","type-post","status-publish","format-standard","has-post-thumbnail","hentry","category-casa-e-jardim","tag-minimalista","tag-interiores-inovadores"],"jetpack_publicize_connections":[],"jetpack_featured_media_url":"https:\/\/i0.wp.com\/1truenote.com\/wp-content\/uploads\/2025\/07\/ChatGPT-Image-11-de-jul.-de-2025-12_00_38.png?fit=1536%2C1024&ssl=1","jetpack_sharing_enabled":true,"_links":{"self":[{"href":"https:\/\/1truenote.com\/en\/wp-json\/wp\/v2\/posts\/3674","targetHints":{"allow":["GET"]}}],"collection":[{"href":"https:\/\/1truenote.com\/en\/wp-json\/wp\/v2\/posts"}],"about":[{"href":"https:\/\/1truenote.com\/en\/wp-json\/wp\/v2\/types\/post"}],"author":[{"embeddable":true,"href":"https:\/\/1truenote.com\/en\/wp-json\/wp\/v2\/users\/1"}],"replies":[{"embeddable":true,"href":"https:\/\/1truenote.com\/en\/wp-json\/wp\/v2\/comments?post=3674"}],"version-history":[{"count":1,"href":"https:\/\/1truenote.com\/en\/wp-json\/wp\/v2\/posts\/3674\/revisions"}],"predecessor-version":[{"id":3677,"href":"https:\/\/1truenote.com\/en\/wp-json\/wp\/v2\/posts\/3674\/revisions\/3677"}],"wp:featuredmedia":[{"embeddable":true,"href":"https:\/\/1truenote.com\/en\/wp-json\/wp\/v2\/media\/3675"}],"wp:attachment":[{"href":"https:\/\/1truenote.com\/en\/wp-json\/wp\/v2\/media?parent=3674"}],"wp:term":[{"taxonomy":"category","embeddable":true,"href":"https:\/\/1truenote.com\/en\/wp-json\/wp\/v2\/categories?post=3674"},{"taxonomy":"post_tag","embeddable":true,"href":"https:\/\/1truenote.com\/en\/wp-json\/wp\/v2\/tags?post=3674"}],"curies":[{"name":"wp","href":"https:\/\/api.w.org\/{rel}","templated":true}]}}