{"id":3655,"date":"2025-07-10T18:00:00","date_gmt":"2025-07-10T21:00:00","guid":{"rendered":"https:\/\/1truenote.com\/?p=3655"},"modified":"2025-09-27T17:42:15","modified_gmt":"2025-09-27T20:42:15","slug":"cortinas-para-sala-elegancia","status":"publish","type":"post","link":"https:\/\/1truenote.com\/en\/cortinas-para-sala-elegancia\/","title":{"rendered":"O segredo das salas sofisticadas? Cortinas que trazem eleg\u00e2ncia e aconchego"},"content":{"rendered":"<p>Cortinas para sala. Se tem um detalhe capaz de transformar uma sala sem grandes reformas, esse detalhe \u00e9 a cortina! Quem nunca entrou em um ambiente e sentiu aquele clima acolhedor, com a luz entrando suavemente, o espa\u00e7o parecendo mais amplo e uma sensa\u00e7\u00e3o instant\u00e2nea de conforto? Pois \u00e9, por tr\u00e1s de quase toda sala elegante e convidativa, sempre tem uma escolha certeira de cortina.<\/p>\n\n\n\n<p>Mas, como acertar na escolha? Qual tecido, cor e modelo realmente fazem diferen\u00e7a? Vem comigo, porque eu reuni as melhores dicas e segredos para deixar sua sala sofisticada, aconchegante e cheia de personalidade s\u00f3 com o poder das cortinas.<\/p>\n\n\n\n<hr class=\"wp-block-separator has-alpha-channel-opacity\"\/>\n\n\n\n<h2 id='como-escolher-o-tecido-da-cortina-para-sala'  class=\"wp-block-heading\">Como escolher o tecido da cortina para sala?<\/h2>\n\n\n\n<p>Quando o assunto \u00e9 cortinas para sala, tudo come\u00e7a pelo tecido! O material certo valoriza o ambiente e ainda resolve quest\u00f5es como entrada de luz, prote\u00e7\u00e3o solar e privacidade.<\/p>\n\n\n\n<p>Quando pensamos em salas sofisticadas, os tecidos leves como <strong>voil<\/strong> e <strong>linho<\/strong> s\u00e3o cl\u00e1ssicos \u2013 deixam a luz entrar de forma delicada e criam aquele efeito &#8220;soft&#8221;, perfeito para salas pequenas e grandes. J\u00e1 para quem prefere um espa\u00e7o mais escuro (ideal para quem curte assistir TV ou precisa proteger m\u00f3veis do sol), o <strong>blackout<\/strong> ou as cortinas com forro s\u00e3o apostas certeiras.<\/p>\n\n\n\n<p><strong>Dica extra:<\/strong> Misture tecidos! Uma camada de voil combinada com blackout traz flexibilidade \u2013 luz suave durante o dia e privacidade \u00e0 noite.<\/p>\n\n\n\n<hr class=\"wp-block-separator has-alpha-channel-opacity\"\/>\n\n\n\n<h2 id='qual-cor-escolher-a-cor-da-cortina-faz-toda-a-diferen\u00e7a'  class=\"wp-block-heading\">Qual cor escolher? A cor da cortina faz toda a diferen\u00e7a!<\/h2>\n\n\n\n<p>Espia s\u00f3: Tons neutros (como branco, bege, cinza e <em>off-white<\/em>) continuam imbat\u00edveis, pois combinam com tudo, s\u00e3o atemporais e transmitem leveza. Mas, se voc\u00ea quer ousar, vale apostar em tons mais fechados (marinho, verde-musgo, vinho) ou at\u00e9 em estampas discretas para destacar a decora\u00e7\u00e3o.<\/p>\n\n\n\n<p><em>Dica de amiga: Escolha a cor da cortina pensando no conjunto \u2013 combine com almofadas, tapetes ou o sof\u00e1 para criar um visual harm\u00f4nico, mas sem ficar tudo &#8220;combinandinho&#8221; demais.<\/em><\/p>\n\n\n\n<hr class=\"wp-block-separator has-alpha-channel-opacity\"\/>\n\n\n\n<a href=\"https:\/\/1truenote.com\/en\/moveis-com-vidro-transparente-decoracao\/\" style=\"text-decoration: none;\">\n  <div style=\"display: flex; justify-content: space-between; align-items: center; background: #d44a00; padding: 12px 20px; color: white; font-family: Arial, sans-serif;\">\n    <strong style=\"color: black;\">READ ALSO:<\/strong>\n    <span style=\"margin-left: 8px; flex: 1;\">M\u00f3veis com vidro transparente<\/span>\n    <div style=\"background: #f2802f; padding: 8px 12px; border-radius: 2px; margin-left: 10px;\">\n      <span style=\"color: white; font-weight: bold;\">\u27a4<\/span>\n    <\/div>\n  <\/div>\n<\/a>\n\n\n\n<hr class=\"wp-block-separator has-alpha-channel-opacity\"\/>\n\n\n\n<h3 id='tabela-r\u00e1pida-qual-cortina-usar-em-cada-estilo-de-sala'  class=\"wp-block-heading\">Tabela r\u00e1pida: Qual cortina usar em cada estilo de sala?<\/h3>\n\n\n\n<figure class=\"wp-block-table\"><table class=\"has-fixed-layout\"><thead><tr><th>Estilo de Sala<\/th><th>Melhor Tecido<\/th><th>Cor\/Estampa<\/th><th>Dica de Instala\u00e7\u00e3o<\/th><\/tr><\/thead><tbody><tr><td>Moderna<\/td><td>Blackout, Linho<\/td><td>Cinza, Branco, Geom\u00e9trico leve<\/td><td>Trilho embutido, p\u00e9-direito alto<\/td><\/tr><tr><td>Cl\u00e1ssica<\/td><td>Voil, Seda<\/td><td>Bege, Off-white, Estampa floral<\/td><td>Var\u00e3o aparente, cortina longa<\/td><\/tr><tr><td>Boho\/Despojada<\/td><td>Algod\u00e3o, Linho<\/td><td>Tons terrosos, Estampas \u00e9tnicas<\/td><td>Sobreposi\u00e7\u00e3o de camadas<\/td><\/tr><tr><td>Industrial<\/td><td>Sarja, Blackout<\/td><td>Cinza escuro, preto<\/td><td>Cortina reta, fixa\u00e7\u00e3o simples<\/td><\/tr><\/tbody><\/table><\/figure>\n\n\n\n<hr class=\"wp-block-separator has-alpha-channel-opacity\"\/>\n\n\n\n<figure class=\"wp-block-image aligncenter size-medium\"><a href=\"https:\/\/chat.whatsapp.com\/KJBkp5LFJVRIvmt5X3hSEh\" target=\"_blank\" rel=\"noopener\"><img data-recalc-dims=\"1\" fetchpriority=\"high\" decoding=\"async\" width=\"200\" height=\"300\" src=\"https:\/\/i0.wp.com\/1truenote.com\/wp-content\/uploads\/2025\/06\/ChatGPT-Image-3-de-jun.-de-2025-19_04_53.png?resize=200%2C300&#038;ssl=1\" alt=\"chamada banner advetorial whats\" class=\"wp-image-2683\" srcset=\"https:\/\/i0.wp.com\/1truenote.com\/wp-content\/uploads\/2025\/06\/ChatGPT-Image-3-de-jun.-de-2025-19_04_53.png?resize=200%2C300&amp;ssl=1 200w, https:\/\/i0.wp.com\/1truenote.com\/wp-content\/uploads\/2025\/06\/ChatGPT-Image-3-de-jun.-de-2025-19_04_53.png?resize=683%2C1024&amp;ssl=1 683w, https:\/\/i0.wp.com\/1truenote.com\/wp-content\/uploads\/2025\/06\/ChatGPT-Image-3-de-jun.-de-2025-19_04_53.png?resize=768%2C1152&amp;ssl=1 768w, https:\/\/i0.wp.com\/1truenote.com\/wp-content\/uploads\/2025\/06\/ChatGPT-Image-3-de-jun.-de-2025-19_04_53.png?resize=150%2C225&amp;ssl=1 150w, https:\/\/i0.wp.com\/1truenote.com\/wp-content\/uploads\/2025\/06\/ChatGPT-Image-3-de-jun.-de-2025-19_04_53.png?w=1024&amp;ssl=1 1024w\" sizes=\"(max-width: 200px) 100vw, 200px\" \/><\/a><\/figure>\n\n\n\n<hr class=\"wp-block-separator has-alpha-channel-opacity\"\/>\n\n\n\n<h2 id='instala\u00e7\u00e3o-o-truque-para-deixar-sua-sala-com-cara-de-projeto-de-arquiteto'  class=\"wp-block-heading\">Instala\u00e7\u00e3o: O truque para deixar sua sala com cara de projeto de arquiteto<\/h2>\n\n\n\n<p>Um dos segredos dos ambientes de revista \u00e9 instalar a cortina BEM PERTO do teto! Assim, o p\u00e9-direito parece mais alto e o ambiente fica mais sofisticado. O comprimento tamb\u00e9m conta: cortinas que tocam levemente o ch\u00e3o (&#8220;beijando o ch\u00e3o&#8221;) s\u00e3o puro charme \u2013 s\u00f3 n\u00e3o exagere para n\u00e3o juntar p\u00f3 ou criar ac\u00famulo de tecido.<\/p>\n\n\n\n<p><strong>Dica pr\u00e1tica:<\/strong> Sempre me\u00e7a a janela e adicione uns 25-35 cm acima e de 15-20 cm abaixo. O resultado? Um caimento impec\u00e1vel de cortinas para sala!<\/p>\n\n\n\n<hr class=\"wp-block-separator has-alpha-channel-opacity\"\/>\n\n\n\n<h2 id='dicas-extras-para-acertar-nas-cortinas-para-sala'  class=\"wp-block-heading\">Dicas extras para acertar nas cortinas para sala<\/h2>\n\n\n\n<ul class=\"wp-block-list\">\n<li><strong>Prefira trilhos embutidos<\/strong> para um visual moderno e clean.<\/li>\n\n\n\n<li><strong>Use ilh\u00f3s ou argolas<\/strong> para abrir e fechar a cortina facilmente.<\/li>\n\n\n\n<li><strong>Evite cortinas curtas<\/strong> \u2013 elas podem &#8220;achatar&#8221; o ambiente.<\/li>\n\n\n\n<li><strong>Cuidado com excesso de tecido:<\/strong> muito volume pode pesar o visual.<\/li>\n\n\n\n<li><strong>Quer um ambiente mais escuro?<\/strong> Aposte em blackout ou forro duplo.<\/li>\n<\/ul>\n\n\n\n<hr class=\"wp-block-separator has-alpha-channel-opacity\"\/>\n\n\n\n<h3 id='v\u00eddeo-inspira\u00e7\u00e3o-como-escolher-e-instalar-a-cortina-perfeita-para-sua-sala'  class=\"wp-block-heading\">V\u00eddeo inspira\u00e7\u00e3o: Como escolher e instalar a cortina perfeita para sua sala<\/h3>\n\n\n\n<blockquote class=\"wp-block-quote is-layout-flow wp-block-quote-is-layout-flow\">\n<p><a href=\"https:\/\/www.youtube.com\/watch?v=vikFHr3kXv4&amp;pp=ygUfQ29tbyBlc2NvbGhlciBjb3J0aW5hIHBhcmEgc2FsYQ%3D%3D\" target=\"_blank\" rel=\"noopener\">Assista aqui: Como escolher cortina para sala \u2013 dicas de arquiteta (YouTube)<\/a><\/p>\n\n\n\n<figure class=\"wp-block-embed aligncenter is-type-video is-provider-youtube wp-block-embed-youtube wp-embed-aspect-16-9 wp-has-aspect-ratio\"><div class=\"wp-block-embed__wrapper\">\n<iframe title=\"N\u00c3O COMPRE CORTINAS ANTES DE VER ESSE V\u00cdDEO\" width=\"720\" height=\"405\" src=\"https:\/\/www.youtube.com\/embed\/vikFHr3kXv4?feature=oembed\" frameborder=\"0\" allow=\"accelerometer; autoplay; clipboard-write; encrypted-media; gyroscope; picture-in-picture; web-share\" referrerpolicy=\"strict-origin-when-cross-origin\" allowfullscreen><\/iframe>\n<\/div><\/figure>\n<\/blockquote>\n\n\n\n<hr class=\"wp-block-separator has-alpha-channel-opacity\"\/>\n\n\n\n<h2 id='cortinas-para-sala'  class=\"wp-block-heading\">Cortinas para sala<\/h2>\n\n\n\n<p>Cortinas para sala. No final das contas, a cortina n\u00e3o \u00e9 s\u00f3 um &#8220;acess\u00f3rio&#8221;: Ela \u00e9 o toque final que transforma qualquer sala, do ap\u00ea alugado \u00e0 casa pr\u00f3pria, trazendo eleg\u00e2ncia, conforto, aconchego e \u2013 por que n\u00e3o? \u2013 aquela sensa\u00e7\u00e3o de abra\u00e7o quentinho no ambiente. Teste combina\u00e7\u00f5es, veja qual tecido mais te agrada e n\u00e3o tenha medo de experimentar. O mais importante \u00e9 sentir que seu espa\u00e7o tem a sua cara!<\/p>\n\n\n\n<p>Curtiu as dicas cortinas para sala? Compartilhe com quem est\u00e1 decorando e salve este guia para consultar sempre que quiser dar um <em>up<\/em> na sala! Para mais inspira\u00e7\u00f5es, v\u00eddeos e novidades, siga a gente e fique por dentro do universo da decora\u00e7\u00e3o.<\/p>\n\n\n\n<hr class=\"wp-block-separator has-alpha-channel-opacity\"\/>\n\n\n\n<a href=\"https:\/\/1truenote.com\/en\/moveis-com-vidro-transparente-decoracao\/\" style=\"text-decoration: none;\">\n  <div style=\"display: flex; justify-content: space-between; align-items: center; background: #d44a00; padding: 12px 20px; color: white; font-family: Arial, sans-serif;\">\n    <strong style=\"color: black;\">READ ALSO:<\/strong>\n    <span style=\"margin-left: 8px; flex: 1;\">M\u00f3veis com vidro transparente<\/span>\n    <div style=\"background: #f2802f; padding: 8px 12px; border-radius: 2px; margin-left: 10px;\">\n      <span style=\"color: white; font-weight: bold;\">\u27a4<\/span>\n    <\/div>\n  <\/div>\n<\/a>\n\n\n\n\n<hr class=\"wp-block-separator has-alpha-channel-opacity\"\/>\n\n\n\n<h2 id='d\u00favidas-frequentes-sobre-cortinas-para-sala-faq'  class=\"wp-block-heading\">D\u00favidas frequentes sobre cortinas para sala (FAQ)<\/h2>\n\n\n<div id=\"rank-math-faq\" class=\"rank-math-block\">\n<div class=\"rank-math-list\">\n<div id=\"faq-question-1752158251833\" class=\"rank-math-list-item\">\n<h3 id='cortina-blackout-\u00e9-s\u00f3-para-quarto'  class=\"rank-math-question\">Cortina blackout \u00e9 s\u00f3 para quarto?<\/h3>\n<div class=\"rank-math-answer\">\n\n<p>N\u00e3o! Ela funciona super bem na sala, especialmente se o sol bate forte ou se voc\u00ea quer assistir TV sem reflexos.<\/p>\n\n<\/div>\n<\/div>\n<div id=\"faq-question-1752158253031\" class=\"rank-math-list-item\">\n<h3 id='\u00e9-preciso-lavar-cortina-com-frequ\u00eancia'  class=\"rank-math-question\">\u00c9 preciso lavar cortina com frequ\u00eancia?<\/h3>\n<div class=\"rank-math-answer\">\n\n<p>Depende do tecido e da localiza\u00e7\u00e3o. Voil e linho acumulam menos p\u00f3. Blackout e tecidos pesados pedem limpeza mais regular.<\/p>\n\n<\/div>\n<\/div>\n<div id=\"faq-question-1752158253698\" class=\"rank-math-list-item\">\n<h3 id='cortina-clara-suja-mais-r\u00e1pido'  class=\"rank-math-question\">Cortina clara suja mais r\u00e1pido?<\/h3>\n<div class=\"rank-math-answer\">\n\n<p>Pode sujar, sim, mas a leveza compensa! Se poss\u00edvel, opte por tecidos lav\u00e1veis ou imperme\u00e1veis para facilitar o cuidado.<\/p>\n\n<\/div>\n<\/div>\n<\/div>\n<\/div>\n\n\n<figure class=\"wp-block-image aligncenter size-large\"><img data-recalc-dims=\"1\" decoding=\"async\" width=\"1024\" height=\"683\" src=\"https:\/\/i0.wp.com\/1truenote.com\/wp-content\/uploads\/2025\/07\/ChatGPT-Image-10-de-jul.-de-2025-11_41_43.png?resize=1024%2C683&#038;ssl=1\" alt=\"cortinas para sala\" class=\"wp-image-3656\" srcset=\"https:\/\/i0.wp.com\/1truenote.com\/wp-content\/uploads\/2025\/07\/ChatGPT-Image-10-de-jul.-de-2025-11_41_43.png?resize=1024%2C683&amp;ssl=1 1024w, https:\/\/i0.wp.com\/1truenote.com\/wp-content\/uploads\/2025\/07\/ChatGPT-Image-10-de-jul.-de-2025-11_41_43.png?resize=300%2C200&amp;ssl=1 300w, https:\/\/i0.wp.com\/1truenote.com\/wp-content\/uploads\/2025\/07\/ChatGPT-Image-10-de-jul.-de-2025-11_41_43.png?resize=768%2C512&amp;ssl=1 768w, https:\/\/i0.wp.com\/1truenote.com\/wp-content\/uploads\/2025\/07\/ChatGPT-Image-10-de-jul.-de-2025-11_41_43.png?resize=150%2C100&amp;ssl=1 150w, https:\/\/i0.wp.com\/1truenote.com\/wp-content\/uploads\/2025\/07\/ChatGPT-Image-10-de-jul.-de-2025-11_41_43.png?w=1536&amp;ssl=1 1536w\" sizes=\"(max-width: 1024px) 100vw, 1024px\" \/><\/figure>","protected":false},"excerpt":{"rendered":"<p>Cortinas para sala. Se tem um detalhe capaz de transformar uma sala sem grandes reformas, esse detalhe \u00e9 a cortina!&#8230;<\/p>","protected":false},"author":1,"featured_media":3656,"comment_status":"open","ping_status":"open","sticky":false,"template":"","format":"standard","meta":{"_kad_post_transparent":"","_kad_post_title":"","_kad_post_layout":"","_kad_post_sidebar_id":"","_kad_post_content_style":"","_kad_post_vertical_padding":"","_kad_post_feature":"","_kad_post_feature_position":"","_kad_post_header":false,"_kad_post_footer":false,"_kad_post_classname":"","footnotes":"","jetpack_publicize_message":"Cortinas para sala. Se tem um detalhe capaz de transformar uma sala sem grandes reformas, esse detalhe \u00e9 a cortina! Quem nunca entrou em um ambiente e sentiu aquele clima acolhedor, com a luz entrando suavemente, o espa\u00e7o parecendo mais amplo e uma sensa\u00e7\u00e3o instant\u00e2nea de conforto? Pois \u00e9, por tr\u00e1s de quase toda sala elegante e convidativa, sempre tem uma escolha certeira de cortina.\n\n#carvalhoconsultoriabrasil #truenote #decor #decoracao #sala #cortina #cortinas","jetpack_publicize_feature_enabled":true,"jetpack_social_post_already_shared":true,"jetpack_social_options":{"image_generator_settings":{"template":"highway","default_image_id":0,"enabled":false},"version":2}},"categories":[16],"tags":[13,14,12],"class_list":["post-3655","post","type-post","status-publish","format-standard","has-post-thumbnail","hentry","category-casa-e-jardim","tag-minimalista","tag-interiores-inovadores","tag-projetos-inovadores"],"jetpack_publicize_connections":[],"jetpack_featured_media_url":"https:\/\/i0.wp.com\/1truenote.com\/wp-content\/uploads\/2025\/07\/ChatGPT-Image-10-de-jul.-de-2025-11_41_43.png?fit=1536%2C1024&ssl=1","jetpack_sharing_enabled":true,"_links":{"self":[{"href":"https:\/\/1truenote.com\/en\/wp-json\/wp\/v2\/posts\/3655","targetHints":{"allow":["GET"]}}],"collection":[{"href":"https:\/\/1truenote.com\/en\/wp-json\/wp\/v2\/posts"}],"about":[{"href":"https:\/\/1truenote.com\/en\/wp-json\/wp\/v2\/types\/post"}],"author":[{"embeddable":true,"href":"https:\/\/1truenote.com\/en\/wp-json\/wp\/v2\/users\/1"}],"replies":[{"embeddable":true,"href":"https:\/\/1truenote.com\/en\/wp-json\/wp\/v2\/comments?post=3655"}],"version-history":[{"count":1,"href":"https:\/\/1truenote.com\/en\/wp-json\/wp\/v2\/posts\/3655\/revisions"}],"predecessor-version":[{"id":3658,"href":"https:\/\/1truenote.com\/en\/wp-json\/wp\/v2\/posts\/3655\/revisions\/3658"}],"wp:featuredmedia":[{"embeddable":true,"href":"https:\/\/1truenote.com\/en\/wp-json\/wp\/v2\/media\/3656"}],"wp:attachment":[{"href":"https:\/\/1truenote.com\/en\/wp-json\/wp\/v2\/media?parent=3655"}],"wp:term":[{"taxonomy":"category","embeddable":true,"href":"https:\/\/1truenote.com\/en\/wp-json\/wp\/v2\/categories?post=3655"},{"taxonomy":"post_tag","embeddable":true,"href":"https:\/\/1truenote.com\/en\/wp-json\/wp\/v2\/tags?post=3655"}],"curies":[{"name":"wp","href":"https:\/\/api.w.org\/{rel}","templated":true}]}}