{"id":3650,"date":"2025-07-10T16:00:00","date_gmt":"2025-07-10T19:00:00","guid":{"rendered":"https:\/\/1truenote.com\/?p=3650"},"modified":"2025-07-10T11:30:20","modified_gmt":"2025-07-10T14:30:20","slug":"platibanda-visual-moderno","status":"publish","type":"post","link":"https:\/\/1truenote.com\/en\/platibanda-visual-moderno\/","title":{"rendered":"Platibanda \u00e9 sucesso! Veja os motivos para apostar nesse visual moderno"},"content":{"rendered":"<p>J\u00e1 percebeu como as fachadas modernas parecem mais \u201cclean\u201d, elegantes e sempre com aquele visual de casa de revista? O segredo muitas vezes est\u00e1 na platibanda. Muita gente ainda confunde esse detalhe arquitet\u00f4nico ou acha que \u00e9 s\u00f3 um modismo, mas a verdade \u00e9 que a platibanda veio para ficar e traz benef\u00edcios que v\u00e3o muito al\u00e9m da beleza.<\/p>\n\n\n\n<p>Se voc\u00ea est\u00e1 construindo, reformando ou s\u00f3 adora ficar por dentro das tend\u00eancias, separe uns minutinhos para conhecer tudo sobre esse truque que est\u00e1 mudando a cara das casas brasileiras!<\/p>\n\n\n\n<hr class=\"wp-block-separator has-alpha-channel-opacity\"\/>\n\n\n\n<h2 id='o-que-\u00e9-platibanda-e-por-que-ela-conquistou-as-fachadas-modernas'  class=\"wp-block-heading\">O que \u00e9 platibanda e por que ela conquistou as fachadas modernas?<\/h2>\n\n\n\n<p>\u00c9 aquela faixa ou \u201cmureta\u201d que vai no topo das paredes da casa, escondendo o telhado. Sabe aquelas casas que parecem n\u00e3o ter telhado? Pois \u00e9, provavelmente tem platibanda! O objetivo \u00e9 dar um acabamento mais limpo, retil\u00edneo e contempor\u00e2neo para a fachada, deixando a casa com jeit\u00e3o de projeto de arquiteto \u2014 e sem perder a funcionalidade.<\/p>\n\n\n\n<p>Al\u00e9m do apelo visual, ainda ajuda a proteger calhas, caixas d\u2019\u00e1gua e telhas, deixando tudo \u201cescondidinho\u201d sem perder a praticidade no dia a dia.<\/p>\n\n\n\n<hr class=\"wp-block-separator has-alpha-channel-opacity\"\/>\n\n\n\n<h2 id='vantagens-muito-al\u00e9m-da-est\u00e9tica'  class=\"wp-block-heading\">Vantagens: Muito al\u00e9m da est\u00e9tica!<\/h2>\n\n\n\n<p>Virou febre n\u00e3o s\u00f3 pelo visual \u2014 ela \u00e9 pr\u00e1tica, acess\u00edvel e inteligente para o clima brasileiro. Veja os principais motivos para apostar nesse estilo:<\/p>\n\n\n\n<ul class=\"wp-block-list\">\n<li><strong>Visual moderno e minimalista:<\/strong><br>Deixa qualquer fachada mais sofisticada e atual, al\u00e9m de valorizar o im\u00f3vel.<\/li>\n\n\n\n<li><strong>Oculta telhados e estruturas t\u00e9cnicas:<\/strong><br>Nada de calhas ou telhas aparecendo! Fica tudo discreto e organizado.<\/li>\n\n\n\n<li><strong>Facilidade de manuten\u00e7\u00e3o:<\/strong><br>Ao proteger telhado e calhas, a platibanda reduz o ac\u00famulo de sujeira e o desgaste por sol e chuva.<\/li>\n\n\n\n<li><strong>Mais seguran\u00e7a:<\/strong><br>Ajuda a proteger o topo das paredes contra infiltra\u00e7\u00f5es e umidade.<\/li>\n\n\n\n<li><strong>Versatilidade:<\/strong><br>Pode ser usada em v\u00e1rios estilos de casa \u2014 do sobrado \u00e0 casa t\u00e9rrea, em fachadas retas ou com volumes.<\/li>\n<\/ul>\n\n\n\n<hr class=\"wp-block-separator has-alpha-channel-opacity\"\/>\n\n\n\n<a href=\"https:\/\/1truenote.com\/en\/plantas-na-decoracao-total\/\" style=\"text-decoration: none;\">\n  <div style=\"display: flex; justify-content: space-between; align-items: center; background: #d44a00; padding: 12px 20px; color: white; font-family: Arial, sans-serif;\">\n    <strong style=\"color: black;\">READ ALSO:<\/strong>\n    <span style=\"margin-left: 8px; flex: 1;\">Plantas na decora\u00e7\u00e3o com ideias e inspira\u00e7\u00f5es<\/span>\n    <div style=\"background: #f2802f; padding: 8px 12px; border-radius: 2px; margin-left: 10px;\">\n      <span style=\"color: white; font-weight: bold;\">\u27a4<\/span>\n    <\/div>\n  <\/div>\n<\/a>\n\n\n\n<hr class=\"wp-block-separator has-alpha-channel-opacity\"\/>\n\n\n\n<h2 id='dicas-para-usar-e-evitar-erros'  class=\"wp-block-heading\">Dicas para usar e evitar erros<\/h2>\n\n\n\n<p>Se ficou animado para usar platibanda, aten\u00e7\u00e3o a esses pontos para garantir sucesso:<\/p>\n\n\n\n<ul class=\"wp-block-list\">\n<li><strong>Planeje bem a drenagem:<\/strong><br>Telhados embutidos precisam de calhas eficientes para evitar infiltra\u00e7\u00f5es.<\/li>\n\n\n\n<li><strong>Escolha materiais resistentes:<\/strong><br>Platibandas geralmente s\u00e3o de alvenaria, mas podem ganhar acabamento com cimento queimado, texturas ou at\u00e9 revestimento 3D.<\/li>\n\n\n\n<li><strong>Aten\u00e7\u00e3o \u00e0 altura:<\/strong><br>Altura exagerada pode pesar no visual \u2014 converse com o arquiteto para equilibrar propor\u00e7\u00e3o e harmonia.<\/li>\n\n\n\n<li><strong>Invista em ilumina\u00e7\u00e3o:<\/strong><br>Fitas de LED ou spots deixam a fachada moderna tamb\u00e9m \u00e0 noite.<\/li>\n\n\n\n<li><strong>Capriche nos detalhes:<\/strong><br>Frisos, recortes e volumes tornam a platibanda ainda mais sofisticada.<\/li>\n<\/ul>\n\n\n\n<hr class=\"wp-block-separator has-alpha-channel-opacity\"\/>\n\n\n\n<figure class=\"wp-block-image aligncenter size-medium\"><a href=\"https:\/\/chat.whatsapp.com\/KJBkp5LFJVRIvmt5X3hSEh\" target=\"_blank\" rel=\"noopener\"><img data-recalc-dims=\"1\" fetchpriority=\"high\" decoding=\"async\" width=\"200\" height=\"300\" src=\"https:\/\/i0.wp.com\/1truenote.com\/wp-content\/uploads\/2025\/06\/ChatGPT-Image-3-de-jun.-de-2025-19_04_53.png?resize=200%2C300&#038;ssl=1\" alt=\"chamada banner advetorial whats\" class=\"wp-image-2683\" srcset=\"https:\/\/i0.wp.com\/1truenote.com\/wp-content\/uploads\/2025\/06\/ChatGPT-Image-3-de-jun.-de-2025-19_04_53.png?resize=200%2C300&amp;ssl=1 200w, https:\/\/i0.wp.com\/1truenote.com\/wp-content\/uploads\/2025\/06\/ChatGPT-Image-3-de-jun.-de-2025-19_04_53.png?resize=683%2C1024&amp;ssl=1 683w, https:\/\/i0.wp.com\/1truenote.com\/wp-content\/uploads\/2025\/06\/ChatGPT-Image-3-de-jun.-de-2025-19_04_53.png?resize=768%2C1152&amp;ssl=1 768w, https:\/\/i0.wp.com\/1truenote.com\/wp-content\/uploads\/2025\/06\/ChatGPT-Image-3-de-jun.-de-2025-19_04_53.png?resize=150%2C225&amp;ssl=1 150w, https:\/\/i0.wp.com\/1truenote.com\/wp-content\/uploads\/2025\/06\/ChatGPT-Image-3-de-jun.-de-2025-19_04_53.png?w=1024&amp;ssl=1 1024w\" sizes=\"(max-width: 200px) 100vw, 200px\" \/><\/a><\/figure>\n\n\n\n<hr class=\"wp-block-separator has-alpha-channel-opacity\"\/>\n\n\n\n<h3 id='tabela-r\u00e1pida-platibanda-ou-beiral-compare-as-diferen\u00e7as'  class=\"wp-block-heading\">Tabela r\u00e1pida: Platibanda ou beiral? Compare as diferen\u00e7as!<\/h3>\n\n\n\n<figure class=\"wp-block-table\"><table class=\"has-fixed-layout\"><thead><tr><th>Caracter\u00edstica<\/th><th>Platibanda<\/th><th>Beiral tradicional<\/th><\/tr><\/thead><tbody><tr><td>Estilo<\/td><td>Moderno, minimalista<\/td><td>Cl\u00e1ssico, tradicional<\/td><\/tr><tr><td>Visual do telhado<\/td><td>Escondido<\/td><td>Aparente<\/td><\/tr><tr><td>Prote\u00e7\u00e3o solar<\/td><td>Moderada (depende do projeto)<\/td><td>Excelente (grande \u00e1rea de sombra)<\/td><\/tr><tr><td>Manuten\u00e7\u00e3o<\/td><td>Simples, se bem planejada<\/td><td>Requer cuidados em telhas<\/td><\/tr><tr><td>Custo<\/td><td>Pode ser mais econ\u00f4mico<\/td><td>Pode ser mais caro (depende do telhado)<\/td><\/tr><tr><td>Destaque<\/td><td>Valoriza a fachada<\/td><td>Traz charme e acolhimento<\/td><\/tr><\/tbody><\/table><\/figure>\n\n\n\n<hr class=\"wp-block-separator has-alpha-channel-opacity\"\/>\n\n\n\n<h2 id='veja-na-pr\u00e1tica-v\u00eddeo-para-se-inspirar'  class=\"wp-block-heading\">Veja na pr\u00e1tica: V\u00eddeo para se inspirar!<\/h2>\n\n\n\n<blockquote class=\"wp-block-quote is-layout-flow wp-block-quote-is-layout-flow\">\n<p><a href=\"https:\/\/www.youtube.com\/watch?v=o_miaUr0GnI&amp;pp=ygULUGxhdGliYW5kYTo%3D\" target=\"_blank\" rel=\"noopener\">10 Fachadas Modernas \u2013 Youtube<\/a><\/p>\n\n\n\n<figure class=\"wp-block-embed aligncenter is-type-video is-provider-youtube wp-block-embed-youtube wp-embed-aspect-16-9 wp-has-aspect-ratio\"><div class=\"wp-block-embed__wrapper\">\n<iframe title=\"O que \u00e9 Platibanda Alvenaria para esconder o telhado\" width=\"720\" height=\"405\" src=\"https:\/\/www.youtube.com\/embed\/o_miaUr0GnI?feature=oembed\" frameborder=\"0\" allow=\"accelerometer; autoplay; clipboard-write; encrypted-media; gyroscope; picture-in-picture; web-share\" referrerpolicy=\"strict-origin-when-cross-origin\" allowfullscreen><\/iframe>\n<\/div><\/figure>\n<\/blockquote>\n\n\n\n<hr class=\"wp-block-separator has-alpha-channel-opacity\"\/>\n\n\n\n<h2 id='solu\u00e7\u00e3o-moderna'  class=\"wp-block-heading\">Solu\u00e7\u00e3o moderna<\/h2>\n\n\n\n<p>No fim das contas, a platibanda n\u00e3o \u00e9 apenas um \u201ctruque\u201d moderno: Ela \u00e9 solu\u00e7\u00e3o pr\u00e1tica, bonita e cada vez mais acess\u00edvel para quem quer fugir do tradicional. Seja para dar aquele upgrade na fachada, esconder telhados ou simplesmente modernizar o visual da casa, a platibanda merece sua aten\u00e7\u00e3o na hora de construir ou reformar. Converse com seu arquiteto, veja refer\u00eancias e aproveite para criar um lar que reflete seu estilo \u2014 e ainda conquista olhares por onde passa!<\/p>\n\n\n\n<p>Ficou com alguma d\u00favida? Compartilhe nos coment\u00e1rios e continue explorando novas ideias para valorizar seu projeto!<\/p>\n\n\n\n<hr class=\"wp-block-separator has-alpha-channel-opacity\"\/>\n\n\n\n<a href=\"https:\/\/1truenote.com\/en\/plantas-na-decoracao-total\/\" style=\"text-decoration: none;\">\n  <div style=\"display: flex; justify-content: space-between; align-items: center; background: #d44a00; padding: 12px 20px; color: white; font-family: Arial, sans-serif;\">\n    <strong style=\"color: black;\">READ ALSO:<\/strong>\n    <span style=\"margin-left: 8px; flex: 1;\">Plantas na decora\u00e7\u00e3o com ideias e inspira\u00e7\u00f5es<\/span>\n    <div style=\"background: #f2802f; padding: 8px 12px; border-radius: 2px; margin-left: 10px;\">\n      <span style=\"color: white; font-weight: bold;\">\u27a4<\/span>\n    <\/div>\n  <\/div>\n<\/a>\n\n\n\n\n<hr class=\"wp-block-separator has-alpha-channel-opacity\"\/>\n\n\n\n<h2 id='faq-perguntas-frequentes-sobre-platibanda'  class=\"wp-block-heading\">FAQ \u2013 Perguntas frequentes sobre platibanda<\/h2>\n\n\n<div id=\"rank-math-faq\" class=\"rank-math-block\">\n<div class=\"rank-math-list\">\n<div id=\"faq-question-1752157210720\" class=\"rank-math-list-item\">\n<h3 id='platibanda-\u00e9-s\u00f3-para-casas-modernas'  class=\"rank-math-question\">Platibanda \u00e9 s\u00f3 para casas modernas?<\/h3>\n<div class=\"rank-math-answer\">\n\n<p>N\u00e3o! Apesar de combinar super bem com estilos contempor\u00e2neos, d\u00e1 para adaptar platibanda em projetos cl\u00e1ssicos ou r\u00fasticos, dependendo do acabamento.<\/p>\n\n<\/div>\n<\/div>\n<div id=\"faq-question-1752157212033\" class=\"rank-math-list-item\">\n<h3 id='d\u00e1-infiltra\u00e7\u00e3o'  class=\"rank-math-question\">D\u00e1 infiltra\u00e7\u00e3o?<\/h3>\n<div class=\"rank-math-answer\">\n\n<p>Se for bem planejada, n\u00e3o. O segredo est\u00e1 no bom dimensionamento das calhas e impermeabiliza\u00e7\u00e3o adequada.<\/p>\n\n<\/div>\n<\/div>\n<div id=\"faq-question-1752157212608\" class=\"rank-math-list-item\">\n<h3 id='precisa-de-manuten\u00e7\u00e3o-constante'  class=\"rank-math-question\">Precisa de manuten\u00e7\u00e3o constante?<\/h3>\n<div class=\"rank-math-answer\">\n\n<p>S\u00f3 o b\u00e1sico: limpar calhas, revisar impermeabiliza\u00e7\u00e3o e repintar de tempos em tempos, como qualquer outro detalhe de fachada.<\/p>\n\n<\/div>\n<\/div>\n<div id=\"faq-question-1752157231445\" class=\"rank-math-list-item\">\n<h3 id='valoriza-o-im\u00f3vel'  class=\"rank-math-question\">Valoriza o im\u00f3vel?<\/h3>\n<div class=\"rank-math-answer\">\n\n<p>Com certeza! Fachadas com platibanda costumam ter mais apelo visual e valorizam bastante a constru\u00e7\u00e3o.<\/p>\n\n<\/div>\n<\/div>\n<\/div>\n<\/div>\n\n\n<figure class=\"wp-block-image aligncenter size-large\"><img data-recalc-dims=\"1\" decoding=\"async\" width=\"1024\" height=\"683\" src=\"https:\/\/i0.wp.com\/1truenote.com\/wp-content\/uploads\/2025\/07\/ChatGPT-Image-10-de-jul.-de-2025-11_26_13.png?resize=1024%2C683&#038;ssl=1\" alt=\"platibanda\" class=\"wp-image-3653\" srcset=\"https:\/\/i0.wp.com\/1truenote.com\/wp-content\/uploads\/2025\/07\/ChatGPT-Image-10-de-jul.-de-2025-11_26_13.png?resize=1024%2C683&amp;ssl=1 1024w, https:\/\/i0.wp.com\/1truenote.com\/wp-content\/uploads\/2025\/07\/ChatGPT-Image-10-de-jul.-de-2025-11_26_13.png?resize=300%2C200&amp;ssl=1 300w, https:\/\/i0.wp.com\/1truenote.com\/wp-content\/uploads\/2025\/07\/ChatGPT-Image-10-de-jul.-de-2025-11_26_13.png?resize=768%2C512&amp;ssl=1 768w, https:\/\/i0.wp.com\/1truenote.com\/wp-content\/uploads\/2025\/07\/ChatGPT-Image-10-de-jul.-de-2025-11_26_13.png?resize=150%2C100&amp;ssl=1 150w, https:\/\/i0.wp.com\/1truenote.com\/wp-content\/uploads\/2025\/07\/ChatGPT-Image-10-de-jul.-de-2025-11_26_13.png?w=1536&amp;ssl=1 1536w\" sizes=\"(max-width: 1024px) 100vw, 1024px\" \/><\/figure>","protected":false},"excerpt":{"rendered":"<p>J\u00e1 percebeu como as fachadas modernas parecem mais \u201cclean\u201d, elegantes e sempre com aquele visual de casa de revista? O&#8230;<\/p>","protected":false},"author":1,"featured_media":3653,"comment_status":"open","ping_status":"open","sticky":false,"template":"","format":"standard","meta":{"_kad_post_transparent":"","_kad_post_title":"","_kad_post_layout":"","_kad_post_sidebar_id":"","_kad_post_content_style":"","_kad_post_vertical_padding":"","_kad_post_feature":"","_kad_post_feature_position":"","_kad_post_header":false,"_kad_post_footer":false,"_kad_post_classname":"","footnotes":"","jetpack_publicize_message":"J\u00e1 percebeu como as fachadas modernas parecem mais \u201cclean\u201d, elegantes e sempre com aquele visual de casa de revista? O segredo muitas vezes est\u00e1 na platibanda. Muita gente ainda confunde esse detalhe arquitet\u00f4nico ou acha que \u00e9 s\u00f3 um modismo, mas a verdade \u00e9 que a platibanda veio para ficar e traz benef\u00edcios que v\u00e3o muito al\u00e9m da beleza.\n\n#carvalhoconsultoriabrasil #truenote #decor #decoracao #plantibanda #beral #fechada","jetpack_publicize_feature_enabled":true,"jetpack_social_post_already_shared":true,"jetpack_social_options":{"image_generator_settings":{"template":"highway","default_image_id":0,"enabled":false},"version":2}},"categories":[16],"tags":[13,14,12],"class_list":["post-3650","post","type-post","status-publish","format-standard","has-post-thumbnail","hentry","category-casa-e-jardim","tag-minimalista","tag-interiores-inovadores","tag-projetos-inovadores"],"jetpack_publicize_connections":[],"jetpack_featured_media_url":"https:\/\/i0.wp.com\/1truenote.com\/wp-content\/uploads\/2025\/07\/ChatGPT-Image-10-de-jul.-de-2025-11_26_13.png?fit=1536%2C1024&ssl=1","jetpack_sharing_enabled":true,"_links":{"self":[{"href":"https:\/\/1truenote.com\/en\/wp-json\/wp\/v2\/posts\/3650","targetHints":{"allow":["GET"]}}],"collection":[{"href":"https:\/\/1truenote.com\/en\/wp-json\/wp\/v2\/posts"}],"about":[{"href":"https:\/\/1truenote.com\/en\/wp-json\/wp\/v2\/types\/post"}],"author":[{"embeddable":true,"href":"https:\/\/1truenote.com\/en\/wp-json\/wp\/v2\/users\/1"}],"replies":[{"embeddable":true,"href":"https:\/\/1truenote.com\/en\/wp-json\/wp\/v2\/comments?post=3650"}],"version-history":[{"count":1,"href":"https:\/\/1truenote.com\/en\/wp-json\/wp\/v2\/posts\/3650\/revisions"}],"predecessor-version":[{"id":3654,"href":"https:\/\/1truenote.com\/en\/wp-json\/wp\/v2\/posts\/3650\/revisions\/3654"}],"wp:featuredmedia":[{"embeddable":true,"href":"https:\/\/1truenote.com\/en\/wp-json\/wp\/v2\/media\/3653"}],"wp:attachment":[{"href":"https:\/\/1truenote.com\/en\/wp-json\/wp\/v2\/media?parent=3650"}],"wp:term":[{"taxonomy":"category","embeddable":true,"href":"https:\/\/1truenote.com\/en\/wp-json\/wp\/v2\/categories?post=3650"},{"taxonomy":"post_tag","embeddable":true,"href":"https:\/\/1truenote.com\/en\/wp-json\/wp\/v2\/tags?post=3650"}],"curies":[{"name":"wp","href":"https:\/\/api.w.org\/{rel}","templated":true}]}}