{"id":3642,"date":"2025-07-10T12:00:00","date_gmt":"2025-07-10T15:00:00","guid":{"rendered":"https:\/\/1truenote.com\/?p=3642"},"modified":"2025-07-10T10:47:39","modified_gmt":"2025-07-10T13:47:39","slug":"combinar-luminarias-decoracao-harmonica","status":"publish","type":"post","link":"https:\/\/1truenote.com\/en\/combinar-luminarias-decoracao-harmonica\/","title":{"rendered":"O guia pr\u00e1tico para combinar lumin\u00e1rias e criar uma decora\u00e7\u00e3o harm\u00f4nica"},"content":{"rendered":"<p>Combinar lumin\u00e1rias. Sabe aquele ambiente que te abra\u00e7a s\u00f3 pela luz? N\u00e3o \u00e9 sorte, \u00e9 t\u00e9cnica! Combinar lumin\u00e1rias de jeitos diferentes faz toda diferen\u00e7a para criar espa\u00e7os bonitos, aconchegantes e funcionais. Parece complicado? Calma, n\u00e3o precisa ser expert em design!<\/p>\n\n\n\n<p>Com algumas dicas certeiras e um olhar atento, qualquer pessoa pode transformar a casa usando lumin\u00e1rias \u2014 seja em c\u00f4modos grandes, pequenos, minimalistas ou cheios de personalidade.<\/p>\n\n\n\n<p>Prepare-se para aprender como escolher e combinar lumin\u00e1rias na medida certa, sem errar a m\u00e3o. J\u00e1 pensou? Luz que valoriza seus m\u00f3veis, cria clima gostoso e ainda facilita o dia a dia. Vem comigo!<\/p>\n\n\n\n<hr class=\"wp-block-separator has-alpha-channel-opacity\"\/>\n\n\n\n<h2 id='entenda-os-tipos-de-ilumina\u00e7\u00e3o-cada-um-tem-seu-papel'  class=\"wp-block-heading\">Entenda os tipos de ilumina\u00e7\u00e3o: Cada um tem seu papel<\/h2>\n\n\n\n<p>Antes de escolher lumin\u00e1ria s\u00f3 porque achou bonita, bora conhecer os tr\u00eas tipos principais? Isso faz toda a diferen\u00e7a!<\/p>\n\n\n\n<ul class=\"wp-block-list\">\n<li><strong>Ilumina\u00e7\u00e3o geral:<\/strong> \u00c9 a base do ambiente, aquela luz que espalha claridade de forma uniforme. Exemplo: plafons, pendentes centrais, trilhos ou fitas LED embutidas no teto.<\/li>\n\n\n\n<li><strong>Ilumina\u00e7\u00e3o de tarefa:<\/strong> \u00c9 a luz focada para atividades espec\u00edficas \u2014 tipo ler, cozinhar, estudar, se maquiar. Exemplos: abajur de leitura, lumin\u00e1ria articulada, pendente sobre bancada.<\/li>\n\n\n\n<li><strong>Ilumina\u00e7\u00e3o decorativa ou de destaque:<\/strong> Tem fun\u00e7\u00e3o de valorizar detalhes, dar aquele charme ou real\u00e7ar texturas e objetos. Exemplos: arandelas, spots direcion\u00e1veis, fitas LED em nichos, cord\u00e3o de luz, lumin\u00e1ria de ch\u00e3o estilosa.<\/li>\n<\/ul>\n\n\n\n<hr class=\"wp-block-separator has-alpha-channel-opacity\"\/>\n\n\n\n<h2 id='dicas-pr\u00e1ticas-para-acertar-na-combina\u00e7\u00e3o-de-lumin\u00e1rias'  class=\"wp-block-heading\">Dicas pr\u00e1ticas para acertar na combina\u00e7\u00e3o de lumin\u00e1rias<\/h2>\n\n\n\n<p>Chegou a parte divertida! Veja truques simples para um resultado de revista:<\/p>\n\n\n\n<h3 id='1-aposte-em-camadas-de-luz'  class=\"wp-block-heading\">1. Aposte em camadas de luz<\/h3>\n\n\n\n<p>Nada de confiar s\u00f3 numa luz central. Misture lumin\u00e1ria no teto, lumin\u00e1ria de parede, abajur e luz indireta. Assim, voc\u00ea cria profundidade, evita sombras duras e pode adaptar o clima de acordo com o momento.<\/p>\n\n\n\n<h3 id='2-brinque-com-alturas-e-posi\u00e7\u00f5es'  class=\"wp-block-heading\">2. Brinque com alturas e posi\u00e7\u00f5es<\/h3>\n\n\n\n<p>Coloque fontes de luz em pontos diferentes: teto, parede, m\u00f3veis, ch\u00e3o\u2026 Isso \u201cpreenche\u201d melhor o espa\u00e7o e valoriza o ambiente, sem pesar.<\/p>\n\n\n\n<h3 id='3-equilibre-estilos-mas-mantenha-uma-harmonia'  class=\"wp-block-heading\">3. Equilibre estilos, mas mantenha uma harmonia<\/h3>\n\n\n\n<p>Pode misturar metal, madeira, vidro, tecido. S\u00f3 cuide para n\u00e3o exagerar! Procure que algum elemento se repita: uma cor, um acabamento, o formato do bulbo\u2026<\/p>\n\n\n\n<h3 id='4-escolha-o-tamanho-certo-para-o-ambiente'  class=\"wp-block-heading\">4. Escolha o tamanho certo para o ambiente<\/h3>\n\n\n\n<p>Ambiente pequeno? Prefira lumin\u00e1rias compactas e delicadas. Lugares amplos pedem pe\u00e7as maiores e, se quiser, mais imponentes.<\/p>\n\n\n\n<h3 id='5-use-lumin\u00e1rias-m\u00f3veis-e-fixas-juntas'  class=\"wp-block-heading\">5. Use lumin\u00e1rias m\u00f3veis e fixas juntas<\/h3>\n\n\n\n<p>Fixas (pendentes, plafons) d\u00e3o estrutura. Lumin\u00e1rias m\u00f3veis (abajures, lumin\u00e1rias de ch\u00e3o) trazem flexibilidade, facilitam o ajuste e d\u00e3o aquele aconchego extra.<\/p>\n\n\n\n<h3 id='6-capriche-no-acabamento-reflexivo'  class=\"wp-block-heading\">6. Capriche no acabamento reflexivo<\/h3>\n\n\n\n<p>Espelhos, tampos de vidro, detalhes met\u00e1licos e at\u00e9 m\u00f3veis brilhantes multiplicam o efeito da luz, ampliando o ambiente.<\/p>\n\n\n\n<h3 id='7-acerte-na-temperatura-da-luz'  class=\"wp-block-heading\">7. Acerte na temperatura da luz<\/h3>\n\n\n\n<ul class=\"wp-block-list\">\n<li>Luz quente (amarelada): deixa o ambiente mais aconchegante e relaxante \u2014 ideal para salas, quartos e \u00e1reas de descanso.<\/li>\n\n\n\n<li>Luz fria (branca): ajuda na concentra\u00e7\u00e3o e clareza \u2014 \u00f3tima para cozinhas, banheiros e home office.<\/li>\n<\/ul>\n\n\n\n<hr class=\"wp-block-separator has-alpha-channel-opacity\"\/>\n\n\n\n<a href=\"https:\/\/1truenote.com\/en\/moveis-com-vidro-transparente-decoracao\/\" style=\"text-decoration: none;\">\n  <div style=\"display: flex; justify-content: space-between; align-items: center; background: #d44a00; padding: 12px 20px; color: white; font-family: Arial, sans-serif;\">\n    <strong style=\"color: black;\">READ ALSO:<\/strong>\n    <span style=\"margin-left: 8px; flex: 1;\">M\u00f3veis com vidro transparente na decora\u00e7\u00e3o<\/span>\n    <div style=\"background: #f2802f; padding: 8px 12px; border-radius: 2px; margin-left: 10px;\">\n      <span style=\"color: white; font-weight: bold;\">\u27a4<\/span>\n    <\/div>\n  <\/div>\n<\/a>\n\n\n\n<hr class=\"wp-block-separator has-alpha-channel-opacity\"\/>\n\n\n\n<h2 id='tabela-pr\u00e1tica-como-combinar-lumin\u00e1rias-nos-principais-ambientes'  class=\"wp-block-heading\">Tabela pr\u00e1tica: Como combinar lumin\u00e1rias nos principais ambientes<\/h2>\n\n\n\n<figure class=\"wp-block-table\"><table class=\"has-fixed-layout\"><thead><tr><th>Ambiente<\/th><th>Ilumina\u00e7\u00e3o Geral<\/th><th>De Tarefa<\/th><th>Decorativa\/Destaque<\/th><\/tr><\/thead><tbody><tr><td>Sala de estar<\/td><td>Plafon ou trilho<\/td><td>Abajur\/lumin\u00e1ria de ch\u00e3o<\/td><td>Spots para quadros, LED em prateleira<\/td><\/tr><tr><td>Quarto<\/td><td>Plafon\/pendente<\/td><td>Abajur na mesa de cabeceira<\/td><td>Fita LED atr\u00e1s da cabeceira<\/td><\/tr><tr><td>Cozinha<\/td><td>Plafon embutido<\/td><td>Pendentes sobre bancada<\/td><td>LED sob arm\u00e1rios, spots<\/td><\/tr><tr><td>Banheiro<\/td><td>Plafon + espelho iluminado<\/td><td>Lumin\u00e1ria de bancada<\/td><td>Arandela ao lado do espelho<\/td><\/tr><tr><td>Escrit\u00f3rio<\/td><td>Plafon ou trilho<\/td><td>Lumin\u00e1ria de mesa articulada<\/td><td>Fita LED nas prateleiras<\/td><\/tr><tr><td>Varanda<\/td><td>Plafon ou arandela<\/td><td>Balizadores no piso<\/td><td>Cord\u00e3o de luz ou spot em plantas<\/td><\/tr><\/tbody><\/table><\/figure>\n\n\n\n<hr class=\"wp-block-separator has-alpha-channel-opacity\"\/>\n\n\n\n<figure class=\"wp-block-image aligncenter size-medium\"><a href=\"https:\/\/chat.whatsapp.com\/KJBkp5LFJVRIvmt5X3hSEh\" target=\"_blank\" rel=\"noopener\"><img data-recalc-dims=\"1\" fetchpriority=\"high\" decoding=\"async\" width=\"200\" height=\"300\" src=\"https:\/\/i0.wp.com\/1truenote.com\/wp-content\/uploads\/2025\/06\/ChatGPT-Image-3-de-jun.-de-2025-19_04_53.png?resize=200%2C300&#038;ssl=1\" alt=\"chamada banner advetorial whats\" class=\"wp-image-2683\" srcset=\"https:\/\/i0.wp.com\/1truenote.com\/wp-content\/uploads\/2025\/06\/ChatGPT-Image-3-de-jun.-de-2025-19_04_53.png?resize=200%2C300&amp;ssl=1 200w, https:\/\/i0.wp.com\/1truenote.com\/wp-content\/uploads\/2025\/06\/ChatGPT-Image-3-de-jun.-de-2025-19_04_53.png?resize=683%2C1024&amp;ssl=1 683w, https:\/\/i0.wp.com\/1truenote.com\/wp-content\/uploads\/2025\/06\/ChatGPT-Image-3-de-jun.-de-2025-19_04_53.png?resize=768%2C1152&amp;ssl=1 768w, https:\/\/i0.wp.com\/1truenote.com\/wp-content\/uploads\/2025\/06\/ChatGPT-Image-3-de-jun.-de-2025-19_04_53.png?resize=150%2C225&amp;ssl=1 150w, https:\/\/i0.wp.com\/1truenote.com\/wp-content\/uploads\/2025\/06\/ChatGPT-Image-3-de-jun.-de-2025-19_04_53.png?w=1024&amp;ssl=1 1024w\" sizes=\"(max-width: 200px) 100vw, 200px\" \/><\/a><\/figure>\n\n\n\n<hr class=\"wp-block-separator has-alpha-channel-opacity\"\/>\n\n\n\n<h2 id='exemplo-real-como-fiz-em-casa'  class=\"wp-block-heading\">Exemplo real: Como fiz em casa<\/h2>\n\n\n\n<p>No meu quarto, sempre achei tudo muito chapado, sabe? Troquei o plafon por um trilho com spots regul\u00e1veis (deixei um voltado para um quadro e outro para a cortina). Comprei dois abajures estilosos \u2014 um do lado da cama, outro perto da poltrona de leitura.<\/p>\n\n\n\n<p>E ainda coloquei uma fita de LED atr\u00e1s da cabeceira, que posso controlar a cor pelo app do celular. Resultado? Virei f\u00e3 do meu pr\u00f3prio cantinho, at\u00e9 para relaxar antes de dormir!<\/p>\n\n\n\n<hr class=\"wp-block-separator has-alpha-channel-opacity\"\/>\n\n\n\n<h2 id='v\u00eddeo-youtube-combinar-lumin\u00e1rias-na-pr\u00e1tica'  class=\"wp-block-heading\">V\u00eddeo YouTube: Combinar lumin\u00e1rias na pr\u00e1tica<\/h2>\n\n\n\n<blockquote class=\"wp-block-quote is-layout-flow wp-block-quote-is-layout-flow\">\n<p><a href=\"https:\/\/www.youtube.com\/shorts\/38WoiBpQ7-o\" data-type=\"link\" data-id=\"https:\/\/www.youtube.com\/shorts\/38WoiBpQ7-o\" target=\"_blank\" rel=\"noopener\">Como combinar lumin\u00e1rias e deixar sua casa mais aconchegante | YouTube<\/a><\/p>\n\n\n\n<figure class=\"wp-block-embed aligncenter is-type-video is-provider-youtube wp-block-embed-youtube wp-embed-aspect-16-9 wp-has-aspect-ratio\"><div class=\"wp-block-embed__wrapper\">\n<iframe title=\"Transforme Seus Espa\u00e7os com Eleg\u00e2ncia: A Lumin\u00e1ria Cl\u00e1ssica dos Seus Sonhos #homedecor #lamp\" width=\"720\" height=\"405\" src=\"https:\/\/www.youtube.com\/embed\/38WoiBpQ7-o?feature=oembed\" frameborder=\"0\" allow=\"accelerometer; autoplay; clipboard-write; encrypted-media; gyroscope; picture-in-picture; web-share\" referrerpolicy=\"strict-origin-when-cross-origin\" allowfullscreen><\/iframe>\n<\/div><\/figure>\n<\/blockquote>\n\n\n\n<hr class=\"wp-block-separator has-alpha-channel-opacity\"\/>\n\n\n\n<h2 id='combinar-lumin\u00e1rias'  class=\"wp-block-heading\">Combinar lumin\u00e1rias<\/h2>\n\n\n\n<p>Pronto, agora voc\u00ea j\u00e1 pode criar uma ilumina\u00e7\u00e3o de novela a\u00ed na sua casa! N\u00e3o subestime o poder das lumin\u00e1rias: Elas valorizam seus m\u00f3veis, deixam tudo mais acolhedor e at\u00e9 ajudam no seu humor.<\/p>\n\n\n\n<p>Que tal olhar ao redor e imaginar o que d\u00e1 para mudar? Gostou de combinar lumin\u00e1rias? Pequenas trocas j\u00e1 transformam a energia do ambiente. Se gostou das dicas, compartilha com aquela amiga que adora uma decora\u00e7\u00e3o diferente e siga acompanhando para mais ideias!<\/p>\n\n\n\n<hr class=\"wp-block-separator has-alpha-channel-opacity\"\/>\n\n\n\n<a href=\"https:\/\/1truenote.com\/en\/moveis-com-vidro-transparente-decoracao\/\" style=\"text-decoration: none;\">\n  <div style=\"display: flex; justify-content: space-between; align-items: center; background: #d44a00; padding: 12px 20px; color: white; font-family: Arial, sans-serif;\">\n    <strong style=\"color: black;\">READ ALSO:<\/strong>\n    <span style=\"margin-left: 8px; flex: 1;\">M\u00f3veis com vidro transparente na decora\u00e7\u00e3o<\/span>\n    <div style=\"background: #f2802f; padding: 8px 12px; border-radius: 2px; margin-left: 10px;\">\n      <span style=\"color: white; font-weight: bold;\">\u27a4<\/span>\n    <\/div>\n  <\/div>\n<\/a>\n\n\n\n\n<hr class=\"wp-block-separator has-alpha-channel-opacity\"\/>\n\n\n\n<h2 id='d\u00favidas-comuns-sobre-combinar-lumin\u00e1rias-faq'  class=\"wp-block-heading\">D\u00favidas comuns sobre combinar lumin\u00e1rias (FAQ)<\/h2>\n\n\n<div id=\"rank-math-faq\" class=\"rank-math-block\">\n<div class=\"rank-math-list\">\n<div id=\"faq-question-1752154349541\" class=\"rank-math-list-item\">\n<h3 id='como-escolher-a-temperatura-da-luz-para-cada-c\u00f4modo'  class=\"rank-math-question\">Como escolher a temperatura da luz para cada c\u00f4modo?<\/h3>\n<div class=\"rank-math-answer\">\n\n<p>Quente (amarela): para relaxar (sala, quarto, jantar).<br \/>Fria (branca): para foco e tarefas (cozinha, escrit\u00f3rio, banheiro).<\/p>\n\n<\/div>\n<\/div>\n<div id=\"faq-question-1752154350827\" class=\"rank-math-list-item\">\n<h3 id='posso-misturar-lumin\u00e1rias-de-estilos-diferentes'  class=\"rank-math-question\">Posso misturar lumin\u00e1rias de estilos diferentes?<\/h3>\n<div class=\"rank-math-answer\">\n\n<p>Pode sim! O segredo \u00e9 manter alguma conex\u00e3o visual (paleta, textura, linha de design).<\/p>\n\n<\/div>\n<\/div>\n<div id=\"faq-question-1752154351575\" class=\"rank-math-list-item\">\n<h3 id='preciso-contratar-eletricista-para-instalar-tudo'  class=\"rank-math-question\">Preciso contratar eletricista para instalar tudo?<\/h3>\n<div class=\"rank-math-answer\">\n\n<p>Para pendentes e trilhos no teto, \u00e9 indicado. Lumin\u00e1rias de mesa e ch\u00e3o s\u00e3o plug and play \u2014 super f\u00e1cil!<\/p>\n\n<\/div>\n<\/div>\n<div id=\"faq-question-1752154352342\" class=\"rank-math-list-item\">\n<h3 id='como-evitar-sombra-em-ambientes-pequenos'  class=\"rank-math-question\">Como evitar sombra em ambientes pequenos?<\/h3>\n<div class=\"rank-math-answer\">\n\n<p>Use pelo menos duas fontes de luz: teto + parede, teto + abajur, ou trilho + LED indireto.<\/p>\n\n<\/div>\n<\/div>\n<\/div>\n<\/div>\n\n\n<figure class=\"wp-block-image aligncenter size-large\"><img data-recalc-dims=\"1\" decoding=\"async\" width=\"683\" height=\"1024\" src=\"https:\/\/i0.wp.com\/1truenote.com\/wp-content\/uploads\/2025\/07\/ChatGPT-Image-10-de-jul.-de-2025-10_45_30.png?resize=683%2C1024&#038;ssl=1\" alt=\"combinar lumin\u00e1rias\" class=\"wp-image-3644\" srcset=\"https:\/\/i0.wp.com\/1truenote.com\/wp-content\/uploads\/2025\/07\/ChatGPT-Image-10-de-jul.-de-2025-10_45_30.png?resize=683%2C1024&amp;ssl=1 683w, https:\/\/i0.wp.com\/1truenote.com\/wp-content\/uploads\/2025\/07\/ChatGPT-Image-10-de-jul.-de-2025-10_45_30.png?resize=200%2C300&amp;ssl=1 200w, https:\/\/i0.wp.com\/1truenote.com\/wp-content\/uploads\/2025\/07\/ChatGPT-Image-10-de-jul.-de-2025-10_45_30.png?resize=768%2C1152&amp;ssl=1 768w, https:\/\/i0.wp.com\/1truenote.com\/wp-content\/uploads\/2025\/07\/ChatGPT-Image-10-de-jul.-de-2025-10_45_30.png?resize=150%2C225&amp;ssl=1 150w, https:\/\/i0.wp.com\/1truenote.com\/wp-content\/uploads\/2025\/07\/ChatGPT-Image-10-de-jul.-de-2025-10_45_30.png?w=1024&amp;ssl=1 1024w\" sizes=\"(max-width: 683px) 100vw, 683px\" \/><\/figure>","protected":false},"excerpt":{"rendered":"<p>Combinar lumin\u00e1rias. Sabe aquele ambiente que te abra\u00e7a s\u00f3 pela luz? N\u00e3o \u00e9 sorte, \u00e9 t\u00e9cnica! Combinar lumin\u00e1rias de jeitos&#8230;<\/p>","protected":false},"author":1,"featured_media":3644,"comment_status":"open","ping_status":"open","sticky":false,"template":"","format":"standard","meta":{"_kad_post_transparent":"","_kad_post_title":"","_kad_post_layout":"","_kad_post_sidebar_id":"","_kad_post_content_style":"","_kad_post_vertical_padding":"","_kad_post_feature":"","_kad_post_feature_position":"","_kad_post_header":false,"_kad_post_footer":false,"_kad_post_classname":"","footnotes":"","jetpack_publicize_message":"Combinar lumin\u00e1rias. Sabe aquele ambiente que te abra\u00e7a s\u00f3 pela luz? N\u00e3o \u00e9 sorte, \u00e9 t\u00e9cnica! Combinar lumin\u00e1rias de jeitos diferentes faz toda diferen\u00e7a para criar espa\u00e7os bonitos, aconchegantes e funcionais. Parece complicado? Calma, n\u00e3o precisa ser expert em design!\n\n#carvalhoconsultoriabrasil #truenote #decor #decoracao #sala #luminaria #guia #combinacao","jetpack_publicize_feature_enabled":true,"jetpack_social_post_already_shared":true,"jetpack_social_options":{"image_generator_settings":{"template":"highway","default_image_id":0,"enabled":false},"version":2}},"categories":[16],"tags":[14,12],"class_list":["post-3642","post","type-post","status-publish","format-standard","has-post-thumbnail","hentry","category-casa-e-jardim","tag-interiores-inovadores","tag-projetos-inovadores"],"jetpack_publicize_connections":[],"jetpack_featured_media_url":"https:\/\/i0.wp.com\/1truenote.com\/wp-content\/uploads\/2025\/07\/ChatGPT-Image-10-de-jul.-de-2025-10_45_30.png?fit=1024%2C1536&ssl=1","jetpack_sharing_enabled":true,"_links":{"self":[{"href":"https:\/\/1truenote.com\/en\/wp-json\/wp\/v2\/posts\/3642","targetHints":{"allow":["GET"]}}],"collection":[{"href":"https:\/\/1truenote.com\/en\/wp-json\/wp\/v2\/posts"}],"about":[{"href":"https:\/\/1truenote.com\/en\/wp-json\/wp\/v2\/types\/post"}],"author":[{"embeddable":true,"href":"https:\/\/1truenote.com\/en\/wp-json\/wp\/v2\/users\/1"}],"replies":[{"embeddable":true,"href":"https:\/\/1truenote.com\/en\/wp-json\/wp\/v2\/comments?post=3642"}],"version-history":[{"count":1,"href":"https:\/\/1truenote.com\/en\/wp-json\/wp\/v2\/posts\/3642\/revisions"}],"predecessor-version":[{"id":3645,"href":"https:\/\/1truenote.com\/en\/wp-json\/wp\/v2\/posts\/3642\/revisions\/3645"}],"wp:featuredmedia":[{"embeddable":true,"href":"https:\/\/1truenote.com\/en\/wp-json\/wp\/v2\/media\/3644"}],"wp:attachment":[{"href":"https:\/\/1truenote.com\/en\/wp-json\/wp\/v2\/media?parent=3642"}],"wp:term":[{"taxonomy":"category","embeddable":true,"href":"https:\/\/1truenote.com\/en\/wp-json\/wp\/v2\/categories?post=3642"},{"taxonomy":"post_tag","embeddable":true,"href":"https:\/\/1truenote.com\/en\/wp-json\/wp\/v2\/tags?post=3642"}],"curies":[{"name":"wp","href":"https:\/\/api.w.org\/{rel}","templated":true}]}}