{"id":3634,"date":"2025-07-08T16:00:00","date_gmt":"2025-07-08T19:00:00","guid":{"rendered":"https:\/\/1truenote.com\/?p=3634"},"modified":"2025-07-08T12:26:40","modified_gmt":"2025-07-08T15:26:40","slug":"plantas-na-decoracao-total","status":"publish","type":"post","link":"https:\/\/1truenote.com\/en\/plantas-na-decoracao-total\/","title":{"rendered":"Plantas na decora\u00e7\u00e3o com ideias e inspira\u00e7\u00f5es para transformar ambientes"},"content":{"rendered":"<p>Plantas na decora\u00e7\u00e3o. Sabe aquele cantinho da casa que parece meio apagado ou sem vida? Aposte nas plantas! Sim, elas s\u00e3o a solu\u00e7\u00e3o perfeita para transformar qualquer espa\u00e7o, trazendo mais cor, frescor e um clima de bem-estar que s\u00f3 a natureza pode oferecer. E olha\u2026 se voc\u00ea acha que s\u00f3 jardim cabe verde, j\u00e1 te adianto: Sala, quarto, corredor e at\u00e9 banheiro podem (e devem!) receber um toque natural.<\/p>\n\n\n\n<p>Hoje, vou te mostrar como as plantas podem mudar completamente o visual da sua casa, com exemplos lindos que servem tanto para ambientes pequenos quanto para salas amplas. Vem ver e se apaixonar!<\/p>\n\n\n\n<hr class=\"wp-block-separator has-alpha-channel-opacity\"\/>\n\n\n\n<h2 id='por-que-incluir-plantas-na-decora\u00e7\u00e3o'  class=\"wp-block-heading\">Por que incluir plantas na decora\u00e7\u00e3o?<\/h2>\n\n\n\n<p>N\u00e3o \u00e9 exagero: basta colocar um vaso de planta na sala para sentir o ambiente mais leve e aconchegante. Plantas naturais v\u00e3o al\u00e9m da est\u00e9tica. Elas purificam o ar, reduzem o estresse e at\u00e9 melhoram a umidade do local. Sabe aquele visual de revista? Muito se deve \u00e0 presen\u00e7a delas.<\/p>\n\n\n\n<p>Al\u00e9m disso, as plantas conversam com todos os estilos: do minimalista ao boho, do moderno ao cl\u00e1ssico. Seja uma Ficus alt\u00edssima ao lado do sof\u00e1, como vimos nas inspira\u00e7\u00f5es, ou um conjunto de samambaias em vasos brancos e elegantes, \u00e9 sempre poss\u00edvel criar composi\u00e7\u00f5es lindas sem complica\u00e7\u00e3o.<\/p>\n\n\n\n<hr class=\"wp-block-separator has-alpha-channel-opacity\"\/>\n\n\n\n<h2 id='tipos-de-plantas-para-ambientes-internos'  class=\"wp-block-heading\">Tipos de plantas para ambientes internos<\/h2>\n\n\n\n<p>Se voc\u00ea ainda fica perdido na hora de escolher a esp\u00e9cie ideal, aqui v\u00e3o algumas sugest\u00f5es campe\u00e3s entre decoradores e amantes de plantas:<\/p>\n\n\n\n<ul class=\"wp-block-list\">\n<li><strong>Ficus lyrata (Figueira-lira):<\/strong> Imponente, com folhas grandes e vibrantes. Fica incr\u00edvel em vasos grandes, sendo protagonista da decora\u00e7\u00e3o.<\/li>\n\n\n\n<li><strong>Costela-de-ad\u00e3o:<\/strong> Estilo tropical, perfeita para quem quer folhas cheias de personalidade.<\/li>\n\n\n\n<li><strong>Espada-de-S\u00e3o-Jorge:<\/strong> Resistente, quase imortal! Vai bem at\u00e9 para quem esquece de regar.<\/li>\n\n\n\n<li><strong>Samambaia:<\/strong> Perfeita para criar volume e movimento em cantinhos ou prateleiras.<\/li>\n\n\n\n<li><strong>Ave-do-para\u00edso:<\/strong> Tem folhas longas e exuberantes, ideal para destacar um espa\u00e7o com pouca cor.<\/li>\n\n\n\n<li><strong>Dracena:<\/strong> F\u00e1cil de cuidar, traz verticalidade e charme instant\u00e2neo ao ambiente.<\/li>\n<\/ul>\n\n\n\n<hr class=\"wp-block-separator has-alpha-channel-opacity\"\/>\n\n\n\n<h2 id='dicas-para-usar-plantas-na-decora\u00e7\u00e3o'  class=\"wp-block-heading\">Dicas para usar plantas na decora\u00e7\u00e3o<\/h2>\n\n\n\n<p>Colocar plantas na decora\u00e7\u00e3o vai muito al\u00e9m de simplesmente distribuir vasos pela casa. Olha s\u00f3 essas dicas para acertar em cheio:<\/p>\n\n\n\n<ul class=\"wp-block-list\">\n<li><strong>Cuidado com o excesso:<\/strong> Menos \u00e9 mais, especialmente em ambientes pequenos. Escolha um ou dois vasos de destaque.<\/li>\n\n\n\n<li><strong>Aposte em vasos decorativos:<\/strong> Vasos brancos com textura ou suportes de madeira criam um contraste lindo e sofisticado, como mostram as imagens.<\/li>\n\n\n\n<li><strong>Brinque com alturas:<\/strong> Combine plantas de diferentes tamanhos, colocando as menores em suportes ou mesas e as maiores direto no ch\u00e3o.<\/li>\n\n\n\n<li><strong>Use na entrada:<\/strong> Um hall com plantas j\u00e1 recebe as visitas com energia positiva.<\/li>\n\n\n\n<li><strong>Integre ao mobili\u00e1rio:<\/strong> Coloque ao lado do sof\u00e1, da poltrona ou junto \u00e0 cortina para criar \u201ccen\u00e1rios\u201d naturais.<\/li>\n\n\n\n<li><strong>Aproveite a luz natural:<\/strong> Posicione as plantas pr\u00f3ximas \u00e0s janelas para garantir crescimento saud\u00e1vel.<\/li>\n\n\n\n<li><strong>Misture esp\u00e9cies:<\/strong> Vale combinar folhagens lisas, recortadas e diferentes tons de verde.<\/li>\n<\/ul>\n\n\n\n<hr class=\"wp-block-separator has-alpha-channel-opacity\"\/>\n\n\n\n<figure class=\"wp-block-image aligncenter size-medium\"><a href=\"https:\/\/chat.whatsapp.com\/KJBkp5LFJVRIvmt5X3hSEh\" target=\"_blank\" rel=\"noopener\"><img data-recalc-dims=\"1\" fetchpriority=\"high\" decoding=\"async\" width=\"200\" height=\"300\" src=\"https:\/\/i0.wp.com\/1truenote.com\/wp-content\/uploads\/2025\/06\/ChatGPT-Image-3-de-jun.-de-2025-19_04_53.png?resize=200%2C300&#038;ssl=1\" alt=\"chamada banner advetorial whats\" class=\"wp-image-2683\" srcset=\"https:\/\/i0.wp.com\/1truenote.com\/wp-content\/uploads\/2025\/06\/ChatGPT-Image-3-de-jun.-de-2025-19_04_53.png?resize=200%2C300&amp;ssl=1 200w, https:\/\/i0.wp.com\/1truenote.com\/wp-content\/uploads\/2025\/06\/ChatGPT-Image-3-de-jun.-de-2025-19_04_53.png?resize=683%2C1024&amp;ssl=1 683w, https:\/\/i0.wp.com\/1truenote.com\/wp-content\/uploads\/2025\/06\/ChatGPT-Image-3-de-jun.-de-2025-19_04_53.png?resize=768%2C1152&amp;ssl=1 768w, https:\/\/i0.wp.com\/1truenote.com\/wp-content\/uploads\/2025\/06\/ChatGPT-Image-3-de-jun.-de-2025-19_04_53.png?resize=150%2C225&amp;ssl=1 150w, https:\/\/i0.wp.com\/1truenote.com\/wp-content\/uploads\/2025\/06\/ChatGPT-Image-3-de-jun.-de-2025-19_04_53.png?w=1024&amp;ssl=1 1024w\" sizes=\"(max-width: 200px) 100vw, 200px\" \/><\/a><\/figure>\n\n\n\n<hr class=\"wp-block-separator has-alpha-channel-opacity\"\/>\n\n\n\n<h2 id='tabela-principais-plantas-para-decora\u00e7\u00e3o-interna'  class=\"wp-block-heading\">Tabela: Principais plantas para decora\u00e7\u00e3o interna<\/h2>\n\n\n\n<figure class=\"wp-block-table\"><table class=\"has-fixed-layout\"><thead><tr><th>Planta<\/th><th>Ilumina\u00e7\u00e3o ideal<\/th><th>Rega<\/th><th>Dica de uso<\/th><\/tr><\/thead><tbody><tr><td>Ficus lyrata<\/td><td>Luz indireta forte<\/td><td>1x por semana<\/td><td>Canto da sala, vaso grande<\/td><\/tr><tr><td>Espada-de-S\u00e3o-Jorge<\/td><td>Sombra ou meia-luz<\/td><td>1x cada 10 dias<\/td><td>Quartos, corredores, banheiros<\/td><\/tr><tr><td>Samambaia<\/td><td>Luz filtrada<\/td><td>2-3x por semana<\/td><td>Prateleiras, pendentes<\/td><\/tr><tr><td>Costela-de-ad\u00e3o<\/td><td>Luz indireta<\/td><td>1-2x por semana<\/td><td>Sala de estar, hall de entrada<\/td><\/tr><tr><td>Ave-do-para\u00edso<\/td><td>Luz forte indireta<\/td><td>1-2x por semana<\/td><td>Ambientes amplos, destaque<\/td><\/tr><tr><td>Dracena<\/td><td>Luz difusa<\/td><td>1x por semana<\/td><td>Canto de salas, varandas<\/td><\/tr><\/tbody><\/table><\/figure>\n\n\n\n<hr class=\"wp-block-separator has-alpha-channel-opacity\"\/>\n\n\n\n<a href=\"https:\/\/1truenote.com\/en\/guarda-roupa-com-espelho-decoracao\/\" style=\"text-decoration: none;\">\n  <div style=\"display: flex; justify-content: space-between; align-items: center; background: #d44a00; padding: 12px 20px; color: white; font-family: Arial, sans-serif;\">\n    <strong style=\"color: black;\">READ ALSO:<\/strong>\n    <span style=\"margin-left: 8px; flex: 1;\">Guarda-roupa com espelho<\/span>\n    <div style=\"background: #f2802f; padding: 8px 12px; border-radius: 2px; margin-left: 10px;\">\n      <span style=\"color: white; font-weight: bold;\">\u27a4<\/span>\n    <\/div>\n  <\/div>\n<\/a>\n\n\n\n<hr class=\"wp-block-separator has-alpha-channel-opacity\"\/>\n\n\n\n<h2 id='v\u00eddeo-inspira\u00e7\u00e3o-como-decorar-com-plantas'  class=\"wp-block-heading\">V\u00eddeo inspira\u00e7\u00e3o: Como decorar com plantas<\/h2>\n\n\n\n<blockquote class=\"wp-block-quote is-layout-flow wp-block-quote-is-layout-flow\">\n<p><a class=\"\" href=\"https:\/\/www.youtube.com\/watch?v=example\" target=\"_blank\" rel=\"noopener\">Assista no YouTube: 7 ideias para decorar a casa com plantas naturais<\/a><\/p>\n\n\n\n<figure class=\"wp-block-embed aligncenter is-type-video is-provider-youtube wp-block-embed-youtube wp-embed-aspect-16-9 wp-has-aspect-ratio\"><div class=\"wp-block-embed__wrapper\">\n<iframe title=\"7 plantas para usar na decora\u00e7\u00e3o | Carla Oliveira\" width=\"720\" height=\"405\" src=\"https:\/\/www.youtube.com\/embed\/pCtahP2qg6I?feature=oembed\" frameborder=\"0\" allow=\"accelerometer; autoplay; clipboard-write; encrypted-media; gyroscope; picture-in-picture; web-share\" referrerpolicy=\"strict-origin-when-cross-origin\" allowfullscreen><\/iframe>\n<\/div><\/figure>\n<\/blockquote>\n\n\n\n<p><em>Dica: sempre busque v\u00eddeos de canais confi\u00e1veis sobre jardinagem e decora\u00e7\u00e3o. Eles trazem exemplos reais e truques que voc\u00ea pode aplicar agora mesmo!<\/em><\/p>\n\n\n\n<hr class=\"wp-block-separator has-alpha-channel-opacity\"\/>\n\n\n\n<h2 id='plantas-na-decora\u00e7\u00e3o'  class=\"wp-block-heading\">Plantas na decora\u00e7\u00e3o<\/h2>\n\n\n\n<p>Viu como \u00e9 f\u00e1cil deixar qualquer espa\u00e7o mais bonito, fresco e cheio de vida usando plantas na decora\u00e7\u00e3o? Seja com um Ficus imponente ao lado do sof\u00e1, um trio de vasos com samambaias e costela-de-ad\u00e3o, ou um simples cachep\u00f4 com espada-de-s\u00e3o-jorge, o importante \u00e9 se permitir experimentar.<\/p>\n\n\n\n<p>Al\u00e9m de renovar o visual, as plantas melhoram a energia da casa, ajudam na concentra\u00e7\u00e3o e, claro, tornam os ambientes mais aconchegantes para voc\u00ea e sua fam\u00edlia. Que tal escolher uma esp\u00e9cie favorita e come\u00e7ar hoje mesmo?<\/p>\n\n\n\n<p>Se quiser mais dicas de decora\u00e7\u00e3o, tend\u00eancias ou ideias pr\u00e1ticas, continue acompanhando nosso blog! Curtiu plantas na decora\u00e7\u00e3o? E me conta: Qual planta n\u00e3o pode faltar na sua casa?<\/p>\n\n\n\n<hr class=\"wp-block-separator has-alpha-channel-opacity\"\/>\n\n\n\n<a href=\"https:\/\/1truenote.com\/en\/guarda-roupa-com-espelho-decoracao\/\" style=\"text-decoration: none;\">\n  <div style=\"display: flex; justify-content: space-between; align-items: center; background: #d44a00; padding: 12px 20px; color: white; font-family: Arial, sans-serif;\">\n    <strong style=\"color: black;\">READ ALSO:<\/strong>\n    <span style=\"margin-left: 8px; flex: 1;\">Guarda-roupa com espelho<\/span>\n    <div style=\"background: #f2802f; padding: 8px 12px; border-radius: 2px; margin-left: 10px;\">\n      <span style=\"color: white; font-weight: bold;\">\u27a4<\/span>\n    <\/div>\n  <\/div>\n<\/a>\n\n\n\n\n<hr class=\"wp-block-separator has-alpha-channel-opacity\"\/>\n\n\n\n<h2 id='faq-plantas-na-decora\u00e7\u00e3o'  class=\"wp-block-heading\">FAQ: Plantas na decora\u00e7\u00e3o<\/h2>\n\n\n<div id=\"rank-math-faq\" class=\"rank-math-block\">\n<div class=\"rank-math-list\">\n<div id=\"faq-question-1751987621100\" class=\"rank-math-list-item\">\n<h3 id='qual-planta-\u00e9-melhor-para-quem-n\u00e3o-tem-tempo-para-cuidar'  class=\"rank-math-question\">Qual planta \u00e9 melhor para quem n\u00e3o tem tempo para cuidar?<\/h3>\n<div class=\"rank-math-answer\">\n\n<p>A Espada-de-S\u00e3o-Jorge e a Zamioculca s\u00e3o praticamente \u00e0 prova de descuido: resistem bem a per\u00edodos de seca e pouca luz.<\/p>\n\n<\/div>\n<\/div>\n<div id=\"faq-question-1751987623037\" class=\"rank-math-list-item\">\n<h3 id='posso-usar-plantas-artificiais'  class=\"rank-math-question\">Posso usar plantas artificiais?<\/h3>\n<div class=\"rank-math-answer\">\n\n<p>Pode sim! Elas evolu\u00edram muito em termos de apar\u00eancia e s\u00e3o uma op\u00e7\u00e3o para quem quer praticidade absoluta, mas nada substitui o frescor e os benef\u00edcios das plantas naturais.<\/p>\n\n<\/div>\n<\/div>\n<div id=\"faq-question-1751987623637\" class=\"rank-math-list-item\">\n<h3 id='plantas-grandes-n\u00e3o-ocupam-muito-espa\u00e7o'  class=\"rank-math-question\">Plantas grandes n\u00e3o ocupam muito espa\u00e7o?<\/h3>\n<div class=\"rank-math-answer\">\n\n<p>Tudo depende do ambiente. Uma planta alta em vaso estreito pode, inclusive, alongar o espa\u00e7o e criar um ponto focal sem pesar.<\/p>\n\n<\/div>\n<\/div>\n<div id=\"faq-question-1751987644290\" class=\"rank-math-list-item\">\n<h3 id='plantas-na-decora\u00e7\u00e3o-combinam-com-todo-estilo'  class=\"rank-math-question\">Plantas na decora\u00e7\u00e3o combinam com todo estilo?<\/h3>\n<div class=\"rank-math-answer\">\n\n<p>Combinam sim! O segredo est\u00e1 em escolher esp\u00e9cies e vasos que dialoguem com o restante do d\u00e9cor.<\/p>\n\n<\/div>\n<\/div>\n<\/div>\n<\/div>\n\n\n<figure class=\"wp-block-image aligncenter size-large\"><img data-recalc-dims=\"1\" decoding=\"async\" width=\"1024\" height=\"683\" src=\"https:\/\/i0.wp.com\/1truenote.com\/wp-content\/uploads\/2025\/07\/ChatGPT-Image-8-de-jul.-de-2025-12_25_22.png?resize=1024%2C683&#038;ssl=1\" alt=\"plantas na decora\u00e7\u00e3o\" class=\"wp-image-3636\" srcset=\"https:\/\/i0.wp.com\/1truenote.com\/wp-content\/uploads\/2025\/07\/ChatGPT-Image-8-de-jul.-de-2025-12_25_22.png?resize=1024%2C683&amp;ssl=1 1024w, https:\/\/i0.wp.com\/1truenote.com\/wp-content\/uploads\/2025\/07\/ChatGPT-Image-8-de-jul.-de-2025-12_25_22.png?resize=300%2C200&amp;ssl=1 300w, https:\/\/i0.wp.com\/1truenote.com\/wp-content\/uploads\/2025\/07\/ChatGPT-Image-8-de-jul.-de-2025-12_25_22.png?resize=768%2C512&amp;ssl=1 768w, https:\/\/i0.wp.com\/1truenote.com\/wp-content\/uploads\/2025\/07\/ChatGPT-Image-8-de-jul.-de-2025-12_25_22.png?resize=150%2C100&amp;ssl=1 150w, https:\/\/i0.wp.com\/1truenote.com\/wp-content\/uploads\/2025\/07\/ChatGPT-Image-8-de-jul.-de-2025-12_25_22.png?w=1536&amp;ssl=1 1536w\" sizes=\"(max-width: 1024px) 100vw, 1024px\" \/><\/figure>","protected":false},"excerpt":{"rendered":"<p>Plantas na decora\u00e7\u00e3o. Sabe aquele cantinho da casa que parece meio apagado ou sem vida? Aposte nas plantas! Sim, elas&#8230;<\/p>","protected":false},"author":1,"featured_media":3636,"comment_status":"open","ping_status":"open","sticky":false,"template":"","format":"standard","meta":{"_kad_post_transparent":"","_kad_post_title":"","_kad_post_layout":"","_kad_post_sidebar_id":"","_kad_post_content_style":"","_kad_post_vertical_padding":"","_kad_post_feature":"","_kad_post_feature_position":"","_kad_post_header":false,"_kad_post_footer":false,"_kad_post_classname":"","footnotes":"","jetpack_publicize_message":"Plantas na decora\u00e7\u00e3o. Sabe aquele cantinho da casa que parece meio apagado ou sem vida? Aposte nas plantas! Sim, elas s\u00e3o a solu\u00e7\u00e3o perfeita para transformar qualquer espa\u00e7o, trazendo mais cor, frescor e um clima de bem-estar que s\u00f3 a natureza pode oferecer.\n\n#carvalhoconsultoriabrasil #truenote #decor #decoracao #sala #planta #flor #natureza","jetpack_publicize_feature_enabled":true,"jetpack_social_post_already_shared":true,"jetpack_social_options":{"image_generator_settings":{"template":"highway","default_image_id":0,"enabled":false},"version":2}},"categories":[16,9],"tags":[13,33,12],"class_list":["post-3634","post","type-post","status-publish","format-standard","has-post-thumbnail","hentry","category-casa-e-jardim","category-lazer","tag-minimalista","tag-plantas","tag-projetos-inovadores"],"jetpack_publicize_connections":[],"jetpack_featured_media_url":"https:\/\/i0.wp.com\/1truenote.com\/wp-content\/uploads\/2025\/07\/ChatGPT-Image-8-de-jul.-de-2025-12_25_22.png?fit=1536%2C1024&ssl=1","jetpack_sharing_enabled":true,"_links":{"self":[{"href":"https:\/\/1truenote.com\/en\/wp-json\/wp\/v2\/posts\/3634","targetHints":{"allow":["GET"]}}],"collection":[{"href":"https:\/\/1truenote.com\/en\/wp-json\/wp\/v2\/posts"}],"about":[{"href":"https:\/\/1truenote.com\/en\/wp-json\/wp\/v2\/types\/post"}],"author":[{"embeddable":true,"href":"https:\/\/1truenote.com\/en\/wp-json\/wp\/v2\/users\/1"}],"replies":[{"embeddable":true,"href":"https:\/\/1truenote.com\/en\/wp-json\/wp\/v2\/comments?post=3634"}],"version-history":[{"count":1,"href":"https:\/\/1truenote.com\/en\/wp-json\/wp\/v2\/posts\/3634\/revisions"}],"predecessor-version":[{"id":3637,"href":"https:\/\/1truenote.com\/en\/wp-json\/wp\/v2\/posts\/3634\/revisions\/3637"}],"wp:featuredmedia":[{"embeddable":true,"href":"https:\/\/1truenote.com\/en\/wp-json\/wp\/v2\/media\/3636"}],"wp:attachment":[{"href":"https:\/\/1truenote.com\/en\/wp-json\/wp\/v2\/media?parent=3634"}],"wp:term":[{"taxonomy":"category","embeddable":true,"href":"https:\/\/1truenote.com\/en\/wp-json\/wp\/v2\/categories?post=3634"},{"taxonomy":"post_tag","embeddable":true,"href":"https:\/\/1truenote.com\/en\/wp-json\/wp\/v2\/tags?post=3634"}],"curies":[{"name":"wp","href":"https:\/\/api.w.org\/{rel}","templated":true}]}}