{"id":3630,"date":"2025-07-08T14:00:00","date_gmt":"2025-07-08T17:00:00","guid":{"rendered":"https:\/\/1truenote.com\/?p=3630"},"modified":"2025-07-08T11:55:59","modified_gmt":"2025-07-08T14:55:59","slug":"moveis-com-vidro-transparente-decoracao","status":"publish","type":"post","link":"https:\/\/1truenote.com\/en\/moveis-com-vidro-transparente-decoracao\/","title":{"rendered":"M\u00f3veis com vidro transparente na decora\u00e7\u00e3o: Charme, leveza e sofistica\u00e7\u00e3o"},"content":{"rendered":"<p>Voc\u00ea j\u00e1 reparou como os m\u00f3veis com vidro transparente t\u00eam ganhado cada vez mais espa\u00e7o nos projetos de interiores? N\u00e3o \u00e9 \u00e0 toa! Esse tipo de mobili\u00e1rio entrega uma mistura perfeita de eleg\u00e2ncia, leveza e funcionalidade, transformando qualquer ambiente \u2013 seja cozinha, sala, quarto ou escrit\u00f3rio.<\/p>\n\n\n\n<p>Aqui voc\u00ea vai descobrir tudo sobre m\u00f3veis de vidro, dicas de uso, inspira\u00e7\u00f5es e at\u00e9 tabelas para te ajudar a escolher. Bora deixar sua casa mais sofisticada e moderna?<\/p>\n\n\n\n<hr class=\"wp-block-separator has-alpha-channel-opacity\"\/>\n\n\n\n<h2 id='por-que-escolher-m\u00f3veis-com-vidro-transparente'  class=\"wp-block-heading\">Por que escolher m\u00f3veis com vidro transparente?<\/h2>\n\n\n\n<p>A primeira coisa que o vidro transparente proporciona \u00e9 aquela sensa\u00e7\u00e3o gostosa de amplitude. Sabe quando o espa\u00e7o parece mais aberto, iluminado e clean? O vidro faz exatamente isso! Ele reflete a luz natural, ajuda a integrar ambientes e ainda traz um ar contempor\u00e2neo sem pesar na decora\u00e7\u00e3o.<\/p>\n\n\n\n<p>Outro ponto forte \u00e9 a versatilidade: combina com estilos cl\u00e1ssicos, modernos, industriais, minimalistas\u2026 Ou seja, n\u00e3o tem erro!<\/p>\n\n\n\n<hr class=\"wp-block-separator has-alpha-channel-opacity\"\/>\n\n\n\n<h2 id='principais-tipos-de-m\u00f3veis-com-vidro-transparente'  class=\"wp-block-heading\">Principais tipos de m\u00f3veis com vidro transparente<\/h2>\n\n\n\n<p>Veja alguns m\u00f3veis que voc\u00ea pode apostar para renovar seu d\u00e9cor:<\/p>\n\n\n\n<ul class=\"wp-block-list\">\n<li><strong>Cristaleiras e arm\u00e1rios com portas de vidro:<\/strong> Perfeitos para exibir lou\u00e7as, ta\u00e7as ou objetos de valor afetivo, al\u00e9m de deixar a cozinha ou sala de jantar super chique.<\/li>\n\n\n\n<li><strong>Aparadores e mesas de centro:<\/strong> O tampo de vidro transparente cria leveza, n\u00e3o bloqueia a vis\u00e3o do tapete e ainda \u00e9 f\u00e1cil de limpar.<\/li>\n\n\n\n<li><strong>Prateleiras e estantes:<\/strong> \u00d3timas para ambientes pequenos, pois n\u00e3o sobrecarregam o visual.<\/li>\n\n\n\n<li><strong>Gabinetes de cozinha:<\/strong> Com portas de vidro, deixam os utens\u00edlios \u00e0 vista e facilitam o dia a dia.<\/li>\n\n\n\n<li><strong>Mesas de jantar:<\/strong> O vidro traz eleg\u00e2ncia, combina com cadeiras de v\u00e1rios estilos e valoriza o ambiente.<\/li>\n<\/ul>\n\n\n\n<hr class=\"wp-block-separator has-alpha-channel-opacity\"\/>\n\n\n\n<h2 id='como-usar-m\u00f3veis-de-vidro-na-decora\u00e7\u00e3o'  class=\"wp-block-heading\">Como usar m\u00f3veis de vidro na decora\u00e7\u00e3o<\/h2>\n\n\n\n<ul class=\"wp-block-list\">\n<li><strong>Em ambientes pequenos:<\/strong> Aposte em m\u00f3veis com vidro para ganhar a sensa\u00e7\u00e3o de espa\u00e7o e fluidez.<\/li>\n\n\n\n<li><strong>Para exibir objetos:<\/strong> Cristaleiras ou estantes de vidro s\u00e3o ideais para mostrar cole\u00e7\u00f5es, lou\u00e7as ou at\u00e9 livros.<\/li>\n\n\n\n<li><strong>Mix de materiais:<\/strong> Combine o vidro com madeira, metal ou detalhes em preto para um resultado sofisticado e atual.<\/li>\n\n\n\n<li><strong>Ilumina\u00e7\u00e3o:<\/strong> Se puder, invista em ilumina\u00e7\u00e3o interna (LEDs) nas prateleiras de vidro. O efeito fica de revista!<\/li>\n<\/ul>\n\n\n\n<hr class=\"wp-block-separator has-alpha-channel-opacity\"\/>\n\n\n\n<figure class=\"wp-block-image aligncenter size-medium\"><a href=\"https:\/\/chat.whatsapp.com\/KJBkp5LFJVRIvmt5X3hSEh\" target=\"_blank\" rel=\"noopener\"><img data-recalc-dims=\"1\" fetchpriority=\"high\" decoding=\"async\" width=\"200\" height=\"300\" src=\"https:\/\/i0.wp.com\/1truenote.com\/wp-content\/uploads\/2025\/06\/ChatGPT-Image-3-de-jun.-de-2025-19_04_53.png?resize=200%2C300&#038;ssl=1\" alt=\"chamada banner advetorial whats\" class=\"wp-image-2683\" srcset=\"https:\/\/i0.wp.com\/1truenote.com\/wp-content\/uploads\/2025\/06\/ChatGPT-Image-3-de-jun.-de-2025-19_04_53.png?resize=200%2C300&amp;ssl=1 200w, https:\/\/i0.wp.com\/1truenote.com\/wp-content\/uploads\/2025\/06\/ChatGPT-Image-3-de-jun.-de-2025-19_04_53.png?resize=683%2C1024&amp;ssl=1 683w, https:\/\/i0.wp.com\/1truenote.com\/wp-content\/uploads\/2025\/06\/ChatGPT-Image-3-de-jun.-de-2025-19_04_53.png?resize=768%2C1152&amp;ssl=1 768w, https:\/\/i0.wp.com\/1truenote.com\/wp-content\/uploads\/2025\/06\/ChatGPT-Image-3-de-jun.-de-2025-19_04_53.png?resize=150%2C225&amp;ssl=1 150w, https:\/\/i0.wp.com\/1truenote.com\/wp-content\/uploads\/2025\/06\/ChatGPT-Image-3-de-jun.-de-2025-19_04_53.png?w=1024&amp;ssl=1 1024w\" sizes=\"(max-width: 200px) 100vw, 200px\" \/><\/a><\/figure>\n\n\n\n<hr class=\"wp-block-separator has-alpha-channel-opacity\"\/>\n\n\n\n<h3 id='vantagens-dos-m\u00f3veis-com-vidro-transparente'  class=\"wp-block-heading\">Vantagens dos m\u00f3veis com vidro transparente<\/h3>\n\n\n\n<figure class=\"wp-block-table\"><table class=\"has-fixed-layout\"><thead><tr><th>Vantagem<\/th><th>O que voc\u00ea ganha na pr\u00e1tica?<\/th><\/tr><\/thead><tbody><tr><td>Sensa\u00e7\u00e3o de amplitude<\/td><td>Ambientes mais leves e \u201carejados\u201d<\/td><\/tr><tr><td>Facilidade de limpeza<\/td><td>Super pr\u00e1ticos no dia a dia<\/td><\/tr><tr><td>Estilo atemporal<\/td><td>Nunca saem de moda<\/td><\/tr><tr><td>Destaque para objetos<\/td><td>Lou\u00e7as, copos e at\u00e9 plantinhas \u00e0 mostra<\/td><\/tr><tr><td>Versatilidade<\/td><td>Combina com qualquer estilo de decora\u00e7\u00e3o<\/td><\/tr><\/tbody><\/table><\/figure>\n\n\n\n<hr class=\"wp-block-separator has-alpha-channel-opacity\"\/>\n\n\n\n<a href=\"https:\/\/1truenote.com\/en\/almofadas-na-decoracao-modelos-dicas-e-como-usar\/\" style=\"text-decoration: none;\">\n  <div style=\"display: flex; justify-content: space-between; align-items: center; background: #d44a00; padding: 12px 20px; color: white; font-family: Arial, sans-serif;\">\n    <strong style=\"color: black;\">READ ALSO:<\/strong>\n    <span style=\"margin-left: 8px; flex: 1;\">Almofadas na decora\u00e7\u00e3o com conforto<\/span>\n    <div style=\"background: #f2802f; padding: 8px 12px; border-radius: 2px; margin-left: 10px;\">\n      <span style=\"color: white; font-weight: bold;\">\u27a4<\/span>\n    <\/div>\n  <\/div>\n<\/a>\n\n\n\n<hr class=\"wp-block-separator has-alpha-channel-opacity\"\/>\n\n\n\n<h2 id='dicas-r\u00e1pidas-para-n\u00e3o-errar'  class=\"wp-block-heading\">Dicas r\u00e1pidas para n\u00e3o errar<\/h2>\n\n\n\n<ul class=\"wp-block-list\">\n<li>Vidro temperado \u00e9 sempre mais seguro!<\/li>\n\n\n\n<li>Evite excesso: m\u00f3veis de vidro em todo o ambiente podem perder o efeito leve e ficar \u201cfrio\u201d.<\/li>\n\n\n\n<li>Aposte em detalhes decorativos dentro dos arm\u00e1rios para valorizar ainda mais.<\/li>\n\n\n\n<li>Limpe sempre com pano macio e produtos espec\u00edficos para vidro, para n\u00e3o deixar manchas.<\/li>\n<\/ul>\n\n\n\n<hr class=\"wp-block-separator has-alpha-channel-opacity\"\/>\n\n\n\n<h2 id='inspira\u00e7\u00e3o-em-v\u00eddeo'  class=\"wp-block-heading\">Inspira\u00e7\u00e3o em v\u00eddeo<\/h2>\n\n\n\n<p><a href=\"https:\/\/www.youtube.com\/shorts\/nH-MhiSV9LA\" data-type=\"link\" data-id=\"https:\/\/www.youtube.com\/shorts\/nH-MhiSV9LA\" target=\"_blank\" rel=\"noopener\">Veja este v\u00eddeo no YouTube com ideias incr\u00edveis de m\u00f3veis com vidro na decora\u00e7\u00e3o!<\/a><\/p>\n\n\n\n<p>Olha s\u00f3 esse v\u00eddeo que incr\u00edvel!<\/p>\n\n\n\n<figure class=\"wp-block-embed aligncenter is-type-video is-provider-youtube wp-block-embed-youtube wp-embed-aspect-4-3 wp-has-aspect-ratio\"><div class=\"wp-block-embed__wrapper\">\n<iframe title=\"Buffet e cristaleira na sala de jantar.\" width=\"720\" height=\"540\" src=\"https:\/\/www.youtube.com\/embed\/nH-MhiSV9LA?feature=oembed\" frameborder=\"0\" allow=\"accelerometer; autoplay; clipboard-write; encrypted-media; gyroscope; picture-in-picture; web-share\" referrerpolicy=\"strict-origin-when-cross-origin\" allowfullscreen><\/iframe>\n<\/div><\/figure>\n\n\n\n<hr class=\"wp-block-separator has-alpha-channel-opacity\"\/>\n\n\n\n<h2 id='m\u00f3veis-com-vidro-transparente'  class=\"wp-block-heading\">M\u00f3veis com vidro transparente<\/h2>\n\n\n\n<p>Os m\u00f3veis com vidro transparente s\u00e3o curingas na decora\u00e7\u00e3o! Eles aumentam a luminosidade, trazem leveza e ajudam a valorizar tudo que voc\u00ea tem de bonito em casa. N\u00e3o importa o tamanho do ambiente ou o estilo do seu projeto, o vidro sempre ser\u00e1 um toque de sofistica\u00e7\u00e3o e modernidade.<\/p>\n\n\n\n<p>Se gostou das dicas, compartilhe este artigo e siga para mais inspira\u00e7\u00f5es de decora\u00e7\u00e3o!<\/p>\n\n\n\n<hr class=\"wp-block-separator has-alpha-channel-opacity\"\/>\n\n\n\n<a href=\"https:\/\/1truenote.com\/en\/almofadas-na-decoracao-modelos-dicas-e-como-usar\/\" style=\"text-decoration: none;\">\n  <div style=\"display: flex; justify-content: space-between; align-items: center; background: #d44a00; padding: 12px 20px; color: white; font-family: Arial, sans-serif;\">\n    <strong style=\"color: black;\">READ ALSO:<\/strong>\n    <span style=\"margin-left: 8px; flex: 1;\">Almofadas na decora\u00e7\u00e3o com conforto<\/span>\n    <div style=\"background: #f2802f; padding: 8px 12px; border-radius: 2px; margin-left: 10px;\">\n      <span style=\"color: white; font-weight: bold;\">\u27a4<\/span>\n    <\/div>\n  <\/div>\n<\/a>\n\n\n\n\n<hr class=\"wp-block-separator has-alpha-channel-opacity\"\/>\n\n\n\n<h2 id='faq-d\u00favidas-comuns-sobre-m\u00f3veis-com-vidro-transparente'  class=\"wp-block-heading\">FAQ \u2013 D\u00favidas comuns sobre m\u00f3veis com vidro transparente<\/h2>\n\n\n<div id=\"rank-math-faq\" class=\"rank-math-block\">\n<div class=\"rank-math-list\">\n<div id=\"faq-question-1751985793056\" class=\"rank-math-list-item\">\n<h3 id='vidro-transparente-risca-f\u00e1cil'  class=\"rank-math-question\">Vidro transparente risca f\u00e1cil?<\/h3>\n<div class=\"rank-math-answer\">\n\n<p>Vidro temperado \u00e9 mais resistente, mas sempre use apoio para objetos pesados e evite arrastar pe\u00e7as.<\/p>\n\n<\/div>\n<\/div>\n<div id=\"faq-question-1751985794003\" class=\"rank-math-list-item\">\n<h3 id='\u00e9-perigoso-para-quem-tem-crian\u00e7as'  class=\"rank-math-question\">\u00c9 perigoso para quem tem crian\u00e7as?<\/h3>\n<div class=\"rank-math-answer\">\n\n<p>D\u00ea prefer\u00eancia para m\u00f3veis com cantos arredondados ou protetores, e sempre escolha vidro temperado.<\/p>\n\n<\/div>\n<\/div>\n<div id=\"faq-question-1751985794864\" class=\"rank-math-list-item\">\n<h3 id='precisa-de-manuten\u00e7\u00e3o-especial'  class=\"rank-math-question\">Precisa de manuten\u00e7\u00e3o especial?<\/h3>\n<div class=\"rank-math-answer\">\n\n<p>N\u00e3o! Basta limpar com pano \u00famido e detergente neutro, e secar bem para evitar manchas.<\/p>\n\n<\/div>\n<\/div>\n<div id=\"faq-question-1751985820648\" class=\"rank-math-list-item\">\n<h3 id='combina-com-ambiente-r\u00fastico'  class=\"rank-math-question\">Combina com ambiente r\u00fastico?<\/h3>\n<div class=\"rank-math-answer\">\n\n<p>Super combina! O vidro quebra o peso visual da madeira e deixa o espa\u00e7o mais equilibrado.<\/p>\n\n<\/div>\n<\/div>\n<\/div>\n<\/div>\n\n\n<figure class=\"wp-block-image aligncenter size-large\"><img data-recalc-dims=\"1\" decoding=\"async\" width=\"1024\" height=\"683\" src=\"https:\/\/i0.wp.com\/1truenote.com\/wp-content\/uploads\/2025\/07\/ChatGPT-Image-8-de-jul.-de-2025-11_55_21.png?resize=1024%2C683&#038;ssl=1\" alt=\"m\u00f3veis com vidro transparente\" class=\"wp-image-3632\" srcset=\"https:\/\/i0.wp.com\/1truenote.com\/wp-content\/uploads\/2025\/07\/ChatGPT-Image-8-de-jul.-de-2025-11_55_21.png?resize=1024%2C683&amp;ssl=1 1024w, https:\/\/i0.wp.com\/1truenote.com\/wp-content\/uploads\/2025\/07\/ChatGPT-Image-8-de-jul.-de-2025-11_55_21.png?resize=300%2C200&amp;ssl=1 300w, https:\/\/i0.wp.com\/1truenote.com\/wp-content\/uploads\/2025\/07\/ChatGPT-Image-8-de-jul.-de-2025-11_55_21.png?resize=768%2C512&amp;ssl=1 768w, https:\/\/i0.wp.com\/1truenote.com\/wp-content\/uploads\/2025\/07\/ChatGPT-Image-8-de-jul.-de-2025-11_55_21.png?resize=150%2C100&amp;ssl=1 150w, https:\/\/i0.wp.com\/1truenote.com\/wp-content\/uploads\/2025\/07\/ChatGPT-Image-8-de-jul.-de-2025-11_55_21.png?w=1536&amp;ssl=1 1536w\" sizes=\"(max-width: 1024px) 100vw, 1024px\" \/><\/figure>","protected":false},"excerpt":{"rendered":"<p>Voc\u00ea j\u00e1 reparou como os m\u00f3veis com vidro transparente t\u00eam ganhado cada vez mais espa\u00e7o nos projetos de interiores? N\u00e3o&#8230;<\/p>","protected":false},"author":1,"featured_media":3632,"comment_status":"open","ping_status":"open","sticky":false,"template":"","format":"standard","meta":{"_kad_post_transparent":"","_kad_post_title":"","_kad_post_layout":"","_kad_post_sidebar_id":"","_kad_post_content_style":"","_kad_post_vertical_padding":"","_kad_post_feature":"","_kad_post_feature_position":"","_kad_post_header":false,"_kad_post_footer":false,"_kad_post_classname":"","footnotes":"","jetpack_publicize_message":"Voc\u00ea j\u00e1 reparou como os m\u00f3veis com vidro transparente t\u00eam ganhado cada vez mais espa\u00e7o nos projetos de interiores? N\u00e3o \u00e9 \u00e0 toa! Esse tipo de mobili\u00e1rio entrega uma mistura perfeita de eleg\u00e2ncia, leveza e funcionalidade, transformando qualquer ambiente \u2013 seja cozinha, sala, quarto ou escrit\u00f3rio.\n\n#carvalhoconsultoriabrasil #truenote #decor #decoracao #espelho #vidro #transparente","jetpack_publicize_feature_enabled":true,"jetpack_social_post_already_shared":true,"jetpack_social_options":{"image_generator_settings":{"template":"highway","default_image_id":0,"enabled":false},"version":2}},"categories":[16,1],"tags":[13,14,12],"class_list":["post-3630","post","type-post","status-publish","format-standard","has-post-thumbnail","hentry","category-casa-e-jardim","category-novidades","tag-minimalista","tag-interiores-inovadores","tag-projetos-inovadores"],"jetpack_publicize_connections":[],"jetpack_featured_media_url":"https:\/\/i0.wp.com\/1truenote.com\/wp-content\/uploads\/2025\/07\/ChatGPT-Image-8-de-jul.-de-2025-11_55_21.png?fit=1536%2C1024&ssl=1","jetpack_sharing_enabled":true,"_links":{"self":[{"href":"https:\/\/1truenote.com\/en\/wp-json\/wp\/v2\/posts\/3630","targetHints":{"allow":["GET"]}}],"collection":[{"href":"https:\/\/1truenote.com\/en\/wp-json\/wp\/v2\/posts"}],"about":[{"href":"https:\/\/1truenote.com\/en\/wp-json\/wp\/v2\/types\/post"}],"author":[{"embeddable":true,"href":"https:\/\/1truenote.com\/en\/wp-json\/wp\/v2\/users\/1"}],"replies":[{"embeddable":true,"href":"https:\/\/1truenote.com\/en\/wp-json\/wp\/v2\/comments?post=3630"}],"version-history":[{"count":1,"href":"https:\/\/1truenote.com\/en\/wp-json\/wp\/v2\/posts\/3630\/revisions"}],"predecessor-version":[{"id":3633,"href":"https:\/\/1truenote.com\/en\/wp-json\/wp\/v2\/posts\/3630\/revisions\/3633"}],"wp:featuredmedia":[{"embeddable":true,"href":"https:\/\/1truenote.com\/en\/wp-json\/wp\/v2\/media\/3632"}],"wp:attachment":[{"href":"https:\/\/1truenote.com\/en\/wp-json\/wp\/v2\/media?parent=3630"}],"wp:term":[{"taxonomy":"category","embeddable":true,"href":"https:\/\/1truenote.com\/en\/wp-json\/wp\/v2\/categories?post=3630"},{"taxonomy":"post_tag","embeddable":true,"href":"https:\/\/1truenote.com\/en\/wp-json\/wp\/v2\/tags?post=3630"}],"curies":[{"name":"wp","href":"https:\/\/api.w.org\/{rel}","templated":true}]}}