{"id":3627,"date":"2025-07-08T12:00:00","date_gmt":"2025-07-08T15:00:00","guid":{"rendered":"https:\/\/1truenote.com\/?p=3627"},"modified":"2025-07-08T11:20:14","modified_gmt":"2025-07-08T14:20:14","slug":"guarda-roupa-com-espelho-decoracao","status":"publish","type":"post","link":"https:\/\/1truenote.com\/en\/guarda-roupa-com-espelho-decoracao\/","title":{"rendered":"Guarda-roupa com espelho: O truque de decora\u00e7\u00e3o que amplia e transforma seu quarto"},"content":{"rendered":"<p>Sabe aquele m\u00f3vel que faz toda a diferen\u00e7a no quarto \u2014 n\u00e3o s\u00f3 na organiza\u00e7\u00e3o, mas tamb\u00e9m na decora\u00e7\u00e3o?<\/p>\n\n\n\n<p>O guarda-roupa com espelho \u00e9 o verdadeiro queridinho de quem quer praticidade, amplitude visual e um toque de eleg\u00e2ncia, tudo junto no mesmo espa\u00e7o. E n\u00e3o \u00e9 por acaso que esse tipo de arm\u00e1rio tem ganhado cada vez mais f\u00e3s!<\/p>\n\n\n\n<hr class=\"wp-block-separator has-alpha-channel-opacity\"\/>\n\n\n\n<h2 id='guarda-roupa-com-espelho-muito-al\u00e9m-da-est\u00e9tica'  class=\"wp-block-heading\">Guarda-roupa com espelho: Muito al\u00e9m da est\u00e9tica<\/h2>\n\n\n\n<p>Quando pensamos em guarda-roupa com espelho, logo vem \u00e0 cabe\u00e7a aquele quarto mais amplo, com a sensa\u00e7\u00e3o de leveza e modernidade. O espelho reflete a luz natural, multiplica o ambiente e ainda ajuda na hora de compor o look. Sabe aquele cantinho que parecia apertado? Com um guarda-roupa espelhado, ele se transforma e at\u00e9 parece que ganhou metros a mais.<\/p>\n\n\n\n<p>Al\u00e9m disso, o espelho \u00e9 super democr\u00e1tico: combina com estilos de decora\u00e7\u00e3o cl\u00e1ssicos, modernos, minimalistas e at\u00e9 industriais. E o melhor, cabe em quartos pequenos e grandes!<\/p>\n\n\n\n<hr class=\"wp-block-separator has-alpha-channel-opacity\"\/>\n\n\n\n<h2 id='principais-vantagens-do-guarda-roupa-com-espelho'  class=\"wp-block-heading\">Principais vantagens do guarda-roupa com espelho<\/h2>\n\n\n\n<p>Olha s\u00f3 quantos benef\u00edcios um guarda-roupa espelhado pode trazer para seu dia a dia e para a decora\u00e7\u00e3o:<\/p>\n\n\n\n<ul class=\"wp-block-list\">\n<li><strong>Amplo efeito visual:<\/strong> O ambiente parece maior e mais iluminado<\/li>\n\n\n\n<li><strong>Facilita a rotina:<\/strong> N\u00e3o precisa de espelho extra para conferir o visual<\/li>\n\n\n\n<li><strong>Valoriza o projeto:<\/strong> D\u00e1 um ar sofisticado ao quarto sem gastar muito<\/li>\n\n\n\n<li><strong>Reflete a luz:<\/strong> Aproveita ao m\u00e1ximo a ilumina\u00e7\u00e3o natural ou artificial<\/li>\n\n\n\n<li><strong>Praticidade:<\/strong> Garante mais funcionalidade em quartos compactos<\/li>\n\n\n\n<li><strong>Versatilidade:<\/strong> Combina com diferentes estilos e cores de ambiente<\/li>\n<\/ul>\n\n\n\n<hr class=\"wp-block-separator has-alpha-channel-opacity\"\/>\n\n\n\n<h2 id='modelos-de-guarda-roupa-com-espelho-e-como-escolher-o-ideal'  class=\"wp-block-heading\">Modelos de guarda-roupa com espelho e como escolher o ideal<\/h2>\n\n\n\n<figure class=\"wp-block-table\"><table class=\"has-fixed-layout\"><thead><tr><th>Modelo<\/th><th>Indica\u00e7\u00e3o<\/th><th>Dica extra<\/th><\/tr><\/thead><tbody><tr><td>Portas de correr<\/td><td>Quartos pequenos, otimiza circula\u00e7\u00e3o<\/td><td>Prefira espelho em toda a folha<\/td><\/tr><tr><td>Portas convencionais<\/td><td>Espa\u00e7os maiores ou quartos cl\u00e1ssicos<\/td><td>Espelho central para equil\u00edbrio<\/td><\/tr><tr><td>Espelho total<\/td><td>Visual amplo, para ambientes modernos<\/td><td>Ideal para quem busca amplitude<\/td><\/tr><tr><td>Detalhe espelhado<\/td><td>Toque sutil, f\u00e1cil de combinar com tudo<\/td><td>\u00d3timo para quem quer s\u00f3 um \u201cup\u201d<\/td><\/tr><tr><td>Embutido no arm\u00e1rio<\/td><td>Discreto, perfeito para quartos minimalistas<\/td><td>Integra\u00e7\u00e3o com outros acabamentos<\/td><\/tr><\/tbody><\/table><\/figure>\n\n\n\n<hr class=\"wp-block-separator has-alpha-channel-opacity\"\/>\n\n\n\n<a href=\"https:\/\/1truenote.com\/en\/puffs-na-decoracao-modelos-e-ideias-para-usar\/\" style=\"text-decoration: none;\">\n  <div style=\"display: flex; justify-content: space-between; align-items: center; background: #d44a00; padding: 12px 20px; color: white; font-family: Arial, sans-serif;\">\n    <strong style=\"color: black;\">READ ALSO:<\/strong>\n    <span style=\"margin-left: 8px; flex: 1;\">Puffs na decora\u00e7\u00e3o com modelos<\/span>\n    <div style=\"background: #f2802f; padding: 8px 12px; border-radius: 2px; margin-left: 10px;\">\n      <span style=\"color: white; font-weight: bold;\">\u27a4<\/span>\n    <\/div>\n  <\/div>\n<\/a>\n\n\n\n<hr class=\"wp-block-separator has-alpha-channel-opacity\"\/>\n\n\n\n<h2 id='como-usar-o-guarda-roupa-com-espelho-para-valorizar-seu-quarto'  class=\"wp-block-heading\">Como usar o guarda-roupa com espelho para valorizar seu quarto<\/h2>\n\n\n\n<ul class=\"wp-block-list\">\n<li><strong>Aposte na ilumina\u00e7\u00e3o:<\/strong> Espelho reflete luz! Uma lumin\u00e1ria perto do guarda-roupa deixa o ambiente ainda mais aconchegante.<\/li>\n\n\n\n<li><strong>Evite polui\u00e7\u00e3o visual:<\/strong> Se o espelho for muito grande, prefira paredes de tons neutros para equilibrar.<\/li>\n\n\n\n<li><strong>Use espelho para esconder arm\u00e1rios:<\/strong> Em quartos pequenos, o espelho \u201ccamufla\u201d o m\u00f3vel, deixando tudo mais clean.<\/li>\n\n\n\n<li><strong>Combine com m\u00f3veis claros:<\/strong> Isso real\u00e7a ainda mais a sensa\u00e7\u00e3o de espa\u00e7o.<\/li>\n\n\n\n<li><strong>Espelho e organiza\u00e7\u00e3o:<\/strong> Com tudo arrumado, o espelho multiplica a sensa\u00e7\u00e3o de ordem.<\/li>\n<\/ul>\n\n\n\n<hr class=\"wp-block-separator has-alpha-channel-opacity\"\/>\n\n\n\n<figure class=\"wp-block-image aligncenter size-medium\"><a href=\"https:\/\/chat.whatsapp.com\/KJBkp5LFJVRIvmt5X3hSEh\" target=\"_blank\" rel=\"noopener\"><img data-recalc-dims=\"1\" fetchpriority=\"high\" decoding=\"async\" width=\"200\" height=\"300\" src=\"https:\/\/i0.wp.com\/1truenote.com\/wp-content\/uploads\/2025\/06\/ChatGPT-Image-3-de-jun.-de-2025-19_04_53.png?resize=200%2C300&#038;ssl=1\" alt=\"chamada banner advetorial whats\" class=\"wp-image-2683\" srcset=\"https:\/\/i0.wp.com\/1truenote.com\/wp-content\/uploads\/2025\/06\/ChatGPT-Image-3-de-jun.-de-2025-19_04_53.png?resize=200%2C300&amp;ssl=1 200w, https:\/\/i0.wp.com\/1truenote.com\/wp-content\/uploads\/2025\/06\/ChatGPT-Image-3-de-jun.-de-2025-19_04_53.png?resize=683%2C1024&amp;ssl=1 683w, https:\/\/i0.wp.com\/1truenote.com\/wp-content\/uploads\/2025\/06\/ChatGPT-Image-3-de-jun.-de-2025-19_04_53.png?resize=768%2C1152&amp;ssl=1 768w, https:\/\/i0.wp.com\/1truenote.com\/wp-content\/uploads\/2025\/06\/ChatGPT-Image-3-de-jun.-de-2025-19_04_53.png?resize=150%2C225&amp;ssl=1 150w, https:\/\/i0.wp.com\/1truenote.com\/wp-content\/uploads\/2025\/06\/ChatGPT-Image-3-de-jun.-de-2025-19_04_53.png?w=1024&amp;ssl=1 1024w\" sizes=\"(max-width: 200px) 100vw, 200px\" \/><\/a><\/figure>\n\n\n\n<hr class=\"wp-block-separator has-alpha-channel-opacity\"\/>\n\n\n\n<h2 id='dicas-extras-para-aproveitar-melhor-o-guarda-roupa-espelhado'  class=\"wp-block-heading\">Dicas extras para aproveitar melhor o guarda-roupa espelhado<\/h2>\n\n\n\n<ul class=\"wp-block-list\">\n<li>Cuidado com o excesso de reflexos, principalmente em frente \u00e0 janela: pode causar desconforto visual.<\/li>\n\n\n\n<li>Manuten\u00e7\u00e3o \u00e9 simples: pano seco ou levemente \u00famido, sem produtos abrasivos.<\/li>\n\n\n\n<li>Espelhos podem ser usados at\u00e9 em quartos infantis, mas escolha modelos resistentes e seguros.<\/li>\n<\/ul>\n\n\n\n<hr class=\"wp-block-separator has-alpha-channel-opacity\"\/>\n\n\n\n<h2 id='encerramentoliado'  class=\"wp-block-heading\">Encerramento ampliado<\/h2>\n\n\n\n<p>No fim das contas, o guarda-roupa com espelho \u00e9 aquele tipo de investimento certeiro: al\u00e9m de otimizar espa\u00e7o, ele transforma a decora\u00e7\u00e3o e facilita a vida de quem ama praticidade e estilo. Vale para quartos de solteiro, casal, h\u00f3spedes ou at\u00e9 kids.<\/p>\n\n\n\n<p>O segredo est\u00e1 em escolher um modelo que dialogue com a proposta do ambiente, aproveitando todos os benef\u00edcios do espelho.<\/p>\n\n\n\n<p>Ent\u00e3o, que tal dar esse upgrade no seu quarto? Se joga sem medo! Conta pra gente nos coment\u00e1rios: voc\u00ea j\u00e1 usa guarda-roupa com espelho? Tem alguma dica ou d\u00favida? Compartilhe!<\/p>\n\n\n\n<hr class=\"wp-block-separator has-alpha-channel-opacity\"\/>\n\n\n\n<a href=\"https:\/\/1truenote.com\/en\/puffs-na-decoracao-modelos-e-ideias-para-usar\/\" style=\"text-decoration: none;\">\n  <div style=\"display: flex; justify-content: space-between; align-items: center; background: #d44a00; padding: 12px 20px; color: white; font-family: Arial, sans-serif;\">\n    <strong style=\"color: black;\">READ ALSO:<\/strong>\n    <span style=\"margin-left: 8px; flex: 1;\">Puffs na decora\u00e7\u00e3o com modelos<\/span>\n    <div style=\"background: #f2802f; padding: 8px 12px; border-radius: 2px; margin-left: 10px;\">\n      <span style=\"color: white; font-weight: bold;\">\u27a4<\/span>\n    <\/div>\n  <\/div>\n<\/a>\n\n\n\n\n<hr class=\"wp-block-separator has-alpha-channel-opacity\"\/>\n\n\n\n<h2 id='faq-d\u00favidas-comuns-sobre-guarda-roupa-com-espelho'  class=\"wp-block-heading\">FAQ \u2013 D\u00favidas comuns sobre guarda-roupa com espelho<\/h2>\n\n\n<div id=\"rank-math-faq\" class=\"rank-math-block\">\n<div class=\"rank-math-list\">\n<div id=\"faq-question-1751982642938\" class=\"rank-math-list-item\">\n<h3 id='guarda-roupa-com-espelho-risca-f\u00e1cil'  class=\"rank-math-question\">Guarda-roupa com espelho risca f\u00e1cil?<\/h3>\n<div class=\"rank-math-answer\">\n\n<p>Se o vidro for de boa qualidade, n\u00e3o! Mas sempre vale evitar impactos e limpar com cuidado.<\/p>\n\n<\/div>\n<\/div>\n<div id=\"faq-question-1751982644324\" class=\"rank-math-list-item\">\n<h3 id='espelho-no-guarda-roupa-deixa-o-quarto-frio'  class=\"rank-math-question\">Espelho no guarda-roupa deixa o quarto frio?<\/h3>\n<div class=\"rank-math-answer\">\n\n<p>Nada disso! O que pode acontecer \u00e9 refletir mais luz, deixando o espa\u00e7o mais iluminado.<\/p>\n\n<\/div>\n<\/div>\n<div id=\"faq-question-1751982790446\" class=\"rank-math-list-item\">\n<h3 id='qual-o-melhor-lugar-para-posicionar'  class=\"rank-math-question\">Qual o melhor lugar para posicionar?<\/h3>\n<div class=\"rank-math-answer\">\n\n<p>Evite paredes que recebam luz direta de manh\u00e3 (para n\u00e3o ofuscar). O ideal \u00e9 onde o reflexo valorize o ambiente.<\/p>\n\n<\/div>\n<\/div>\n<div id=\"faq-question-1751982809381\" class=\"rank-math-list-item\">\n<h3 id='d\u00e1-para-colocar-espelho-em-um-arm\u00e1rio-antigo'  class=\"rank-math-question\">D\u00e1 para colocar espelho em um arm\u00e1rio antigo?<\/h3>\n<div class=\"rank-math-answer\">\n\n<p>Com certeza! Basta contratar um vidraceiro e adaptar o modelo, trazendo um visual novo sem trocar o m\u00f3vel.<\/p>\n\n<\/div>\n<\/div>\n<div id=\"faq-question-1751982814442\" class=\"rank-math-list-item\">\n<h3 id='tem-v\u00eddeo-mostrando-como-valorizar-o-quarto-com-espelho'  class=\"rank-math-question\">Tem v\u00eddeo mostrando como valorizar o quarto com espelho?<\/h3>\n<div class=\"rank-math-answer\">\n\n<p>Sim! Procure no YouTube por \u201cGuarda-roupa com espelho: dicas de decora\u00e7\u00e3o\u201d e veja transforma\u00e7\u00f5es reais.<\/p>\n\n<\/div>\n<\/div>\n<\/div>\n<\/div>\n\n\n<figure class=\"wp-block-image aligncenter size-large\"><img data-recalc-dims=\"1\" decoding=\"async\" width=\"1024\" height=\"683\" src=\"https:\/\/i0.wp.com\/1truenote.com\/wp-content\/uploads\/2025\/07\/ChatGPT-Image-8-de-jul.-de-2025-11_18_53.png?resize=1024%2C683&#038;ssl=1\" alt=\"guarda-roupa com espelho\" class=\"wp-image-3628\" srcset=\"https:\/\/i0.wp.com\/1truenote.com\/wp-content\/uploads\/2025\/07\/ChatGPT-Image-8-de-jul.-de-2025-11_18_53.png?resize=1024%2C683&amp;ssl=1 1024w, https:\/\/i0.wp.com\/1truenote.com\/wp-content\/uploads\/2025\/07\/ChatGPT-Image-8-de-jul.-de-2025-11_18_53.png?resize=300%2C200&amp;ssl=1 300w, https:\/\/i0.wp.com\/1truenote.com\/wp-content\/uploads\/2025\/07\/ChatGPT-Image-8-de-jul.-de-2025-11_18_53.png?resize=768%2C512&amp;ssl=1 768w, https:\/\/i0.wp.com\/1truenote.com\/wp-content\/uploads\/2025\/07\/ChatGPT-Image-8-de-jul.-de-2025-11_18_53.png?resize=150%2C100&amp;ssl=1 150w, https:\/\/i0.wp.com\/1truenote.com\/wp-content\/uploads\/2025\/07\/ChatGPT-Image-8-de-jul.-de-2025-11_18_53.png?w=1536&amp;ssl=1 1536w\" sizes=\"(max-width: 1024px) 100vw, 1024px\" \/><\/figure>","protected":false},"excerpt":{"rendered":"<p>Sabe aquele m\u00f3vel que faz toda a diferen\u00e7a no quarto \u2014 n\u00e3o s\u00f3 na organiza\u00e7\u00e3o, mas tamb\u00e9m na decora\u00e7\u00e3o? O&#8230;<\/p>","protected":false},"author":1,"featured_media":3628,"comment_status":"open","ping_status":"open","sticky":false,"template":"","format":"standard","meta":{"_kad_post_transparent":"","_kad_post_title":"","_kad_post_layout":"","_kad_post_sidebar_id":"","_kad_post_content_style":"","_kad_post_vertical_padding":"","_kad_post_feature":"","_kad_post_feature_position":"","_kad_post_header":false,"_kad_post_footer":false,"_kad_post_classname":"","footnotes":"","jetpack_publicize_message":"Sabe aquele m\u00f3vel que faz toda a diferen\u00e7a no quarto \u2014 n\u00e3o s\u00f3 na organiza\u00e7\u00e3o, mas tamb\u00e9m na decora\u00e7\u00e3o?\n\nO guarda-roupa com espelho \u00e9 o verdadeiro queridinho de quem quer praticidade, amplitude visual e um toque de eleg\u00e2ncia, tudo junto no mesmo espa\u00e7o. E n\u00e3o \u00e9 por acaso que esse tipo de arm\u00e1rio tem ganhado cada vez mais f\u00e3s!\n\n#carvalhoconsultoriabrasil #truenote #decor #decoracao #quarto #espelho #guardaroupa","jetpack_publicize_feature_enabled":true,"jetpack_social_post_already_shared":true,"jetpack_social_options":{"image_generator_settings":{"template":"highway","default_image_id":0,"enabled":false},"version":2}},"categories":[16],"tags":[13,14,12],"class_list":["post-3627","post","type-post","status-publish","format-standard","has-post-thumbnail","hentry","category-casa-e-jardim","tag-minimalista","tag-interiores-inovadores","tag-projetos-inovadores"],"jetpack_publicize_connections":[],"jetpack_featured_media_url":"https:\/\/i0.wp.com\/1truenote.com\/wp-content\/uploads\/2025\/07\/ChatGPT-Image-8-de-jul.-de-2025-11_18_53.png?fit=1536%2C1024&ssl=1","jetpack_sharing_enabled":true,"_links":{"self":[{"href":"https:\/\/1truenote.com\/en\/wp-json\/wp\/v2\/posts\/3627","targetHints":{"allow":["GET"]}}],"collection":[{"href":"https:\/\/1truenote.com\/en\/wp-json\/wp\/v2\/posts"}],"about":[{"href":"https:\/\/1truenote.com\/en\/wp-json\/wp\/v2\/types\/post"}],"author":[{"embeddable":true,"href":"https:\/\/1truenote.com\/en\/wp-json\/wp\/v2\/users\/1"}],"replies":[{"embeddable":true,"href":"https:\/\/1truenote.com\/en\/wp-json\/wp\/v2\/comments?post=3627"}],"version-history":[{"count":1,"href":"https:\/\/1truenote.com\/en\/wp-json\/wp\/v2\/posts\/3627\/revisions"}],"predecessor-version":[{"id":3629,"href":"https:\/\/1truenote.com\/en\/wp-json\/wp\/v2\/posts\/3627\/revisions\/3629"}],"wp:featuredmedia":[{"embeddable":true,"href":"https:\/\/1truenote.com\/en\/wp-json\/wp\/v2\/media\/3628"}],"wp:attachment":[{"href":"https:\/\/1truenote.com\/en\/wp-json\/wp\/v2\/media?parent=3627"}],"wp:term":[{"taxonomy":"category","embeddable":true,"href":"https:\/\/1truenote.com\/en\/wp-json\/wp\/v2\/categories?post=3627"},{"taxonomy":"post_tag","embeddable":true,"href":"https:\/\/1truenote.com\/en\/wp-json\/wp\/v2\/tags?post=3627"}],"curies":[{"name":"wp","href":"https:\/\/api.w.org\/{rel}","templated":true}]}}