{"id":3610,"date":"2025-07-08T10:00:00","date_gmt":"2025-07-08T13:00:00","guid":{"rendered":"https:\/\/1truenote.com\/?p=3610"},"modified":"2025-07-07T17:15:06","modified_gmt":"2025-07-07T20:15:06","slug":"puffs-na-decoracao-modelos-e-ideias-para-usar","status":"publish","type":"post","link":"https:\/\/1truenote.com\/en\/puffs-na-decoracao-modelos-e-ideias-para-usar\/","title":{"rendered":"Puffs na decora\u00e7\u00e3o com modelos, dicas e ideias para transformar qualquer ambiente"},"content":{"rendered":"<p>J\u00e1 percebeu como um simples puff pode mudar totalmente o clima da sua casa? Eles s\u00e3o aqueles curingas que, al\u00e9m de super funcionais, d\u00e3o um charme \u00fanico para qualquer cantinho.<\/p>\n\n\n\n<p>N\u00e3o importa se sua casa \u00e9 gigante ou se \u00e9 um ap\u00ea compacto \u2014 tem puff para todo estilo e necessidade!<\/p>\n\n\n\n<hr class=\"wp-block-separator has-alpha-channel-opacity\"\/>\n\n\n\n<h2 id='puffs-na-decora\u00e7\u00e3o-por-que-s\u00e3o-t\u00e3o-queridinhos'  class=\"wp-block-heading\">Puffs na decora\u00e7\u00e3o: Por que s\u00e3o t\u00e3o queridinhos?<\/h2>\n\n\n\n<p>Quando pensamos em puffs na decora\u00e7\u00e3o, logo vem \u00e0 cabe\u00e7a a praticidade e o conforto, n\u00e9? Eles ocupam pouco espa\u00e7o, s\u00e3o f\u00e1ceis de transportar e, de quebra, ainda trazem um toque moderno e despojado ao ambiente. E olha, n\u00e3o \u00e9 exagero: os puffs est\u00e3o em alta justamente por isso!<\/p>\n\n\n\n<p>Al\u00e9m de servirem como assento extra quando chegam visitas, tamb\u00e9m funcionam como apoio para os p\u00e9s, mesinhas improvisadas ou at\u00e9 mesmo substituem aquela poltrona que faltava no quarto.<\/p>\n\n\n\n<hr class=\"wp-block-separator has-alpha-channel-opacity\"\/>\n\n\n\n<h2 id='principais-modelos-de-puffs-e-onde-usar-cada-um'  class=\"wp-block-heading\">Principais modelos de puffs e onde usar cada um<\/h2>\n\n\n\n<ul class=\"wp-block-list\">\n<li><strong>Puff redondo:<\/strong> Cl\u00e1ssico e vers\u00e1til, fica \u00f3timo tanto na sala quanto no quarto.<\/li>\n\n\n\n<li><strong>Puff ba\u00fa:<\/strong> Ideal para quem precisa de espa\u00e7o extra para guardar coisas sem perder o estilo.<\/li>\n\n\n\n<li><strong>Puff quadrado:<\/strong> Mais estruturado, combina com decora\u00e7\u00f5es modernas e minimalistas.<\/li>\n\n\n\n<li><strong>Puff de tric\u00f4 ou croch\u00ea:<\/strong> Perfeito para dar um toque artesanal e aconchegante.<\/li>\n\n\n\n<li><strong>Puff infl\u00e1vel:<\/strong> Super pr\u00e1tico para ambientes descontra\u00eddos ou at\u00e9 para levar para \u00e1reas externas.<\/li>\n\n\n\n<li><strong>Puff gigante tipo \u201cfuton\u201d\/saco:<\/strong> A escolha dos descolados! \u00d3timo para ambientes jovens, home office ou at\u00e9 varanda.<\/li>\n<\/ul>\n\n\n\n<h3 id='onde-usar-puffs-na-decora\u00e7\u00e3o'  class=\"wp-block-heading\">Onde usar puffs na decora\u00e7\u00e3o?<\/h3>\n\n\n\n<ul class=\"wp-block-list\">\n<li><strong>Sala de estar:<\/strong> Como apoio para os p\u00e9s ou assento extra.<\/li>\n\n\n\n<li><strong>Quarto:<\/strong> No cantinho da leitura, aos p\u00e9s da cama ou at\u00e9 como mesa de cabeceira improvisada.<\/li>\n\n\n\n<li><strong>Quarto infantil:<\/strong> Os pequenos amam, al\u00e9m de ser seguro e multiuso.<\/li>\n\n\n\n<li><strong>Varanda ou \u00e1rea gourmet:<\/strong> Modelos imperme\u00e1veis d\u00e3o cor e descontra\u00e7\u00e3o.<\/li>\n\n\n\n<li><strong>Closet:<\/strong> Ajuda na hora de cal\u00e7ar sapatos, sem ocupar espa\u00e7o demais.<\/li>\n<\/ul>\n\n\n\n<hr class=\"wp-block-separator has-alpha-channel-opacity\"\/>\n\n\n\n<h2 id='benef\u00edcios-dos-puffs-na-decora\u00e7\u00e3o'  class=\"wp-block-heading\">Benef\u00edcios dos puffs na decora\u00e7\u00e3o<\/h2>\n\n\n\n<p>Al\u00e9m da beleza, puffs trazem aquele aconchego imediato. Sabe quando voc\u00ea quer relaxar, colocar as pernas para cima ou s\u00f3 jogar um \u201ccorpo mole\u201d depois de um dia cansativo? Eles s\u00e3o perfeitos para isso!<\/p>\n\n\n\n<p><strong>Vantagens em resumo:<\/strong><\/p>\n\n\n\n<ul class=\"wp-block-list\">\n<li>Adaptam-se facilmente a diferentes estilos<\/li>\n\n\n\n<li>S\u00e3o acess\u00edveis e f\u00e1ceis de trocar ou renovar<\/li>\n\n\n\n<li>Solu\u00e7\u00e3o pr\u00e1tica para ambientes pequenos<\/li>\n\n\n\n<li>Facilitam a circula\u00e7\u00e3o, j\u00e1 que podem ser levados de um canto para outro<\/li>\n\n\n\n<li>Podem ser feitos sob medida ou at\u00e9 personalizados (DIY com tecido, croch\u00ea, jeans, etc.)<\/li>\n<\/ul>\n\n\n\n<hr class=\"wp-block-separator has-alpha-channel-opacity\"\/>\n\n\n\n<figure class=\"wp-block-image aligncenter size-medium\"><a href=\"https:\/\/chat.whatsapp.com\/KJBkp5LFJVRIvmt5X3hSEh\" target=\"_blank\" rel=\"noopener\"><img data-recalc-dims=\"1\" fetchpriority=\"high\" decoding=\"async\" width=\"200\" height=\"300\" src=\"https:\/\/i0.wp.com\/1truenote.com\/wp-content\/uploads\/2025\/06\/ChatGPT-Image-3-de-jun.-de-2025-19_04_53.png?resize=200%2C300&#038;ssl=1\" alt=\"chamada banner advetorial whats\" class=\"wp-image-2683\" srcset=\"https:\/\/i0.wp.com\/1truenote.com\/wp-content\/uploads\/2025\/06\/ChatGPT-Image-3-de-jun.-de-2025-19_04_53.png?resize=200%2C300&amp;ssl=1 200w, https:\/\/i0.wp.com\/1truenote.com\/wp-content\/uploads\/2025\/06\/ChatGPT-Image-3-de-jun.-de-2025-19_04_53.png?resize=683%2C1024&amp;ssl=1 683w, https:\/\/i0.wp.com\/1truenote.com\/wp-content\/uploads\/2025\/06\/ChatGPT-Image-3-de-jun.-de-2025-19_04_53.png?resize=768%2C1152&amp;ssl=1 768w, https:\/\/i0.wp.com\/1truenote.com\/wp-content\/uploads\/2025\/06\/ChatGPT-Image-3-de-jun.-de-2025-19_04_53.png?resize=150%2C225&amp;ssl=1 150w, https:\/\/i0.wp.com\/1truenote.com\/wp-content\/uploads\/2025\/06\/ChatGPT-Image-3-de-jun.-de-2025-19_04_53.png?w=1024&amp;ssl=1 1024w\" sizes=\"(max-width: 200px) 100vw, 200px\" \/><\/a><\/figure>\n\n\n\n<hr class=\"wp-block-separator has-alpha-channel-opacity\"\/>\n\n\n\n<h2 id='como-escolher-o-puff-ideal-para-cada-ambiente'  class=\"wp-block-heading\">Como escolher o puff ideal para cada ambiente?<\/h2>\n\n\n\n<p>Aqui vai um mini guia r\u00e1pido para te ajudar:<\/p>\n\n\n\n<figure class=\"wp-block-table\"><table class=\"has-fixed-layout\"><thead><tr><th>Ambiente<\/th><th>Modelo ideal<\/th><th>Dica extra<\/th><\/tr><\/thead><tbody><tr><td>Sala de estar<\/td><td>Puff quadrado\/ba\u00fa<\/td><td>Combine com o tapete para integrar o visual<\/td><\/tr><tr><td>Quarto<\/td><td>Puff redondo ou de tric\u00f4<\/td><td>Use pr\u00f3ximo da cama ou da penteadeira<\/td><\/tr><tr><td>Quarto infantil<\/td><td>Puff macio, colorido<\/td><td>Prefira tecidos lav\u00e1veis<\/td><\/tr><tr><td>Varanda<\/td><td>Puff imperme\u00e1vel<\/td><td>Opte por cores vivas para alegrar o espa\u00e7o<\/td><\/tr><\/tbody><\/table><\/figure>\n\n\n\n<p><em><strong>Dica de ouro:<\/strong> escolha puffs com tecidos f\u00e1ceis de limpar, principalmente se o uso for di\u00e1rio ou em \u00e1reas externas.<\/em><\/p>\n\n\n\n<hr class=\"wp-block-separator has-alpha-channel-opacity\"\/>\n\n\n\n<a href=\"https:\/\/1truenote.com\/en\/moveis-planejados-para-quarto-pequeno\/\" style=\"text-decoration: none;\">\n  <div style=\"display: flex; justify-content: space-between; align-items: center; background: #d44a00; padding: 12px 20px; color: white; font-family: Arial, sans-serif;\">\n    <strong style=\"color: black;\">READ ALSO:<\/strong>\n    <span style=\"margin-left: 8px; flex: 1;\">10 Truques de m\u00f3veis planejados<\/span>\n    <div style=\"background: #f2802f; padding: 8px 12px; border-radius: 2px; margin-left: 10px;\">\n      <span style=\"color: white; font-weight: bold;\">\u27a4<\/span>\n    <\/div>\n  <\/div>\n<\/a>\n\n\n\n<hr class=\"wp-block-separator has-alpha-channel-opacity\"\/>\n\n\n<div class=\"hostinger-affiliate-block-wrap\">\n            <div class=\"hostinger-affiliate-block-list-simple\">\n            <div class=\"hostinger-affiliate-block-list-simple__image\">\n                                        <a href=\"https:\/\/www.amazon.com.br\/dp\/B0F1G5B5MZ?tag=joaopedro047-20\" target=\"_blank\" rel=\"nofollow noopener noreferrer\">\n                            <img decoding=\"async\" src=\"https:\/\/m.media-amazon.com\/images\/I\/31Zfe23POTL.jpg\" alt=\"Puff Pera Vazio Suede Gigante Eventos Decora\u00e7\u00e3o Quarto Sala Almof...\">\n                        <\/a>\n                                <\/div>\n            <div class=\"hostinger-affiliate-block-list-simple__product-data\">\n                <div class=\"hostinger-affiliate-block-list-simple__product-info\">\n                                            <div class=\"hostinger-affiliate-block-list-simple__bestseller-label\">\n                                                        Bestseller #1                        <\/div>\n                                            <div class=\"hostinger-affiliate-block-list-simple__product-title\">\n                        <a href=\"https:\/\/www.amazon.com.br\/dp\/B0F1G5B5MZ?tag=joaopedro047-20\" target=\"_blank\" rel=\"nofollow noopener noreferrer\">\n                            <h3 id='puff-pera-vazio-suede-gigante-eventos-decora\u00e7\u00e3o-quarto-sala-almof'>\n                                Puff Pera Vazio Suede Gigante Eventos Decora\u00e7\u00e3o Quarto Sala Almof&#8230;                            <\/h3>\n                        <\/a>\n                    <\/div>\n                    <div class=\"hostinger-affiliate-block-list-simple__product-pricing\">\n                                                    <div class=\"hostinger-affiliate-block-list-simple__product-price\">\n                                R$78,90                            <\/div>\n                                                <\/div>\n                <\/div>\n                <div class=\"hostinger-affiliate-block-list-simple__product-actions\">\n                    <div>\n                        <a href=\"https:\/\/www.amazon.com.br\/dp\/B0F1G5B5MZ?tag=joaopedro047-20\" class=\"hostinger-affiliate-block-list-simple__product-amazon-button\" target=\"_blank\" rel=\"nofollow noopener noreferrer\">\n    Buy on Amazon<\/a>\n                    <\/div>\n                <\/div>\n            <\/div>\n        <\/div>\n                <div class=\"hostinger-affiliate-block-list-simple\">\n            <div class=\"hostinger-affiliate-block-list-simple__image\">\n                                        <a href=\"https:\/\/www.amazon.com.br\/dp\/B0DB9SFJ18?tag=joaopedro047-20\" target=\"_blank\" rel=\"nofollow noopener noreferrer\">\n                            <img decoding=\"async\" src=\"https:\/\/m.media-amazon.com\/images\/I\/31wfKxL3W1L.jpg\" alt=\"PUFF Closet Penteadeira Banqueta Redonda LINHO BEGE ASSENTO EM CO...\">\n                        <\/a>\n                                <\/div>\n            <div class=\"hostinger-affiliate-block-list-simple__product-data\">\n                <div class=\"hostinger-affiliate-block-list-simple__product-info\">\n                                            <div class=\"hostinger-affiliate-block-list-simple__bestseller-label\">\n                                                        Bestseller #2                        <\/div>\n                                            <div class=\"hostinger-affiliate-block-list-simple__product-title\">\n                        <a href=\"https:\/\/www.amazon.com.br\/dp\/B0DB9SFJ18?tag=joaopedro047-20\" target=\"_blank\" rel=\"nofollow noopener noreferrer\">\n                            <h3 id='puff-closet-penteadeira-banqueta-redonda-linho-bege-assento-em-co'>\n                                PUFF Closet Penteadeira Banqueta Redonda LINHO BEGE ASSENTO EM CO&#8230;                            <\/h3>\n                        <\/a>\n                    <\/div>\n                    <div class=\"hostinger-affiliate-block-list-simple__product-pricing\">\n                                                    <div class=\"hostinger-affiliate-block-list-simple__product-price\">\n                                R$139,90                            <\/div>\n                                                <\/div>\n                <\/div>\n                <div class=\"hostinger-affiliate-block-list-simple__product-actions\">\n                    <div>\n                        <a href=\"https:\/\/www.amazon.com.br\/dp\/B0DB9SFJ18?tag=joaopedro047-20\" class=\"hostinger-affiliate-block-list-simple__product-amazon-button\" target=\"_blank\" rel=\"nofollow noopener noreferrer\">\n    Buy on Amazon<\/a>\n                    <\/div>\n                <\/div>\n            <\/div>\n        <\/div>\n                <div class=\"hostinger-affiliate-block-list-simple\">\n            <div class=\"hostinger-affiliate-block-list-simple__image\">\n                                        <a href=\"https:\/\/www.amazon.com.br\/dp\/B0DQVJCKCM?tag=joaopedro047-20\" target=\"_blank\" rel=\"nofollow noopener noreferrer\">\n                            <img decoding=\"async\" src=\"https:\/\/m.media-amazon.com\/images\/I\/41JcPP2IwaL.jpg\" alt=\"Puff Decorativo Quadrado Para Sala Recep\u00e7\u00e3o Alice P\u00e9 Palito Casta...\">\n                        <\/a>\n                                <\/div>\n            <div class=\"hostinger-affiliate-block-list-simple__product-data\">\n                <div class=\"hostinger-affiliate-block-list-simple__product-info\">\n                                            <div class=\"hostinger-affiliate-block-list-simple__bestseller-label\">\n                                                        Bestseller #3                        <\/div>\n                                            <div class=\"hostinger-affiliate-block-list-simple__product-title\">\n                        <a href=\"https:\/\/www.amazon.com.br\/dp\/B0DQVJCKCM?tag=joaopedro047-20\" target=\"_blank\" rel=\"nofollow noopener noreferrer\">\n                            <h3 id='puff-decorativo-quadrado-para-sala-recep\u00e7\u00e3o-alice-p\u00e9-palito-casta'>\n                                Puff Decorativo Quadrado Para Sala Recep\u00e7\u00e3o Alice P\u00e9 Palito Casta&#8230;                            <\/h3>\n                        <\/a>\n                    <\/div>\n                    <div class=\"hostinger-affiliate-block-list-simple__product-pricing\">\n                                                    <div class=\"hostinger-affiliate-block-list-simple__product-price\">\n                                R$189,60                            <\/div>\n                                                <\/div>\n                <\/div>\n                <div class=\"hostinger-affiliate-block-list-simple__product-actions\">\n                    <div>\n                        <a href=\"https:\/\/www.amazon.com.br\/dp\/B0DQVJCKCM?tag=joaopedro047-20\" class=\"hostinger-affiliate-block-list-simple__product-amazon-button\" target=\"_blank\" rel=\"nofollow noopener noreferrer\">\n    Buy on Amazon<\/a>\n                    <\/div>\n                <\/div>\n            <\/div>\n        <\/div>\n                <div class=\"hostinger-affiliate-block-list-simple\">\n            <div class=\"hostinger-affiliate-block-list-simple__image\">\n                                        <a href=\"https:\/\/www.amazon.com.br\/dp\/B0DJ9Y2NGM?tag=joaopedro047-20\" target=\"_blank\" rel=\"nofollow noopener noreferrer\">\n                            <img decoding=\"async\" src=\"https:\/\/m.media-amazon.com\/images\/I\/41m7wmOIVvL.jpg\" alt=\"kit 2 PUFF Quadrado Puf closet Em Couro Caramelo Linho Premium Be...\">\n                        <\/a>\n                                <\/div>\n            <div class=\"hostinger-affiliate-block-list-simple__product-data\">\n                <div class=\"hostinger-affiliate-block-list-simple__product-info\">\n                                            <div class=\"hostinger-affiliate-block-list-simple__bestseller-label\">\n                                                        Bestseller #4                        <\/div>\n                                            <div class=\"hostinger-affiliate-block-list-simple__product-title\">\n                        <a href=\"https:\/\/www.amazon.com.br\/dp\/B0DJ9Y2NGM?tag=joaopedro047-20\" target=\"_blank\" rel=\"nofollow noopener noreferrer\">\n                            <h3 id='kit-2-puff-quadrado-puf-closet-em-couro-caramelo-linho-premium-be'>\n                                kit 2 PUFF Quadrado Puf closet Em Couro Caramelo Linho Premium Be&#8230;                            <\/h3>\n                        <\/a>\n                    <\/div>\n                    <div class=\"hostinger-affiliate-block-list-simple__product-pricing\">\n                                                    <div class=\"hostinger-affiliate-block-list-simple__product-price\">\n                                R$259,90                            <\/div>\n                                                <\/div>\n                <\/div>\n                <div class=\"hostinger-affiliate-block-list-simple__product-actions\">\n                    <div>\n                        <a href=\"https:\/\/www.amazon.com.br\/dp\/B0DJ9Y2NGM?tag=joaopedro047-20\" class=\"hostinger-affiliate-block-list-simple__product-amazon-button\" target=\"_blank\" rel=\"nofollow noopener noreferrer\">\n    Buy on Amazon<\/a>\n                    <\/div>\n                <\/div>\n            <\/div>\n        <\/div>\n        <\/div>\n\n\n\n<hr class=\"wp-block-separator has-alpha-channel-opacity\"\/>\n\n\n\n<h2 id='5-dicas-pr\u00e1ticas-para-usar-puffs-na-decora\u00e7\u00e3o'  class=\"wp-block-heading\">5 Dicas pr\u00e1ticas para usar puffs na decora\u00e7\u00e3o<\/h2>\n\n\n\n<ol class=\"wp-block-list\">\n<li>Use cores diferentes para destacar ou complementar a paleta do ambiente.<\/li>\n\n\n\n<li>Combine tamanhos variados de puffs para criar um efeito despojado e divertido.<\/li>\n\n\n\n<li>Aposte em modelos com estampas ou texturas para dar personalidade ao c\u00f4modo.<\/li>\n\n\n\n<li>Se o ambiente for pequeno, escolha modelos multifuncionais (ba\u00fa, por exemplo).<\/li>\n\n\n\n<li>Misture o puff com outros m\u00f3veis baixos, como mesas laterais, para criar uma atmosfera mais aconchegante.<\/li>\n<\/ol>\n\n\n\n<figure class=\"wp-block-embed aligncenter is-type-video is-provider-youtube wp-block-embed-youtube wp-embed-aspect-16-9 wp-has-aspect-ratio\"><div class=\"wp-block-embed__wrapper\">\n<iframe title=\"COMO DECORAR USANDO PUFF (MODELOS EM ALTA E DICAS PARA DECORAR).\" width=\"720\" height=\"405\" src=\"https:\/\/www.youtube.com\/embed\/4vvME0vhWjM?feature=oembed\" frameborder=\"0\" allow=\"accelerometer; autoplay; clipboard-write; encrypted-media; gyroscope; picture-in-picture; web-share\" referrerpolicy=\"strict-origin-when-cross-origin\" allowfullscreen><\/iframe>\n<\/div><\/figure>\n\n\n\n<hr class=\"wp-block-separator has-alpha-channel-opacity\"\/>\n\n\n\n<h2 id='puffs-na-decora\u00e7\u00e3o'  class=\"wp-block-heading\">Puffs na decora\u00e7\u00e3o<\/h2>\n\n\n\n<p>No fim das contas, investir em puffs na decora\u00e7\u00e3o \u00e9 mais do que adicionar um m\u00f3vel a mais: \u00e9 trazer versatilidade, praticidade e aconchego para o seu lar. N\u00e3o importa o tamanho do espa\u00e7o, sempre cabe um puff!<\/p>\n\n\n\n<p>E o melhor \u00e9 que voc\u00ea pode ir trocando, mudando de lugar ou renovando s\u00f3 a capa, sem gastar muito. Ent\u00e3o, que tal olhar com outros olhos para aquele cantinho vazio? Aposte nos puffs, solte a criatividade e deixe sua casa mais convidativa do seu jeito!<\/p>\n\n\n\n<p>Conta pra gente: Voc\u00ea j\u00e1 usa puffs em casa? Tem algum modelo favorito? Compartilhe suas ideias!<\/p>\n\n\n\n<hr class=\"wp-block-separator has-alpha-channel-opacity\"\/>\n\n\n\n<a href=\"https:\/\/1truenote.com\/en\/moveis-planejados-para-quarto-pequeno\/\" style=\"text-decoration: none;\">\n  <div style=\"display: flex; justify-content: space-between; align-items: center; background: #d44a00; padding: 12px 20px; color: white; font-family: Arial, sans-serif;\">\n    <strong style=\"color: black;\">READ ALSO:<\/strong>\n    <span style=\"margin-left: 8px; flex: 1;\">10 Truques de m\u00f3veis planejados<\/span>\n    <div style=\"background: #f2802f; padding: 8px 12px; border-radius: 2px; margin-left: 10px;\">\n      <span style=\"color: white; font-weight: bold;\">\u27a4<\/span>\n    <\/div>\n  <\/div>\n<\/a>\n\n\n\n\n<hr class=\"wp-block-separator has-alpha-channel-opacity\"\/>\n\n\n\n<h2 id='faq-d\u00favidas-comuns-sobre-puffs-na-decora\u00e7\u00e3o'  class=\"wp-block-heading\">FAQ: D\u00favidas comuns sobre puffs na decora\u00e7\u00e3o<\/h2>\n\n\n<div id=\"rank-math-faq\" class=\"rank-math-block\">\n<div class=\"rank-math-list\">\n<div id=\"faq-question-1751916691257\" class=\"rank-math-list-item\">\n<h3 id='puff-substitui-poltrona'  class=\"rank-math-question\">Puff substitui poltrona?<\/h3>\n<div class=\"rank-math-answer\">\n\n<p>Depende do conforto que voc\u00ea procura, mas em ambientes pequenos, ele cumpre super bem esse papel!<\/p>\n\n<\/div>\n<\/div>\n<div id=\"faq-question-1751916692438\" class=\"rank-math-list-item\">\n<h3 id='como-manter-o-puff-limpo'  class=\"rank-math-question\">Como manter o puff limpo?<\/h3>\n<div class=\"rank-math-answer\">\n\n<p>Prefira tecidos remov\u00edveis ou imperme\u00e1veis. Caso n\u00e3o tenha, a limpeza com pano \u00famido e sab\u00e3o neutro j\u00e1 resolve.<\/p>\n\n<\/div>\n<\/div>\n<div id=\"faq-question-1751916693270\" class=\"rank-math-list-item\">\n<h3 id='d\u00e1-para-fazer-puff-em-casa-diy'  class=\"rank-math-question\">D\u00e1 para fazer puff em casa (DIY)?<\/h3>\n<div class=\"rank-math-answer\">\n\n<p>Com certeza! Tecido, enchimento (pode ser at\u00e9 retalho ou bolinha de isopor), um pouco de criatividade e pronto \u2014 voc\u00ea cria um modelo \u00fanico.<\/p>\n\n<\/div>\n<\/div>\n<div id=\"faq-question-1751916693966\" class=\"rank-math-list-item\">\n<h3 id='posso-usar-puffs-em-\u00e1rea-externa'  class=\"rank-math-question\">Posso usar puffs em \u00e1rea externa?<\/h3>\n<div class=\"rank-math-answer\">\n\n<p>Sim, desde que o material seja resistente \u00e0 umidade e f\u00e1cil de limpar.<\/p>\n\n<\/div>\n<\/div>\n<\/div>\n<\/div>\n\n\n<figure class=\"wp-block-image aligncenter size-large\"><img data-recalc-dims=\"1\" decoding=\"async\" width=\"1024\" height=\"683\" src=\"https:\/\/i0.wp.com\/1truenote.com\/wp-content\/uploads\/2025\/07\/ChatGPT-Image-7-de-jul.-de-2025-17_14_46.png?resize=1024%2C683&#038;ssl=1\" alt=\"puffs na decora\u00e7\u00e3o\" class=\"wp-image-3612\" srcset=\"https:\/\/i0.wp.com\/1truenote.com\/wp-content\/uploads\/2025\/07\/ChatGPT-Image-7-de-jul.-de-2025-17_14_46.png?resize=1024%2C683&amp;ssl=1 1024w, https:\/\/i0.wp.com\/1truenote.com\/wp-content\/uploads\/2025\/07\/ChatGPT-Image-7-de-jul.-de-2025-17_14_46.png?resize=300%2C200&amp;ssl=1 300w, https:\/\/i0.wp.com\/1truenote.com\/wp-content\/uploads\/2025\/07\/ChatGPT-Image-7-de-jul.-de-2025-17_14_46.png?resize=768%2C512&amp;ssl=1 768w, https:\/\/i0.wp.com\/1truenote.com\/wp-content\/uploads\/2025\/07\/ChatGPT-Image-7-de-jul.-de-2025-17_14_46.png?resize=150%2C100&amp;ssl=1 150w, https:\/\/i0.wp.com\/1truenote.com\/wp-content\/uploads\/2025\/07\/ChatGPT-Image-7-de-jul.-de-2025-17_14_46.png?w=1536&amp;ssl=1 1536w\" sizes=\"(max-width: 1024px) 100vw, 1024px\" \/><\/figure>","protected":false},"excerpt":{"rendered":"<p>J\u00e1 percebeu como um simples puff pode mudar totalmente o clima da sua casa? Eles s\u00e3o aqueles curingas que, al\u00e9m&#8230;<\/p>","protected":false},"author":1,"featured_media":3612,"comment_status":"open","ping_status":"open","sticky":false,"template":"","format":"standard","meta":{"_kad_post_transparent":"","_kad_post_title":"","_kad_post_layout":"","_kad_post_sidebar_id":"","_kad_post_content_style":"","_kad_post_vertical_padding":"","_kad_post_feature":"","_kad_post_feature_position":"","_kad_post_header":false,"_kad_post_footer":false,"_kad_post_classname":"","footnotes":"","jetpack_publicize_message":"J\u00e1 percebeu como um simples puff pode mudar totalmente o clima da sua casa? Eles s\u00e3o aqueles curingas que, al\u00e9m de super funcionais, d\u00e3o um charme \u00fanico para qualquer cantinho.\n\n#carvalhoconsultoriabrasil #truenote #decor #decoracao #sala #puff #sofa #cantinho","jetpack_publicize_feature_enabled":true,"jetpack_social_post_already_shared":true,"jetpack_social_options":{"image_generator_settings":{"template":"highway","default_image_id":0,"enabled":false},"version":2}},"categories":[16],"tags":[],"class_list":["post-3610","post","type-post","status-publish","format-standard","has-post-thumbnail","hentry","category-casa-e-jardim"],"jetpack_publicize_connections":[],"jetpack_featured_media_url":"https:\/\/i0.wp.com\/1truenote.com\/wp-content\/uploads\/2025\/07\/ChatGPT-Image-7-de-jul.-de-2025-17_14_46.png?fit=1536%2C1024&ssl=1","jetpack_sharing_enabled":true,"_links":{"self":[{"href":"https:\/\/1truenote.com\/en\/wp-json\/wp\/v2\/posts\/3610","targetHints":{"allow":["GET"]}}],"collection":[{"href":"https:\/\/1truenote.com\/en\/wp-json\/wp\/v2\/posts"}],"about":[{"href":"https:\/\/1truenote.com\/en\/wp-json\/wp\/v2\/types\/post"}],"author":[{"embeddable":true,"href":"https:\/\/1truenote.com\/en\/wp-json\/wp\/v2\/users\/1"}],"replies":[{"embeddable":true,"href":"https:\/\/1truenote.com\/en\/wp-json\/wp\/v2\/comments?post=3610"}],"version-history":[{"count":1,"href":"https:\/\/1truenote.com\/en\/wp-json\/wp\/v2\/posts\/3610\/revisions"}],"predecessor-version":[{"id":3613,"href":"https:\/\/1truenote.com\/en\/wp-json\/wp\/v2\/posts\/3610\/revisions\/3613"}],"wp:featuredmedia":[{"embeddable":true,"href":"https:\/\/1truenote.com\/en\/wp-json\/wp\/v2\/media\/3612"}],"wp:attachment":[{"href":"https:\/\/1truenote.com\/en\/wp-json\/wp\/v2\/media?parent=3610"}],"wp:term":[{"taxonomy":"category","embeddable":true,"href":"https:\/\/1truenote.com\/en\/wp-json\/wp\/v2\/categories?post=3610"},{"taxonomy":"post_tag","embeddable":true,"href":"https:\/\/1truenote.com\/en\/wp-json\/wp\/v2\/tags?post=3610"}],"curies":[{"name":"wp","href":"https:\/\/api.w.org\/{rel}","templated":true}]}}